{"id":1920,"date":"2019-03-21T14:49:35","date_gmt":"2019-03-21T17:49:35","guid":{"rendered":"https:\/\/dev.sitios.fvet.uba.ar\/index.php\/escuela2\/"},"modified":"2019-03-21T14:49:35","modified_gmt":"2019-03-21T17:49:35","slug":"escuela2","status":"publish","type":"post","link":"https:\/\/dev.sitios.fvet.uba.ar\/index.php\/escuela2\/","title":{"rendered":"Escuela Agropecuaria 2019"},"content":{"rendered":"<p><?=\ncarousel(\n        'esc_agro_1.jpg', 'esc_agro_2.jpg', 'esc_agro_3.jpg', 'esc_agro_4.jpg', 'esc_agro_5.jpg'\n)\n?><\/p>\n<h3 class=\"titulo-insti\">\n\tEscuela Agropecuaria<\/h3>\n<div class=\"mision\">\n<div class=\"titulo-secciones\">\n\t\tEscuela de Educaci\u00f3n T\u00e9cnico Profesional de nivel medio en Producci\u00f3n Agropecuaria y Agroalimentaria<a class=\"ancla\" id=\"inicio\">&nbsp;<\/a><\/div>\n<p>\t&nbsp;<\/p>\n<div class=\"row\">\n<div class=\"col-sm-1\">\n\t\t\t&nbsp;<\/div>\n<div class=\"col-sm-10\">\n<div>\n<p><b>Nivel: <\/b><br \/>\n\t\t\t\tMedio &#8211; T\u00e9cnico<\/p>\n<p>\n\t\t\t\t\t<b>Duraci\u00f3n:<\/b><br \/>\n\t\t\t\t\t6 (SEIS) a\u00f1os divididos en 2 (DOS) ciclos, uno b\u00e1sico de 2 (DOS) a\u00f1os y otro superior de 4 (CUATRO) de formaci\u00f3n t\u00e9cnica.<\/p>\n<p>\n\t\t\t\t\t<b>T\u00edtulo:<\/b><br \/>\n\t\t\t\t\tT\u00e9cnico en Producci\u00f3n Agropecuaria y Agroalimentaria<\/p>\n<p>\n\t\t\t\t\t<b>Perfil del egresado:<\/b><br \/>\n\t\t\t\t\tEl T\u00e9cnico en Producci\u00f3n Agropecuaria y Agroalimentaria estar\u00e1 capacitado para realizar tareas en las distintas fases de los procesos de producci\u00f3n agropecuaria y la transformaci\u00f3n de materias primas de origen vegetal y animal destinadas al consumo humano.<\/p>\n<div class=\"mision\">\n<div class=\"row\">\n\t\t\t\t\t\t<center><\/p>\n<div class=\"col-sm-2\">\n\t\t\t\t\t\t\t\t<a href=\"<?= fveturl('?q=agropecuaria#institucional') ?>\u00ab><img decoding=\"async\" class=\"img-circle img-responsive listado\" src=\"<?= fileurl('sites\/default\/files\/pictures\/boton.png') ?>\u00bb \/>Institucional<\/a><\/div>\n<div class=\"col-sm-2\">\n\t\t\t\t\t\t\t\t<a href=\"<?= fveturl('?q=agropecuaria#alumnos') ?>\u00ab><img decoding=\"async\" class=\"img-circle img-responsive listado\" src=\"<?= fileurl('sites\/default\/files\/pictures\/boton.png') ?>\u00bb \/>Alumnos<\/a><\/div>\n<div class=\"col-sm-2\">\n\t\t\t\t\t\t\t\t<a href=\"<?= fveturl('?q=agropecuaria#extension') ?>\u00ab><img decoding=\"async\" class=\"img-circle img-responsive listado\" src=\"<?= fileurl('sites\/default\/files\/pictures\/boton.png') ?>\u00bb \/>Extensi\u00f3n<\/a><\/div>\n<div class=\"col-sm-2\">\n\t\t\t\t\t\t\t\t<a href=\"<?= fveturl('?q=agropecuaria#ingresantes') ?>\u00ab><img decoding=\"async\" class=\"img-circle img-responsive listado\" src=\"<?= fileurl('sites\/default\/files\/pictures\/boton.png') ?>\u00bb \/>Curso de Nivelaci\u00f3n e Ingreso<\/a><\/div>\n<div class=\"col-sm-2\">\n\t\t\t\t\t\t\t\t<a href=\"<?= fveturl('?q=agropecuaria#gale') ?>\u00ab><img decoding=\"async\" class=\"img-circle img-responsive listado\" src=\"<?= fileurl('sites\/default\/files\/pictures\/boton.png') ?>\u00bb \/>Galer\u00eda de im\u00e1genes<\/a><\/div>\n<div class=\"col-sm-2\">\n\t\t\t\t\t\t\t\t<a href=\"<?= fveturl('?q=contacto#agropecuaria') ?>\u00ab><img decoding=\"async\" class=\"img-circle img-responsive listado\" src=\"<?= fileurl('sites\/default\/files\/pictures\/boton.png') ?>\u00bb \/>Contacto<\/a><\/div>\n<p>\t\t\t\t\t\t<\/center>\n\t\t\t\t\t<\/div>\n<\/p><\/div>\n<p>&nbsp;\n\t\t\t\t\t<\/p>\n<p>\t\t\t\t&nbsp;<\/p>\n<p>&nbsp;\n\t\t\t\t\t<\/p>\n<p>\n\t\t\t\t\tInstitucional<a class=\"ancla\" name=\"institucional\"><\/a><\/p>\n<p>\n\t\t\t\t\t<a href=\"<?= fileurl('archivos\/archivo-escuela\/Estructura-curricular.pdf') ?>\u00ab>- Estructura Curricular<\/a><\/p>\n<p>\n\t\t\t\t\t<a href=\"<?= fileurl('archivos\/archivo-escuela\/reglamento_junio.pdf') ?>\u00ab>- Reglamento Provisional de la Escuela T\u00e9cnico Profesional de Nivel Medio en Producci\u00f3n Agropecuaria y Agroalimentaria<\/a><\/p>\n<p>\n\t\t\t\t\t<a href=\"<?= fileurl('archivos\/archivo-escuela\/Disp-001-2016-asistencia-a-guardias.docx') ?>\u00ab>- Reglamento de Guardias<\/a><\/p>\n<p>\n\t\t\t\t\t<a href=\"<?= fileurl('archivos\/archivo-escuela\/carta_acuerdo.pdf') ?>\u00ab>- Carta Acuerdo Facultad Cs. Veterinarias UBA &#8211; Direcci\u00f3n de Educaci\u00f3n Agraria<\/a><\/p>\n<\/p><\/div>\n<\/p><\/div>\n<div class=\"col-sm-1\">\n\t\t\t&nbsp;<\/div>\n<\/p><\/div>\n<p>\n\t&nbsp;<\/div>\n<div class=\"decano\">\n<div class=\"titulo-secciones\">\n\t\tCurso de Nivelaci\u00f3n e Ingreso<a class=\"ancla\" id=\"ingresantes\">&nbsp;<\/a><\/div>\n<p>\t&nbsp;<\/p>\n<div class=\"row\">\n<div class=\"col-sm-1\">\n\t\t\t&nbsp;<\/div>\n<div class=\"col-sm-10\">\n<p>\n\t\t\t\t<b>Requisitos:<\/b><br \/>\n\t\t\t\tHaber completado cada uno de los puntos referidos en INSCRIPCI\u00d3N.<br \/>\n\t\t\t\tCumplimentar el Curso de Nivelaci\u00f3n e Ingreso que tiene car\u00e1cter obligatorio.<\/p>\n<p>\n\t\t\t\t<b>Curso de nivelaci\u00f3n e ingreso:<\/b><br \/>\n\t\t\t\tLos alumnos podr\u00e1n hacerlo en paralelo al cursado de 7\u00ba grado de Educaci\u00f3n Primaria B\u00e1sica en CABA o 1\u00ba a\u00f1o de Educaci\u00f3n Secundaria B\u00e1sica en Provincia.<\/p>\n<p>\n\t\t\t\t<b>Importante:<\/b><br \/>\n\t\t\t\tLos aspirantes no deber\u00e1n tener m\u00e1s de 14 a\u00f1os al 30 de junio del a\u00f1o en que realice el curso de nivelaci\u00f3n e ingreso.<\/p>\n<p>\n\t\t\t\t<b>Duraci\u00f3n:<\/b><br \/>\n\t\t\t\t2 (DOS) cuatrimestres<\/p>\n<p>\n\t\t\t\t<b>Clases:<\/b> Todos los s\u00e1bados<\/p>\n<p>\n\t\t\t\t<b>Lugar:<\/b><br \/>\n\t\t\t\tComplejo Las Calandrias de la Facultad de Ciencias Veterinarias<\/p>\n<p>\n\t\t\t\t<b>Asignaturas:<\/b><br \/>\n\t\t\t\t1\u00ba cuatrimestre: Lengua y Literatura, Ciencias Naturales, Pr\u00e1cticas Agropecuarias.<br \/>\n\t\t\t\t2\u00ba cuatrimestre: Matem\u00e1tica, Introducci\u00f3n a la Qu\u00edmica, Pr\u00e1cticas Agropecuarias.<\/p>\n<p>\n\t\t\t\t<a href=\"<?= fileurl('archivos\/archivo-escuela\/03042018\/PROGRAMA-CIENCIAS-NATURALES-2018.pdf') ?>\u00ab>Programa Ciencias Naturales 2018<\/a><br \/>\n\t\t\t\t<a href=\"<?= fileurl('archivos\/archivo-escuela\/03042018\/PROGRAMA-INTRODUCCION-A-LA-QUIMICA-INGRESO-2018.pdf') ?>\u00ab>Programa Introducci\u00f3n a la Qu\u00edmica 2018<\/a><br \/>\n\t\t\t\t<a href=\"<?= fileurl('archivos\/archivo-escuela\/03042018\/PROGRAMA-LENGUA-Y-LITERATURA-2018.pdf') ?>\u00ab>Programa Lengua y Literatura 2018<\/a><br \/>\n\t\t\t\t<a href=\"<?= fileurl('archivos\/archivo-escuela\/03042018\/PROGRAMA-MATEMATICA-2018.pdf') ?>\u00ab>Programa Matem\u00e1tica 2018<\/a><br \/>\n\t\t\t\t<a href=\"<?= fileurl('archivos\/archivo-escuela\/03042018\/PROGRAMA-PA-1-PARTE-2018.pdf') ?>\u00ab>Programa Pr\u00e1cticas Agropecuarias 1\u00b0 parte<\/a><\/p>\n<p>&nbsp;<\/p>\n<p><\/p>\n<h2>&nbsp;<\/h2>\n<\/p><\/div>\n<div class=\"col-sm-1\">\n\t\t\t&nbsp;<\/div>\n<\/p><\/div>\n<p>\n\t&nbsp;<\/div>\n<div class=\"mision\">\n<div class=\"titulo-secciones\">\n\t\tCurso de Nivelaci\u00f3n e Ingreso 2019<a class=\"ancla\" id=\"2019\">&nbsp;<\/a><\/div>\n<p>\t&nbsp;<\/p>\n<div class=\"row\">\n<div class=\"col-sm-1\">\n\t\t\t&nbsp;<\/div>\n<div class=\"col-sm-10\">\n<p>&nbsp;<\/p>\n<p><b>INSCRIPCI\u00d3N DEFINITIVA CURSO DE NIVELACI\u00d3N E INGRESO 2019 <\/b><\/p>\n<p><b>Cumplimos en publicar la informaci\u00f3n necesaria para completar el proceso de inscripci\u00f3n definitiva al Curso de Nivelaci\u00f3n e Ingreso 2019.  <\/b><\/p>\n<p>Les solicitamos tengan a bien leer atentamente todos los documentos y seguir los pasos indicados en el archivo N\u00ba <a href=\"archivos\/archivo-escuela\/25022019\/1-Form-2-1-6-Llamado-Inscripcion-definitiva-Curso-de-Nivelacion-e-Ingreso-2019.pdf\" target=\"_blank\" rel=\"noopener\">1: Form. 2.1.6 Llamado a Inscripci\u00f3n definitiva.<\/a><\/p>\n<p>Las listas de los futuros aspirantes se encuentran en los archivos <a href=\"archivos\/archivo-escuela\/25022019\/2-Lista-Inscripcion-Sabado-16-3-A-Lob.pdf\" target=\"_blank\" rel=\"noopener\">N\u00ba 2<\/a> y <a href=\"archivos\/archivo-escuela\/25022019\/3-Lista-Inscripcion-Sabado-23-3-Lop-Z.pdf\" target=\"_blank\" rel=\"noopener\">N\u00ba 3<\/a>. All\u00ed se indica el d\u00eda y horario designado para completar la inscripci\u00f3n. Rogamos respeten el mismo a fin de lograr mantener la organizaci\u00f3n de las jornadas.<\/p>\n<p> Los archivos <a href=\"archivos\/archivo-escuela\/25022019\/4-Form-2-1-7-Inscripcion-Inscripcion-Curso-de-Nivelacion-e-Ingreso-Datos-aspirante-2019.pdf\" target=\"_blank\" rel=\"noopener\">N\u00ba 4<\/a>, <a href=\"archivos\/archivo-escuela\/25022019\/5-Form-2-1-8-Inscripcion-Curso-de-Nivelacion-e-Ingreso-Datos-padres-o-repres-legal-2019.pdf\" target=\"_blank\" rel=\"noopener\">N\u00ba 5<\/a> y <a href=\"archivos\/archivo-escuela\/25022019\/6-Form-2-1-9-Inscripcion-Curso-de-Nivelacion-e-Ingreso-Control-documentac-constancia-de-inscrip-2019.pdf\" target=\"_blank\" rel=\"noopener\">N\u00ba 6<\/a> son los formularios de inscripci\u00f3n. <\/p>\n<p>El archivo <a href=\"archivos\/archivo-escuela\/25022019\/7-Notificacion-horario-de-salida-del-Curso-de-Nivelacion-Ingreso-2019.pdf\" target=\"_blank\" rel=\"noopener\">N\u00ba 7<\/a> deber\u00e1 acompa\u00f1ar la documentaci\u00f3n respaldatoria a presentar el d\u00eda de inscripci\u00f3n. <\/p>\n<p>El archivo <a href=\"archivos\/archivo-escuela\/25022019\/8-Notificaciones-para-el-6-de-abril.pdf\" target=\"_blank\" rel=\"noopener\">N\u00ba 8<\/a> deber\u00e1 enviarse por cuaderno de comunicaciones el 1\u00ba d\u00eda de clase (SIN PEGAR). <\/p>\n<p>Si han tomado la decisi\u00f3n de no continuar con el proceso de inscripci\u00f3n y no desean recibir m\u00e1s comunicaciones al respecto, por favor, enviar mail solicitando la baja de los listados: <a href=\"mailto:ingresoeagrop@fvet.uba.ar\">ingresoeagrop@fvet.uba.ar<\/a><\/p>\n<p>ROGAMOS A TODOS AQUELLOS QUE NO HAN CUMPLIDO CON LOS REQUISITOS PREVIOS Y QUE POR LO TANTO NO FIGURAN EN LOS LISTADOS NO CONCURRIR A LAS FECHAS DE INSCRIPCI\u00d3N.<\/p>\n<p>&nbsp;<\/p>\n<p>&nbsp;<\/p>\n<\/p><\/div>\n<div class=\"col-sm-1\">\n\t\t\t&nbsp;<\/div>\n<\/p><\/div>\n<p>\n\t&nbsp;<\/div>\n<div class=\"autoridades\">\n<div class=\"titulo-secciones\">\n\t\tAlumnos<a class=\"ancla\" id=\"alumnos\" name=\"alumnos\">&nbsp;<\/a><\/div>\n<p>\t&nbsp;<\/p>\n<div class=\"row\">\n<div class=\"col-sm-1\">\n\t\t\t&nbsp;<\/div>\n<div class=\"col-sm-10\">\n<h1>&quot;Inicio de Ciclo Lectivo 2019 1\u00b0a\u00f1o A y B Lunes 18 de Marzo de 13:00 a 15:30 hs<br \/>\n\t\t    Inicio de clases de 1\u00b0 a 6\u00b0 y Acto acad\u00e9mico Martes 19 a las 7:40\u201d <\/h1>\n<p>&nbsp;<\/p>\n<p><a href=\"<?= fileurl('archivos\/archivo-escuela\/calendario-academico-2019-2.pdf') ?>\u00bb target=\u00bb_blank\u00bb><b>CALENDARIO ACAD\u00c9MICO  2019<\/b><\/a><\/p>\n<p>\n\t\t\t\t<a href=\"http:\/\/prezi.com\/na6bvgayqaph\/?utm_campaign=share&amp;utm_medium=copy&amp;rc=ex0share\" target=\"_blank\" rel=\"noopener\">Consejo Escolar de Convivencia <\/a><\/p>\n<p>\n\t\t\t\t<a href=\"<?= fileurl('archivos\/archivo-escuela\/regCEC.pdf') ?>\u00bb target=\u00bb_blank\u00bb>Reglamento del CEC <\/a><\/p>\n<p><a href=\"<?= fileurl('archivos\/archivo-escuela\/20032019\/MESAS-AGOSTO-2019.pdf') ?>\u00bb target=\u00bb_blank\u00bb>Mesas de Agosto 2019<\/a><\/p>\n<p><a href=\"<?= fileurl('archivos\/archivo-escuela\/20032019\/MESAS-DICIEMBRE-2019.pdf') ?>\u00bb target=\u00bb_blank\u00bb>Mesas de Diciembre 2019<\/a><\/p>\n<p><a href=\"<?= fileurl('archivos\/archivo-escuela\/20032019\/MESAS-FEBRERO-MARZO-2020.pdf') ?>\u00bb target=\u00bb_blank\u00bb>Mesas de Febrero\/Marzo 2020<\/a><\/p>\n<p>\t\t\t\t<a href=\"<?= fileurl('archivos\/archivo-escuela\/Guardias20182019.pdf') ?>\u00bb target=\u00bb_blank\u00bb>Guardias 2018-2019<\/a><\/p>\n<p>\n\t\t\t\t<b>HORARIOS 2019 <\/b><\/p>\n<p>\n\t\t\t\t<a href=\"<?= fileurl('archivos\/archivo-escuela\/25022019-2\/HORARIOS-1.pdf') ?>\u00bb target=\u00bb_blank\u00bb>HORARIOS 1\u00b0 a\u00f1o 2019<\/a><br \/>\n\t\t\t\t<a href=\"<?= fileurl('archivos\/archivo-escuela\/25022019-2\/HORARIOS-2.pdf') ?>\u00bb target=\u00bb_blank\u00bb>HORARIOS 2\u00b0 a\u00f1o 2019<\/a><br \/>\n\t\t\t\t<a href=\"<?= fileurl('archivos\/archivo-escuela\/25022019-2\/HORARIOS-3.pdf') ?>\u00bb target=\u00bb_blank\u00bb>HORARIOS 3\u00b0 a\u00f1o 2019<\/a><br \/>\n\t\t\t\t<a href=\"<?= fileurl('archivos\/archivo-escuela\/25022019-2\/HORARIOS-4-1-CUAT.pdf') ?>\u00bb target=\u00bb_blank\u00bb>HORARIOS 4\u00b0 a\u00f1o 1\u00b0 cuat. 2019<\/a><br \/>\n\t\t\t\t<a href=\"<?= fileurl('archivos\/archivo-escuela\/25022019-2\/HORARIOS-4-2-CUAT.pdf') ?>\u00bb target=\u00bb_blank\u00bb>HORARIOS 4\u00b0 a\u00f1o 2\u00b0 cuat. 2019 <\/a><br \/>\n\t\t\t\t<a href=\"<?= fileurl('archivos\/archivo-escuela\/25022019-2\/HORARIOS-5.pdf') ?>\u00bb target=\u00bb_blank\u00bb>HORARIOS 5\u00b0 a\u00f1o 2019 <\/a><br \/>\n\t\t\t\t<a href=\"<?= fileurl('archivos\/archivo-escuela\/25022019-2\/HORARIOS-6-1-CUAT.pdf') ?>\u00bb target=\u00bb_blank\u00bb>HORARIOS 6\u00b0 a\u00f1o 1\u00b0 cuat. 2019<\/a><\/p>\n<p>\n\t\t\t\t&#8212;&#8212;&#8212;&#8212;&#8212;&#8212;&#8212;&#8212;&#8212;&#8212;&#8212;&#8212;&#8212;&#8212;&#8212;&#8212;&#8212;<\/p>\n<p>Correo de contacto y pedidos de viandas: <a href=\"mailto:comedor.veterinaria@gastronorm.com.ar\" target=\"_blank\" rel=\"noopener\">comedor.veterinaria@gastronorm.com.ar<\/a><br \/>\n\t\t\tSr. Juan Carlos Stupp o Sr. Alejandro<br \/>\n\t\t\tGastronorm SA<br \/>\n\t\t\tMiller 3431 CABA<br \/>\n\t\t\tTel.: 4703-1507\t\t\t<\/p>\n<p>\n\t\t\t\t<a href=\"http:\/\/beta.mural.ly\/#\/escuelaagropecuariafvet\/1349710743915\" target=\"_blank\" rel=\"noopener\">MURAL TRABAJO INTERDISCIPLINARIO <\/a><\/p>\n<p>\n\t\t\t\t<a href=\"<?= fileurl('archivos\/archivo-escuela\/conectar-igualdad-2015-1.mp4') ?>\u00bb target=\u00bb_blank\u00bb>Conectar Igualdad 2015 (Video)<\/a><\/p>\n<p>\n\t\t\t\t<b>Requisitos para el Ingreso a 1\u00ba A\u00f1o:<\/b><br \/>\n\t\t\t\t&#8211; Tener aprobado 7\u00ba grado de Educaci\u00f3n Primaria B\u00e1sica en CABA o 1\u00ba a\u00f1o de Educaci\u00f3n Secundaria B\u00e1sica en Provincia.<br \/>\n\t\t\t\t&#8211; Cumplimentar el Curso de Nivelaci\u00f3n e Ingreso.<\/p>\n<p>\n\t\t\t\t<a href=\"<?= fileurl('archivos\/archivo-escuela\/nueva_placa_uniforme_e_indumentaria.jpg') ?>\u00bb target=\u00bb_blank\u00bb>Uniforme e indumentaria<\/a><\/p>\n<p>\n\t\t\t\t<a href=\"<?= fileurl('archivos\/archivo-escuela\/Jornada_de_Clases.pdf') ?>\u00ab>Jornada de clases <\/a><\/p>\n<\/p><\/div>\n<div class=\"col-sm-1\">\n\t\t\t&nbsp;<\/div>\n<\/p><\/div>\n<p>\n\t&nbsp;<\/div>\n<div class=\"consejo\">\n<div class=\"titulo-secciones\">\n\t\tExtensi\u00f3n<a class=\"ancla\" id=\"extension\" name=\"extension\">&nbsp;<\/a><\/div>\n<p>\t&nbsp;<\/p>\n<div class=\"row\">\n<div class=\"col-sm-1\">\n\t\t\t&nbsp;<\/div>\n<div class=\"col-sm-10\">\n<p>\n\t\t\t\t<a href=\"http:\/\/www.fvet.uba.ar\/fcvanterior\/escuela\/medios.php\" target=\"_blank\" rel=\"noopener\">La Escuela Agropecuaria en los medios<\/a><\/p>\n<p>\n\t\t\t\t<a href=\"http:\/\/www.fvet.uba.ar\/fcvanterior\/escuela\/semillero.php\" target=\"_blank\" rel=\"noopener\">El semillero<\/a><\/p>\n<p>\n\t\t\t\t<a href=\"http:\/\/www.fvet.uba.ar\/fcvanterior\/escuela\/anteriores.php\" target=\"_blank\" rel=\"noopener\">Noticias<\/a><\/p>\n<p>&nbsp;\n\t\t\t\t<\/p>\n<\/p><\/div>\n<div class=\"col-sm-1\">\n\t\t\t&nbsp;<\/div>\n<\/p><\/div>\n<\/div>\n<div class=\"mision\">\n<div class=\"titulo-secciones\">\n\t\tGaler\u00eda<a class=\"ancla\" id=\"gale\">&nbsp;<\/a><\/div>\n<div class=\"mision\" style=\"margin-bottom: 0px\">\n<div class=\"row\">\n<div class=\"col-sm-1\">\n\t\t\t\t&nbsp;<\/div>\n<div class=\"col-sm-10\">\n<div class=\"alert alert-warning\">\n<h1>&nbsp;<br \/>\n\t\t\t\t\t\t<\/h1>\n<p>\t\t\t\t\t<center><br \/>\n\t\t\t\t\t\tEsta secci\u00f3n se encuentra pendiente.<br \/>\n\t\t\t\t\t\t<small>Por favor cont\u00e1ctese con el administrador.<\/small><\/center>\n\t\t\t\t<\/div>\n<\/p><\/div>\n<\/p><\/div>\n<div class=\"col-sm-1\">\n\t\t\t&nbsp;<\/div>\n<\/p><\/div>\n<\/div>\n","protected":false},"excerpt":{"rendered":"<p>Escuela Agropecuaria Escuela de Educaci\u00f3n T\u00e9cnico Profesional de nivel medio en Producci\u00f3n Agropecuaria y Agroalimentaria&nbsp; &nbsp; &nbsp; Nivel: Medio &#8211; T\u00e9cnico Duraci\u00f3n: 6 (SEIS) a\u00f1os divididos en 2 (DOS) ciclos, uno b\u00e1sico de 2 (DOS) a\u00f1os y otro superior de 4 (CUATRO) de formaci\u00f3n t\u00e9cnica. T\u00edtulo: T\u00e9cnico en Producci\u00f3n Agropecuaria y Agroalimentaria Perfil del egresado: [&hellip;]<\/p>\n","protected":false},"author":1,"featured_media":0,"comment_status":"open","ping_status":"open","sticky":false,"template":"","format":"standard","meta":{"_acf_changed":false,"footnotes":""},"categories":[1],"tags":[],"class_list":["post-1920","post","type-post","status-publish","format-standard","hentry","category-sin-categoria"],"acf":[],"publishpress_future_action":{"enabled":false,"date":"2026-09-13 16:37:42","action":"change-status","newStatus":"draft","terms":[],"taxonomy":"category","extraData":[]},"publishpress_future_workflow_manual_trigger":{"enabledWorkflows":[]},"_links":{"self":[{"href":"https:\/\/dev.sitios.fvet.uba.ar\/index.php\/wp-json\/wp\/v2\/posts\/1920","targetHints":{"allow":["GET"]}}],"collection":[{"href":"https:\/\/dev.sitios.fvet.uba.ar\/index.php\/wp-json\/wp\/v2\/posts"}],"about":[{"href":"https:\/\/dev.sitios.fvet.uba.ar\/index.php\/wp-json\/wp\/v2\/types\/post"}],"author":[{"embeddable":true,"href":"https:\/\/dev.sitios.fvet.uba.ar\/index.php\/wp-json\/wp\/v2\/users\/1"}],"replies":[{"embeddable":true,"href":"https:\/\/dev.sitios.fvet.uba.ar\/index.php\/wp-json\/wp\/v2\/comments?post=1920"}],"version-history":[{"count":0,"href":"https:\/\/dev.sitios.fvet.uba.ar\/index.php\/wp-json\/wp\/v2\/posts\/1920\/revisions"}],"wp:attachment":[{"href":"https:\/\/dev.sitios.fvet.uba.ar\/index.php\/wp-json\/wp\/v2\/media?parent=1920"}],"wp:term":[{"taxonomy":"category","embeddable":true,"href":"https:\/\/dev.sitios.fvet.uba.ar\/index.php\/wp-json\/wp\/v2\/categories?post=1920"},{"taxonomy":"post_tag","embeddable":true,"href":"https:\/\/dev.sitios.fvet.uba.ar\/index.php\/wp-json\/wp\/v2\/tags?post=1920"}],"curies":[{"name":"wp","href":"https:\/\/api.w.org\/{rel}","templated":true}]}}