{"id":1935,"date":"2020-02-13T09:28:11","date_gmt":"2020-02-13T12:28:11","guid":{"rendered":"https:\/\/dev.sitios.fvet.uba.ar\/index.php\/volum-21-2\/"},"modified":"2020-02-13T09:28:11","modified_gmt":"2020-02-13T12:28:11","slug":"volum-21-2","status":"publish","type":"post","link":"https:\/\/dev.sitios.fvet.uba.ar\/index.php\/volum-21-2\/","title":{"rendered":"Volumen 21 N\u00b0 2 &#8211; 2019"},"content":{"rendered":"<div>\n<p>\n\t\t<strong>InVet<br \/>\n\t\tISSN (soporte papel): 1514-6634<br \/>\n\t\tISSN (on line): 1668-3498<\/strong><\/p>\n<p>\n\t\t<strong><font face=\"Arial, Helvetica, sans-serif\">Volumen 21, N\u00famero<\/font><\/strong><font face=\"Arial, Helvetica, sans-serif\"><strong> 2 &#8211; 2019 Diciembre<\/strong><\/font><\/p>\n<hr \/>\n<p align=\"left\">\n\t\t&nbsp;<\/p>\n<p align=\"left\">\n\t\t<a href=\"\/archivos\/publicaciones\/invet\/vol21-1-2019\/V21-2-2019.pdf\" target=\"_blank\" rel=\"noopener\">N\u00famero completo<\/a><\/p>\n<p align=\"left\">\n\t\t<b>Inmunolocalizaci\u00f3n de la integrina A5B1, la laminina y el col\u00e1geno tipo v en placenta porcina en diferentes etapas gestacionales. <\/b><br \/>\n\t\tV\u00e9lez, CL.; Williamson, DM.; Clauzure, M.; Koncurat, MA.; Barbeito, CG.<\/br><br \/>\n      <a href=\"archivos\/publicaciones\/invet\/vol21-2-2019\/art-1-vol21-2-2019.pdf\" target=\"_blank\" rel=\"noopener\">Pdf<\/a> &#8211; <a href=\"archivos\/publicaciones\/invet\/vol21-2-2019\/vol21_2_2019_art_1\/index.html\" target=\"_blank\" rel=\"noopener\">Html<\/a><\/p>\n<p align=\"left\">\n\t\t<b>Estudio de transferencia de inmunidad en crianzas artificiales de terneros en la cuenca lechera santafecina <\/b><br \/>\n\t\tAguirre, F.; Gutman, D.; Moroni, C.; Roll\u00f3n, N.; Allassia, M.; Cattaneo, L.; Ruiz, MF.<\/br><br \/>\n      <a href=\"archivos\/publicaciones\/invet\/vol21-2-2019\/art-2-vol21-2-2019.pdf\" target=\"_blank\" rel=\"noopener\">Pdf<\/a> &#8211; <a href=\"archivos\/publicaciones\/invet\/vol21-2-2019\/vol21_2_2019_art_2\/index.html\" target=\"_blank\" rel=\"noopener\">Html<\/a><\/p>\n<p align=\"left\">\n\t\t<b>Detecci\u00f3n de la garrapata ex\u00f3tica <i>Amblyomma varanense<\/i> (Acari: Ixodidae) en espec\u00edmenes importados de <i>Varanus salvator<\/i> (Squamata: Varanidae) en la Argentina. <\/b><br \/>\n\t\tCicuttin, GL.; Wiemeyer, G.; P\u00e9rez, MA.; Guglielmone, AA.; Nava, S.<\/br><br \/>\n       <a href=\"archivos\/publicaciones\/invet\/vol21-2-2019\/art-3-vol21-2-2019.pdf\" target=\"_blank\" rel=\"noopener\">Pdf<\/a> &#8211; <a href=\"archivos\/publicaciones\/invet\/vol21-2-2019\/vol21_2_2019_art_3\/index.html\" target=\"_blank\" rel=\"noopener\">Html<\/a><\/p>\n<p align=\"left\">\n\t\t<b>Persistencia del conducto arterioso en caninos: evaluaci\u00f3n retrospectiva de 88 casos (2014 &#8211; 2018) <\/b><br \/>\n\t\tB\u00f6kenhans, RJ.<\/br><br \/>\n        <a href=\"archivos\/publicaciones\/invet\/vol21-2-2019\/art-4-vol21-2-2019.pdf\" target=\"_blank\" rel=\"noopener\">Pdf<\/a> &#8211; <a href=\"archivos\/publicaciones\/invet\/vol21-2-2019\/vol21_2_2019_art_4\/index.html\" target=\"_blank\" rel=\"noopener\">Html<\/a><\/p>\n<p align=\"left\">\n\t\t<b>Punci\u00f3n submandibular con aguja de inyecci\u00f3n en ratones: comparaci\u00f3n de dos procedimientos<\/b><br \/>\n\t\tFern\u00e1ndez, V; Dom\u00ednguez, P; Garc\u00eda, JP.; Estein, SM.<\/p>\n<p>               <a href=\"archivos\/publicaciones\/invet\/vol21-2-2019\/art-5-vol21-2-2019.pdf\" target=\"_blank\" rel=\"noopener\">Pdf<\/a> &#8211; <a href=\"archivos\/publicaciones\/invet\/vol21-2-2019\/vol21_2_2019_art_5\/index.html\" target=\"_blank\" rel=\"noopener\">Html<\/a><\/p>\n<p align=\"left\">\n\t\t&nbsp;<\/p>\n<p align=\"left\">\n\t\t<a href=\"archivos\/publicaciones\/invet\/vol21-2-2019\/indice-vol21-2-2019.pdf\" target=\"_blank\" rel=\"noopener\">\u00cdndice<\/a><\/p>\n<p align=\"left\">\n\t\t<a href=\"archivos\/publicaciones\/invet\/vol21-2-2019\/indice-autores-vol21-2-2019.pdf\" target=\"_blank\" rel=\"noopener\">\u00cdndice de Autores<\/a><\/p>\n<p align=\"left\">\n\t\t<a href=\"archivos\/publicaciones\/invet\/vol21-2-2019\/legales-vol21-2-2019.pdf\" target=\"_blank\" rel=\"noopener\">Legales<\/a><\/p>\n<\/div>\n","protected":false},"excerpt":{"rendered":"<p>InVet ISSN (soporte papel): 1514-6634 ISSN (on line): 1668-3498 Volumen 21, N\u00famero 2 &#8211; 2019 Diciembre &nbsp; N\u00famero completo Inmunolocalizaci\u00f3n de la integrina A5B1, la laminina y el col\u00e1geno tipo v en placenta porcina en diferentes etapas gestacionales. V\u00e9lez, CL.; Williamson, DM.; Clauzure, M.; Koncurat, MA.; Barbeito, CG. Pdf &#8211; Html Estudio de transferencia de [&hellip;]<\/p>\n","protected":false},"author":1,"featured_media":0,"comment_status":"open","ping_status":"open","sticky":false,"template":"","format":"standard","meta":{"_acf_changed":false,"footnotes":""},"categories":[1],"tags":[],"class_list":["post-1935","post","type-post","status-publish","format-standard","hentry","category-sin-categoria"],"acf":[],"publishpress_future_action":{"enabled":false,"date":"2026-09-12 07:59:15","action":"change-status","newStatus":"draft","terms":[],"taxonomy":"category","extraData":[]},"publishpress_future_workflow_manual_trigger":{"enabledWorkflows":[]},"_links":{"self":[{"href":"https:\/\/dev.sitios.fvet.uba.ar\/index.php\/wp-json\/wp\/v2\/posts\/1935","targetHints":{"allow":["GET"]}}],"collection":[{"href":"https:\/\/dev.sitios.fvet.uba.ar\/index.php\/wp-json\/wp\/v2\/posts"}],"about":[{"href":"https:\/\/dev.sitios.fvet.uba.ar\/index.php\/wp-json\/wp\/v2\/types\/post"}],"author":[{"embeddable":true,"href":"https:\/\/dev.sitios.fvet.uba.ar\/index.php\/wp-json\/wp\/v2\/users\/1"}],"replies":[{"embeddable":true,"href":"https:\/\/dev.sitios.fvet.uba.ar\/index.php\/wp-json\/wp\/v2\/comments?post=1935"}],"version-history":[{"count":0,"href":"https:\/\/dev.sitios.fvet.uba.ar\/index.php\/wp-json\/wp\/v2\/posts\/1935\/revisions"}],"wp:attachment":[{"href":"https:\/\/dev.sitios.fvet.uba.ar\/index.php\/wp-json\/wp\/v2\/media?parent=1935"}],"wp:term":[{"taxonomy":"category","embeddable":true,"href":"https:\/\/dev.sitios.fvet.uba.ar\/index.php\/wp-json\/wp\/v2\/categories?post=1935"},{"taxonomy":"post_tag","embeddable":true,"href":"https:\/\/dev.sitios.fvet.uba.ar\/index.php\/wp-json\/wp\/v2\/tags?post=1935"}],"curies":[{"name":"wp","href":"https:\/\/api.w.org\/{rel}","templated":true}]}}