{"id":1974,"date":"2020-08-04T12:59:11","date_gmt":"2020-08-04T15:59:11","guid":{"rendered":"https:\/\/dev.sitios.fvet.uba.ar\/index.php\/testbioterio\/"},"modified":"2020-08-04T12:59:11","modified_gmt":"2020-08-04T15:59:11","slug":"testbioterio","status":"publish","type":"post","link":"https:\/\/dev.sitios.fvet.uba.ar\/index.php\/testbioterio\/","title":{"rendered":"BioterioTEST"},"content":{"rendered":"<h3 class=\"titulo-insti\">\n    Bioterio<\/h3>\n<div class=\"mision\">\n<div class=\"titulo-secciones\">\n        Calendario Acad\u00e9mico<a class=\"ancla\" id=\"calendario\">&nbsp;<\/a><\/div>\n<p>    &nbsp;<\/p>\n<div class=\"row\">\n<div class=\"col-sm-1\">\n            &nbsp;<\/div>\n<div class=\"col-sm-10\">\n            <br \/>\n            <b>1er cuatrimestre 2021<\/b><\/p>\n<p>            <b>Inscripci\u00f3n para alumnos provenientes del Ciclo B\u00e1sico Com\u00fan:<\/b><br \/>\n            del 22 al 30 de marzo.<\/p>\n<p>            <a href=\"<?= fveturl('?q=ingresantesRequisitos#ing_bio') ?>\u00ab>Documentaci\u00f3n a presentar y formulario de preinscripci\u00f3n<\/a><\/p>\n<p>            <b>Inscripci\u00f3n a cursos:<\/b> 29 y 30 de marzo<\/p>\n<p>            <b>Per\u00edodo lectivo:<\/b> 07 de abril al 10 de julio<br \/>\n            <!--<br \/>\n            Receso academico: 7 de abril al 10 de julio.<br \/>--><br \/>\n            <br \/>\n            <b>2do cuatrimestre 2021<\/b><\/p>\n<p>            <b>Inscripci\u00f3n para alumnos provenientes del Ciclo B\u00e1sico Com\u00fan:<\/b> del 2 al 10 de agosto.<\/p>\n<p>            <!--<a href=\"<?= fveturl('?q=ingresantesRequisitos#ing_bio') ?>\">Documentaci\u00f3n a presentar y formulario de preinscripci\u00f3n<\/a>\n\n--><br \/>\n            <b>Inscripci\u00f3n a cursos:<\/b> 9 y 10 de agosto.<br \/>\n            <!--<b>Publicaci\u00f3n resultados:<\/b> 4 de setiembre.<br \/>\n            <b>Inicio de clases modalidad virtual:<\/b> 7 de setiembre.<br \/>\n            <b>Anulaciones de inscripciones:<\/b> 7 al 18 de setiembre.<br \/>--><br \/>\n            <b>Per\u00edodo lectivo:<\/b> 17 de agosto al 27 de noviembre.<\/p>\n<p>            Puede consultar las fechas de ex\u00e1menes del calendario vigente en el <a href=\"http:\/\/dpd.fvet.uba.ar\">Sistema de Alumnos<\/a><\/p>\n<p>            <a href=\"http:\/\/dpd.fvet.uba.ar\/cgi\/cgi.exe\/publico@sistema?param=DCDF\"><b>Oferta de cursos<\/b><\/a><br \/>\n            &nbsp;<\/div>\n<div class=\"col-sm-1\">\n            &nbsp;<\/div>\n<\/p><\/div>\n<p>\n    &nbsp;\n<\/div>\n","protected":false},"excerpt":{"rendered":"<p>Bioterio Calendario Acad\u00e9mico&nbsp; &nbsp; &nbsp; 1er cuatrimestre 2021 Inscripci\u00f3n para alumnos provenientes del Ciclo B\u00e1sico Com\u00fan: del 22 al 30 de marzo.<\/p>\n","protected":false},"author":1,"featured_media":0,"comment_status":"open","ping_status":"open","sticky":false,"template":"","format":"standard","meta":{"_acf_changed":false,"footnotes":""},"categories":[1],"tags":[],"class_list":["post-1974","post","type-post","status-publish","format-standard","hentry","category-sin-categoria"],"acf":[],"publishpress_future_action":{"enabled":false,"date":"2026-09-13 00:25:54","action":"change-status","newStatus":"draft","terms":[],"taxonomy":"category","extraData":[]},"publishpress_future_workflow_manual_trigger":{"enabledWorkflows":[]},"_links":{"self":[{"href":"https:\/\/dev.sitios.fvet.uba.ar\/index.php\/wp-json\/wp\/v2\/posts\/1974","targetHints":{"allow":["GET"]}}],"collection":[{"href":"https:\/\/dev.sitios.fvet.uba.ar\/index.php\/wp-json\/wp\/v2\/posts"}],"about":[{"href":"https:\/\/dev.sitios.fvet.uba.ar\/index.php\/wp-json\/wp\/v2\/types\/post"}],"author":[{"embeddable":true,"href":"https:\/\/dev.sitios.fvet.uba.ar\/index.php\/wp-json\/wp\/v2\/users\/1"}],"replies":[{"embeddable":true,"href":"https:\/\/dev.sitios.fvet.uba.ar\/index.php\/wp-json\/wp\/v2\/comments?post=1974"}],"version-history":[{"count":0,"href":"https:\/\/dev.sitios.fvet.uba.ar\/index.php\/wp-json\/wp\/v2\/posts\/1974\/revisions"}],"wp:attachment":[{"href":"https:\/\/dev.sitios.fvet.uba.ar\/index.php\/wp-json\/wp\/v2\/media?parent=1974"}],"wp:term":[{"taxonomy":"category","embeddable":true,"href":"https:\/\/dev.sitios.fvet.uba.ar\/index.php\/wp-json\/wp\/v2\/categories?post=1974"},{"taxonomy":"post_tag","embeddable":true,"href":"https:\/\/dev.sitios.fvet.uba.ar\/index.php\/wp-json\/wp\/v2\/tags?post=1974"}],"curies":[{"name":"wp","href":"https:\/\/api.w.org\/{rel}","templated":true}]}}