{"id":1975,"date":"2020-08-05T12:56:06","date_gmt":"2020-08-05T15:56:06","guid":{"rendered":"https:\/\/dev.sitios.fvet.uba.ar\/index.php\/testveterinariacalendario\/"},"modified":"2020-08-05T12:56:06","modified_gmt":"2020-08-05T15:56:06","slug":"testveterinariacalendario","status":"publish","type":"post","link":"https:\/\/dev.sitios.fvet.uba.ar\/index.php\/testveterinariacalendario\/","title":{"rendered":"Calendario Acad\u00e9mico TEST"},"content":{"rendered":"<h3 class=\"titulo-insti\">\n    Veterinaria<\/h3>\n<div class=\"mision\">\n<div class=\"titulo-secciones\">\n        Calendario Acad\u00e9mico<a class=\"ancla\" id=\"calendario\">&nbsp;<\/a><\/div>\n<p>    &nbsp;<\/p>\n<div class=\"row\">\n<div class=\"col-sm-1\">\n            &nbsp;<\/div>\n<div class=\"col-sm-10\">\n<hr \/>\n<p>            <b>1\u00ba cuatrimestre 2021:<\/b><\/p>\n<p>            <b>Inscripci\u00f3n para alumnos provenientes del Ciclo B\u00e1sico Com\u00fan:<\/b> 15 al 30 de marzo.<\/p>\n<p>            <a href=\"<?= fveturl('?q=ingresantesRequisitos#ing_vet') ?>\u00ab>Documentaci\u00f3n a presentar y formulario de preinscripci\u00f3n<\/a><\/p>\n<p>            <b>Inscripci\u00f3n para cursar asignaturas<\/b><\/p>\n<p>            <b>1era. vuelta:<\/b> 29 y 30 de marzo.<\/p>\n<p>            <b>Publicaci\u00f3n 1era. vuelta y reasignaci\u00f3n (2da. vuelta):<\/b> 05 de abril.<\/p>\n<p>            <b>Publicaci\u00f3n 2da. vuelta:<\/b> 07 de abril.<\/p>\n<div style=\"font-size: larger;\">\n                <b>Presentaci\u00f3n de comprobante para acceder a prioridad:<\/b> 22 al 26 de marzo.<br \/>\n                Los comprobantes deben ser subidos en el sistema de alumnos, ingresando con su<br \/>\n                clave y contrase\u00f1a, en el men\u00fa \u201cInscripci\u00f3n\u201d, durante esos d\u00edas. <br \/>\n                Para la inscripci\u00f3n 1er cuatrimestre 2021 ya no se tendr\u00e1n en cuenta los entregados en el a\u00f1o 2020.\n            <\/div>\n<p>            <b>Anulaci\u00f3n de Inscripciones:<\/b> 20 de abril.<\/p>\n<p>            <b>Per\u00edodo lectivo:<\/b> 7 de abril al 10 de julio<br \/>\n            &nbsp;<\/p>\n<hr \/>\n<p>\n            <b>2\u00b0 cuatrimestre 2021:<\/b><\/p>\n<p>            <b>Inscripci\u00f3n para alumnos provenientes del Ciclo B\u00e1sico Com\u00fan:<\/b> 26 de julio al 10 de agosto.<\/p>\n<p>            <!--<a href=\"<?= fveturl('?q=ingresantesRequisitos') ?>\">Documentaci\u00f3n a presentar y formulario de preinscripci\u00f3n<\/a>\n\n--> <b>Inscripci\u00f3n para cursar asignaturas<\/b><\/p>\n<p>            <b>1era. vuelta:<\/b> 9 y 10 de agosto.<\/p>\n<p>            <b>Publicaci\u00f3n 1era. vuelta y reasignaci\u00f3n (2da. vuelta):<\/b> 13 de agosto.<\/p>\n<p>            <b>Publicaci\u00f3n 2da. vuelta:<\/b> 16 de agosto.<\/p>\n<p>            <b>Presentaci\u00f3n de comprobante para acceder a prioridad:<\/b> 2 al 6 de agosto.<\/p>\n<p>            <b>Anulaci\u00f3n de Inscripciones:<\/b> 27 de agosto.<\/p>\n<p>            <b>Periodo electivo:<\/b> 17 de agosto al 27 de noviembre.<\/p>\n<p>            &nbsp;<\/p>\n<hr \/>\n<p>            <b>Resoluci\u00f3n <a href=\"<?= fileurl('archivos\/alumnos_pdf\/REDEC_754.pdf') ?>\u00ab>REDEC 754\/20<\/a><\/b><br \/>\n            &nbsp;<\/p>\n<div>\n                Asignaturas que requieren instancia pr\u00e1ctica obligatoria previo al examen final seg\u00fan resoluci\u00f3n decano REDEC 754\/20:<\/div>\n<ul>\n<li>\n                    Qu\u00edmica Org\u00e1nica de Biomol\u00e9culas<\/li>\n<li>\n                    Histolog\u00eda y Embriolog\u00eda<\/li>\n<li>\n                    Parasitolog\u00eda<\/li>\n<li>\n                    Inmunolog\u00eda B\u00e1sica<\/li>\n<li>\n                    Microbiolog\u00eda<\/li>\n<li>\n                    Patolog\u00eda B\u00e1sica<\/li>\n<li>\n                    Enfermedades Infecciosas<\/li>\n<li>\n                    Enfermedades Parasitarias<\/li>\n<\/ul>\n<p>            <!--\n\n<div style=\"font-size:20px;\">\nAtento lo dispuesto por la <a href=\"http:\/\/www.uba.ar\/noticiasuba\/ACTO-2020-00832987-UBA-REC.pdf\" target=\"_blank\" rel=\"noopener\">Resoluci\u00f3n&nbsp; Rector&nbsp; N 423\/20 <\/a>\nsobre la reprogramaci\u00f3n del calendario acad\u00e9mico, las fechas correspondientes ser\u00e1n publicadas pr\u00f3ximamente<\/div>\n\n\n<br \/>\n<b>Per\u00edodo lectivo:<\/b> 16 de marzo al 4 de julio.\n\n\n<b>Receso acad\u00e9mico:<\/b>del 20 al 31 de julio.\n\n\n<br \/>--><br \/>\n            <b>Resoluci\u00f3n <a href=\"<?= fileurl('archivos\/alumnos_pdf\/AD_REF_1054.pdf') ?>\u00ab>REDEC 1041\/20<\/a><\/b><\/p>\n<p>            <b><a href=\"<?= fveturl('?q=veterinaria#excepcion') ?>\u00ab>Inscripci\u00f3n condicional al 2do cuatrimestre 2020 <\/a><\/b><br \/>\n            &nbsp;<\/p>\n<hr \/>\n<p>            <b>Sistemas y Horarios de Inscripci\u00f3n<\/b><br \/>\n            Las inscripciones se realizan por Internet (<a href=\"http:\/\/www.fvet.uba.ar\">http:\/\/www.fvet.uba.ar<\/a> accediendo al <a href=\"http:\/\/dpd.fvet.uba.ar\/\">Sistema de Alumnos<\/a>) desde las 00:00 hs. del comienzo de la inscripci\u00f3n, hasta el \u00faltimo d\u00eda a las 17 horas.<\/p>\n<p>            <button class=\"btn btn-info\" data-target=\"#modulares\" data-toggle=\"collapse\" type=\"button\">Orden de Prioridades Materias Modulares<\/button><\/p>\n<div class=\"collapse\" id=\"modulares\">\n                La asignaci\u00f3n de cada alumno a las comisiones es por el siguiente orden de prioridades:<\/p>\n<ol>\n<li>\n                        Personas que trabajan (y puedan acreditarlo), madres con ni\u00f1os en edad escolar y mujeres embarazadas que cursan por primera vez la materia a la que se inscriben y alumnos con beca de ayuda econ\u00f3mica y alumnos que integren los equipos deportivos de esta Facultad.<\/li>\n<li>\n                        Personas que trabajan (y pueden acreditarlo), madres con ni\u00f1os en edad escolar y mujeres embarazadas que recursan la materia a la que se inscriben.<\/li>\n<li>\n                        Personas que no trabajan que cursan por primera vez la materia a la que se inscriben.<\/li>\n<li>\n                        Personas que no trabajan y que recursan la materia a la que se inscriben.<\/li>\n<\/ol>\n<p>                Deber\u00e1n presentar la acreditaci\u00f3n correspondiente en las fechas indicadas en cada cuatrimestre.<\/p><\/div>\n<p>            <button class=\"btn btn-info\" data-target=\"#extramodulares\" data-toggle=\"collapse\" type=\"button\">Orden de Prioridades Materias Extramodulares<\/button><\/p>\n<div class=\"collapse\" id=\"extramodulares\">\n<ol>\n<li>\n                        Cursa o recursa inscripto \u00fanica materia<\/li>\n<li>\n                        Cursa por 1\u00ba vez. Inscripto en m\u00e1s de una materia<\/li>\n<li>\n                        Recursa por 1\u00ba vez. Inscripto en m\u00e1s de una materia<\/li>\n<li>\n                        Recursa por 2\u00b0 vez. Inscripto en m\u00e1s de una materia<\/li>\n<li>\n                        Recursa por 3\u00b0 vez. Inscripto en m\u00e1s de una materia<\/li>\n<li>\n                        Recursa por 4\u00b0 vez o m\u00e1s. Inscripto en m\u00e1s de una materia<\/li>\n<\/ol><\/div>\n<p>            <button class=\"btn btn-info\" data-target=\"#cursos\" data-toggle=\"collapse\" type=\"button\">Cursos Enero &#8211; Febrero: Orden de Prioridades PH I (Grandes y Peque\u00f1os)<\/button><\/p>\n<div class=\"collapse\" id=\"cursos\">\n<ul>\n<li>\n                        <img decoding=\"async\" class=\"img-circle img-responsive listado2\" src=\"<?= fileurl('sites\/default\/files\/pictures\/boton.png') ?>\u00bb \/>Personas que trabajan, madres con hijos en edad escolar y mujeres embarazadas, (y puedan certificarlo) que de acuerdo a la cantidad de materias regulares y\/o aprobadas est\u00e9n en mejores condiciones de comenzar el Ciclo de Intensificaci\u00f3n y \u00f3 Ciclo Superior en el 1er cuatrimestre del siguiente ciclo lectivo.<\/li>\n<li>\n                        <img decoding=\"async\" class=\"img-circle img-responsive listado2\" src=\"<?= fileurl('sites\/default\/files\/pictures\/boton.png') ?>\u00bb \/>Personas que no trabajen y que de acuerdo a la cantidad de materias regulares y\/o aprobadas, est\u00e9n en mejores condiciones de comenzar el Ciclo de Intensificaci\u00f3n y \u00f3 Ciclo Superior en el 1er cuatrimestre del siguiente ciclo lectivo.<\/li>\n<\/ul>\n<p>                La asignaci\u00f3n de cada alumno a las comisiones se realizar\u00e1 de la siguiente forma:<\/p>\n<ol>\n<li>\n                        Alumno que est\u00e9 encuadrado en el punto A, que tenga regularizadas y\/o aprobadas todas las materias del M\u00f3dulo Com\u00fan Obligatorio, exceptuando las Pr\u00e1cticas Hospitalarias I.<\/li>\n<li>\n                        Alumno que este encuadrado en el punto B, que tenga regularizadas y\/o aprobadas todas las materias del M\u00f3dulo Com\u00fan Obligatorio, exceptuando las Pr\u00e1cticas Hospitalarias I.<\/li>\n<li>\n                        Alumno que est\u00e9 encuadrado en el punto A, que tenga regularizadas y\/o aprobadas todas las materias del M\u00f3dulo Com\u00fan Obligatorio, exceptuando las Pr\u00e1cticas Hospitalarias I. y las Producciones I.<\/li>\n<li>\n                        Alumno que est\u00e9 encuadrado en el punto B, que tenga regularizadas y\/o aprobadas todas las materias del M\u00f3dulo Com\u00fan Obligatorio, exceptuando las Pr\u00e1cticas Hospitalarias I. y las Producciones I.<\/li>\n<li>\n                        Alumno encuadrado en el punto A con mayor n\u00famero de regularidades y\/o aprobaciones registradas.<\/li>\n<li>\n                        Alumno encuadrado en el punto B con mayor n\u00famero de regularidades y\/o aprobaciones registradas.<\/li>\n<\/ol>\n<p>                En todos los casos las regularidades y\/o aprobaciones ser\u00e1n tomadas hasta la finalizaci\u00f3n del 2\u00ba cuatrimestre y turno de examen final de noviembre del presente ciclo lectivo.<\/p><\/div>\n<p>            Ex\u00e1menes Finales: Puede consultar las fechas de ex\u00e1menes del calendario vigente en el <a href=\"http:\/\/dpd.fvet.uba.ar\/\">Sistema de Alumnos<\/a><br \/>\n            &nbsp;<\/div>\n<div class=\"col-sm-1\">\n            &nbsp;<\/div>\n<\/p><\/div>\n<p>\n    &nbsp;<\/div>\n<div class=\"decano\">\n<div class=\"titulo-secciones\">\n        Oferta de Cursos<a class=\"ancla\" id=\"oferta\">&nbsp;<\/a><\/div>\n<p>    &nbsp;<\/p>\n<div class=\"row\">\n<div class=\"col-sm-1\">\n            &nbsp;<\/div>\n<div class=\"col-sm-10\">\n<ul>\n<li>\n                    <img decoding=\"async\" class=\"img-circle img-responsive listado2\" src=\"<?= fileurl('sites\/default\/files\/pictures\/boton.png') ?>\u00bb \/><a href=\"http:\/\/dpd.fvet.uba.ar\">Sistema de Alumnos<\/a><\/li>\n<li>\n                    <img decoding=\"async\" class=\"img-circle img-responsive listado2\" src=\"<?= fileurl('sites\/default\/files\/pictures\/boton.png') ?>\u00bb \/><a href=\"<?= fileurl('..\/archivos\/alumnos_pdf\/2021\/cronoProd_feb21.pdf') ?>\u00ab>Cronograma cursada Producciones -Febrero 2021<\/a><\/li>\n<li>\n                    <img decoding=\"async\" class=\"img-circle img-responsive listado2\" src=\"<?= fileurl('sites\/default\/files\/pictures\/boton.png') ?>\u00bb \/><a href=\"<?= fileurl('..\/archivos\/alumnos_pdf\/2021\/ac203_feb21.pdf') ?>\u00ab>Asistencia Cumplida &#8211; Qu\u00edmica Org\u00e1nica de Biomol\u00e9culas &#8211; Febrero 2021<\/a><\/li>\n<p>                <!--\n\n<li>\n<img decoding=\"async\" class=\"img-circle img-responsive listado2\" src=\"<?= fileurl('sites\/default\/files\/pictures\/boton.png') ?>\" \/>Ejes Ciclo Superior 2020 (Se publicara a la brevedad la reprogramaci\u00f3n)<\/li>\n\n\n\n\n<li>\n<img decoding=\"async\" class=\"img-circle img-responsive listado2\" src=\"<?= fileurl('sites\/default\/files\/pictures\/boton.png') ?>\" \/><!--<a href=\"<?= fileurl('..\/archivos\/alumnos_pdf\/200218\/graf_prod.pdf') ?>\">Gr\u00e1fico Producciones 1\u00b0 Cuatrimestre 2020 (Se publicara a la brevedad la reprogramaci\u00f3n)<\/li>\n\n\n                <!--\n\n<li>\n                <img decoding=\"async\" class=\"img-circle img-responsive listado2\" src=\"<?= fileurl('sites\/default\/files\/pictures\/boton.png') ?>\" \/><a href=\"<?= fileurl('..\/archivos\/alumnos_pdf\/200218\/insc_ci_sup.pdf') ?>\">Inscripci\u00f3n Ciclo Superior<\/a><\/li>\n\n\n                \n\n<li>\n                    <img decoding=\"async\" class=\"img-circle img-responsive listado2\" src=\"<?= fileurl('sites\/default\/files\/pictures\/boton.png') ?>\" \/>Inscripci\u00f3n Ciclo Superior<\/li>\n\n\n                \n\n<li>\n                    <img decoding=\"async\" class=\"img-circle img-responsive listado2\" src=\"<?= fileurl('sites\/default\/files\/pictures\/boton.png') ?>\" \/><a href=\"<?= fileurl('..\/archivos\/alumnos_pdf\/200218\/taller_semio.pdf') ?>\">Taller de Actualizaci\u00f3n Semiol\u00f3gica<\/li>\n\n--><\/ul>\n<hr \/><\/div>\n<div class=\"col-sm-1\">\n            &nbsp;<\/div>\n<\/p><\/div>\n<p>\n    &nbsp;<\/div>\n<div class=\"autoridades\">\n<div class=\"titulo-secciones\">\n        Cursos extracurriculares<a class=\"ancla\" id=\"extracurriculares\">&nbsp;<\/a><\/div>\n<p>    &nbsp;<\/p>\n<div class=\"row\">\n<div class=\"col-sm-1\">\n            &nbsp;<\/div>\n<div class=\"col-sm-10\">\n<ul>\n<li>\n                    <img decoding=\"async\" class=\"img-circle img-responsive listado2\" src=\"<?= fileurl('sites\/default\/files\/pictures\/boton.png') ?>\u00bb \/><a href=\"<?= fveturl('?q=cursosExtracurriculares#capacitacion') ?>\u00ab>Programa de Capacitaci\u00f3n en T\u00e9cnicas de Diagn\u00f3stico de Laboratorio de Enfermedades Infecciosas<\/a><\/li>\n<li>\n                    <img decoding=\"async\" class=\"img-circle img-responsive listado2\" src=\"<?= fileurl('sites\/default\/files\/pictures\/boton.png') ?>\u00bb \/><a href=\"<?= fileurl('..\/archivos\/alumnos_pdf\/Cursada-2018-Manejo-Fauna.pdf') ?>\u00ab>Manejo y uso sustentable de Fauna Silvestre<\/a><\/li>\n<li>\n                    <img decoding=\"async\" class=\"img-circle img-responsive listado2\" src=\"<?= fileurl('sites\/default\/files\/pictures\/boton.png') ?>\u00bb \/><a href=\"<?= fveturl('..\/archivos\/alumnos_pdf\/pdfcal\/Homeopatia-Veterinaria-2020.pdf') ?>\u00ab>Homeopat\u00eda Veterinaria<\/a> Los d\u00edas de este curso ser\u00e1n reprogramados, y ser\u00e1n informados oportunamente.<\/li>\n<li>\n                    <img decoding=\"async\" class=\"img-circle img-responsive listado2\" src=\"<?= fileurl('sites\/default\/files\/pictures\/boton.png') ?>\u00bb \/><a href=\"<?= fileurl('..\/archivos\/alumnos_pdf\/pdfcal\/IACA-2019.pdf') ?>\u00ab>Terapias y Actividades Asistidas con Animales<\/a><\/li>\n<li>\n                    <img decoding=\"async\" class=\"img-circle img-responsive listado2\" src=\"<?= fileurl('sites\/default\/files\/pictures\/boton.png') ?>\u00bb \/><a href=\"<?= fveturl('..\/archivos\/alumnos_pdf\/pdfcal\/Bases-Ecografia-2019.pdf') ?>\u00ab>Bases de Ecograf\u00eda Veterinaria<\/a><\/li>\n<\/ul><\/div>\n<div class=\"col-sm-1\">\n            &nbsp;<\/div>\n<\/p><\/div>\n<p>\n    &nbsp;\n<\/div>\n","protected":false},"excerpt":{"rendered":"<p>Veterinaria Calendario Acad\u00e9mico&nbsp; &nbsp; &nbsp; 1\u00ba cuatrimestre 2021: Inscripci\u00f3n para alumnos provenientes del Ciclo B\u00e1sico Com\u00fan: 15 al 30 de marzo.<\/p>\n","protected":false},"author":1,"featured_media":0,"comment_status":"open","ping_status":"open","sticky":false,"template":"","format":"standard","meta":{"_acf_changed":false,"footnotes":""},"categories":[1],"tags":[],"class_list":["post-1975","post","type-post","status-publish","format-standard","hentry","category-sin-categoria"],"acf":[],"publishpress_future_action":{"enabled":false,"date":"2026-09-11 02:59:32","action":"change-status","newStatus":"draft","terms":[],"taxonomy":"category","extraData":[]},"publishpress_future_workflow_manual_trigger":{"enabledWorkflows":[]},"_links":{"self":[{"href":"https:\/\/dev.sitios.fvet.uba.ar\/index.php\/wp-json\/wp\/v2\/posts\/1975","targetHints":{"allow":["GET"]}}],"collection":[{"href":"https:\/\/dev.sitios.fvet.uba.ar\/index.php\/wp-json\/wp\/v2\/posts"}],"about":[{"href":"https:\/\/dev.sitios.fvet.uba.ar\/index.php\/wp-json\/wp\/v2\/types\/post"}],"author":[{"embeddable":true,"href":"https:\/\/dev.sitios.fvet.uba.ar\/index.php\/wp-json\/wp\/v2\/users\/1"}],"replies":[{"embeddable":true,"href":"https:\/\/dev.sitios.fvet.uba.ar\/index.php\/wp-json\/wp\/v2\/comments?post=1975"}],"version-history":[{"count":0,"href":"https:\/\/dev.sitios.fvet.uba.ar\/index.php\/wp-json\/wp\/v2\/posts\/1975\/revisions"}],"wp:attachment":[{"href":"https:\/\/dev.sitios.fvet.uba.ar\/index.php\/wp-json\/wp\/v2\/media?parent=1975"}],"wp:term":[{"taxonomy":"category","embeddable":true,"href":"https:\/\/dev.sitios.fvet.uba.ar\/index.php\/wp-json\/wp\/v2\/categories?post=1975"},{"taxonomy":"post_tag","embeddable":true,"href":"https:\/\/dev.sitios.fvet.uba.ar\/index.php\/wp-json\/wp\/v2\/tags?post=1975"}],"curies":[{"name":"wp","href":"https:\/\/api.w.org\/{rel}","templated":true}]}}