{"id":1976,"date":"2020-08-05T13:34:34","date_gmt":"2020-08-05T16:34:34","guid":{"rendered":"https:\/\/dev.sitios.fvet.uba.ar\/index.php\/test_plan-agro\/"},"modified":"2020-08-05T13:34:34","modified_gmt":"2020-08-05T16:34:34","slug":"test_plan-agro","status":"publish","type":"post","link":"https:\/\/dev.sitios.fvet.uba.ar\/index.php\/test_plan-agro\/","title":{"rendered":"Agroalimentos Plan 2018 TEST"},"content":{"rendered":"<h3 class=\"titulo-insti\">\n    Lic. en Gesti\u00f3n de Agroalimentos<\/h3>\n<div class=\"mision\">\n<div class=\"titulo-secciones\">\n        <a class=\"ancla\" id=\"objetivos\">&nbsp;<\/a><\/div>\n<p>    &nbsp;<\/p>\n<div class=\"row\">\n<div class=\"col-sm-1\">\n            &nbsp;<\/div>\n<div class=\"col-sm-10\">\n<p>\n                <br \/>\n                <b>Objetivos:<\/b><\/p>\n<p>\n                Los principios rectores de calidad, \u00e9tica social y cuidado del medio ambiente recorrer\u00e1n la carrera como conceptos transversales. Por esta raz\u00f3n, ser\u00e1n los marcos para el desarrollo de los saberes espec\u00edficos de las diversas disciplinas curriculares.<\/p>\n<p>\n                1) Formar profesionales id\u00f3neos en el desempe\u00f1o de todas las actividades y trabajos espec\u00edficos relacionados con la gesti\u00f3n de las cadenas agroalimentarias, en el marco de los principios rectores de calidad, \u00e9tica social y cuidado del medio ambiente.<br \/>\n                2) Asegurar la integraci\u00f3n de los conocimientos te\u00f3ricos en la pr\u00e1ctica profesional.<br \/>\n                3) Comprender la calidad total de los alimentos como integrante de un proceso complejo e interdisciplinario que abarca desde la producci\u00f3n primaria de dichos alimentos hasta el consumo.<br \/>\n                4) Contribuir a la investigaci\u00f3n, desarrollo y transferencia de tecnolog\u00eda en todas las actividades vinculadas con las cadenas agroalimentarias.<\/p>\n<\/p><\/div>\n<div class=\"col-sm-1\">\n            &nbsp;<\/div>\n<\/p><\/div>\n<p>\n    &nbsp;<\/div>\n<div class=\"autoridades\">\n<div class=\"titulo-secciones\">\n        Campo Laboral<a class=\"ancla\" id=\"laboral\">&nbsp;<\/a><\/div>\n<p>    &nbsp;<\/p>\n<div class=\"row\">\n<div class=\"col-sm-1\">\n            &nbsp;<\/div>\n<div class=\"col-sm-10\">\n<p>\n                <br \/>\n                Es un profesional que gestiona la tecnolog\u00eda de las cadenas agroalimentarias, la calidad total de los procesos y productos, y el cuidado del medio ambiente, a partir de los principios de sustentabilidad y sistematicidad. A la vez, est\u00e1 capacitado para insertar competitivamente dichos productos en los mercados nacionales e internacionales, en un marco de creciente complejidad y baja previsibilidad. Posee tambi\u00e9n los conocimientos, habilidades y destrezas para desempe\u00f1arse activamente en programas de concientizaci\u00f3n sobre la calidad e inocuidad agroalimentaria, participar en las actividades de capacitaci\u00f3n de su personal.<\/p>\n<p>\n                &nbsp;<\/p>\n<\/p><\/div>\n<div class=\"col-sm-1\">\n            &nbsp;<\/div>\n<\/p><\/div>\n<p>\n    &nbsp;<\/div>\n<div class=\"mision\">\n<div class=\"titulo-secciones\">\n        Plan de Estudios 2018<a class=\"ancla\" id=\"plan\">&nbsp;<\/a><\/div>\n<p>    &nbsp;<\/p>\n<div class=\"row\">\n<div class=\"col-sm-1\">\n            &nbsp;<\/div>\n<div class=\"col-sm-10\">\n<hr>\n<div style=\"font-size: large;\">\n                Ver Resoluci\u00f3n <a href=\"<?= fileurl('archivos\/alumnos_pdf\/res2020\/resAgro.pdf') ?>\u00ab>REDEC-2020-1563-E-UBA-DCT_FAGRO <\/a><br \/>\n                Ver Resoluci\u00f3n <a href=\"<?= fileurl('archivos\/alumnos_pdf\/res2020\/convAgro.pdf') ?>\u00ab>REDEC-2020-827-E-UBA-DCT_FVET <\/a>\n            <\/div>\n<hr>\n<p>\n                <b>Plan de estudios vigente a partir del ciclo lectivo de 2018<\/b><br \/>\n                Resoluci\u00f3n (CS) N\u00b0 8555\/17<\/p>\n<p>\n                &nbsp;<\/p>\n<div class=\"panel panel-default\">\n<table class=\"table table-hover\">\n<tbody>\n<tr>\n<td align=\"center\" width=\"41%\">\n                                <b>Espacios Curriculares<\/b><\/td>\n<td colspan=\"2\">\n<p>\n                                    Condici\u00f3n de lo\/s espacio\/s curriculares establecidos\/ como correlativo\/s para cursar<\/p>\n<\/td>\n<\/tr>\n<tr>\n<td align=\"center\" width=\"41%\">\n                                <b>Primer Ciclo<\/b><\/td>\n<td align=\"center\" width=\"23%\">\n                                Regular<\/td>\n<td align=\"center\" width=\"42%\">\n                                Aprobada<\/td>\n<\/tr>\n<tr>\n<td width=\"41%\">\n                                Matem\u00e1tica<\/td>\n<td width=\"23%\">\n                                &#8212;&#8212;&#8212;&#8212;&#8212;<\/td>\n<td width=\"42%\">\n                                &#8212;&#8212;&#8212;&#8212;&#8212;&#8212;&#8212;&#8212;&#8212;&#8212;&#8212;&#8212;&#8212;&#8212;&#8212;&#8212;-<\/td>\n<\/tr>\n<tr>\n<td>\n                                Qu\u00edmica<\/td>\n<td>\n                                &#8212;&#8212;&#8212;&#8212;&#8212;<\/td>\n<td>\n                                &#8212;&#8212;&#8212;&#8212;&#8212;&#8212;&#8212;&#8212;&#8212;&#8212;&#8212;&#8212;&#8212;&#8212;&#8212;&#8212;-<\/td>\n<\/tr>\n<tr>\n<td>\n                                Introducci\u00f3n al Conocimiento de la Sociedad y el Estado<\/td>\n<td>\n                                &#8212;&#8212;&#8212;&#8212;&#8212;<\/td>\n<td>\n                                &#8212;&#8212;&#8212;&#8212;&#8212;&#8212;&#8212;&#8212;&#8212;&#8212;&#8212;&#8212;&#8212;&#8212;&#8212;&#8212;-<\/td>\n<\/tr>\n<tr>\n<td>\n                                Biolog\u00eda<\/td>\n<td>\n                                &#8212;&#8212;&#8212;&#8212;&#8212;<\/td>\n<td>\n                                &#8212;&#8212;&#8212;&#8212;&#8212;&#8212;&#8212;&#8212;&#8212;&#8212;&#8212;&#8212;&#8212;&#8212;&#8212;&#8212;-<\/td>\n<\/tr>\n<tr>\n<td>\n                                F\u00edsica e Introducci\u00f3n a la Biof\u00edsica<\/td>\n<td>\n                                &#8212;&#8212;&#8212;&#8212;&#8212;<\/td>\n<td>\n                                &#8212;&#8212;&#8212;&#8212;&#8212;&#8212;&#8212;&#8212;&#8212;&#8212;&#8212;&#8212;&#8212;&#8212;&#8212;&#8212;-<\/td>\n<\/tr>\n<tr>\n<td>\n                                Introducci\u00f3n al Pensamiento Cient\u00edfico<\/td>\n<td>\n                                &#8212;&#8212;&#8212;&#8212;&#8212;<\/td>\n<td>\n                                &#8212;&#8212;&#8212;&#8212;&#8212;&#8212;&#8212;&#8212;&#8212;&#8212;&#8212;&#8212;&#8212;&#8212;&#8212;&#8212;-<\/td>\n<\/tr>\n<tr>\n<td align=\"center\">\n                                <b>Segundo Ciclo<\/b><\/td>\n<td>\n                                &nbsp;<\/td>\n<td>\n                                &nbsp;<\/td>\n<\/tr>\n<tr>\n<td>\n                                Biomol\u00e9culas<br \/>\n                                Elementos de Estad\u00edstica<br \/>\n                                F\u00edsica Aplicada<br \/>\n                                Econom\u00eda Pol\u00edtica<\/td>\n<td>\n                                &#8212;&#8212;&#8212;&#8212;&#8212;<\/td>\n<td>\n                                Matem\u00e1tica<br \/>\n                                Qu\u00edmica<br \/>\n                                Introducci\u00f3n al Conocimiento de la Sociedad y el Estado<br \/>\n                                Biolog\u00eda,<br \/>\n                                F\u00edsica e Introducci\u00f3n a la Biof\u00edsica<br \/>\n                                Introducci\u00f3n al Pensamiento Cient\u00edfico<\/td>\n<\/tr>\n<tr>\n<td>\n                                Microbiolog\u00eda General<\/td>\n<td>\n                                Biomol\u00e9culas<\/td>\n<td>\n                                &#8212;&#8212;&#8212;&#8212;&#8212;&#8212;&#8212;&#8212;&#8212;&#8212;&#8212;&#8212;&#8212;&#8212;&#8212;&#8212;-<\/td>\n<\/tr>\n<tr>\n<td>\n                                Estad\u00edstica Anal\u00edtica<\/td>\n<td>\n                                Elementos de Estad\u00edstica<\/td>\n<td>\n                                &#8212;&#8212;&#8212;&#8212;&#8212;&#8212;&#8212;&#8212;&#8212;&#8212;&#8212;&#8212;&#8212;&#8212;&#8212;&#8212;-<\/td>\n<\/tr>\n<tr>\n<td>\n                                Ingl\u00e9s T\u00e9cnico<\/td>\n<td>\n                                &#8212;&#8212;&#8212;&#8212;&#8212;-<\/td>\n<td>\n                                Matem\u00e1tica<br \/>\n                                Qu\u00edmica<br \/>\n                                Introducci\u00f3n al Conocimiento de la Sociedad y el Estado<br \/>\n                                Biolog\u00eda,<br \/>\n                                F\u00edsica e Introducci\u00f3n a la Biof\u00edsica<br \/>\n                                Introducci\u00f3n al Pensamiento Cient\u00edfico<\/td>\n<\/tr>\n<tr>\n<td>\n                                Nutrici\u00f3n<\/td>\n<td>\n                                Biomol\u00e9culas<\/td>\n<td>\n                                &#8212;&#8212;&#8212;&#8212;&#8212;&#8212;&#8212;&#8212;&#8212;&#8212;&#8212;&#8212;&#8212;&#8212;&#8212;&#8212;&#8211;<\/td>\n<\/tr>\n<tr>\n<td>\n                                Introducci\u00f3n a los Sistemas Productivos<\/td>\n<td>\n                                &nbsp;<\/td>\n<td>\n                                Matem\u00e1tica<br \/>\n                                Qu\u00edmica<br \/>\n                                Introducci\u00f3n al Conocimiento de la Sociedad y el Estado<br \/>\n                                Biolog\u00eda<br \/>\n                                F\u00edsica e Introducci\u00f3n a la Biof\u00edsica<br \/>\n                                Introducci\u00f3n al Pensamiento Cient\u00edfico<\/td>\n<\/tr>\n<tr>\n<td width=\"41%\">\n                                Qu\u00edmica de Agroalimentos<\/td>\n<td width=\"23%\">\n                                Biomol\u00e9culas<\/td>\n<td width=\"42%\">\n                                Elementos de Estad\u00edstica<\/td>\n<\/tr>\n<tr>\n<td>\n                                Microbiolog\u00eda de los Agroalimentos<\/td>\n<td>\n                                Microbiolog\u00eda General<\/td>\n<td>\n                                Biomol\u00e9culas<\/td>\n<\/tr>\n<tr>\n<td>\n                                Sistemas de Producci\u00f3n de Granos<\/td>\n<td>\n                                Introducci\u00f3n a los Sistemas Productivos<\/td>\n<td>\n                                F\u00edsica Aplicada<\/td>\n<\/tr>\n<tr>\n<td>\n                                Sistemas de Producci\u00f3n y Postcosecha de Frutos y Hortalizas<\/td>\n<td>\n                                Introducci\u00f3n a los Sistemas Productivos<\/td>\n<td>\n                                F\u00edsica Aplicada<\/td>\n<\/tr>\n<tr>\n<td>\n                                Biotecnolog\u00eda de Agroalimentos<\/td>\n<td>\n                                Microbiolog\u00eda General<\/td>\n<td>\n                                Biomol\u00e9culas<\/td>\n<\/tr>\n<tr>\n<td>\n                                Teor\u00eda de las Organizaciones<\/td>\n<td>\n                                Econom\u00eda Pol\u00edtica<\/td>\n<td>\n                                Estad\u00edstica Anal\u00edtica<\/td>\n<\/tr>\n<tr>\n<td>\n                                Sistemas de Producci\u00f3n Animal<\/td>\n<td>\n                                Nutrici\u00f3n<\/td>\n<td>\n                                F\u00edsica Aplicada<br \/>\n                                Introducci\u00f3n a los Sistemas Productivos<\/td>\n<\/tr>\n<tr>\n<td>\n                                Calidad Agroalimentaria<\/td>\n<td>\n                                Qu\u00edmica de Agroalimentos<br \/>\n                                Microbiolog\u00eda de Agroalimentos<\/td>\n<td>\n                                Microbiolog\u00eda General<\/td>\n<\/tr>\n<tr>\n<td>\n                                Industrializaci\u00f3n de los Alimentos de Origen Animal<\/td>\n<td>\n                                Sistemas de Producci\u00f3n Animal<br \/>\n                                Calidad Agroalimentaria<\/td>\n<td>\n                                Qu\u00edmica de Agroalimentos<br \/>\n                                Microbiolog\u00eda de Agroalimentos<\/td>\n<\/tr>\n<tr>\n<td width=\"41%\">\n                                \u00c9tica, Legislaci\u00f3n y Seguridad Agroalimentaria<\/td>\n<td width=\"23%\">\n                                Sistemas de Producci\u00f3n de Granos<br \/>\n                                Sistemas de Producci\u00f3n y Postcosecha de Frutos y Hortalizas<br \/>\n                                Sistemas de Producci\u00f3n Animal<br \/>\n                                Calidad Agroalimentaria<\/td>\n<td width=\"42%\">\n                                Nutrici\u00f3n<br \/>\n                                Econom\u00eda Pol\u00edtica<\/td>\n<\/tr>\n<tr>\n<td>\n                                Comercializaci\u00f3n y Mercado de Agroalimentos<\/td>\n<td>\n                                Sistemas de Producci\u00f3n de Granos<br \/>\n                                Sistemas de Producci\u00f3n y Postcosecha de Frutos y Hortalizas<br \/>\n                                Sistemas de Producci\u00f3n Animal<\/td>\n<td>\n                                Nutrici\u00f3n<br \/>\n                                Econom\u00eda<br \/>\n                                Pol\u00edtica<\/td>\n<\/tr>\n<tr>\n<td>\n                                Gesti\u00f3n y Planificaci\u00f3n de la Empresa Agroalimentaria<\/td>\n<td>\n                                Teor\u00eda de las Organizaciones<\/td>\n<td>\n                                Econom\u00eda<br \/>\n                                Pol\u00edtica<\/td>\n<\/tr>\n<tr>\n<td>\n                                Industrializaci\u00f3n de los Alimentos de Origen Vegetal<\/td>\n<td>\n                                Sistemas de Producci\u00f3n de Granos<br \/>\n                                Sistemas de Producci\u00f3n y Postcosecha de Frutos y Hortalizas<br \/>\n                                Calidad Agroalimentaria<\/td>\n<td>\n                                Qu\u00edmica de los Agroalimentos<br \/>\n                                Microbiolog\u00eda de los Agroalimentos<\/td>\n<\/tr>\n<tr>\n<td>\n                                Formulaci\u00f3n y Evaluaci\u00f3n de los Proyectos Agroalimentarios<\/td>\n<td>\n                                Comercializaci\u00f3n y Mercado de Agroalimentos<\/td>\n<td>\n                                Sistemas de Producci\u00f3n de Granos<br \/>\n                                Sistemas de Producci\u00f3n y Postcosecha de Frutos y Hortalizas<br \/>\n                                Sistemas de Producci\u00f3n Animal<\/td>\n<\/tr>\n<tr>\n<td>\n                                Sociolog\u00eda de las Organizaciones Agroalimentarias<\/td>\n<td>\n                                Teor\u00eda de las Organizaciones<\/td>\n<td>\n                                Econom\u00eda<br \/>\n                                Pol\u00edtica<\/td>\n<\/tr>\n<tr>\n<td>\n                                Gesti\u00f3n de Cadenas Agroalimentarias<\/td>\n<td>\n                                \u00c9tica, Legislaci\u00f3n y Seguridad Agroalimentaria<\/td>\n<td>\n                                Sistemas de Producci\u00f3n de Granos<br \/>\n                                Sistemas de Producci\u00f3n y Postcosecha de Frutos y Hortalizas<br \/>\n                                Sistemas de Producci\u00f3n Animal<\/td>\n<\/tr>\n<tr>\n<td>\n                                Taller de Integraci\u00f3n de la Pr\u00e1ctica Profesional<br \/>\n                                Pr\u00e1ctica Profesional<\/td>\n<td>\n<p>\n                                    Industrializaci\u00f3n de los Alimentos de Origen Animal<\/p>\n<p>\n                                    Industrializaci\u00f3n de los Alimentos de Origen Vegetal<\/p>\n<\/td>\n<td>\n                                Sistemas de Producci\u00f3n de Granos<br \/>\n                                Sistemas de Producci\u00f3n y Postcosecha de Frutos y Hortalizas<br \/>\n                                Teor\u00eda de las Organizaciones<br \/>\n                                Sistemas de Producci\u00f3n Animal<br \/>\n                                Calidad Agroalimentaria<br \/>\n                                \u00c9tica, Legislaci\u00f3n y Seguridad Agroalimentaria<\/td>\n<\/tr>\n<\/tbody>\n<\/table>\n<p>                &nbsp;<\/p>\n<table class=\"table table-hover\" width=\"100%\">\n<tbody>\n<tr>\n<td width=\"38%\">\n                                Asignaturas Optativas<\/td>\n<td width=\"62%\">\n                                De acuerdo con las propuestas realizadas y aprobadas por los Consejos Directivos<\/td>\n<\/tr>\n<\/tbody>\n<\/table>\n<table class=\"table table-hover\" width=\"100%\">\n<tbody>\n<tr>\n<td>\n<p>\n                                    &nbsp;<\/p>\n<p>\n                                    <b>VIII. R\u00c9GIMEN DE CORRELATIVIDADES<\/b><\/p>\n<p>\n                                    Las correlativas enunciadas (\u00abregular\u00bb &#8211; \u00abaprobada\u00bb) son los requisitos establecidos para cursar cada una de las asignaturas correspondientes al plan de estudios.<br \/>\n                                    Para promocionar la asignatura y\/o rendir los respectivos ex\u00e1menes finales se deber\u00e1n tener aprobadas previamente las asignaturas correlativas que se solicitan en condici\u00f3n de regular para cursar cada materia.<br \/>\n                                    Para cursar asignaturas del Ciclo en Facultades &#8211; 2\u00b0 a\u00f1o a 5to &#8211; los estudiantes deber\u00e1n haber aprobado las materias del primer a\u00f1o cuya responsabilidad de dictado corresponde al Ciclo B\u00e1sico Com\u00fan &#8211; Resoluci\u00f3n (CS) N\u00b0 3490\/07-.<\/p>\n<\/td>\n<\/tr>\n<\/tbody>\n<\/table><\/div>\n<p>\n                <a href=\"<?= fileurl('archivos\/alumnos_pdf\/EquivalenciasPlan2018.docx') ?>\u00bb target=\u00bb_blank\u00bb>Plan 2018 Licenciatura en Gesti\u00f3n de Agroalimentos Equivalencias con carreras de ambas Facultades<\/a><\/p>\n<\/p><\/div>\n<\/p><\/div>\n<div class=\"col-sm-1\">\n        &nbsp;<\/div>\n<p>\n    &nbsp;\n<\/div>\n","protected":false},"excerpt":{"rendered":"<p>Lic. en Gesti\u00f3n de Agroalimentos &nbsp; &nbsp; &nbsp; Objetivos: Los principios rectores de calidad, \u00e9tica social y cuidado del medio ambiente recorrer\u00e1n la carrera como conceptos transversales. Por esta raz\u00f3n, ser\u00e1n los marcos para el desarrollo de los saberes espec\u00edficos de las diversas disciplinas curriculares. 1) Formar profesionales id\u00f3neos en el desempe\u00f1o de todas las [&hellip;]<\/p>\n","protected":false},"author":1,"featured_media":0,"comment_status":"open","ping_status":"open","sticky":false,"template":"","format":"standard","meta":{"_acf_changed":false,"footnotes":""},"categories":[1],"tags":[],"class_list":["post-1976","post","type-post","status-publish","format-standard","hentry","category-sin-categoria"],"acf":[],"publishpress_future_action":{"enabled":false,"date":"2026-09-10 22:40:12","action":"change-status","newStatus":"draft","terms":[],"taxonomy":"category","extraData":[]},"publishpress_future_workflow_manual_trigger":{"enabledWorkflows":[]},"_links":{"self":[{"href":"https:\/\/dev.sitios.fvet.uba.ar\/index.php\/wp-json\/wp\/v2\/posts\/1976","targetHints":{"allow":["GET"]}}],"collection":[{"href":"https:\/\/dev.sitios.fvet.uba.ar\/index.php\/wp-json\/wp\/v2\/posts"}],"about":[{"href":"https:\/\/dev.sitios.fvet.uba.ar\/index.php\/wp-json\/wp\/v2\/types\/post"}],"author":[{"embeddable":true,"href":"https:\/\/dev.sitios.fvet.uba.ar\/index.php\/wp-json\/wp\/v2\/users\/1"}],"replies":[{"embeddable":true,"href":"https:\/\/dev.sitios.fvet.uba.ar\/index.php\/wp-json\/wp\/v2\/comments?post=1976"}],"version-history":[{"count":0,"href":"https:\/\/dev.sitios.fvet.uba.ar\/index.php\/wp-json\/wp\/v2\/posts\/1976\/revisions"}],"wp:attachment":[{"href":"https:\/\/dev.sitios.fvet.uba.ar\/index.php\/wp-json\/wp\/v2\/media?parent=1976"}],"wp:term":[{"taxonomy":"category","embeddable":true,"href":"https:\/\/dev.sitios.fvet.uba.ar\/index.php\/wp-json\/wp\/v2\/categories?post=1976"},{"taxonomy":"post_tag","embeddable":true,"href":"https:\/\/dev.sitios.fvet.uba.ar\/index.php\/wp-json\/wp\/v2\/tags?post=1976"}],"curies":[{"name":"wp","href":"https:\/\/api.w.org\/{rel}","templated":true}]}}