{"id":1977,"date":"2020-08-05T13:37:27","date_gmt":"2020-08-05T16:37:27","guid":{"rendered":"https:\/\/dev.sitios.fvet.uba.ar\/index.php\/test_plan-agro-2\/"},"modified":"2020-08-05T13:37:27","modified_gmt":"2020-08-05T16:37:27","slug":"test_plan-agro-2","status":"publish","type":"post","link":"https:\/\/dev.sitios.fvet.uba.ar\/index.php\/test_plan-agro-2\/","title":{"rendered":"Agroalimentos Plan 2001 TEST"},"content":{"rendered":"<h3 class=\"titulo-insti\">\n    Lic. en Gesti\u00f3n de Agroalimentos<\/h3>\n<div class=\"mision\">\n<div class=\"titulo-secciones\">\n        <a class=\"ancla\" id=\"objetivos\">&nbsp;<\/a><\/div>\n<p>    &nbsp;<\/p>\n<div class=\"row\">\n<div class=\"col-sm-1\">\n            &nbsp;<\/div>\n<div class=\"col-sm-10\">\n<p>\n                <br \/>\n                <b>Objetivos:<\/b><\/p>\n<p>\n                Los principios rectores de calidad, \u00e9tica social y cuidado del medio ambiente recorrer\u00e1n la carrera como conceptos transversales. Por esta raz\u00f3n, ser\u00e1n los marcos para el desarrollo de los saberes espec\u00edficos de las diversas disciplinas curriculares.<\/p>\n<p>\n                1) Formar profesionales id\u00f3neos en el desempe\u00f1o de todas las actividades y trabajos espec\u00edficos relacionados con la gesti\u00f3n de las cadenas agroalimentarias, en el marco de los principios rectores de calidad, \u00e9tica social y cuidado del medio ambiente.<br \/>\n                2) Asegurar la integraci\u00f3n de los conocimientos te\u00f3ricos en la pr\u00e1ctica profesional.<br \/>\n                3) Comprender la calidad total de los alimentos como integrante de un proceso complejo e interdisciplinario que abarca desde la producci\u00f3n primaria de dichos alimentos hasta el consumo.<br \/>\n                4) Contribuir a la investigaci\u00f3n, desarrollo y transferencia de tecnolog\u00eda en todas las actividades vinculadas con las cadenas agroalimentarias.<br \/>\n                &nbsp;<\/p>\n<\/p><\/div>\n<div class=\"col-sm-1\">\n            &nbsp;<\/div>\n<\/p><\/div>\n<p>\n    &nbsp;<\/div>\n<div class=\"autoridades\">\n<div class=\"titulo-secciones\">\n        Campo Laboral<a class=\"ancla\" id=\"laboral\">&nbsp;<\/a><\/div>\n<p>    &nbsp;<\/p>\n<div class=\"row\">\n<div class=\"col-sm-1\">\n            &nbsp;<\/div>\n<div class=\"col-sm-10\">\n            Es un profesional que gestiona la tecnolog\u00eda de las cadenas agroalimentarias, la calidad total de los procesos y productos, y el cuidado del medio ambiente, a partir de los principios de sustentabilidad y sistematicidad. A la vez, est\u00e1 capacitado para insertar competitivamente dichos productos en los mercados nacionales e internacionales, en un marco de creciente complejidad y baja previsibilidad. Posee tambi\u00e9n los conocimientos, habilidades y destrezas para desempe\u00f1arse activamente en programas de concientizaci\u00f3n sobre la calidad e inocuidad agroalimentaria, participar en las actividades de capacitaci\u00f3n de su personal.&nbsp;<\/div>\n<div class=\"col-sm-1\">\n            &nbsp;<\/div>\n<\/p><\/div>\n<p>\n    &nbsp;<\/div>\n<div class=\"consejo\">\n<div class=\"titulo-secciones\">\n        Plan de Estudios 2001<a class=\"ancla\" id=\"plan\" name=\"plan2001\">&nbsp;<\/a><\/div>\n<p>    &nbsp;<\/p>\n<div class=\"row\">\n<div class=\"col-sm-1\">\n            &nbsp;<\/div>\n<div class=\"col-sm-10\">\n<hr>\n<div style=\"font-size: large;\">\n                Ver Resoluci\u00f3n <a href=\"<?= fileurl('archivos\/alumnos_pdf\/res2020\/resAgro.pdf') ?>\u00ab>REDEC-2020-1563-E-UBA-DCT_FAGRO <\/a><br \/>\n                Ver Resoluci\u00f3n <a href=\"<?= fileurl('archivos\/alumnos_pdf\/res2020\/convAgro.pdf') ?>\u00ab>REDEC-2020-827-E-UBA-DCT_FVET <\/a>\n            <\/div>\n<hr>\n<p>\n                <b>Este plan de estudios caducar\u00e1 su dictado al finalizar el ciclo lectivo 2020.<\/b><\/p>\n<p>\n                Los estudiantes que al momento de la caducidad del plan vigente hayan regularizado la totalidad de las obligaciones acad\u00e9micas correspondientes y tengan pendiente s\u00f3lo la aprobaci\u00f3n de alguna de ellas, podr\u00e1n rendir los correspondientes finales hasta la finalizaci\u00f3n del ciclo lectivo 2022. Concluido este lapso, quedar\u00e1n autom\u00e1ticamente incorporados al plan 2018.<\/p>\n<p>\n                Ciclo General:<br \/>\n                <a href=\"<?= fveturl('?q=agroalimentos#primer') ?>\u00ab>Primer ciclo<\/a> de las carreras de las Facultades de Agronom\u00eda, Ciencias Exactas y Naturales, Ciencia Veterinarias, Farmacia y Bioqu\u00edmica, Ingenier\u00eda, Medicina y Odontolog\u00eda de esta Universidad; seg\u00fan resoluci\u00f3n (CS) 5026\/00 y (CS) 4084\/15.<br \/>\n                <b>Ciclo Profesional:<\/b><br \/>\n                <a href=\"#correlativas\">Correlativas<\/a>\n            <\/p>\n<div class=\"mision\">\n<div class=\"panel panel-default\">\n<table class=\"table table-hover\">\n<thead>\n<tr>\n<th>\n<p align=\"center\">\n                                    Asignaturas<\/p>\n<\/th>\n<th>\n<p align=\"center\">\n                                    Horas<\/p>\n<\/th>\n<th>\n<p align=\"center\">\n                                    Facultades<\/p>\n<\/th>\n<\/tr>\n<\/thead>\n<tbody>\n<tr align=\"center\">\n<td>\n                                Qu\u00edmica de Agroalimentos<\/td>\n<td>\n                                72 horas<\/td>\n<td>\n                                FCV<\/td>\n<\/tr>\n<tr align=\"center\">\n<td>\n                                Biotecnolog\u00eda de Agroalimentos<\/td>\n<td>\n                                48 horas<\/td>\n<td>\n                                FA<\/td>\n<\/tr>\n<tr align=\"center\">\n<td>\n                                Microbiolog\u00eda de los Agroalimentos<\/td>\n<td>\n                                48 horas<\/td>\n<td>\n                                FCV y FA<\/td>\n<\/tr>\n<tr align=\"center\">\n<td>\n                                Sistemas de Producci\u00f3n de Granos<\/td>\n<td>\n                                80 horas<\/td>\n<td>\n                                FA<\/td>\n<\/tr>\n<tr align=\"center\">\n<td>\n                                Sistema de Producci\u00f3n y Postcosecha de Frutos y Hortalizas<\/td>\n<td>\n                                64 horas<\/td>\n<td>\n                                FA<\/td>\n<\/tr>\n<tr align=\"center\">\n<td>\n                                Sociolog\u00eda de las Organizaciones Agroalimentarias<\/td>\n<td>\n                                48 horas<\/td>\n<td>\n                                FA<\/td>\n<\/tr>\n<tr align=\"center\">\n<td>\n                                Sistemas de Producci\u00f3n Animal<\/td>\n<td>\n                                144 horas<\/td>\n<td>\n                                FCV y FA<\/td>\n<\/tr>\n<tr align=\"center\">\n<td>\n                                Calidad Agroalimentaria<\/td>\n<td>\n                                96 horas<\/td>\n<td>\n                                FCV<\/td>\n<\/tr>\n<tr align=\"center\">\n<td>\n                                Nutrici\u00f3n<\/td>\n<td>\n                                48 horas<\/td>\n<td>\n                                FF y B<\/td>\n<\/tr>\n<tr align=\"center\">\n<td>\n                                Industrializaci\u00f3n de los Alimentos de origen Animal<\/td>\n<td>\n                                96 horas<\/td>\n<td>\n                                FCV y FA<\/td>\n<\/tr>\n<tr align=\"center\">\n<td>\n                                Industrializaci\u00f3n de los Alimentos de Origen Vegetal<\/td>\n<td>\n                                96 horas<\/td>\n<td>\n                                FA<\/td>\n<\/tr>\n<tr align=\"center\">\n<td>\n                                Etica, Legislaci\u00f3n y Seguridad Agroalimentaria<\/td>\n<td>\n                                48 horas<\/td>\n<td>\n                                FCV<\/td>\n<\/tr>\n<tr align=\"center\">\n<td>\n                                Comercializaci\u00f3n y Mercados de Agroalimentos<\/td>\n<td>\n                                64 horas<\/td>\n<td>\n                                FA<\/td>\n<\/tr>\n<tr align=\"center\">\n<td>\n                                Teor\u00eda de las Organizaciones<\/td>\n<td>\n                                48 horas<\/td>\n<td>\n                                FCV<\/td>\n<\/tr>\n<tr align=\"center\">\n<td>\n                                Pr\u00e1ctica Profesional<\/td>\n<td>\n                                544 horas<\/td>\n<td>\n                                FCV y FA<\/td>\n<\/tr>\n<tr align=\"center\">\n<td>\n                                Taller de Integraci\u00f3n de la Pr\u00e1ctica Profesional<\/td>\n<td>\n                                48 horas<\/td>\n<td>\n                                FCV y FA<\/td>\n<\/tr>\n<tr align=\"center\">\n<td>\n                                Gesti\u00f3n de Cadenas Agroalimentarias<\/td>\n<td>\n                                64 horas<\/td>\n<td>\n                                FA<\/td>\n<\/tr>\n<tr align=\"center\">\n<td>\n                                Gesti\u00f3n y Planificaci\u00f3n de la Empresa Alimentaria<\/td>\n<td>\n                                48 horas<\/td>\n<td>\n                                FA<\/td>\n<\/tr>\n<tr align=\"center\">\n<td>\n                                Formulaci\u00f3n y Evaluaci\u00f3n de Proyectos Agroalimentarios<\/td>\n<td>\n                                64 horas<\/td>\n<td>\n                                FCV y FA<\/td>\n<\/tr>\n<tr align=\"center\">\n<td>\n                                Bloques Electivos (seg\u00fan Pr\u00e1ctica Profesional)<\/td>\n<td>\n                                160 horas<\/td>\n<td>\n                                FCV y FA<\/td>\n<\/tr>\n<\/tbody>\n<\/table><\/div>\n<\/p><\/div>\n<p>\n            <b>Cursos pertenecientes al bloque electivo que se dictan en esta Facultad<\/b><br \/>\n            <b>Resoluci\u00f3n (CD) 809\/07<\/b><br \/>\n            Importancia de la calidad en producci\u00f3n primaria de leche para la industrializaci\u00f3n de los alimentos. 40 hs.<br \/>\n            Comportamiento y bienestar animal 15 hs.<\/p>\n<p>            <b>Resoluci\u00f3n (CD) 1404\/08<\/b><br \/>\n            Producci\u00f3n animal y medio ambiente. 30 hs.<br \/>\n            Residuos contaminantes en alimentos: Detecci\u00f3n y Riesgo. 24 hs.<\/p>\n<p>            <b>Resoluci\u00f3n (CD) 1048\/11<\/b> Desarrollo agropecuario y sostenibilidad 40 hs.<br \/>\n            &nbsp;<\/div>\n<div class=\"col-sm-1\">\n            &nbsp;<\/div>\n<\/p><\/div>\n<p>\n    &nbsp;\n<\/div>\n<div class=\"mision\">\n<div class=\"titulo-secciones\">\n        Correlativas<a class=\"ancla\" id=\"correlativas\">&nbsp;<\/a><\/div>\n<p>    &nbsp;<\/p>\n<div class=\"row\">\n<div class=\"col-sm-1\">\n            &nbsp;<\/div>\n<div class=\"col-sm-10\">\n            Expte. N\u00ba 1.157.194\/1 &#8211; Resol. (CD) N\u00ba 554\/06<br \/>\n            &nbsp;<\/p>\n<div class=\"panel panel-default\">\n<table class=\"table table-hover\">\n<thead>\n<tr align=\"center\">\n<th>\n<p align=\"center\">\n                                    Asignatura<\/p>\n<\/th>\n<th>\n<p align=\"center\">\n                                    Cursos Aprobados<\/p>\n<\/th>\n<\/tr>\n<\/thead>\n<tbody>\n<tr align=\"center\">\n<td>\n                                Qu\u00edmica de Agroalimentos<\/td>\n<td>\n                                Aprobado primer ciclo (Resol. CS Nro. 6974\/00)<\/td>\n<\/tr>\n<tr align=\"center\">\n<td>\n                                Biotecnolog\u00eda de Agroalimentos<\/td>\n<td>\n                                Aprobado primer ciclo (Resol. CS Nro. 6974\/00)<\/td>\n<\/tr>\n<tr align=\"center\">\n<td>\n                                Microbiolog\u00eda de Agroalimentos<\/td>\n<td>\n                                Aprobado primer ciclo (Resol. CS Nro. 6974\/00)<\/td>\n<\/tr>\n<tr align=\"center\">\n<td>\n                                Sistemas de Producci\u00f3n de Granos<\/td>\n<td>\n                                Aprobado primer ciclo (Resol. CS Nro. 6974\/00)<\/td>\n<\/tr>\n<tr align=\"center\">\n<td>\n                                Sistemas de Producci\u00f3n y Postcosecha y Hortalizas<\/td>\n<td>\n                                Aprobado primer ciclo (Resol. CS Nro. 6974\/00)<\/td>\n<\/tr>\n<tr align=\"center\">\n<td>\n                                Sociolog\u00eda de las Organizaciones Agroalimentarias<\/td>\n<td>\n                                Aprobado primer ciclo (Resol. CS Nro. 6974\/00)<\/td>\n<\/tr>\n<tr align=\"center\">\n<td>\n                                Sistemas de Producci\u00f3n Animal<\/td>\n<td>\n                                Aprobado primer ciclo (Resol. CS Nro. 6974\/00)<\/td>\n<\/tr>\n<tr align=\"center\">\n<td>\n                                Calidad Agroalimentaria<\/td>\n<td>\n                                Qu\u00edmica de Agroalimentos y Microbiolog\u00eda de Agroalimentos<br \/>\n                                (vigente a partir del Ciclo Lectivo 2009 Resol CD 912\/07)<\/td>\n<\/tr>\n<tr align=\"center\">\n<td>\n                                Nutrici\u00f3n<\/td>\n<td>\n                                Aprobado primer ciclo (Resol. CS Nro. 6974\/00)<\/td>\n<\/tr>\n<tr align=\"center\">\n<td>\n                                Industrializaci\u00f3n de los Alimentos de Origen Animal<\/td>\n<td>\n                                Calidad Agroalimentaria<br \/>\n                                Sistemas de Producci\u00f3n Animal<\/td>\n<\/tr>\n<tr align=\"center\">\n<td>\n                                Industrializaci\u00f3n de los Alimentos de Origen Vegetal<\/td>\n<td>\n                                Calidad Agroalimentaria<br \/>\n                                Sistemas de Producci\u00f3n de Granos<br \/>\n                                Sistemas de Producci\u00f3n y<br \/>\n                                Postcosecha de Frutos y Hortalizas<\/td>\n<\/tr>\n<tr align=\"center\">\n<td>\n                                Etica, Legislaci\u00f3n y Seguridad Agroalimentaria<\/td>\n<td>\n                                Calidad Agroalimentaria<br \/>\n                                Sociolog\u00eda de las Organizaciones Agroalimentarias<\/td>\n<\/tr>\n<tr align=\"center\">\n<td>\n                                Comercializaci\u00f3n y Mercados de Agroalimentos<\/td>\n<td>\n                                Sistemas de Producci\u00f3n Animal<br \/>\n                                Sistemas de Producci\u00f3n de Granos<br \/>\n                                Sistemas de Producci\u00f3n y<br \/>\n                                Postcosecha de Frutos y Hortalizas<\/td>\n<\/tr>\n<tr align=\"center\">\n<td>\n                                Teor\u00eda de las Organizaciones<\/td>\n<td>\n                                Sociolog\u00eda de las Organizaciones Agroalimentarias<br \/>\n                                Etica, Legislaci\u00f3n y Seguridad Agroalimentaria<\/td>\n<\/tr>\n<tr align=\"center\">\n<td>\n                                Pr\u00e1ctica Profesional<\/td>\n<td>\n                                Comercializaci\u00f3n y Mercados de Agroalimentos<br \/>\n                                Etica, Legislaci\u00f3n y Seguridad Agroalimentaria<\/td>\n<\/tr>\n<tr align=\"center\">\n<td>\n                                Taller de Integraci\u00f3n de la Pr\u00e1ctica Profesional<\/td>\n<td>\n                                Comercializaci\u00f3n y Mercados de Agroalimentos<br \/>\n                                Etica, Legislaci\u00f3n y Seguridad Agroalimentaria<\/td>\n<\/tr>\n<tr align=\"center\">\n<td>\n                                Gesti\u00f3n de Cadenas Agroalimentarias<\/td>\n<td>\n                                Industrializaci\u00f3n de los Alimentos de Origen Animal<br \/>\n                                Industrializaci\u00f3n de los Alimentos de Origen Vegetal<br \/>\n                                Taller de Integraci\u00f3n de la Pr\u00e1ctica Profesional<\/td>\n<\/tr>\n<tr align=\"center\">\n<td>\n                                Gesti\u00f3n y Planificaci\u00f3n de la Empresa Alimentaria<\/td>\n<td>\n                                Teor\u00eda de las Organizaciones<\/td>\n<\/tr>\n<tr align=\"center\">\n<td>\n                                Formulaci\u00f3n y Evaluac. de Proyectos Agroalimentarios<\/td>\n<td>\n                                Comercializaci\u00f3n y Mercados de Agroalimentos<\/td>\n<\/tr>\n<tr align=\"center\">\n<td>\n                                Bloque Electivo<\/td>\n<td>\n                                Pr\u00e1ctica Profesional en Curso<\/td>\n<\/tr>\n<\/tbody>\n<\/table><\/div>\n<\/p><\/div>\n<div class=\"col-sm-1\">\n            &nbsp;<\/div>\n<\/p><\/div>\n<p>\n    &nbsp;<\/div>\n<div class=\"decano\">\n<div class=\"titulo-secciones\">\n        Primer Ciclo<a class=\"ancla\" id=\"primer\">&nbsp;<\/a><\/div>\n<p>    &nbsp;<\/p>\n<div class=\"row\">\n<div class=\"col-sm-1\">\n            &nbsp;<\/div>\n<div class=\"col-sm-10\">\n            <b>(para alumnos provenientes de la Carrera de Veterinaria)<\/b><br \/>\n            <b>Seg\u00fan Resoluci\u00f3n (CD) 1001\/07<\/b><\/p>\n<p>            <b>Primer A\u00f1o:<\/b> Ciclo B\u00e1sico Com\u00fan de la Carrera de Veterinaria<\/p>\n<p>            <b>Segundo A\u00f1o:<\/b><br \/>\n            Anatom\u00eda I<br \/>\n            Anatom\u00eda II<br \/>\n            Elementos de Estad\u00edstica<br \/>\n            Qu\u00edmica Org\u00e1nica de Biomol\u00e9culas<br \/>\n            F\u00edsica Biol\u00f3gica<br \/>\n            Estad\u00edstica Anal\u00edtica<\/p>\n<p>            En caso que el alumno adeude hasta tres de las asignaturas del segundo a\u00f1o, puede completarlo con algunas de las asignaturas que se detallan a continuaci\u00f3n:<\/p>\n<p>            Qu\u00edmica Biol\u00f3gica<br \/>\n            Bases Agr\u00edcolas para la Producci\u00f3n Animal<br \/>\n            Histolog\u00eda y Embriolog\u00eda<br \/>\n            Microbiolog\u00eda&nbsp;<\/p>\n<p>\n                &nbsp;<\/p>\n<p>            &nbsp;<\/p><\/div>\n<div class=\"col-sm-1\">\n            &nbsp;<\/div>\n<\/p><\/div>\n<p>\n    &nbsp;\n<\/div>\n","protected":false},"excerpt":{"rendered":"<p>Lic. en Gesti\u00f3n de Agroalimentos &nbsp; &nbsp; &nbsp; Objetivos: Los principios rectores de calidad, \u00e9tica social y cuidado del medio ambiente recorrer\u00e1n la carrera como conceptos transversales. Por esta raz\u00f3n, ser\u00e1n los marcos para el desarrollo de los saberes espec\u00edficos de las diversas disciplinas curriculares. 1) Formar profesionales id\u00f3neos en el desempe\u00f1o de todas las [&hellip;]<\/p>\n","protected":false},"author":1,"featured_media":0,"comment_status":"open","ping_status":"open","sticky":false,"template":"","format":"standard","meta":{"_acf_changed":false,"footnotes":""},"categories":[1],"tags":[],"class_list":["post-1977","post","type-post","status-publish","format-standard","hentry","category-sin-categoria"],"acf":[],"publishpress_future_action":{"enabled":false,"date":"2026-09-11 02:59:29","action":"change-status","newStatus":"draft","terms":[],"taxonomy":"category","extraData":[]},"publishpress_future_workflow_manual_trigger":{"enabledWorkflows":[]},"_links":{"self":[{"href":"https:\/\/dev.sitios.fvet.uba.ar\/index.php\/wp-json\/wp\/v2\/posts\/1977","targetHints":{"allow":["GET"]}}],"collection":[{"href":"https:\/\/dev.sitios.fvet.uba.ar\/index.php\/wp-json\/wp\/v2\/posts"}],"about":[{"href":"https:\/\/dev.sitios.fvet.uba.ar\/index.php\/wp-json\/wp\/v2\/types\/post"}],"author":[{"embeddable":true,"href":"https:\/\/dev.sitios.fvet.uba.ar\/index.php\/wp-json\/wp\/v2\/users\/1"}],"replies":[{"embeddable":true,"href":"https:\/\/dev.sitios.fvet.uba.ar\/index.php\/wp-json\/wp\/v2\/comments?post=1977"}],"version-history":[{"count":0,"href":"https:\/\/dev.sitios.fvet.uba.ar\/index.php\/wp-json\/wp\/v2\/posts\/1977\/revisions"}],"wp:attachment":[{"href":"https:\/\/dev.sitios.fvet.uba.ar\/index.php\/wp-json\/wp\/v2\/media?parent=1977"}],"wp:term":[{"taxonomy":"category","embeddable":true,"href":"https:\/\/dev.sitios.fvet.uba.ar\/index.php\/wp-json\/wp\/v2\/categories?post=1977"},{"taxonomy":"post_tag","embeddable":true,"href":"https:\/\/dev.sitios.fvet.uba.ar\/index.php\/wp-json\/wp\/v2\/tags?post=1977"}],"curies":[{"name":"wp","href":"https:\/\/api.w.org\/{rel}","templated":true}]}}