{"id":1978,"date":"2020-08-06T12:16:09","date_gmt":"2020-08-06T15:16:09","guid":{"rendered":"https:\/\/dev.sitios.fvet.uba.ar\/index.php\/testingresantesrequisitos\/"},"modified":"2020-08-06T12:16:09","modified_gmt":"2020-08-06T15:16:09","slug":"testingresantesrequisitos","status":"publish","type":"post","link":"https:\/\/dev.sitios.fvet.uba.ar\/index.php\/testingresantesrequisitos\/","title":{"rendered":"Requisitos TEST"},"content":{"rendered":"<h3 class=\"titulo-insti\">\n    Requisitos<\/h3>\n<div class=\"mision\">\n<div class=\"titulo-secciones\">\n        Requisitos de Veterinaria<a class=\"ancla\" id=\"ing_vet\">&nbsp;<\/a><\/div>\n<p>    &nbsp;<\/p>\n<div class=\"row\">\n<div class=\"col-sm-1\">\n            &nbsp;<\/div>\n<div class=\"col-sm-10\">\n            <b>Requisitos de inscripci\u00f3n al 2\u00b0 Ciclo de Grado<br \/>\n                Ciclo B\u00e1sico Com\u00fan &#8211; <a href=\"www.cbc.uba.ar\">www.cbc.uba.ar<\/a><\/b><br \/>\n            Aprobaci\u00f3n de materias C.B.C.:<br \/>\n            Introducci\u00f3n al pensamiento cient\u00edfico<br \/>\n            Introducci\u00f3n al conocimiento de la sociedad y el estado<br \/>\n            Qu\u00edmica<br \/>\n            F\u00edsica e Introducci\u00f3n a la Biof\u00edsica<br \/>\n            Biolog\u00eda<br \/>\n            Matem\u00e1tica<\/p>\n<p>            <a href=\"<?= fveturl('?q=veterinariaCalendario#calendario') ?>\u00ab>Fechas de inscripci\u00f3n<\/a><br \/>\n            Formulario de preinscripci\u00f3n: estar\u00e1 disponible a partir del 15 de marzo<br \/>\n            en el sistema de alumnos. Cuando completa la prescripci\u00f3n debe adjuntar:<\/p>\n<ol>\n<li>\n                    Copia escaneada del DNI en formato PDF (anverso y reverso).<\/li>\n<li>\n                    Copia escaneada en formato PDF del T\u00cdTULO SECUNDARIO (anverso y reverso) legalizado por la Direcci\u00f3n de T\u00edtulos y Planes de la UBA. (Sino tuviera el t\u00edtulo<br \/>\n                    legalizado por la UBA adjunte copia simple) Si el t\u00edtulo secundario lo tiene en tr\u00e1mite, copia escaneada de constancia de t\u00edtulo en tramite expedida por la Autoridad de<br \/>\n                    Establecimiento de Ense\u00f1anza Media).<\/li>\n<\/ol>\n<p>            La presentaci\u00f3n de la documentaci\u00f3n original <!--en formato papel y --><br \/>\n            debidamente legalizada se realizar\u00e1 en la Direcci\u00f3n de Alumnos de la Facultad, una vez iniciado el primer cuatrimestre, en fecha a confirmar.<\/p>\n<p>            <!--T\u00edtulo Secundario Original Legalizado por la Direcci\u00f3n de T\u00edtulos y Planes de la U.B.A., sita en Uriburu 950 - Ciudad de Bs. As. y fotocopia del mismo.<br \/>\n            <a href=\"http:\/\/www.legalizacionesturnos.rec.uba.ar\/\">Solicitar turno<\/a><br \/>\n            2 (dos) Fotos carnet 4 x 4 actualizadas<br \/>\n            1 folio tama\u00f1o oficio<br \/>\n            Documento Nacional de Identidad y fotocopia.<br \/>\n            Libreta del Ciclo B\u00e1sico Com\u00fan<br \/>\n            Constancia del Examen Preventivo de Salud (de car\u00e1cter obligatorio) expedida por la Direcci\u00f3n de Salud de la U.B.A., original y fotocopia (si no lo ha realizado deber\u00e1 hacerlo durante el a\u00f1o en curso)<br \/>\n            <a href=\"<?= fveturl('?q=veterinariaCalendario#calendario') ?>\">Fechas de inscripci\u00f3n<\/a><br \/>\n            Luego de haber realizado la preinscripci\u00f3n, debe concurrir con la documentaci\u00f3n solicitada precedentemente, en el horario de atenci\u00f3n al p\u00fablico.<br \/>\n            <a href=\"http:\/\/dpd.fvet.uba.ar\/\">Formulario de preinscripci\u00f3n<\/a>: Estar\u00e1 disponible en la web a partir del 5 de febrero al 10 de marzo.\n\n\n            <b>Atenci\u00f3n al p\u00fablico:<\/b> horario de atenci\u00f3n de 8:30 a 17:00 hs.--><\/div>\n<div class=\"col-sm-1\">\n            &nbsp;<\/div>\n<\/p><\/div>\n<p>\n    &nbsp;<\/div>\n<div class=\"decano\">\n<div class=\"titulo-secciones\">\n        Requisitos de la Tecnicatura Universitaria en Gesti\u00f3n Integral de Bioterios<a class=\"ancla\" id=\"ing_bio\">&nbsp;<\/a><\/div>\n<p>    &nbsp;<\/p>\n<div class=\"row\">\n<div class=\"col-sm-1\">\n            &nbsp;<\/div>\n<div class=\"col-sm-10\">\n            <b>Requisitos de inscripci\u00f3n al 2\u00b0 Ciclo de Grado<br \/>\n                Ciclo B\u00e1sico Com\u00fan &#8211; <a href=\"www.cbc.uba.ar\">www.cbc.uba.ar<\/a><\/b><br \/>\n            Aprobaci\u00f3n de materias C.B.C.:<br \/>\n            Biolog\u00eda<br \/>\n            Qu\u00edmica<br \/>\n            Introducci\u00f3n al pensamiento cient\u00edfico<br \/>\n            Trabajo y Sociedad (*)<\/p>\n<p>            (*) Por resol. (CS) 1438\/2013 se considera la asignatura Introducci\u00f3n al Conocimiento de la Sociedad y el Estado como equivalente a la asignatura Trabajo y Sociedad<br \/>\n            &nbsp;<br \/>\n            <!--            \n            \n\n<div style=\"font-size: large;\">\n                            <a href=\"<?= fileurl('..\/archivos\/alumnos_pdf\/res2020\/resBioCBC.pdf') ?>\">Inscripci\u00f3n condicional al segundo ciclo segundo cuatrimestre 2020<\/a><\/div>\n\n\n                        <br \/>--><br \/>\n            <!--\n            <b>Documentaci\u00f3n:<\/b><br \/>\n                T\u00edtulo Secundario Original legalizado por la Direcci\u00f3n de T\u00edtulos y Planes de la U.B.A., sita en Uriburu 950 - Ciudad de Bs. As. y fotocopia del mismo<br \/>\n                <a href=\"http:\/\/www.legalizacionesturnos.rec.uba.ar\/\">Solicitar turno<\/a><br \/>\n                2 (dos) fotos carnet actualizadas 4 x 4<br \/>\n                D.N.I. y fotocopia.<br \/>\n                Libreta del Ciclo B\u00e1sico Com\u00fan<br \/>\n                1 (uno) folio transparente tama\u00f1o oficio<br \/>\n                Constancia del Examen Preventivo de Salud (de car\u00e1cter obligatorio) expedida por la Direcci\u00f3n de Salud de la U.B.A., original y fotocopia (si no lo ha realizado deber\u00e1 hacerlo durante el a\u00f1o en curso)\n\n\n                <a href=\"<?= fveturl('?q=bioterioCalendario#calendario') ?>\">Fechas de inscripci\u00f3n<\/a><br \/>\n                Luego de haber realizado la preinscripci\u00f3n, debe concurrir con la documentaci\u00f3n solicitada precedentemente, en el horario de atenci\u00f3n al p\u00fablico.<br \/>\n                <a href=\"http:\/\/dpd.fvet.uba.ar\/\">Formulario de preinscripci\u00f3n:<\/a> Estar\u00e1 disponible en la web desde el 17 de febrero\n\n\n                <b>Atenci\u00f3n al p\u00fablico:<\/b> horario de atenci\u00f3n de 8:30 a 17:00 hs.\n            --><br \/>\n            <b>Documentaci\u00f3n para inscribirse:<\/b><br \/>\n            La inscripci\u00f3n al segundo ciclo ser\u00e1 en modalidad on line<br \/>\n            <a href=\"<?= fveturl('?q=bioterioCalendario#calendario') ?>\u00ab>Fechas de inscripci\u00f3n<\/a><br \/>\n            <b>Formulario de preinscripci\u00f3n:<\/b> estar\u00e1 disponible a partir del 22 de marzo<br \/>\n            en el sistema de alumnos. Cuando completa la prescripci\u00f3n debe adjuntar:<br \/>\n            A) Copia escaneada del DNI en formato PDF (anverso y reverso)<br \/>\n            B) Copia escaneada en formato PDF del T\u00cdTULO SECUNDARIO (anverso y reverso) legalizado por la Direcci\u00f3n de T\u00edtulos y Planes de la UBA.<br \/>\n            (Sino tuviera el t\u00edtulo legalizado por la UBA adjunte copia simple) Si el t\u00edtulo secundario lo tiene en tr\u00e1mite, copia escaneada de<br \/>\n            constancia de t\u00edtulo en tramite expedida por la Autoridad de Establecimiento de Ense\u00f1anza Media)<\/p>\n<p>            La presentaci\u00f3n de la documentaci\u00f3n original debidamente legalizada se realizar\u00e1 en la Direcci\u00f3n de Alumnos de la Facultad, una vez iniciado el primer cuatrimestre,<br \/>\n            en fecha a confirmar.<\/p><\/div>\n<div class=\"col-sm-1\">\n            &nbsp;<\/div>\n<\/p><\/div>\n<p>\n    &nbsp;<\/div>\n<div class=\"autoridades\">\n<div class=\"titulo-secciones\">\n        Requisitos<a class=\"ancla\" id=\"ing_agr\" name=\"ing_agr\">&nbsp;<\/a><\/div>\n<p>    &nbsp;<\/p>\n<div class=\"row\">\n<div class=\"col-sm-1\">\n            &nbsp;<\/div>\n<div class=\"col-sm-10\">\n<p>\n                <b>REQUISITOS DE LA LICENCIATURA EN GESTI\u00d3N DE AGROALIMENTOS<\/b><\/p>\n<p>\n                <b>Inscripci\u00f3n al Segundo Ciclo<\/b><\/p>\n<p>\n                Materias aprobadas del 1\u00ba Ciclo (CBC)<br \/>\n                &nbsp;<\/p>\n<div class=\"panel panel-default\">\n<table class=\"table table-hover\">\n<thead>\n<tr align=\"left\">\n<th align=\"left\">\n<p>\n                                    C\u00f3digo<\/p>\n<\/th>\n<th align=\"left\">\n<p>\n                                    Materia<\/p>\n<\/th>\n<\/tr>\n<\/thead>\n<tbody>\n<tr align=\"center\">\n<td align=\"left\">\n                                51<\/td>\n<td align=\"left\">\n                                Matem\u00e1tica<\/td>\n<\/tr>\n<tr align=\"center\">\n<td align=\"left\">\n                                5<\/td>\n<td align=\"left\">\n                                Qu\u00edmica<\/td>\n<\/tr>\n<tr align=\"center\">\n<td align=\"left\">\n                                24<\/td>\n<td align=\"left\">\n                                Introducci\u00f3n al Conocimiento de la Sociedad y Estado<\/td>\n<\/tr>\n<tr align=\"center\">\n<td align=\"left\">\n                                8<\/td>\n<td align=\"left\">\n                                Biolog\u00eda<\/td>\n<\/tr>\n<tr align=\"center\">\n<td align=\"left\">\n                                53<\/td>\n<td align=\"left\">\n                                F\u00edsica e Introducci\u00f3n a la Biof\u00edsica<\/td>\n<\/tr>\n<tr align=\"center\">\n<td align=\"left\">\n                                40<\/td>\n<td align=\"left\">\n                                Introducci\u00f3n al Pensamiento Cient\u00edfico<\/td>\n<\/tr>\n<tr align=\"center\">\n<td align=\"left\">\n                                &nbsp;<\/td>\n<td align=\"left\">\n                                &#8211; <b>Inscripci\u00f3n:<\/b> Facultad de Agronom\u00eda. <a href=\"http:\/\/www.agro.uba.ar\">www.agro.uba.ar<\/a> &#8211; alumnos<\/td>\n<\/tr>\n<\/tbody>\n<\/table>\n<p>\n                    &nbsp;<\/p>\n<\/p><\/div>\n<\/p><\/div>\n<div class=\"col-sm-1\">\n            &nbsp;<\/div>\n<\/p><\/div>\n<p>\n    &nbsp;\n<\/div>\n","protected":false},"excerpt":{"rendered":"<p>Requisitos Requisitos de Veterinaria&nbsp; &nbsp; &nbsp; Requisitos de inscripci\u00f3n al 2\u00b0 Ciclo de Grado Ciclo B\u00e1sico Com\u00fan &#8211; www.cbc.uba.ar Aprobaci\u00f3n de materias C.B.C.: Introducci\u00f3n al pensamiento cient\u00edfico Introducci\u00f3n al conocimiento de la sociedad y el estado Qu\u00edmica F\u00edsica e Introducci\u00f3n a la Biof\u00edsica Biolog\u00eda Matem\u00e1tica<\/p>\n","protected":false},"author":1,"featured_media":0,"comment_status":"open","ping_status":"open","sticky":false,"template":"","format":"standard","meta":{"_acf_changed":false,"footnotes":""},"categories":[1],"tags":[],"class_list":["post-1978","post","type-post","status-publish","format-standard","hentry","category-sin-categoria"],"acf":[],"publishpress_future_action":{"enabled":false,"date":"2026-09-10 15:35:32","action":"change-status","newStatus":"draft","terms":[],"taxonomy":"category","extraData":[]},"publishpress_future_workflow_manual_trigger":{"enabledWorkflows":[]},"_links":{"self":[{"href":"https:\/\/dev.sitios.fvet.uba.ar\/index.php\/wp-json\/wp\/v2\/posts\/1978","targetHints":{"allow":["GET"]}}],"collection":[{"href":"https:\/\/dev.sitios.fvet.uba.ar\/index.php\/wp-json\/wp\/v2\/posts"}],"about":[{"href":"https:\/\/dev.sitios.fvet.uba.ar\/index.php\/wp-json\/wp\/v2\/types\/post"}],"author":[{"embeddable":true,"href":"https:\/\/dev.sitios.fvet.uba.ar\/index.php\/wp-json\/wp\/v2\/users\/1"}],"replies":[{"embeddable":true,"href":"https:\/\/dev.sitios.fvet.uba.ar\/index.php\/wp-json\/wp\/v2\/comments?post=1978"}],"version-history":[{"count":0,"href":"https:\/\/dev.sitios.fvet.uba.ar\/index.php\/wp-json\/wp\/v2\/posts\/1978\/revisions"}],"wp:attachment":[{"href":"https:\/\/dev.sitios.fvet.uba.ar\/index.php\/wp-json\/wp\/v2\/media?parent=1978"}],"wp:term":[{"taxonomy":"category","embeddable":true,"href":"https:\/\/dev.sitios.fvet.uba.ar\/index.php\/wp-json\/wp\/v2\/categories?post=1978"},{"taxonomy":"post_tag","embeddable":true,"href":"https:\/\/dev.sitios.fvet.uba.ar\/index.php\/wp-json\/wp\/v2\/tags?post=1978"}],"curies":[{"name":"wp","href":"https:\/\/api.w.org\/{rel}","templated":true}]}}