{"id":1979,"date":"2020-08-13T12:28:25","date_gmt":"2020-08-13T15:28:25","guid":{"rendered":"https:\/\/dev.sitios.fvet.uba.ar\/index.php\/testagro\/"},"modified":"2020-08-13T12:28:25","modified_gmt":"2020-08-13T15:28:25","slug":"testagro","status":"publish","type":"post","link":"https:\/\/dev.sitios.fvet.uba.ar\/index.php\/testagro\/","title":{"rendered":"AgroTEST"},"content":{"rendered":"<h3 class=\"titulo-insti\">\n    Agroalimentos<\/h3>\n<div class=\"mision\">\n<div class=\"titulo-secciones\">\n        Calendario Acad\u00e9mico<a class=\"ancla\" id=\"calendario\">&nbsp;<\/a><\/div>\n<p>    &nbsp;<\/p>\n<div class=\"row\">\n<div class=\"col-sm-1\">\n            &nbsp;<\/div>\n<div class=\"col-sm-10\">\n            <br \/>\n            <b>1er cuatrimestre 2021<\/b><\/p>\n<p>            <b>Inscripci\u00f3n a cursos:<\/b> 29 y 30 de marzo.<\/p>\n<p>            <b>Per\u00edodo lectivo:<\/b> 7 de abril al 10 de julio.<\/p>\n<p>             <!--\n\n<div style=\"font-size:20px;\">\n                Atento lo dispuesto por la <a href=\"http:\/\/www.uba.ar\/noticiasuba\/ACTO-2020-00832987-UBA-REC.pdf\" target=\"_blank\" rel=\"noopener\">Resoluci\u00f3n&nbsp; Rector&nbsp; N 423\/20 <\/a> sobre la reprogramaci\u00f3n del calendario acad\u00e9mico, las fechas correspondientes ser\u00e1n publicadas pr\u00f3ximamente<\/div>\n\n\n            <br \/>\n            <b>Receso academico:<\/b>20 al 31 de julio\n\n--><br \/>\n            <b>2do cuatrimestre 2021<\/b><\/p>\n<p>            <b>Inscripci\u00f3n a cursos:<\/b> 9 y 10 de agosto.<\/p>\n<p>            <b>Per\u00edodo lectivo:<\/b> 17 de agosto al 27 de noviembre.<br \/>\n            <!--<b>Publicaci\u00f3n de resultados:<\/b> 4 de septiembre.<br \/>\n            <b>Anulaciones:<\/b> 7 al 18 de septiembre.<br \/>\n            <b>Inicio de clases modalidad virtual:<\/b> 7 de setiembre.<br \/>--><br \/>\n            <br \/>\n            Puede consultar las fechas de ex\u00e1menes del calendario vigente en el <a href=\"http:\/\/dpd.fvet.uba.ar\">Sistema de Alumnos<\/a><\/p>\n<p>            <a href=\"http:\/\/dpd.fvet.uba.ar\/cgi\/cgi.exe\/publico@sistema?param=DCDF\"><b>Oferta de cursos<\/b><\/a><br \/>\n            &nbsp;<\/div>\n<div class=\"col-sm-1\">\n            &nbsp;<\/div>\n<\/p><\/div>\n<p>\n    &nbsp;\n<\/div>\n","protected":false},"excerpt":{"rendered":"<p>Agroalimentos Calendario Acad\u00e9mico&nbsp; &nbsp; &nbsp; 1er cuatrimestre 2021 Inscripci\u00f3n a cursos: 29 y 30 de marzo. Per\u00edodo lectivo: 7 de abril al 10 de julio. 2do cuatrimestre 2021 Inscripci\u00f3n a cursos: 9 y 10 de agosto. Per\u00edodo lectivo: 17 de agosto al 27 de noviembre. Puede consultar las fechas de ex\u00e1menes del calendario vigente en [&hellip;]<\/p>\n","protected":false},"author":1,"featured_media":0,"comment_status":"open","ping_status":"open","sticky":false,"template":"","format":"standard","meta":{"_acf_changed":false,"footnotes":""},"categories":[1],"tags":[],"class_list":["post-1979","post","type-post","status-publish","format-standard","hentry","category-sin-categoria"],"acf":[],"publishpress_future_action":{"enabled":false,"date":"2026-09-10 15:09:04","action":"change-status","newStatus":"draft","terms":[],"taxonomy":"category","extraData":[]},"publishpress_future_workflow_manual_trigger":{"enabledWorkflows":[]},"_links":{"self":[{"href":"https:\/\/dev.sitios.fvet.uba.ar\/index.php\/wp-json\/wp\/v2\/posts\/1979","targetHints":{"allow":["GET"]}}],"collection":[{"href":"https:\/\/dev.sitios.fvet.uba.ar\/index.php\/wp-json\/wp\/v2\/posts"}],"about":[{"href":"https:\/\/dev.sitios.fvet.uba.ar\/index.php\/wp-json\/wp\/v2\/types\/post"}],"author":[{"embeddable":true,"href":"https:\/\/dev.sitios.fvet.uba.ar\/index.php\/wp-json\/wp\/v2\/users\/1"}],"replies":[{"embeddable":true,"href":"https:\/\/dev.sitios.fvet.uba.ar\/index.php\/wp-json\/wp\/v2\/comments?post=1979"}],"version-history":[{"count":0,"href":"https:\/\/dev.sitios.fvet.uba.ar\/index.php\/wp-json\/wp\/v2\/posts\/1979\/revisions"}],"wp:attachment":[{"href":"https:\/\/dev.sitios.fvet.uba.ar\/index.php\/wp-json\/wp\/v2\/media?parent=1979"}],"wp:term":[{"taxonomy":"category","embeddable":true,"href":"https:\/\/dev.sitios.fvet.uba.ar\/index.php\/wp-json\/wp\/v2\/categories?post=1979"},{"taxonomy":"post_tag","embeddable":true,"href":"https:\/\/dev.sitios.fvet.uba.ar\/index.php\/wp-json\/wp\/v2\/tags?post=1979"}],"curies":[{"name":"wp","href":"https:\/\/api.w.org\/{rel}","templated":true}]}}