{"id":1983,"date":"2021-02-22T15:02:17","date_gmt":"2021-02-22T18:02:17","guid":{"rendered":"https:\/\/dev.sitios.fvet.uba.ar\/index.php\/ensenansa_test\/"},"modified":"2021-02-22T15:02:17","modified_gmt":"2021-02-22T18:02:17","slug":"ensenansa_test","status":"publish","type":"post","link":"https:\/\/dev.sitios.fvet.uba.ar\/index.php\/ensenansa_test\/","title":{"rendered":"Ense\u00f1anza TEST"},"content":{"rendered":"<h3 class=\"titulo-ense\">\n    Ense\u00f1anza<\/h3>\n<div class=\"consejo\">\n<div class=\"titulo-secciones\">\n        Carreras de Grado<a class=\"ancla\" id=\"grado\">&nbsp;<\/a><\/div>\n<div class=\"row\">\n<div class=\"col-sm-1\">\n            &nbsp;<\/div>\n<div class=\"col-sm-10\">\n            La Misi\u00f3n de la Secretaria Acad\u00e9mica de Facultad de Ciencias Veterinarias, es generar una propuesta educativa de formaci\u00f3n profesional, cient\u00edfica, t\u00e9cnica, \u00e9tica y socio comunitaria, que de respuesta a los requerimientos de la sociedad.<\/p>\n<p>            <b>Objetivos<\/b><\/p>\n<p>            Velar por la formaci\u00f3n de profesionales capaces de tomar decisiones y orientar en la definici\u00f3n de pol\u00edticas para los sectores vinculados.<br \/>\n            Promover la formaci\u00f3n de un cuerpo docente comprometido y con una actualizaci\u00f3n permanente de sus competencias.<br \/>\n            Promover la actualizaci\u00f3n del Plan de Estudios teniendo como objetivo la mejora de la calidad de vida de la poblaci\u00f3n y el cuidado del medio ambiente que la rodea, la salud y bienestar animal, la protecci\u00f3n de animales en extinci\u00f3n, la producci\u00f3n y control de f\u00e1rmacos veterinarios, la salud p\u00fablica, la bio\u00e9tica, la biotecnolog\u00eda, las terapias asistidas.<br \/>\n            <center><\/p>\n<div class=\"row\">\n<div class=\"col-xs-4\">\n                        <a href=\"http:\/\/www.fvet.uba.ar\/?q=carrerasGrado#veterinaria\"><img decoding=\"async\" class=\"img-circle img-responsive listado\" src=\"<?= fileurl('sites\/default\/files\/pictures\/boton.png') ?>\u00bb \/>Veterinaria<\/a><\/div>\n<div class=\"col-xs-4\">\n                        <a href=\"http:\/\/www.fvet.uba.ar\/?q=carrerasGrado#bioterio\"><img decoding=\"async\" class=\"img-circle img-responsive listado\" src=\"<?= fileurl('sites\/default\/files\/pictures\/boton.png') ?>\u00bb \/>Tecnicatura Universitaria en Gesti\u00f3n Integral de Bioterios<\/a><\/div>\n<div class=\"col-xs-4\">\n                        <a href=\"http:\/\/www.fvet.uba.ar\/?q=carrerasGrado#agroalimentos\"><img decoding=\"async\" class=\"img-circle img-responsive listado\" src=\"<?= fileurl('sites\/default\/files\/pictures\/boton.png') ?>\u00bb \/>Lic. en Gesti\u00f3n de Agroalimentos<\/a><\/div>\n<\/p><\/div>\n<p>            <\/center><br \/>\n            <br \/>\n            &nbsp;<\/div>\n<div class=\"col-sm-1\">\n            &nbsp;<\/div>\n<\/p><\/div>\n<\/div>\n<div class=\"mision\">\n<div class=\"titulo-secciones\">\n        C\u00e1tedras<a class=\"ancla\" id=\"catedras\">&nbsp;<\/a><\/div>\n<div class=\"row\">\n<div class=\"col-sm-1\">\n            &nbsp;<\/div>\n<div class=\"col-sm-10\">\n            &nbsp;<\/p>\n<table class=\"table table-sm\">\n<thead>\n<tr>\n<th colspan=\"2\" style=\"text-align: center;font-size: large; color:white\">\n                            Catedras de la Carrera de Veterinaria<\/th>\n<\/tr>\n<\/thead>\n<tbody>\n<tr>\n<td>\n                            <a href=\"<?= fveturl('?q=catedrasVeterinarias#anatomia') ?>\u00ab>Anatom\u00eda<\/a><\/td>\n<td>\n                            <a href=\"<?= fveturl('?q=catedrasVeterinarias#b_agri') ?>\u00ab>Bases Agr\u00edcolas<\/a><\/td>\n<\/tr>\n<tr>\n<td>\n                            <a href=\"<?= fveturl('?q=catedrasVeterinarias#bienestar') ?>\u00ab>Bienestar Animal<\/a><\/td>\n<td>\n                            <a href=\"<?= fveturl('?q=catedrasVeterinarias#cirugia') ?>\u00ab>Cirug\u00eda<\/a><\/td>\n<\/tr>\n<tr>\n<td>\n                            <a href=\"<?= fveturl('?q=catedrasVeterinarias#pequenos') ?>\u00ab>Cl\u00ednica M\u00e9dica de Peque\u00f1os Animales<\/a><\/td>\n<td>\n                            <a href=\"<?= fveturl('?q=catedrasVeterinarias#infecciosas') ?>\u00ab>Enfermedades Infecciosas<\/a><\/td>\n<\/tr>\n<tr>\n<td>\n                            <a href=\"<?= fveturl('?q=catedrasVeterinarias#quirurgicas') ?>\u00ab>Enfermedades Quir\u00fargicas<\/a><\/td>\n<td>\n                            <a href=\"<?= fveturl('?q=catedrasVeterinarias#farmaco') ?>\u00ab>Farmacolog\u00eda<\/a><\/td>\n<\/tr>\n<tr>\n<td>\n                            <a href=\"<?= fveturl('?q=catedrasVeterinarias#fisicabio') ?>\u00ab>F\u00edsica Biol\u00f3gica<\/a><\/td>\n<td>\n                            <a href=\"<?= fveturl('?q=catedrasVeterinarias#fisiologia') ?>\u00ab>Fisiolog\u00eda Animal y Bioqu\u00edmica Fisiol\u00f3gica<\/a><\/td>\n<\/tr>\n<tr>\n<td>\n                            <a href=\"<?= fveturl('?q=catedrasVeterinarias#genetica') ?>\u00ab>Gen\u00e9tica<\/a><\/td>\n<td>\n                            <a href=\"<?= fveturl('?q=catedrasVeterinarias#histologia') ?>\u00ab>Histolog\u00eda y Embriolog\u00eda<\/a><\/td>\n<\/tr>\n<tr>\n<td>\n                            <a href=\"<?= fveturl('?q=catedrasVeterinarias#nutricion') ?>\u00ab>Nutrici\u00f3n y Alimentaci\u00f3n<\/a><\/td>\n<td>\n                            <a href=\"<?= fveturl('?q=catedrasVeterinarias#patologia') ?>\u00ab>Patolog\u00eda B\u00e1sica<\/a><\/td>\n<\/tr>\n<tr>\n<td>\n                            <a href=\"<?= fveturl('?q=catedrasVeterinarias#equinos') ?>\u00ab>Salud y Producci\u00f3n de Equinos<\/a><\/td>\n<td>\n                            <a href=\"<?= fveturl('?q=catedrasVeterinarias#semiologia') ?>\u00ab>Semiologia-Medicina I<\/a><\/td>\n<\/tr>\n<tr>\n<td><a href=\"<?= fveturl('?q=catedrasVeterinarias#terio') ?>\u00ab>Teriogenolog\u00eda<\/a><\/td>\n<\/td>\n<td><a href=\"<?= fveturl('?q=catedrasVeterinarias#quimicabio') ?>\u00ab>Qu\u00edmica Biol\u00f3gica<\/a><\/td>\n<\/tr>\n<tr>\n<td>\n                            <a href=\"<?= fveturl('?q=catedrasVeterinarias#quimicaorg') ?>\u00ab>Qu\u00edmica Org\u00e1nica<\/a><\/td>\n<td>\n                            <a href=\"<?= fveturl('?q=catedrasVeterinarias#virologia') ?>\u00ab>Virolog\u00eda<\/a><\/td>\n<\/tr>\n<tr>\n<td>\n                            <a href=\"<?= fveturl('?q=catedrasVeterinarias#inmunologia') ?>\u00ab>Inmunolog\u00eda<\/a><\/td>\n<td>\n                        <\/td>\n<\/tr>\n<\/tbody>\n<\/table><\/div>\n<div class=\"col-sm-1\">\n            &nbsp;<\/div>\n<p>\n        &nbsp;<\/div>\n<\/div>\n<div class=\"consejo\">\n<div class=\"titulo-secciones\">\n        Biblioteca<a class=\"ancla\" id=\"biblio\">&nbsp;<\/a><\/div>\n<p>    &nbsp;<\/p>\n<div class=\"row\">\n<div class=\"col-sm-1\">\n            &nbsp;<\/div>\n<div class=\"col-sm-10\">\n<div class=\"consejo\">\n                En Septiembre de 1998, se inauguran las instalaciones y el edificio propio especialmente dise\u00f1ado para que se desarrollen las actividades de la Biblioteca y del Centro Multimedia de la Facultad de Ciencias Veterinarias.<\/p>\n<p>                Esta biblioteca es una de las pioneras en organizar el acervo documental bajo la modalidad de \u201cEstanter\u00edas Abiertas\u201d, de esta manera se promueve la autonom\u00eda de los usuarios permitiendo consultar libremente los libros, revistas, tesis, congresos, obras de consulta general y material de investigaci\u00f3n.<\/p>\n<p>                Posee tres Salas de Lectura, las mismas est\u00e1n clasificadas teniendo en cuenta las necesidades de los concurrentes: Sala de Lectura Parlante, Sala de Lectura Silenciosa y por \u00faltimo una Sala para uso exclusivo de profesionales.<\/p>\n<p>                Adem\u00e1s cuenta con un Centro Multimedia, que permite que los alumnos y\/o concurrentes puedan utilizar libremente las PC instaladas con fines acad\u00e9micos.<br \/>\n                &nbsp;<\/p>\n<div class=\"row\">\n                    <center><br \/>\n                        <!-- \/*\n  \n\n<div class=\"col-sm-1\">\n  &nbsp;<\/div>\n\n\n\n  \n\n<div class=\"col-sm-2\">\n  <a href=\"<?= fveturl('?q=biblioteca#informacion') ?>\"&gt;<img decoding=\"async\" class=\"img-circle img-responsive listado\" src=\"<?= fileurl('sites\/default\/files\/pictures\/boton.png') ?>\" \/>Informaci\u00f3n General<\/center>\n        <\/div>\n\n\n\n        \n\n<div class=\"col-sm-2\">\n                <a href=\"<?= fveturl('?q=biblioteca#preguntas') ?>\"><img decoding=\"async\" class=\"img-circle img-responsive listado\" src=\"<?= fileurl('sites\/default\/files\/pictures\/boton.png') ?>\" \/>Preguntas Frecuentes<\/a><\/div>\n\n\n\n        \n\n<div class=\"col-sm-2\">\n                <a href=\"<?= fveturl('?q=biblioteca#servicios') ?>\"><img decoding=\"async\" class=\"img-circle img-responsive listado\" src=\"<?= fileurl('sites\/default\/files\/pictures\/boton.png') ?>\" \/>Servicios<\/a><\/div>\n\n\n\n        \n\n<div class=\"col-sm-2\">\n                <a href=\"<?= fveturl('?q=biblioteca#recursos') ?>\"><img decoding=\"async\" class=\"img-circle img-responsive listado\" src=\"<?= fileurl('sites\/default\/files\/pictures\/boton.png') ?>\" \/>Recursos en l\u00ednea<\/a><\/div>\n\n\n\n        \n\n<div class=\"col-sm-2\">\n                <a href=\"<?= fveturl('?q=biblioteca#formacion') ?>\"><img decoding=\"async\" class=\"img-circle img-responsive listado\" src=\"<?= fileurl('sites\/default\/files\/pictures\/boton.png') ?>\" \/>Formaci\u00f3n y ayuda<\/a><\/div>\n\n\n        \n\n\n        &nbsp;\n        \n\n<div class=\"col-sm-1\">\n                &nbsp;<\/div>\n\n\n*\/\n                        --><\/p>\n<div class=\"col-sm-12\">\n                            <a href=\"<?= fveturl('?q=biblioteca#autoridades') ?>\u00ab><img decoding=\"async\" class=\"img-circle img-responsive listado\" src=\"<?= fileurl('sites\/default\/files\/pictures\/boton.png') ?>\u00bb \/> Ingresar<\/a><br \/>\n                            &nbsp;<\/div>\n<p>                    <\/center>\n                <\/div>\n<\/p><\/div>\n<\/p><\/div>\n<div class=\"col-sm-1\">\n            &nbsp;<\/div>\n<\/p><\/div>\n<p>\n    &nbsp;<\/div>\n<div class=\"decano\">\n<div class=\"titulo-secciones\">\n        Gu\u00eda de tr\u00e1mites<a class=\"ancla\" id=\"diploma\">&nbsp;<\/a><\/div>\n<div class=\"row\">\n<div class=\"col-sm-1\">\n            &nbsp;<\/div>\n<div class=\"col-sm-10\">\n            <br \/>\n            <b>Direcci\u00f3n de Alumnos y Graduados \u2013 Horarios de atenci\u00f3n:<\/b><br \/>\n            <b>Alumnos: lunes a viernes 8.30 a 17 \u2013 Graduados: lunes a viernes 8 a 14<\/b><br \/>\n            <b>Direcci\u00f3n de Movimiento de Fondos (Tesorer\u00eda): horario de atenci\u00f3n.: lunes a viernes 9 a 14 hs<\/b><br \/>\n            <b>Alumnos <\/b><br \/>\n            <b>Examen Preventivo de Salud Obligatorio<\/b><br \/>\n            Debe realizarse antes de finalizar el 2do a\u00f1o de la carrera respectiva, en la Direcci\u00f3n de Salud y Asistencia Social de la UBA, sita en Hidalgo 1067, Capital Federal.<br \/>\n            Los turnos se solicitan telef\u00f3nicamente, las 24 hs. al 4958-6642.<br \/>\n            Una vez realizado, se presenta el comprobante correspondiente en ventanilla de Alumnos<br \/>\n            <b>Libreta Universitaria<\/b><br \/>\n            El tr\u00e1mite es personal. Se inicia presentando en ventanilla de Alumnos el arancel correspondiente, que se abona en la Tesorer\u00eda de la Facultad.<br \/>\n            Es obligatorio contar con el Examen de Salud cumplido para retirar la Libreta Universitaria.<br \/>\n            Para los ingresantes al segundo Ciclo (Facultad) del 1er cuatrimestre, se solicita en el mes de junio y para los que ingresan en el segundo cuatrimestre, en el mes de noviembre.<br \/>\n            <b>Certificado de alumno regular<\/b><br \/>\n            Debe solicitarse a trav\u00e9s del sistema de Alumnos, men\u00fa \u201cTr\u00e1mites\u201d y podr\u00e1 retirarse a partir de dos d\u00edas h\u00e1biles en ventanilla de Alumnos.<br \/>\n            Est\u00e1 arancelado a partir del tercer certificado en el mismo periodo lectivo.<br \/>\n            <b>Duplicado de Libreta Universitaria<\/b><br \/>\n            Se completa la solicitud en ventanilla de Alumnos adjuntando:<\/p>\n<ul>\n<li>\n                    <img decoding=\"async\" class=\"img-circle img-responsive listado2\" src=\"<?= fileurl('sites\/default\/files\/pictures\/boton.png') ?>\u00bb \/>Arancel correspondiente<\/li>\n<\/ul>\n<p>            El tr\u00e1mite es personal.<br \/>\n            <b>Certificaci\u00f3n de materias aprobadas y \/ o regulares:<\/b><br \/>\n            Se solicita en ventanilla de Alumnos presentando Libreta Universitaria (si se posee) y arancel correspondiente, abonado en Tesorer\u00eda de la Facultad.<br \/>\n            Tambi\u00e9n puede iniciar el tr\u00e1mite a trav\u00e9s del sistema de Alumnos, men\u00fa \u201cTr\u00e1mites\u201d y dentro de las 48 hs presentar los requisitos en ventanilla de Alumnos para confirmar la solicitud.<br \/>\n            Puede retirarlo, en forma personal o a trav\u00e9s de un tercero, autorizado previamente por el interesado.<br \/>\n            <b>Certificaci\u00f3n de programas y Plan de Estudios<\/b><br \/>\n            Se tramita en ventanilla de Alumnos presentando:<\/p>\n<ul>\n<li>\n                    <img decoding=\"async\" class=\"img-circle img-responsive listado2\" src=\"<?= fileurl('sites\/default\/files\/pictures\/boton.png') ?>\u00bb \/>Libreta Universitaria ( si la posee)<\/li>\n<li>\n                    <img decoding=\"async\" class=\"img-circle img-responsive listado2\" src=\"<?= fileurl('sites\/default\/files\/pictures\/boton.png') ?>\u00bb \/>Aranceles correspondientes, los cuales abona en Tesorer\u00eda de la Facultad.<\/li>\n<li>\n                    <img decoding=\"async\" class=\"img-circle img-responsive listado2\" src=\"<?= fileurl('sites\/default\/files\/pictures\/boton.png') ?>\u00bb \/>Copia del Plan de Estudios (autenticados por Biblioteca)<\/li>\n<li>\n                    <img decoding=\"async\" class=\"img-circle img-responsive listado2\" src=\"<?= fileurl('sites\/default\/files\/pictures\/boton.png') ?>\u00bb \/>Copia de los programas de las materias aprobadas y \/ o regulares (autenticados por Biblioteca)<\/li>\n<\/ul>\n<p>            Puede retirarlo, en forma personal o a trav\u00e9s de un tercero, autorizado previamente por el interesado.<br \/>\n            <b>Solicitud de equivalencias de asignaturas:<\/b><br \/>\n            Se inician en ventanilla de Alumnos, presentando la siguiente documentaci\u00f3n debidamente legalizada por la Direcci\u00f3n de T\u00edtulos y Planes de la UBA<\/p>\n<ul>\n<li>\n                    <img decoding=\"async\" class=\"img-circle img-responsive listado2\" src=\"<?= fileurl('sites\/default\/files\/pictures\/boton.png') ?>\u00bb \/>Certificado anal\u00edtico donde consten todas la aprobaciones, desaprobaciones y escala de calificaciones.<\/li>\n<li>\n                    <img decoding=\"async\" class=\"img-circle img-responsive listado2\" src=\"<?= fileurl('sites\/default\/files\/pictures\/boton.png') ?>\u00bb \/>Plan de estudios con su correspondiente certificaci\u00f3n.<\/li>\n<li>\n                    <img decoding=\"async\" class=\"img-circle img-responsive listado2\" src=\"<?= fileurl('sites\/default\/files\/pictures\/boton.png') ?>\u00bb \/>Programas certificados de las asignaturas aprobadas que solicite equivalencias.<\/li>\n<li>\n                    <img decoding=\"async\" class=\"img-circle img-responsive listado2\" src=\"<?= fileurl('sites\/default\/files\/pictures\/boton.png') ?>\u00bb \/>Arancel correspondiente, que se abonar\u00e1 en Tesorer\u00eda de la Facultad.<\/li>\n<\/ul>\n<p>            <b>Los programas deben contener:<\/b><\/p>\n<ul>\n<li>\n                    <img decoding=\"async\" class=\"img-circle img-responsive listado2\" src=\"<?= fileurl('sites\/default\/files\/pictures\/boton.png') ?>\u00bb \/>Contenido anal\u00edtico<\/li>\n<li>\n                    <img decoding=\"async\" class=\"img-circle img-responsive listado2\" src=\"<?= fileurl('sites\/default\/files\/pictures\/boton.png') ?>\u00bb \/>Contenido de trabajos pr\u00e1cticos<\/li>\n<li>\n                    <img decoding=\"async\" class=\"img-circle img-responsive listado2\" src=\"<?= fileurl('sites\/default\/files\/pictures\/boton.png') ?>\u00bb \/>Carga horaria<\/li>\n<li>\n                    <img decoding=\"async\" class=\"img-circle img-responsive listado2\" src=\"<?= fileurl('sites\/default\/files\/pictures\/boton.png') ?>\u00bb \/>Bibliograf\u00eda<\/li>\n<\/ul>\n<p><\/p>\n<p>            <b>Pase de Universidad<\/b><\/p>\n<p>            Los alumnos de otras universidades nacionales, provinciales, privadas y extranjeras (oficiales<br \/>\n            y\/o privadas) reconocidas en el pa\u00eds de origen, podr\u00e1n solicitar el pase a esta Universidad con<br \/>\n            el fin de continuar sus estudios en la misma carrera u otra que se dicte en esta casa de<br \/>\n            estudios.<br \/>\n            La solicitud de pase de Universidad deber\u00e1 ser realizada por la o el interesado \u00fanicamente a<br \/>\n            trav\u00e9s de la plataforma Tr\u00e1mites a Distancia de la Universidad de Buenos Aires (TAD-UBA),<br \/>\n            mediante el formulario que se habilitar\u00e1 a tal fin.<br \/>\n            Al momento de solicitar el pase de universidad la o el interesado deber\u00e1 presentar la siguiente<br \/>\n            documentaci\u00f3n.<\/p>\n<ul>\n<li><img decoding=\"async\" class=\"img-circle img-responsive listado2\" src=\"<?= fileurl('sites\/default\/files\/pictures\/boton.png') ?>\u00bb \/><br \/>\n                    Documento copia del Documento Nacional de Identidad argentino de la o el interesado. En<br \/>\n                    el caso de personas que no tengan Documento Nacional de Identidad argentino, la solicitud<br \/>\n                    deber\u00e1 ser acompa\u00f1ada de copia del documento de identidad extranjero debidamente<br \/>\n                    legalizada conforme al art\u00edculo 3\u00b0 de la \u201cConvenci\u00f3n Suprimiendo la Exigencia de Legalizaci\u00f3n<br \/>\n                    de los Documentos P\u00fablicos Extranjeros adoptada por la Conferencia de La Haya de Derecho<br \/>\n                    Internacional Privado\u201d aprobada por la Ley 23.458 1o, en su defecto, legalizada por el<br \/>\n                    consulado argentino y el Ministerio de Relaciones Exteriores, Culto y Comercio Internacional.\n                <\/li>\n<li><img decoding=\"async\" class=\"img-circle img-responsive listado2\" src=\"<?= fileurl('sites\/default\/files\/pictures\/boton.png') ?>\u00bb \/><br \/>\n                    Certificado de estudios de nivel secundario. Para el caso de t\u00edtulos de alumnos extranjeros<br \/>\n                    se deber\u00e1 contar con la convalidaci\u00f3n emitida por el Ministerio de Educaci\u00f3n de la Naci\u00f3n. Los<br \/>\n                    alumnos que hubieran ingresado a otras Universidades bajo las condiciones establecidas en el<br \/>\n                    art\u00edculo 7 de la Ley N\u00b0 24.521 2y modificatorias, se ajustar\u00e1n al r\u00e9gimen establecido.\n                <\/li>\n<li><img decoding=\"async\" class=\"img-circle img-responsive listado2\" src=\"<?= fileurl('sites\/default\/files\/pictures\/boton.png') ?>\u00bb \/><br \/>\n                    Constancia de inscripci\u00f3n al Ciclo B\u00e1sico Com\u00fan.\n                <\/li>\n<li><img decoding=\"async\" class=\"img-circle img-responsive listado2\" src=\"<?= fileurl('sites\/default\/files\/pictures\/boton.png') ?>\u00bb \/><br \/>\n                    Plan de estudio de la carrera que estaba cursando que detalle la carga horaria de las<br \/>\n                    asignaturas, autenticado\/certificado por la universidad de origen.\n                <\/li>\n<li><img decoding=\"async\" class=\"img-circle img-responsive listado2\" src=\"<?= fileurl('sites\/default\/files\/pictures\/boton.png') ?>\u00bb \/><br \/>\n                    Anal\u00edtico parcial, incluso los insuficientes y toda actividad acad\u00e9mica cumplida,<br \/>\n                    autenticado\/certificado por la universidad de origen.\n                <\/li>\n<li><img decoding=\"async\" class=\"img-circle img-responsive listado2\" src=\"<?= fileurl('sites\/default\/files\/pictures\/boton.png') ?>\u00bb \/><br \/>\n                    Constancia de sanciones disciplinarias y sus causas, si no las tuviere se deber\u00e1 asentar en<br \/>\n                    forma expresa. En los casos en que la instituci\u00f3n no emita esta constancia, deber\u00e1<br \/>\n                    acompa\u00f1arse documentaci\u00f3n respaldatoria que fundamente dicha situaci\u00f3n.\n                <\/li>\n<li><img decoding=\"async\" class=\"img-circle img-responsive listado2\" src=\"<?= fileurl('sites\/default\/files\/pictures\/boton.png') ?>\u00bb \/><br \/>\n                    Programas de las materias aprobadas autenticado\/certificado por la universidad de origen.\n                <\/li>\n<li><img decoding=\"async\" class=\"img-circle img-responsive listado2\" src=\"<?= fileurl('sites\/default\/files\/pictures\/boton.png') ?>\u00bb \/><br \/>\n                    Acreditaci\u00f3n del nivel B2 de espa\u00f1ol del Marco de Referencia Com\u00fan Europeo (MRCE) o sus<br \/>\n                    equivalentes, a trav\u00e9s de cualquiera de las certificaciones otorgadas por la Universidad de<br \/>\n                    Buenos Aires, en el caso de estudiantes de instituciones universitarias sitas en un pa\u00eds no<br \/>\n                    hispanohablante.\n                <\/li>\n<\/ul>\n<p>\n            Toda la documentaci\u00f3n mencionada precedentemente debe estar expedida a nombre del<br \/>\n            interesado y firmada por la m\u00e1xima autoridad competente en el \u00e1mbito de aplicaci\u00f3n. La<br \/>\n            documentaci\u00f3n emitida en idioma extranjero deber\u00e1 estar traducida por traductor\/a publico\/a<br \/>\n            nacional y legalizada por el colegio profesional competente. Los documentos emitidos por<br \/>\n            personas p\u00fablicas o privadas extranjeras deber\u00e1n estar legalizados conforme al art\u00edculo 3\u00b0 de<br \/>\n            la \u201cConvenci\u00f3n Suprimiendo la Exigencia de Legalizaci\u00f3n de los Documentos P\u00fablicos<br \/>\n            Extranjeros adoptada por la Conferencia de La Haya de Derecho Internacional Privado\u201d<br \/>\n            aprobada por la Ley 23.458 3o, en su defecto legalizada por el consulado argentino y el<br \/>\n            Ministerio de Relaciones Exteriores, Culto y Comercio Internacional, sin perjuicio de las<br \/>\n            excepciones que surjan de tratados internacionales aprobados por la Rep\u00fablica Argentina.<br \/>\n            La documentaci\u00f3n presentada por la o el interesado deber\u00e1 estar legalizada previamente ante<br \/>\n            la Direcci\u00f3n de Legalizaciones<\/p>\n<p>            <b>Pase o simultaneidad de carrera entre Facultades<\/b><\/p>\n<p>            Los alumnos de una carrera que mantengan su condici\u00f3n de alumno regular podr\u00e1n solicitar el<br \/>\n            pase o simultaneidad a otra carrera que se dicte en otra Facultad de esta Universidad.<br \/>\n            La solicitud de pase o simultaneidad de carrera entre Facultades ser\u00e1 iniciada por el o la<br \/>\n            interesada \u00fanicamente por medio de la plataforma Tr\u00e1mites a Distancia de la Universidad de<br \/>\n            Buenos Aires (TAD-UBA), mediante el formulario \u201cMesa de Entrada de Rectorado y Consejo<br \/>\n            Superior\u201d.<br \/>\n            Al momento de solicitar el pase o simultaneidad de carrera, la o el interesado deber\u00e1<br \/>\n            presentar la siguiente documentaci\u00f3n:<\/p>\n<ul>\n<li><img decoding=\"async\" class=\"img-circle img-responsive listado2\" src=\"<?= fileurl('sites\/default\/files\/pictures\/boton.png') ?>\u00bb \/><br \/>\n                    Plan de estudio de la carrera que estaba cursando que detalle la carga horaria de las<br \/>\n                    asignaturas.\n                <\/li>\n<li><img decoding=\"async\" class=\"img-circle img-responsive listado2\" src=\"<?= fileurl('sites\/default\/files\/pictures\/boton.png') ?>\u00bb \/><br \/>\n                    Anal\u00edtico parcial, incluso los insuficientes y toda actividad acad\u00e9mica cumplida.\n                <\/li>\n<li><img decoding=\"async\" class=\"img-circle img-responsive listado2\" src=\"<?= fileurl('sites\/default\/files\/pictures\/boton.png') ?>\u00bb \/><br \/>\n                    Constancia de sanciones disciplinarias y sus causas, si no las tuviere se deber\u00e1 asentar en<br \/>\n                    forma expresa\n                <\/li>\n<li><img decoding=\"async\" class=\"img-circle img-responsive listado2\" src=\"<?= fileurl('sites\/default\/files\/pictures\/boton.png') ?>\u00bb \/><br \/>\n                    Programas de las materias aprobadas Toda la documentaci\u00f3n a presentar debe estar<br \/>\n                    expedida a nombre del interesado o la interesada y legalizada por la Direcci\u00f3n de<br \/>\n                    Legalizaciones. \u2013\n                <\/li>\n<\/ul>\n<p>            Nota: para los alumnos de nuestra Facultad que quieran iniciar el pase\/simultaneidad con otra<br \/>\n            Unidad Acad\u00e9mica de la UBA, deber\u00e1n previo al inicio de este, contactarse con el mail<br \/>\n            <a href=\"mailto:alumnos@fvet.uba.ar\">alumnos@fvet.uba.ar<\/a> para solicitar la documentaci\u00f3n requerida.<\/p>\n<p>            <b>Pase\/simultaneidad entre carreras de nuestra Facultad:<\/b><br \/>\n            Para iniciarlo previo deber\u00e1 enviar mail a <a href=\"mailto:alumnos@fvet.uba.ar\">alumnos@fvet.uba.ar<\/a>.<\/p>\n<p>            <!--<b>Solicitud de pase o simultaneidad de carreras de la UBA<\/b><br \/>\n            Para los estudiantes de la Facultad que deseen solicitar pase o simultaneidad con otra carrera de una Facultad de la UBA<br \/>\n            Se completa el formulario correspondiente en la ventanilla de Alumnos, presentando la siguiente documentaci\u00f3n:\n            \n\n<ul>\n                \n\n<li>\n                    <img decoding=\"async\" class=\"img-circle img-responsive listado2\" src=\"<?= fileurl('sites\/default\/files\/pictures\/boton.png') ?>\" \/>Libreta Universitaria ( si se posee)<\/li>\n\n\n                \n\n<li>\n                    <img decoding=\"async\" class=\"img-circle img-responsive listado2\" src=\"<?= fileurl('sites\/default\/files\/pictures\/boton.png') ?>\" \/>Plan de Estudios (autenticados por Biblioteca)<\/li>\n\n\n                \n\n<li>\n                    <img decoding=\"async\" class=\"img-circle img-responsive listado2\" src=\"<?= fileurl('sites\/default\/files\/pictures\/boton.png') ?>\" \/>Programas de las materias aprobadas que desee solicitar equivalencias (autenticados por Biblioteca)<\/li>\n\n\n                \n\n<li>\n                    <img decoding=\"async\" class=\"img-circle img-responsive listado2\" src=\"<?= fileurl('sites\/default\/files\/pictures\/boton.png') ?>\" \/>Libre deuda de Biblioteca<\/li>\n\n\n                \n\n<li>\n                    <img decoding=\"async\" class=\"img-circle img-responsive listado2\" src=\"<?= fileurl('sites\/default\/files\/pictures\/boton.png') ?>\" \/>Constancia de la Examen de salud<\/li>\n\n\n                \n\n<li>\n                    <img decoding=\"async\" class=\"img-circle img-responsive listado2\" src=\"<?= fileurl('sites\/default\/files\/pictures\/boton.png') ?>\" \/>Aranceles correspondientes, los cuales abona en Tesorer\u00eda de la Facultad.<\/li>\n\n\n            <\/ul>\n\n\n            <br \/>\n            <b>Pases de otra Universidad a la UBA:<\/b><br \/>\n            Se inicia en la Direcci\u00f3n de T\u00edtulos y Planes \u2013 Uriburu 950<br \/>\n            Documentaci\u00f3n a presentar:<br \/>\n            - Original y fotocopia del t\u00edtulo secundario (Si fuera de provincia, debe estar legalizado previamente por el Ministerio de Interior, Obras P\u00fablicas y Vivienda). Ver Direcciones Importantes.<br \/>\n            - Certificado anal\u00edtico con las calificaciones obtenidas, incluso las calificaciones insuficientes, y fechas de los ex\u00e1menes, emitido por la Universidad de origen.<br \/>\n            - Copia de los programas anal\u00edticos correspondientes a las asignaturas aprobadas debidamente certificadas y con la constancia de que son aquellos seg\u00fan los cuales rindi\u00f3 examen.<br \/>\n            - Certificado emitido por la Universidad de origen con el plan de estudios de la carrera.<br \/>\n            - Certificado emitido por la Universidad de origen que d\u00e9 cuenta si el alumno posee sanciones disciplinarias y sus causas o no.<br \/>\n            Toda la documentaci\u00f3n debe estar emitida a nombre del interesado y legalizada por el Rectorado de la Universidad de Origen. El tr\u00e1mite es personal<br \/>\n            Extranjeros:<br \/>\n            El T\u00edtulo de nivel medio debe estar convalidado por la Direcci\u00f3n de Validez Nacional- Ver Direcciones Importantes.<br \/>\n            Toda la documentaci\u00f3n deber\u00e1 ser original debidamente expedida, dejando constancia del nombre, apellido y n\u00famero de documento del interesado.<br \/>\n            Toda la documentaci\u00f3n deber\u00e1 estar legalizada con apostilla o legalizaci\u00f3n del Consulado Argentino en el pa\u00eds de origen seg\u00fan corresponda.<br \/>\n            En los casos que la documentaci\u00f3n deba estar apostillada, la misma, debe estar a nombre del interesado en cada uno de los certificados acreditados.<br \/>\n            La documentaci\u00f3n expedida en idioma extranjero deber\u00e1 estar traducida por un Traductor P\u00fablico Nacional (en la Argentina) legalizada por el Colegio P\u00fablico de Traductores y las firmas de los otorgantes legalizadas en forma.<br \/>\n            Los tr\u00e1mites son personales debiendo presentar para el inicio del mismo toda la documentaci\u00f3n antes descripta.<br \/>\n            Eximici\u00f3n de asignaturas de graduados universitarios<br \/>\n            Los graduados deber\u00e1n presentar original y fotocopias del diploma universitario y del certificado de estudios secundarios en la Direcci\u00f3n de T\u00edtulos y Planes- Uriburu 950<br \/>\n            Horario de atenci\u00f3n al p\u00fablico: 9 a 16 hs.<br \/>\n            Direcci\u00f3n de T\u00edtulos y Planes, Pte. J. E. Uriburu 950, PB, oficina 13.<br \/>\n            Tel\u00e9fonos: (+5411) 5285-6182\/80<br \/>\n            <a href=\"mailto:pasesdeuniversidad@rec.uba.ar\">pasesdeuniversidad@rec.uba.ar<\/a>\n\n--><\/p>\n<p>            <b>Graduados<\/b><br \/>\n            <b>Inicio del tr\u00e1mite de T\u00edtulo:<\/b><br \/>\n            A trav\u00e9s de la plataforma TAD-UBA se inicia el tramite de t\u00edtulo, adjuntando copia del DNI (anverso y reverso en un \u00fanico archivo) y copia del t\u00edtulo secundario <br \/>\n            legalizado por la Direcci\u00f3n de T\u00edtulos y Planes de la Universidad de Buenos Aires (anverso y reverso en un \u00fanico archivo).<\/p>\n<p>            Con posterioridad, se ingresa al sistema de alumnos de la Facultad y se completa los datos de la solicitud de inicio de tr\u00e1mite. <br \/>\n            Debido a la situaci\u00f3n de publico conocimiento, una vez completado los dos tramites descriptos previamente, se citar\u00e1 para concurrir a la<br \/>\n            Facultad a fin de entregar la siguiente documentaci\u00f3n:<\/p>\n<ul>\n<li>\n                    <img decoding=\"async\" class=\"img-circle img-responsive listado2\" src=\"<?= fileurl('sites\/default\/files\/pictures\/boton.png') ?>\u00bb \/><br \/>\n                    Libreta universitaria\n                <\/li>\n<li>\n                    <img decoding=\"async\" class=\"img-circle img-responsive listado2\" src=\"<?= fileurl('sites\/default\/files\/pictures\/boton.png') ?>\u00bb \/><br \/>\n                    DNI\n                <\/li>\n<\/ul>\n<p>            <!--<b>Legalizaciones de la Universidad de Buenos Aires: a trav\u00e9s de la plataforma TAD-UBA.-<\/b> \n\n--><br \/>\n            <!--A trav\u00e9s del Sistema de Alumnos, men\u00fa \u201cTr\u00e1mites\u201d y dentro de las 48 hs deber\u00e1 presentar los siguientes requisitos en ventanilla de Graduados para confirmar la solicitud:\n            \n\n<ul>\n                \n\n<li>\n                    <img decoding=\"async\" class=\"img-circle img-responsive listado2\" src=\"<?= fileurl('sites\/default\/files\/pictures\/boton.png') ?>\" \/>Libreta Universitaria.<\/li>\n\n\n                \n\n<li>\n                    <img decoding=\"async\" class=\"img-circle img-responsive listado2\" src=\"<?= fileurl('sites\/default\/files\/pictures\/boton.png') ?>\" \/>Certificado original y fotocopia de UBA XXI legalizados, si correspondiere<\/li>\n\n\n                \n\n<li>\n                    <img decoding=\"async\" class=\"img-circle img-responsive listado2\" src=\"<?= fileurl('sites\/default\/files\/pictures\/boton.png') ?>\" \/>Documento Nacional de Identidad y dos fotocopias del mismo.<\/li>\n\n\n                \n\n<li>\n                    <img decoding=\"async\" class=\"img-circle img-responsive listado2\" src=\"<?= fileurl('sites\/default\/files\/pictures\/boton.png') ?>\" \/>Libre deuda de Biblioteca.<\/li>\n\n\n                \n\n<li>\n                    <img decoding=\"async\" class=\"img-circle img-responsive listado2\" src=\"<?= fileurl('sites\/default\/files\/pictures\/boton.png') ?>\" \/>Arancel de expedici\u00f3n de diploma.<\/li>\n\n\n                \n\n<li>\n                    <img decoding=\"async\" class=\"img-circle img-responsive listado2\" src=\"<?= fileurl('sites\/default\/files\/pictures\/boton.png') ?>\" \/>Pago de aranceles de recursadas y repeticiones de ex\u00e1menes, si correspondiere<\/li>\n\n\n                \n\n<li>\n                    <img decoding=\"async\" class=\"img-circle img-responsive listado2\" src=\"<?= fileurl('sites\/default\/files\/pictures\/boton.png') ?>\" \/>T\u00edtulo secundario original, legalizado por la Direcci\u00f3n de T\u00edtulos y Planes de la UBA (Uriburu 950) y fotocopia del mismo.<\/li>\n\n\n                \n\n<li>\n                    <img decoding=\"async\" class=\"img-circle img-responsive listado2\" src=\"<?= fileurl('sites\/default\/files\/pictures\/boton.png') ?>\" \/>Fotocopia del t\u00edtulo secundario legalizada por la Direcci\u00f3n de T\u00edtulos y Planes de la UBA (Uriburu 950)<\/li>\n\n\n                \n\n<li>\n                    <img decoding=\"async\" class=\"img-circle img-responsive listado2\" src=\"<?= fileurl('sites\/default\/files\/pictures\/boton.png') ?>\" \/>Comprobante del Examen Preventivo de Salud Obligatorio<\/li>\n\n\n                \n\n<li>\n                    <img decoding=\"async\" class=\"img-circle img-responsive listado2\" src=\"<?= fileurl('sites\/default\/files\/pictures\/boton.png') ?>\" \/>Tener firmadas todas las materias en la libreta universitaria por los docentes responsables.<\/li>\n\n\n                \n\n<li>\n                    <img decoding=\"async\" class=\"img-circle img-responsive listado2\" src=\"<?= fileurl('sites\/default\/files\/pictures\/boton.png') ?>\" \/>1 Folio A4<\/li>\n\n\n\n            <\/ul>\n\n\n\n            Luego de iniciado, deber\u00e1 completar la Encuesta de Graduados a trav\u00e9s del Sistema de Alumnos.<br \/>\n            <b>Certificado de t\u00edtulo en Tr\u00e1mite (inicio del tr\u00e1mite):<\/b><br \/>\n            Se solicita en ventanilla de Graduados adjuntando el arancel correspondiente.<br \/>\n            Puede retirarlo en forma personal o a trav\u00e9s de un tercero, autorizado previamente por el interesado.<br \/>\n            <b>Certificado anal\u00edtico, promedio de la carrera y duraci\u00f3n de la Carrera<\/b><br \/>\n            Dichos tr\u00e1mites requieren tener finalizado el control del tr\u00e1mite de t\u00edtulo. Se solicitan en ventanilla de Graduados adjuntando el arancel correspondiente.<br \/>\n            Puede retirarlo en forma personal o a trav\u00e9s de un tercero, autorizado previamente por el interesado<br \/>--><br \/>\n            <b>Certificaci\u00f3n de programas<\/b><br \/>\n            Se solicita en ventanilla de Graduados presentando:<\/p>\n<ul>\n<li>\n                    <img decoding=\"async\" class=\"img-circle img-responsive listado2\" src=\"<?= fileurl('sites\/default\/files\/pictures\/boton.png') ?>\u00bb \/>Copia de los programas de las materias aprobadas (autenticados por Biblioteca)<\/li>\n<li>\n                    <img decoding=\"async\" class=\"img-circle img-responsive listado2\" src=\"<?= fileurl('sites\/default\/files\/pictures\/boton.png') ?>\u00bb \/>Aranceles correspondientes, los cuales abona en Tesorer\u00eda de la Facultad.<\/li>\n<\/ul>\n<p>            Este tr\u00e1mite requiere tener finalizado el control del tr\u00e1mite de t\u00edtulo y puede retirarlo, en forma personal o a trav\u00e9s de un tercero,<br \/>\n            autorizado previamente por el interesado. <\/p>\n<p>            <b>Legalizaciones de la Universidad de Buenos Aires a trav\u00e9s de la plataforma TAD-UBA.<\/b> <!--\n            Para realizar las legalizaciones deber\u00e1 solicitar un turno a trav\u00e9s de la p\u00e1gina \n            <a href=\"http:\/\/www.legalizacionesturnos.rec.uba.ar\">http:\/\/www.legalizacionesturnos.rec.uba.ar<\/a><br \/>\n            Se recomienda la lectura de las Normas Generales para tr\u00e1mites de Legalizaci\u00f3n, que se dar\u00e1n a conocer previa solicitud del turno.<br \/>\n            Horario de atenci\u00f3n al p\u00fablico: lunes a viernes de 9.30 a 16 hs. en la Direcci\u00f3n General de T\u00edtulos y Planes, Pte. J. E. Uriburu 950, Subsuelo.<br \/>\n            No se atiende sin turno. Sin Excepci\u00f3n.--><\/p>\n<p>            <b>Direcciones Importantes<br \/>\n                Ministerio de Educaci\u00f3n y Deportes de la Naci\u00f3n<\/b><br \/>\n            Pizurno 935, Ciudad Aut\u00f3noma de Buenos Aires<br \/>\n            (+5411) 4129-1000<br \/>\n            <a href=\"http:\/\/www.me.gov.ar\/\">http:\/\/www.me.gov.ar\/<\/a><\/p>\n<p>            <b>Direcci\u00f3n de Validez Nacional<\/b><br \/>\n            Montevideo 950, PB, Ciudad Aut\u00f3noma de Buenos Aires<br \/>\n            Horario 10 a 12 y de 14 a 16 hs.<br \/>\n            <a href=\"http:\/\/www.me.gov.ar\/validez\/\">http:\/\/www.me.gov.ar\/validez\/<\/a><\/p>\n<p>            <b>Ministerio del Interior, Obras P\u00fablicas y Vivienda<\/b><br \/>\n            Leandro N. Alem 150, Ciudad Aut\u00f3noma de Buenos Aires<br \/>\n            Horario de 9.30 a 17 hs.<br \/>\n            <a href=\"http:\/\/www.mininterior.gov.ar\/\">href=\u00bbhttp:\/\/www.mininterior.gov.ar\/<\/a><\/p>\n<p>            <b>Ministerio de Relaciones Exteriores, Comercio Internacional y Culto-Canciller\u00eda<\/b><br \/>\n            Arenales 819, Ciudad Aut\u00f3noma de Buenos Aires<br \/>\n            Horario 8.30 a 13.30 hs.<br \/>\n            <a href=\"http:\/\/www.mrecic.gov.ar\/\">http:\/\/www.mrecic.gov.ar\/<\/a><\/p>\n<p>            <b>Ministerio de Educaci\u00f3n de la Ciudad de Buenos Aires<\/b><br \/>\n            Bol\u00edvar 191, Ciudad Aut\u00f3noma de Buenos Aires<br \/>\n            Horario de 9 a 17 hs.<br \/>\n            <a href=\"http:\/\/www.buenosaires.gov.ar\/areas\/educacion\/\">http:\/\/www.buenosaires.gov.ar\/areas\/educacion\/<\/a><\/p>\n<p>\n                <b>Consejo Profesional de M\u00e9dicos Veterinarios<\/b><\/p>\n<ul>\n<li>\n                    Direcci\u00f3n: Pasco 760 (C1219ABF), Ciudad Aut\u00f3noma de Buenos Aires<\/li>\n<li>\n                    Tel\u00e9fono: 054 11 5235-1683<\/li>\n<li>\n                    Sitio Web: <a href=\"http:\/\/www.medvet.info\" target=\"_blank\" rel=\"noopener\">http:\/\/www.medvet.info<\/a><\/li>\n<li>\n                    Contacto: <a href=\"mailto:cpmv@medvet.info\">cpmv@medvet.info<\/a><\/li>\n<\/ul>\n<p>\n                <b>Colegio de Veterinarios de la Provincia de Buenos Aires<\/b><\/p>\n<ul>\n<li>\n                    Direcci\u00f3n: Calle 47 N\u00b0 386 &#8211; La Plata (B1900AJP), Buenos Aires<\/li>\n<li>\n                    Tel: (0221) 425-9419 \/ Fax: (0221) 421-9012<\/li>\n<li>\n                    Sitio Web: <a href=\"http:\/\/cvpba.org\/\" target=\"_blank\" rel=\"noopener\">http:\/\/cvpba.org\/<\/a><\/li>\n<\/ul>\n<p>\n                <a href=\"archivos\/alumnos_pdf\/Distritos-Pcia-Buenos-Aires.pdf\" target=\"_blank\" rel=\"noopener\">Distritos Pcia. Buenos Aires<\/a><\/p>\n<p>&nbsp;\n            <\/p>\n<\/p><\/div>\n<div class=\"col-sm-1\">\n            &nbsp;<\/div>\n<\/p><\/div>\n<\/div>\n<div class=\"consejo\">\n<div class=\"titulo-secciones\">\n        Empadronamiento de Graduados<a class=\"ancla\" id=\"empadro\">&nbsp;<\/a><\/div>\n<p>    &nbsp;<\/p>\n<div class=\"row\">\n<div class=\"col-sm-1\">\n            &nbsp;<\/div>\n<div class=\"col-sm-10\">\n            Aquellos graduados que deseen empadronarse podr\u00e1n imprimir y completar por duplicado el Formulario de Inscripci\u00f3n disponible que deber\u00e1n presentar en forma personal en la Direcci\u00f3n de Alumnos y Graduados de 8:00 a 17:00 hs. con DNI.<br \/>\n            <a href=\"archivos\/alumnos_pdf\/17042019\/ACS-2019-0000003-UBA-SG.pdf\">Reglamento Electoral para Graduados Resol. (C.S.) 06\/2019<\/a><\/p>\n<p>            <a href=\"archivos\/alumnos_pdf\/17042019\/1169.pdf\">Resoluci\u00f3n Consejo Directivo(CD) N\u00ba 1169\/2019<\/a><\/p>\n<p>            <a href=\"archivos\/graduados\/Padron-de-graduados-2019.pdf\">Padr\u00f3n de Graduados<\/a> (Actualizado al 22\/04\/2019)<\/div>\n<div class=\"col-sm-1\">\n            &nbsp;<\/div>\n<\/p><\/div>\n<p>\n    &nbsp;<\/div>\n<div class=\"mision\">\n<div class=\"titulo-secciones\">\n        Docentes<a class=\"ancla\" id=\"docentes\">&nbsp;<\/a><\/div>\n<div class=\"row\">\n<div class=\"col-sm-1\">\n            &nbsp;<\/div>\n<div class=\"col-sm-10\">\n            <center><br \/>\n                <b>Direcci\u00f3n de Concursos Docentes<\/b><\/p>\n<h3 class=\"marca\">\n                    Informes<\/h3>\n<p>                Pabell\u00f3n Central PB<br \/>\n                <span class=\"glyphicon glyphicon-earphone\"><\/span> (+54 11) 4524-8408 Int. 408<br \/>\n                <span class=\"glyphicon glyphicon-earphone\"><\/span> (+54 11) 5287-2408 Int. 72408<br \/>\n                <span class=\"glyphicon glyphicon-earphone\"><\/span> (+54 11) 5287-2022 Int. 72022<br \/>\n                <span class=\"glyphicon glyphicon-envelope\"><\/span><a href=\"mailto:concursos@fvet.uba.ar\">concursos@fvet.uba.ar<\/a><\/p>\n<p>                Horarios de lunes a viernes 9:00 a 14:00 hs.<\/p>\n<div class=\"row\">\n<div class=\"col-sm-3\">\n                        <a href=\"<?= fveturl('novedad?noticia_id=16#novedad') ?>\u00ab><img decoding=\"async\" class=\"img-circle img-responsive listado\" src=\"<?= fileurl('sites\/default\/files\/pictures\/boton.png') ?>\u00bb \/>Concursos de Jefes de Unidades del Hospital Escuela de Medicina Veterinaria<\/a><\/div>\n<div class=\"col-sm-3\">\n                        <a href=\"<?= fveturl('?q=concursosDocentes#profesores') ?>\u00ab><img decoding=\"async\" class=\"img-circle img-responsive listado\" src=\"<?= fileurl('sites\/default\/files\/pictures\/boton.png') ?>\u00bb \/>Concursos para proveer cargos de Profesores Regulares<\/a><\/div>\n<div class=\"col-sm-3\">\n                        <a href=\"<?= fveturl('?q=concursosDocentes#auxiliares') ?>\u00ab><img decoding=\"async\" class=\"img-circle img-responsive listado\" src=\"<?= fileurl('sites\/default\/files\/pictures\/boton.png') ?>\u00bb \/>Concursos para proveer cargos de Auxiliares Docentes<\/a><\/div>\n<div class=\"col-sm-3\">\n                        <a href=\"archivos\/institucional\/18042016\/NominaDocentes-14-4-2016.htm\"><img decoding=\"async\" class=\"img-circle img-responsive listado\" src=\"<?= fileurl('sites\/default\/files\/pictures\/boton.png') ?>\u00bb \/>Antecedentes Acad\u00e9micos de los Docentes por C\u00e1tedra<\/a><br \/>\n                        &nbsp;<\/div>\n<\/p><\/div>\n<p>            <\/center>\n        <\/div>\n<div class=\"col-sm-1\">\n            &nbsp;<\/div>\n<\/p><\/div>\n<\/div>\n","protected":false},"excerpt":{"rendered":"<p>Ense\u00f1anza Carreras de Grado&nbsp; &nbsp; La Misi\u00f3n de la Secretaria Acad\u00e9mica de Facultad de Ciencias Veterinarias, es generar una propuesta educativa de formaci\u00f3n profesional, cient\u00edfica, t\u00e9cnica, \u00e9tica y socio comunitaria, que de respuesta a los requerimientos de la sociedad. Objetivos Velar por la formaci\u00f3n de profesionales capaces de tomar decisiones y orientar en la definici\u00f3n [&hellip;]<\/p>\n","protected":false},"author":1,"featured_media":0,"comment_status":"open","ping_status":"open","sticky":false,"template":"","format":"standard","meta":{"_acf_changed":false,"footnotes":""},"categories":[1],"tags":[],"class_list":["post-1983","post","type-post","status-publish","format-standard","hentry","category-sin-categoria"],"acf":[],"publishpress_future_action":{"enabled":false,"date":"2026-09-10 19:13:02","action":"change-status","newStatus":"draft","terms":[],"taxonomy":"category","extraData":[]},"publishpress_future_workflow_manual_trigger":{"enabledWorkflows":[]},"_links":{"self":[{"href":"https:\/\/dev.sitios.fvet.uba.ar\/index.php\/wp-json\/wp\/v2\/posts\/1983","targetHints":{"allow":["GET"]}}],"collection":[{"href":"https:\/\/dev.sitios.fvet.uba.ar\/index.php\/wp-json\/wp\/v2\/posts"}],"about":[{"href":"https:\/\/dev.sitios.fvet.uba.ar\/index.php\/wp-json\/wp\/v2\/types\/post"}],"author":[{"embeddable":true,"href":"https:\/\/dev.sitios.fvet.uba.ar\/index.php\/wp-json\/wp\/v2\/users\/1"}],"replies":[{"embeddable":true,"href":"https:\/\/dev.sitios.fvet.uba.ar\/index.php\/wp-json\/wp\/v2\/comments?post=1983"}],"version-history":[{"count":0,"href":"https:\/\/dev.sitios.fvet.uba.ar\/index.php\/wp-json\/wp\/v2\/posts\/1983\/revisions"}],"wp:attachment":[{"href":"https:\/\/dev.sitios.fvet.uba.ar\/index.php\/wp-json\/wp\/v2\/media?parent=1983"}],"wp:term":[{"taxonomy":"category","embeddable":true,"href":"https:\/\/dev.sitios.fvet.uba.ar\/index.php\/wp-json\/wp\/v2\/categories?post=1983"},{"taxonomy":"post_tag","embeddable":true,"href":"https:\/\/dev.sitios.fvet.uba.ar\/index.php\/wp-json\/wp\/v2\/tags?post=1983"}],"curies":[{"name":"wp","href":"https:\/\/api.w.org\/{rel}","templated":true}]}}