{"id":2009,"date":"2021-12-13T12:47:22","date_gmt":"2021-12-13T15:47:22","guid":{"rendered":"https:\/\/dev.sitios.fvet.uba.ar\/index.php\/voluntariado\/"},"modified":"2021-12-13T12:47:22","modified_gmt":"2021-12-13T15:47:22","slug":"voluntariado","status":"publish","type":"post","link":"https:\/\/dev.sitios.fvet.uba.ar\/index.php\/voluntariado\/","title":{"rendered":"Voluntariado"},"content":{"rendered":"<div class=\"consejo\">\n\t&nbsp;<\/p>\n<div class=\"titulo-secciones\">\n\t\tVoluntariados<a class=\"ancla\" id=\"forma\" name=\"volunt\">&nbsp;<\/a><\/div>\n<p>\t&nbsp;<\/p>\n<div class=\"row\">\n<div class=\"col-sm-1\">\n\t\t\t&nbsp;<\/div>\n<div class=\"col-sm-10\">\n<div class=\"consejo\">\n<ul>\n<li>\n\t\t\t\t\t\t<img decoding=\"async\" class=\"img-circle img-responsive listado2\" src=\"<?= fileurl('sites\/default\/files\/pictures\/boton.png') ?>\u00bb \/> <a href=\"<?= fveturl('?q=voluntariadoDetalle#vol1') ?>\u00ab> \u201cHacia las Pr\u00e1cticas Sociales Educativas Interfacultades: Un abordaje multidisciplinario sobre problem\u00e1ticas demandadas por la poblaci\u00f3n de Barracas.\u201d <\/a><\/li>\n<li>\n\t\t\t\t\t\t<img decoding=\"async\" class=\"img-circle img-responsive listado2\" src=\"<?= fileurl('sites\/default\/files\/pictures\/boton.png') ?>\u00bb \/> <a href=\"<?= fveturl('?q=voluntariadoDetalle#vol2') ?>\u00ab> \u201cAlfabetizaci\u00f3n Secundaria en Ciencias y en Din\u00e1mica Universitaria\u201d <\/a><\/li>\n<li>\n\t\t\t\t\t\t<img decoding=\"async\" class=\"img-circle img-responsive listado2\" src=\"<?= fileurl('sites\/default\/files\/pictures\/boton.png') ?>\u00bb \/> <a href=\"<?= fveturl('?q=voluntariadoDetalle#vol3') ?>\u00ab> \u201cEntre todos prevenimos la trichinellosis\u201d <\/a><\/li>\n<li>\n\t\t\t\t\t\t<img decoding=\"async\" class=\"img-circle img-responsive listado2\" src=\"<?= fileurl('sites\/default\/files\/pictures\/boton.png') ?>\u00bb \/> <a href=\"<?= fveturl('?q=voluntariadoDetalle#vol4') ?>\u00ab> \u201cCabalgando juntos\u201d <\/a><\/li>\n<li>\n\t\t\t\t\t\t<img decoding=\"async\" class=\"img-circle img-responsive listado2\" src=\"<?= fileurl('sites\/default\/files\/pictures\/boton.png') ?>\u00bb \/> <a href=\"<?= fveturl('?q=voluntariadoDetalle#vol5') ?>\u00ab> \u201cLas buenas pr\u00e1cticas de producci\u00f3n porcina y alimentos seguros en contextos reales: promoviendo la salud de la comunidad junto a los productores, alumnos de nivel medio, universitario y docentes III\u201d <\/a><\/li>\n<p>\t\t\t\t\t<!--\t\t\t\t\t\n\n<li>\n\t\t\t\t\t\t<img decoding=\"async\" class=\"img-circle img-responsive listado2\" src=\"<?= fileurl('sites\/default\/files\/pictures\/boton.png') ?>\" \/> <a href=\"<?= fveturl('?q=voluntariadoDetalle#vol6') ?>\"> \u201cTodos juntos consolidamos la prevenci\u00f3n del s\u00edndrome ur\u00e9mico hemol\u00edtico en el Partido de Exaltaci\u00f3n de la Cruz\u201d <\/a><\/li>\n\n\n\t--><\/p>\n<li>\n\t\t\t\t\t\t<img decoding=\"async\" class=\"img-circle img-responsive listado2\" src=\"<?= fileurl('sites\/default\/files\/pictures\/boton.png') ?>\u00bb \/> <a href=\"<?= fveturl('?q=voluntariadoDetalle#vol7') ?>\u00ab> \u201cPromoci\u00f3n de la inocuidad de los alimentos: minimizando riesgos de enfermedades transmitidas por alimentos en el Municipio de Escobar\u201d <\/a><\/li>\n<li>\n\t\t\t\t\t\t<img decoding=\"async\" class=\"img-circle img-responsive listado2\" src=\"<?= fileurl('sites\/default\/files\/pictures\/boton.png') ?>\u00bb \/> <a href=\"<?= fveturl('?q=voluntariadoDetalle#vol8') ?>\u00ab> \u201cConsolidando habilidades en el manejo inocuo de alimentos como motor para el cambio social\u201d <\/a><\/li>\n<li>\n\t\t\t\t\t\t<img decoding=\"async\" class=\"img-circle img-responsive listado2\" src=\"<?= fileurl('sites\/default\/files\/pictures\/boton.png') ?>\u00bb \/> <a href=\"<?= fveturl('?q=voluntariadoDetalle#vol9') ?>\u00ab> \u201cEl camino de la lana. La escuela agropecuaria como agente multiplicador para el desarrollo rural\u201d <\/a><\/li>\n<li>\n\t\t\t\t\t\t<img decoding=\"async\" class=\"img-circle img-responsive listado2\" src=\"<?= fileurl('sites\/default\/files\/pictures\/boton.png') ?>\u00bb \/> <a href=\"<?= fveturl('?q=voluntariadoDetalle#vol10') ?>\u00ab> \u201cUn Mundo una Salud. Aprendizaje Servicio Solidario en \u00e1reas de riesgo sanitario de Villa Soldati\u201d <\/a><\/li>\n<li>\n\t\t\t\t\t\t<img decoding=\"async\" class=\"img-circle img-responsive listado2\" src=\"<?= fileurl('sites\/default\/files\/pictures\/boton.png') ?>\u00bb \/> <a href=\"<?= fveturl('?q=voluntariadoDetalle#vol11') ?>\u00ab> \u201cVolUnTAR, Voluntariado Universitario en Tenencia Animal Responsable\u201d <\/a><\/li>\n<li>\n\t\t\t\t\t\t<img decoding=\"async\" class=\"img-circle img-responsive listado2\" src=\"<?= fileurl('sites\/default\/files\/pictures\/boton.png') ?>\u00bb \/> <a href=\"<?= fveturl('?q=voluntariadoDetalle#vol12') ?>\u00ab> \u201cSANTA LUC\u00cdA EN MOVIMIENTO. Zoonosis rurales. Consolidando las pr\u00e1cticas educativas\u201d <\/a><\/li>\n<li>\n\t\t\t\t\t\t<img decoding=\"async\" class=\"img-circle img-responsive listado2\" src=\"<?= fileurl('sites\/default\/files\/pictures\/boton.png') ?>\u00bb \/> <a href=\"<?= fveturl('?q=voluntariadoDetalle#vol13') ?>\u00ab> \u00abCOMUNIDAD COMPROMETIDA: Trabajamos juntos en la tenencia responsable de caninos y felinos.\u00bb <\/a><\/li>\n<li>\n\t\t\t\t\t\t<img decoding=\"async\" class=\"img-circle img-responsive listado2\" src=\"<?= fileurl('sites\/default\/files\/pictures\/boton.png') ?>\u00bb \/> <a href=\"<?= fveturl('?q=voluntariadoDetalle#vol14') ?>\u00ab> \u201cConstruyendo una producci\u00f3n animal sustentable\u201d <\/a><\/li>\n<li>\n\t\t\t\t\t\t<img decoding=\"async\" class=\"img-circle img-responsive listado2\" src=\"<?= fileurl('sites\/default\/files\/pictures\/boton.png') ?>\u00bb \/> <a href=\"<?= fveturl('?q=voluntariadoDetalle#vol15') ?>\u00ab> \u00abIACA-Senderos Programa AMIGOS\u00bb <\/a><\/li>\n<li>\n\t\t\t\t\t\t<img decoding=\"async\" class=\"img-circle img-responsive listado2\" src=\"<?= fileurl('sites\/default\/files\/pictures\/boton.png') ?>\u00bb \/> <a href=\"<?= fveturl('?q=voluntariadoDetalle#comunidad') ?>\u00ab> Programa Comunidad <\/a><\/li>\n<\/ul><\/div>\n<\/p><\/div>\n<div class=\"col-sm-1\">\n\t\t\t&nbsp;<\/div>\n<\/p><\/div>\n<\/div>\n","protected":false},"excerpt":{"rendered":"<p>&nbsp; Voluntariados&nbsp; &nbsp; &nbsp;<\/p>\n","protected":false},"author":1,"featured_media":0,"comment_status":"open","ping_status":"open","sticky":false,"template":"","format":"standard","meta":{"_acf_changed":false,"footnotes":""},"categories":[1],"tags":[],"class_list":["post-2009","post","type-post","status-publish","format-standard","hentry","category-sin-categoria"],"acf":[],"publishpress_future_action":{"enabled":false,"date":"2026-09-10 18:48:48","action":"change-status","newStatus":"draft","terms":[],"taxonomy":"category","extraData":[]},"publishpress_future_workflow_manual_trigger":{"enabledWorkflows":[]},"_links":{"self":[{"href":"https:\/\/dev.sitios.fvet.uba.ar\/index.php\/wp-json\/wp\/v2\/posts\/2009","targetHints":{"allow":["GET"]}}],"collection":[{"href":"https:\/\/dev.sitios.fvet.uba.ar\/index.php\/wp-json\/wp\/v2\/posts"}],"about":[{"href":"https:\/\/dev.sitios.fvet.uba.ar\/index.php\/wp-json\/wp\/v2\/types\/post"}],"author":[{"embeddable":true,"href":"https:\/\/dev.sitios.fvet.uba.ar\/index.php\/wp-json\/wp\/v2\/users\/1"}],"replies":[{"embeddable":true,"href":"https:\/\/dev.sitios.fvet.uba.ar\/index.php\/wp-json\/wp\/v2\/comments?post=2009"}],"version-history":[{"count":0,"href":"https:\/\/dev.sitios.fvet.uba.ar\/index.php\/wp-json\/wp\/v2\/posts\/2009\/revisions"}],"wp:attachment":[{"href":"https:\/\/dev.sitios.fvet.uba.ar\/index.php\/wp-json\/wp\/v2\/media?parent=2009"}],"wp:term":[{"taxonomy":"category","embeddable":true,"href":"https:\/\/dev.sitios.fvet.uba.ar\/index.php\/wp-json\/wp\/v2\/categories?post=2009"},{"taxonomy":"post_tag","embeddable":true,"href":"https:\/\/dev.sitios.fvet.uba.ar\/index.php\/wp-json\/wp\/v2\/tags?post=2009"}],"curies":[{"name":"wp","href":"https:\/\/api.w.org\/{rel}","templated":true}]}}