{"id":2011,"date":"2021-12-30T13:47:19","date_gmt":"2021-12-30T16:47:19","guid":{"rendered":"https:\/\/dev.sitios.fvet.uba.ar\/index.php\/volum-23-2\/"},"modified":"2021-12-30T13:47:19","modified_gmt":"2021-12-30T16:47:19","slug":"volum-23-2","status":"publish","type":"post","link":"https:\/\/dev.sitios.fvet.uba.ar\/index.php\/volum-23-2\/","title":{"rendered":"Volumen 23 N\u00b0 2 &#8211; 2021"},"content":{"rendered":"<div class=\"row\">\n<div class=\"col-sm-1\"><\/div>\n<div class=\"col-sm-10\">\n<p><\/p>\n<div>\n<p>\n                <strong>InVet<br \/>\n                    ISSN (soporte papel): 1514-6634<br \/>\n                    ISSN (on line): 1668-3498<\/strong><\/p>\n<p>\n                <strong><font face=\"Arial, Helvetica, sans-serif\">Volumen 23, N\u00famero<\/font><\/strong><br \/>\n                <font face=\"Arial, Helvetica, sans-serif\"><strong> 2 &#8211; 2021 Diciembre<\/strong><\/font><\/p>\n<div class=\"pull-right\">\n                <a href=\"?q=volum-23-1\"><br \/>\n                    <button class=\"btn btn-info\" type=\"button\"><br \/>\n                        <span class=\"glyphicon glyphicon-arrow-left\"><\/span><br \/>\n                        Ver volumen 23 N\u00ba1 <\/button><br \/>\n                <\/a>\n            <\/div>\n<hr \/>\n<p align=\"left\">\n                &nbsp;<\/p>\n<p align=\"left\">\n                <b>Articulos de investigaci\u00f3n<\/b><\/p>\n<p align=\"left\">\n                <strong>Ventilaci\u00f3n dual en conejos con condiciones pulmonares heterog\u00e9neas. Evaluaci\u00f3n del dispositivo ACRA. Estudio preliminar<\/strong><br \/>\n                Tarragona, L; Ceballos, M; Zaccagnini, A; Biondini, N; Diaz, A;Costoya, A;Artana, G; Otero, P<br \/>\n            <a href=\"archivos\/publicaciones\/invet\/vol23-2-2021\/art-1-vol23-2-2021.pdf\" target=\"_blank\" rel=\"noopener\">Pdf <\/a>&#8211; <a href=\"archivos\/publicaciones\/invet\/vol23-2-2021\/art1\/index.html\" target=\"_blank\" rel=\"noopener\">Html  <\/a><\/p>\n<p align=\"left\">\n                <strong>An\u00e1lisis comparativo de promotores del gen de calpastatina en Angus y Brahman<\/strong><br \/>\n                Motter, MM ; Corva, PM; Soria, LA<br \/>\n            <a href=\"archivos\/publicaciones\/invet\/vol23-2-2021\/art-6-vol23-2-2021.pdf\" target=\"_blank\" rel=\"noopener\">Pdf <\/a>&#8211; <a href=\"archivos\/publicaciones\/invet\/vol23-2-2021\/art6\/index.html\" target=\"_blank\" rel=\"noopener\">Html  <\/a><\/p>\n<p align=\"left\">\n               <strong>Resistencia a antimicrobianos en bacterias aisladas en la cadena de producci\u00f3n av\u00edcola<\/strong><br \/>\n                L\u00f3pez, V; Guerriero, L  ; Elorza, V ; Kr\u00fcger, A  ; Colello, R  ; Medici, S ; Espinosa, M ; Casado, P ; Recavarren, M  ; Keller, L<br \/>\n           <a href=\"archivos\/publicaciones\/invet\/vol23-2-2021\/art-7-vol23-2-2021.pdf\" target=\"_blank\" rel=\"noopener\">Pdf <\/a>&#8211; <a href=\"archivos\/publicaciones\/invet\/vol23-2-2021\/art7\/index.html\" target=\"_blank\" rel=\"noopener\">Html  <\/a><\/p>\n<p align=\"left\">\n                <strong>Cuantificaci\u00f3n de col\u00e1geno tipo I y tipo III en el coraz\u00f3n de bovinos con deficiencia secundaria de cobre<\/strong><br \/>\n                Nicastro, CN; Postma, GC; Gazzaneo, PD; Olivares, RWI; Schapira, A; Minatel, L<br \/>\n           <a href=\"archivos\/publicaciones\/invet\/vol23-2-2021\/art-9-vol23-2-2021.pdf\" target=\"_blank\" rel=\"noopener\">Pdf <\/a>&#8211; <a href=\"archivos\/publicaciones\/invet\/vol23-2-2021\/art9\/index.html\" target=\"_blank\" rel=\"noopener\">Html  <\/a><\/p>\n<p align=\"left\">\n                <strong>Validaci\u00f3n de un m\u00e9todo para cuantificar tulatromicina en tejidos bovinos mediante cromatograf\u00eda l\u00edquida de alta performance con detecci\u00f3n por espectrometr\u00eda de masas<\/strong><br \/>\n                Barcarolo, D; Addona SM; Angeli, E; Peralta, MB; Ortega, HH; Hein, GJ<br \/>\n            <a href=\"archivos\/publicaciones\/invet\/vol23-2-2021\/art-10-vol23-2-2021.pdf\" target=\"_blank\" rel=\"noopener\">Pdf <\/a>&#8211; <a href=\"archivos\/publicaciones\/invet\/vol23-2-2021\/art10\/index.html\" target=\"_blank\" rel=\"noopener\">Html  <\/a><\/p>\n<p align=\"left\">\n               <strong>Expresi\u00f3n del factor de crecimiento de endotelio vascular y de ciclooxigenasa-2 en pacientes caninos con c\u00e1ncer mamario<\/strong><br \/>\n                Pereira, ME ; Fidanza, MM ; Artese, J ; Gonzalez, SP ; Gabriele, C<br \/>\n            <a href=\"archivos\/publicaciones\/invet\/vol23-2-2021\/art-11-vol23-2-2021.pdf\" target=\"_blank\" rel=\"noopener\">Pdf <\/a>&#8211; <a href=\"archivos\/publicaciones\/invet\/vol23-2-2021\/art11\/index.html\" target=\"_blank\" rel=\"noopener\">Html  <\/a><\/p>\n<p align=\"left\">\n                <b>Revisiones bibliogr\u00e1ficas<\/b><\/p>\n<p align=\"left\">\n               <strong>Percepci\u00f3n de riesgo de S\u00edndrome Ur\u00e9mico Hemol\u00edtico<\/strong><br \/>\n                Broglio, A; Graciano, L; Sanin, M; Blanco Crivelli, X; Cundon ,C; Bonino, MP; Montalvo, F; Degregorio, O; Berra, Y; Bentancor, A<br \/>\n            <a href=\"archivos\/publicaciones\/invet\/vol23-2-2021\/art-2-vol23-2-2021.pdf\" target=\"_blank\" rel=\"noopener\">Pdf <\/a>&#8211; <a href=\"archivos\/publicaciones\/invet\/vol23-2-2021\/art2\/index.html\" target=\"_blank\" rel=\"noopener\">Html  <\/a><\/p>\n<p align=\"left\">\n                <strong>M\u00e9todos de inactivaci\u00f3n de par\u00e1sitos presentes en pescados comercializados para consumo humano<\/strong><br \/>\n                Fari\u00f1a, FA; Pasqualetti, MI; Aronowicz, T; Ercole, M; Bessi, C; Alvarez, M; Lopez, F; Volpedo, A; Ribicich, MM<br \/>\n            <a href=\"archivos\/publicaciones\/invet\/vol23-2-2021\/art-3-vol23-2-2021.pdf\" target=\"_blank\" rel=\"noopener\">Pdf <\/a>&#8211; <a href=\"archivos\/publicaciones\/invet\/vol23-2-2021\/art3\/index.html\" target=\"_blank\" rel=\"noopener\">Html  <\/a><\/p>\n<p align=\"left\">\n                <strong>Aplicaci\u00f3n de los par\u00e1metros farmacocin\u00e9ticos\/farmacodin\u00e1micos (PK\/PD) en la optimizaci\u00f3n terap\u00e9utica de los antimicrobianos.<\/strong><br \/>\n                Ambros, LA; Kreil, VE; Montoya, L; Monfrinotti, A; Passini, Sm; Lupi, MP; Doxandabarat, XD; Esmoris, S; Su\u00e1rez Belzoni, F; Paes Rodr\u00edguez, JD; Vera, V; Almo\u00f1o, B; Lorenzini, PM; Aramayona, SI; Albarellos, GA<br \/>\n            <a href=\"archivos\/publicaciones\/invet\/vol23-2-2021\/art-4-vol23-2-2021.pdf\" target=\"_blank\" rel=\"noopener\">Pdf <\/a>&#8211; <a href=\"archivos\/publicaciones\/invet\/vol23-2-2021\/art4\/index.html\" target=\"_blank\" rel=\"noopener\">Html  <\/a><\/p>\n<p align=\"left\">\n                <strong>Estudio de reservorios, portadores y fuentes de infecci\u00f3n de <i>Escherichia coli<\/i> shigatoxig\u00e9nico en diversos contextos geopol\u00edticos de Argentina<\/strong><br \/>\n                Bonino, MP ; Broglio, A ; Sanin, M; Cundon, C; Rumi, MV; Blanco Crivelli, X; Bentancor, A<br \/>\n           <a href=\"archivos\/publicaciones\/invet\/vol23-2-2021\/art-5-vol23-2-2021.pdf\" target=\"_blank\" rel=\"noopener\">Pdf <\/a>&#8211; <a href=\"archivos\/publicaciones\/invet\/vol23-2-2021\/art5\/index.html\" target=\"_blank\" rel=\"noopener\">Html  <\/a><\/p>\n<p align=\"left\">\n                <strong>Rol de la hormona del crecimiento en la funci\u00f3n ov\u00e1rica de la vaca lechera<\/strong><br \/>\n                Leiva, CJ ; Durante, LI ; B\u00e9rtoli, J ; Gatti, E ; Baravalle, E ; Rey, F ; Ortega HH ; Marelli BE<br \/>\n           <a href=\"archivos\/publicaciones\/invet\/vol23-2-2021\/art-8-vol23-2-2021.pdf\" target=\"_blank\" rel=\"noopener\">Pdf <\/a>&#8211; <a href=\"archivos\/publicaciones\/invet\/vol23-2-2021\/art8\/index.html\" target=\"_blank\" rel=\"noopener\">Html  <\/a><\/p>\n<p align=\"left\">\n               <strong>Estudios epidemiol\u00f3gicos en la interfase humano &#8211; animal &#8211; ecosistema. Factores relacionados al riesgo de infecci\u00f3n de pat\u00f3genos zoon\u00f3ticos<\/strong><br \/>\n                Berra, Y ; Graciano, L ; Bravo, J ; Orozco, M ; Marcos, E ; Degregorio, O<br \/>\n           <a href=\"archivos\/publicaciones\/invet\/vol23-2-2021\/art-13-vol23-2-2021.pdf\" target=\"_blank\" rel=\"noopener\">Pdf <\/a>&#8211; <a href=\"archivos\/publicaciones\/invet\/vol23-2-2021\/art13\/index.html\" target=\"_blank\" rel=\"noopener\">Html  <\/a><\/p>\n<p align=\"left\">\n                <strong>Gesti\u00f3n de residuos e indicadores de manejo de nutrientes en sistemas ganaderos intensificados<\/strong><br \/>\n                Gil, SB ; Carb\u00f3, L ; Herrero, MA<br \/>\n            <a href=\"archivos\/publicaciones\/invet\/vol23-2-2021\/art-14-vol23-2-2021.pdf\" target=\"_blank\" rel=\"noopener\">Pdf <\/a>&#8211; <a href=\"archivos\/publicaciones\/invet\/vol23-2-2021\/art14\/index.html\" target=\"_blank\" rel=\"noopener\">Html  <\/a><\/p>\n<p align=\"left\">\n                <strong>Biomarcadores moleculares en mastitis bovina<\/strong><br \/>\n                Caggiano, N ; De Simone, E<br \/>\n            <a href=\"archivos\/publicaciones\/invet\/vol23-2-2021\/art-15-vol23-2-2021.pdf\" target=\"_blank\" rel=\"noopener\">Pdf <\/a>&#8211; <a href=\"archivos\/publicaciones\/invet\/vol23-2-2021\/art15\/index.html\" target=\"_blank\" rel=\"noopener\">Html  <\/a><\/p>\n<p align=\"left\">\n                <strong>Elementos traza de importancia nutricional y toxicol\u00f3gica: biotransferencia desde matrices <\/strong><br \/>\n                Arellano, F.; Rodriguez, MS.; Alvarez-gon\u00e7alvez, C.; Fernandez Cirelli, A.; P\u00e9rez Carrera, A.<br \/>\n            <a href=\"archivos\/publicaciones\/invet\/vol23-2-2021\/art-16-vol23-2-2021.pdf\" target=\"_blank\" rel=\"noopener\">Pdf <\/a>&#8211; <a href=\"archivos\/publicaciones\/invet\/vol23-2-2021\/art16\/index.html\" target=\"_blank\" rel=\"noopener\">Html  <\/a><\/p>\n<p align=\"left\">\n                <b>Comunicaciones cortas<\/b><\/p>\n<p align=\"left\">\n                <strong>Frecuencia de estereotipias cl\u00e1sicas en caballos de polo en Chile: Estudio preliminar<\/strong><br \/>\n                Arce, G ; Mu\u00f1oz, L ; G\u00e4dicke, P<br \/>\n           <a href=\"archivos\/publicaciones\/invet\/vol23-2-2021\/art-12-vol23-2-2021.pdf\" target=\"_blank\" rel=\"noopener\">Pdf <\/a>&#8211; <a href=\"archivos\/publicaciones\/invet\/vol23-2-2021\/art12\/index.html\" target=\"_blank\" rel=\"noopener\">Html  <\/a><\/p>\n<p align=\"left\">\n                <a href=\"archivos\/publicaciones\/invet\/vol23-2-2021\/jornadas_ceta_2021.pdf\" target=\"_blank\" rel=\"noopener\">Jornadas CETA <\/a><\/p>\n<p align=\"left\">\n                <a href=\"archivos\/publicaciones\/invet\/vol23-2-2021\/jornadas_incli_2021.pdf\" target=\"_blank\" rel=\"noopener\">Jornadas Inclivet <\/a><\/p>\n<p align=\"left\">\n                <a href=\"archivos\/publicaciones\/invet\/vol23-2-2021\/jornadas_initra_2021.pdf\" target=\"_blank\" rel=\"noopener\">Jornadas INITRA <\/a><\/p>\n<p align=\"left\">\n                &nbsp;<\/p>\n<p><\/p>\n<p align=\"left\">\n                <a href=\"archivos\/publicaciones\/invet\/vol23-2-2021\/Legales-InVetV23-2.pdf\" target=\"_blank\" rel=\"noopener\">Legales <\/a><\/p>\n<hr \/>\n<p><\/p>\n<div class=\"pull-right\">\n                <a href=\"?q=volum-23-1\"><br \/>\n                    <button class=\"btn btn-info\" type=\"button\"><br \/>\n                        <span class=\"glyphicon glyphicon-arrow-left\"><\/span><br \/>\n                        Ver volumen 23 N\u00ba1 <\/button><br \/>\n                <\/a>\n            <\/div>\n<p><\/p>\n<p align=\"left\">\n                &nbsp;<\/p>\n<\/p><\/div>\n<\/p><\/div>\n<\/div>\n","protected":false},"excerpt":{"rendered":"<p>InVet ISSN (soporte papel): 1514-6634 ISSN (on line): 1668-3498 Volumen 23, N\u00famero 2 &#8211; 2021 Diciembre Ver volumen 23 N\u00ba1 &nbsp; Articulos de investigaci\u00f3n Ventilaci\u00f3n dual en conejos con condiciones pulmonares heterog\u00e9neas. Evaluaci\u00f3n del dispositivo ACRA. Estudio preliminar Tarragona, L; Ceballos, M; Zaccagnini, A; Biondini, N; Diaz, A;Costoya, A;Artana, G; Otero, P Pdf &#8211; Html [&hellip;]<\/p>\n","protected":false},"author":1,"featured_media":0,"comment_status":"open","ping_status":"open","sticky":false,"template":"","format":"standard","meta":{"_acf_changed":false,"footnotes":""},"categories":[1],"tags":[],"class_list":["post-2011","post","type-post","status-publish","format-standard","hentry","category-sin-categoria"],"acf":[],"publishpress_future_action":{"enabled":false,"date":"2026-09-09 01:09:28","action":"change-status","newStatus":"draft","terms":[],"taxonomy":"category","extraData":[]},"publishpress_future_workflow_manual_trigger":{"enabledWorkflows":[]},"_links":{"self":[{"href":"https:\/\/dev.sitios.fvet.uba.ar\/index.php\/wp-json\/wp\/v2\/posts\/2011","targetHints":{"allow":["GET"]}}],"collection":[{"href":"https:\/\/dev.sitios.fvet.uba.ar\/index.php\/wp-json\/wp\/v2\/posts"}],"about":[{"href":"https:\/\/dev.sitios.fvet.uba.ar\/index.php\/wp-json\/wp\/v2\/types\/post"}],"author":[{"embeddable":true,"href":"https:\/\/dev.sitios.fvet.uba.ar\/index.php\/wp-json\/wp\/v2\/users\/1"}],"replies":[{"embeddable":true,"href":"https:\/\/dev.sitios.fvet.uba.ar\/index.php\/wp-json\/wp\/v2\/comments?post=2011"}],"version-history":[{"count":0,"href":"https:\/\/dev.sitios.fvet.uba.ar\/index.php\/wp-json\/wp\/v2\/posts\/2011\/revisions"}],"wp:attachment":[{"href":"https:\/\/dev.sitios.fvet.uba.ar\/index.php\/wp-json\/wp\/v2\/media?parent=2011"}],"wp:term":[{"taxonomy":"category","embeddable":true,"href":"https:\/\/dev.sitios.fvet.uba.ar\/index.php\/wp-json\/wp\/v2\/categories?post=2011"},{"taxonomy":"post_tag","embeddable":true,"href":"https:\/\/dev.sitios.fvet.uba.ar\/index.php\/wp-json\/wp\/v2\/tags?post=2011"}],"curies":[{"name":"wp","href":"https:\/\/api.w.org\/{rel}","templated":true}]}}