{"id":2015,"date":"2022-04-19T16:05:52","date_gmt":"2022-04-19T19:05:52","guid":{"rendered":"https:\/\/dev.sitios.fvet.uba.ar\/index.php\/nivel-tres-vacio\/"},"modified":"2022-04-19T16:05:52","modified_gmt":"2022-04-19T19:05:52","slug":"nivel-tres-vacio","status":"publish","type":"post","link":"https:\/\/dev.sitios.fvet.uba.ar\/index.php\/nivel-tres-vacio\/","title":{"rendered":"Nivel tres &#8211; vacio"},"content":{"rendered":"<h3 class=\"titulo-insti\">\n\tBases Agr\u00edcolas<\/h3>\n<div class=\"mision\">\n<div class=\"titulo-secciones\">\n\t\t&nbsp;<a class=\"ancla\" id=\"inicio\">&nbsp;<\/a><\/div>\n<div class=\"row\">\n<div class=\"col-sm-1\">\n\t\t\t&nbsp;<\/div>\n<div class=\"col-sm-10\">\n\t\t\t<br \/>\n\t\t\t<a href=\"http:\/\/www.fvet.uba.ar\/?q=basesAgricolas#cur_grad\"><b>Cursos de Grado<\/b><\/a><\/p>\n<p>\t\t\t&#8211; <a href=\"http:\/\/www.fvet.uba.ar\/?q=basesAgricolas#cod_401\"><b>Bases Agr\u00edcolas<\/b><\/a><br \/>\n\t\t\t&#8211; <a href=\"http:\/\/www.fvet.uba.ar\/?q=basesAgricolas#cod_473\"><b>Pr\u00e1cticas Profesionales Supervisadas de Forrajes <\/b><\/a><br \/>\n\t\t\t&#8211; <a href=\"http:\/\/www.fvet.uba.ar\/?q=basesAgricolas#p_a_m_a\"><b>Pr\u00e1cticas Profesionales Supervisadas de Producci\u00f3n Animal y Medio ambiente<\/b><\/a><br \/>\n\t\t\t&#8211; <a href=\"http:\/\/www.fvet.uba.ar\/?q=basesAgricolas#curso_voc\"><b>Curso Vocacional<\/b><\/a><br \/>\n\t\t\t&#8211; <a href=\"http:\/\/www.fvet.uba.ar\/?q=basesAgricolas#viaje_2010\"><b>Viajes<\/b><\/a><br \/>\n\t\t\t&#8211; <a href=\"http:\/\/www.fvet.uba.ar\/?q=basesAgricolas#libretas\"><b>Finales y Firma de Libretas<\/b><\/a><br \/>\n\t\t\t&#8211; <a href=\"http:\/\/www.fvet.uba.ar\/?q=basesAgricolas#horarios\"><b>Horarios y Consultas<\/b><\/a><br \/>\n\t\t\t&#8211; <a href=\"http:\/\/www.fvet.uba.ar\/?q=basesAgricolas#asist_cump\"><b>Asistencia Cumplida<\/b><\/a><\/p>\n<p>\t\t\t<a href=\"http:\/\/www.fvet.uba.ar\/?q=basesAgricolas#posgrado\"><b>Cursos de Posgrado:<\/b><\/a><\/p>\n<p>\t\t\t&#8211; <a href=\"http:\/\/www.fvet.uba.ar\/?q=basesAgricolas#a_p_u_a\"><b>Ambiente, Producci\u00f3n y Utilizaci\u00f3n de Alimentos<\/b><\/a><br \/>\n\t\t\t&#8211; <a href=\"http:\/\/www.fvet.uba.ar\/?q=basesAgricolas#monografias\"><b>Monograf\u00edas<\/b><\/a><\/p>\n<p>\n\t\t\t<b>Actividades de Investigaci\u00f3n<\/b><\/p>\n<p>\t\t\t<a href=\"http:\/\/www.fvet.uba.ar\/proyectoareaagricola\/\"><b>CALCULADOR DE BALANCES DE NUTRIENTES<\/b><\/a><\/p>\n<p>\t\t\t&#8211; <a href=\"http:\/\/www.fvet.uba.ar\/?q=basesAgricolas#investig\"><b>Proyectos de Investigaci\u00f3n<\/b><\/a><br \/>\n\t\t\t&#8211; <a href=\"http:\/\/www.fvet.uba.ar\/?q=basesAgricolas#Publica\"><b>Publicaciones<\/b><\/a><\/p>\n<p>\t\t\t<a href=\"http:\/\/www.fvet.uba.ar\/?q=basesAgricolas#Recursos\"><b>Formaci\u00f3n de Recursos Humanos<\/b><\/a><\/p>\n<p>\t\t\t&#8211; <a href=\"http:\/\/www.fvet.uba.ar\/?q=basesAgricolas#Vocacional\"><b>Curso Vocacional<\/b><\/a><br \/>\n\t\t\t&#8211; <a href=\"http:\/\/www.fvet.uba.ar\/?q=basesAgricolas#Ayudantes\"><b>Escuela de Ayudantes<\/b><\/a><br \/>\n\t\t\t&#8211; <a href=\"http:\/\/www.fvet.uba.ar\/?q=basesAgricolas#Galer\u00eda\"><b>Galer\u00eda de Fotos<\/b><\/a><br \/>\n\t\t\t&#8211; <a href=\"http:\/\/www.fvet.uba.ar\/?q=basesAgricolas#Becarios\"><b>Becarios<\/b><\/a><br \/>\n\t\t\t&#8211; <a href=\"http:\/\/www.fvet.uba.ar\/?q=basesAgricolas#Pas_ext\"><b>Pasantes Externos<\/b><\/a><br \/>\n\t\t\t&#8211; <a href=\"http:\/\/www.fvet.uba.ar\/?q=gestionAmbiental\"><b>Trabajos de Investigaci\u00f3n en Carrera Docente<\/b><\/a><\/p>\n<p>\n\t\t\tPasant\u00edas de Grado:<\/p>\n<p>\t\t\t&#8211; <a href=\"http:\/\/www.fvet.uba.ar\/?q=planForrajero\"><b>Pasantia de Evaluaci\u00f3n, Utilizaci\u00f3n y Planeamiento Forrajero<\/b><\/a><br \/>\n\t\t\t&#8211; <a href=\"http:\/\/www.fvet.uba.ar\/?q=basesAgricolas#Carr_Doc\"><b>Pasantia de Gesti\u00f3n Ambiental Aplicado a los Sistemas Ganaderos<\/b><\/a><\/p>\n<p>\n\t\t\tServicios a Terceros:<\/p>\n<p>\t\t\t&#8211; <a href=\"http:\/\/www.fvet.uba.ar\/?q=basesAgricolas#terceros\"><b>Personal Afectado al Servicio<\/b><\/a><br \/>\n\t\t\t&#8211; <a href=\"http:\/\/www.fvet.uba.ar\/?q=basesAgricolas#servicios\"><b>Descripci\u00f3n de los Servicios<\/b><\/a><\/p>\n<p>\t\t\t<a href=\"http:\/\/www.fvet.uba.ar\/?q=basesAgricolas#comunidad\"><b>Actividades Con la Comunidad:<\/b><\/a><\/p>\n<p>\t\t\t&#8211; <a href=\"http:\/\/www.fvet.uba.ar\/?q=basesAgricolas#agua_factor\"><b>Cursos de Extensi\u00f3n y Capacitaci\u00f3n<\/b><\/a><br \/>\n\t\t\t&#8211; <a href=\"http:\/\/www.fvet.uba.ar\/?q=basesAgricolas#charlas_empresas\"><b>Proyectos, Informes T\u00e9cnicos y Charlas<\/b><\/a><br \/>\n\t\t\t&#8211; <a href=\"http:\/\/www.fvet.uba.ar\/?q=basesAgricolas#agua_rural\"><b>Proyecto Agua-Escuela<\/b><\/a><br \/>\n\t\t\t&#8211; <a href=\"http:\/\/www.fvet.uba.ar\/?q=basesAgricolas#integ_socio_product\"><b>Proyecto Agua e Integraci\u00f3n Socio-Productiva Regional<\/b><\/a><\/p>\n<p>\t\t\t&#8211; <a href=\"http:\/\/www.fvet.uba.ar\/?q=basesAgricolas#toxicas\"><b>Jard\u00edn de Plantas T\u00f3xicas Da\u00f1inas y Forrajetum:<\/b><\/a><\/p>\n<p>\t\t\t&#8211; <a href=\"http:\/\/www.fvet.uba.ar\/?q=basesAgricolas#ptoxicasgrandes\"><b>Jard\u00edn de plantas T\u00f3xicas Da\u00f1inas Grandes Animales<\/b><\/a><br \/>\n\t\t\t&#8211; <a href=\"http:\/\/www.fvet.uba.ar\/?q=basesAgricolas#ptoxicaspeque\"><b>Jard\u00edn de Plantas Ornamentales T\u00f3xicas<\/b><\/a><br \/>\n\t\t\t&#8211; <a href=\"http:\/\/www.fvet.uba.ar\/?q=basesAgricolas#forrajetum\"><b>Forrajetum:<\/b><\/a><\/p>\n<p>\t\t\tArt\u00edculos de Inter\u00e9s<\/p>\n<p>\t\t\tLinks de Inter\u00e9s &#8211; en preparaci\u00f3n<\/p><\/div>\n<div class=\"col-sm-1\">\n\t\t\t&nbsp;<\/div>\n<\/p><\/div>\n<p>\n\t&nbsp;<\/div>\n<div class=\"decano\">\n<div class=\"titulo-secciones\">\n\t\tCursos de Grado<a class=\"ancla\" id=\"cur_grad\">&nbsp;<\/a><\/div>\n<p>\t&nbsp;<\/p>\n<div class=\"row\">\n<div class=\"col-sm-1\">\n\t\t\t&nbsp;<\/div>\n<div class=\"col-sm-10\">\n<p>\n\t\t\t<b>Primer Semestre<\/b><\/p>\n<p>\t\t\t<a href=\"http:\/\/www.fvet.uba.ar\/?q=basesAgricolas#cod_473\"><b>Forrajes:<\/b><\/a> curso obligatorio de la Intensificaci\u00f3n en Producci\u00f3n Animal. El programa se desarrolla en 45 horas que se dictan una vez por semana, comenzando la 3er. semana de clases. En el cronograma se establecen dos d\u00edas para viajes a campo.<\/p>\n<p>\t\t\t<a href=\"http:\/\/www.fvet.uba.ar\/?q=basesAgricolas#cod_401\"><b>Bases Agr\u00edcolas para la Producci\u00f3n Animal:<\/b><\/a> curso extramodular del tronco com\u00fan de la carrera de Veterinaria. El programa se desarrolla en 65 horas que se dictan una vez por semana, comenzando la 1er. semana de clases. En el cronograma se establecen los temas y actividades de los te\u00f3rico-pr\u00e1cticos.<\/p>\n<p>\t\t\t<a href=\"http:\/\/www.fvet.uba.ar\/?q=basesAgricolas#p_a_m_a\"><b>Producci\u00f3n Animal y Medio Ambiente:<\/b><\/a> curso electivo para la carrera de Licenciatura en Gesti\u00f3n de los Agroalimentos y extracurricular para la carrera de Veterinaria. El programa se desarrolla en 30 horas que se dictan en clases y viajes de campo una vez por semana durante 6 semanas. En el cronograma se establecen los temas y actividades de los te\u00f3rico-pr\u00e1cticos.<\/p>\n<p>\t\t\t<a href=\"http:\/\/www.fvet.uba.ar\/?q=basesAgricolas#curso_voc\"><b>Curso Vocacional de Bases Agr\u00edcolas para la Producci\u00f3n Animal:<\/b><\/a> curso optativo para alumnos que hayan aprobado el curso obligatorio de Bases Agr\u00edcolas para la Producci\u00f3n Animal. Este curso integra parte de la formaci\u00f3n de la <a href=\"http:\/\/www.fvet.uba.ar\/?q=basesAgricolas#Ayudantes\"><b>Escuela de Ayudantes<\/b><\/a>. El programa se desarrolla en 12 semanas con d\u00edas de encuentros a definir, comenzando luego de la cuarta semana de clases. (Se informa por carteleras de la Facultad, el d\u00eda y horario de la reuni\u00f3n previa al inicio de clases). En el cronograma se establecen los temas y actividades de los te\u00f3rico-pr\u00e1cticos.<\/p>\n<p>\n\t\t\t<b>Segundo Semestre<\/b><\/p>\n<p>\t\t\t<a href=\"http:\/\/www.fvet.uba.ar\/?q=basesAgricolas#cod_401\"><b>Bases Agr\u00edcolas para la Producci\u00f3n Animal:<\/b><\/a> curso obligatorio del tronco com\u00fan de la carrera de Veterinaria. El programa se desarrolla en 65 horas que se dictan una vez por semana en comisiones asignadas en diversos horarios, comenzando la 1er. semana de clases. En el cronograma se establecen los temas y actividades de los te\u00f3rico-pr\u00e1cticos y de viajes.<\/p>\n<p>\t\t\t<b>Otros datos de inter\u00e9s<\/b><\/p>\n<p>\t\t\t&#8211; <a href=\"http:\/\/www.fvet.uba.ar\/?q=basesAgricolas#asist_cump\"><b>Asistencia Cumplida<\/b><\/a><\/p>\n<p>\t\t\t&#8211; <a href=\"http:\/\/www.fvet.uba.ar\/?q=basesAgricolas#libretas\"><b>Ex\u00e1menes finales<\/b><\/a><\/p>\n<p>\t\t\t&#8211; <a href=\"http:\/\/www.fvet.uba.ar\/?q=basesAgricolas#libretas\"><b>Firma de libretas<\/b><\/a><\/p>\n<p>\t\t\t&#8211; <a href=\"http:\/\/www.fvet.uba.ar\/?q=basesAgricolas#horarios\"><b>Horario de consulta<\/b><\/a><\/div>\n<div class=\"col-sm-1\">\n\t\t\t&nbsp;<\/div>\n<\/p><\/div>\n<p>\n\t&nbsp;<\/div>\n<div class=\"autoridades\">\n<div class=\"titulo-secciones\">\n\t\t<b>Curso de Bases Agr\u00edcolas para la Producci\u00f3n Animal &#8211; C\u00f3digo 401<\/b><a class=\"ancla\" id=\"cod_401\">&nbsp;<\/a><\/div>\n<p>\t&nbsp;<\/p>\n<div class=\"row\">\n<div class=\"col-sm-1\">\n\t\t\t&nbsp;<\/div>\n<div class=\"col-sm-10\">\n<p>\t\t\tProfesor Asociado: Ing. Agr. Mar\u00eda Alejandra Herrero<\/p>\n<p>\t\t\tModalidad del curso: Te\u00f3rico &#8211; Pr\u00e1ctico<\/p>\n<p>\t\t\tCorrelativas: Qu\u00edmica Org\u00e1nica de Biomol\u00e9culas (Regular)<\/p>\n<p>\t\t\tObjetivos del curso:<br \/>\n\t\t\tIntroducir al alumno en los conocimientos de la interacci\u00f3n entre el suelo, el agua y las plantas en relaci\u00f3n con el animal tanto en la faz productiva como en la sanitaria.<\/p>\n<p>\t\t\tInterpretar el sistema de producci\u00f3n animal como un ecosistema.<\/p>\n<p>\t\t\tAcercar al estudiante a la realidad rural, dado el car\u00e1cter predominantemente urbano del mismo.<\/p>\n<p>\t\t\t<a href=\"http:\/\/www.fvet.uba.ar\/archivos\/catedras\/arch_bases_agric\/bases_agricolas_programa06.pdf\">Programa<\/a><\/p>\n<p>\t\t\tCurso Modular:<a href=\"http:\/\/www.fvet.uba.ar\/?q=basesAgricolas#Cronog_tp\"> Cronograma de las clases te\u00f3rico &#8211; pr\u00e1cticas<\/a><\/p>\n<p>\t\t\tCurso Extramodular:<a href=\"http:\/\/www.fvet.uba.ar\/?q=basesAgricolas#planif_2008\"> Cronograma 2008<\/a> &#8211; <a href=\"http:\/\/www.fvet.uba.ar\/?q=basesAgricolas#comisiones_tp\">Informaci\u00f3n cursada 2008<\/a><\/p>\n<p>\t\t\t<a href=\"http:\/\/www.fvet.uba.ar\/?q=basesAgricolas#medios\">Medios de evaluaci\u00f3n<\/a><\/p>\n<p>\t\t\t<a href=\"http:\/\/www.fvet.uba.ar\/?q=basesAgricolas#bibliografia\">Bibliograf\u00eda<\/a><\/p>\n<p>\t\t\t<a href=\"http:\/\/www.fvet.uba.ar\/?q=basesAgricolas#viaje_2010\">Viajes<\/a><\/div>\n<div class=\"col-sm-1\">\n\t\t\t&nbsp;<\/div>\n<\/p><\/div>\n<p>\n\t&nbsp;<\/div>\n<div class=\"consejo\">\n<div class=\"titulo-secciones\">\n\t\t<b>Curso de Forrajes(Intensificaci\u00f3n en Producci\u00f3n Animal) &#8211; Cod. N\u00ba 473<\/b><a class=\"ancla\" id=\"cod_473\">&nbsp;<\/a><\/div>\n<p>\t&nbsp;<\/p>\n<div class=\"row\">\n<div class=\"col-sm-1\">\n\t\t\t&nbsp;<\/div>\n<div class=\"col-sm-10\">\n<p>\t\t\tProfesor a cargo: Med. Vet. Agust\u00edn A. Orlando<\/p>\n<p>\t\t\tPersonal docente:<\/p>\n<p>\t\t\t&#8211; Ing. Agr. Alejandro<br \/>\n\t\t\t&#8211; Ing. Agr. Juan Jos\u00e9 Ormazabal<br \/>\n\t\t\t&#8211; Med. Vet. Lorna Carb\u00f3<\/p>\n<p>\t\t\tCarga Horaria: 35 hs.<\/p>\n<p>\t\t\tModalidad del Curso: Te\u00f3rico &#8211; Pr\u00e1ctico.<\/p>\n<p>\t\t\tCorrelatividades: 401 &#8211; Bases Agr\u00edcolas para la Producci\u00f3n Animal (regular y aprobada).<\/p>\n<p>\t\t\tObjetivos Generales:<\/p>\n<p>\t\t\tProfundizar los conocimientos adquiridos en Bases Agr\u00edcolas para la Producci\u00f3n Animal.<\/p>\n<p>\t\t\tComprender el rol de la alimentaci\u00f3n pastoril en la producci\u00f3n animal en la Argentina. Intensificar el conocimiento de las forrajeras de las regiones extra pampeanas, su producci\u00f3n y su manejo.<\/p>\n<p>\t\t\tReconocer los forrajes y las plantas que afectan al ganado o a su producci\u00f3n.<\/p>\n<p>\t\t\tIntroducir conocimientos sobre el manejo y la programaci\u00f3n de la alimentaci\u00f3n en los distintos sistemas de producci\u00f3n animal.<\/p>\n<p>\t\t\t<a href=\"http:\/\/www.fvet.uba.ar\/?q=basesAgricolas#c_t_473\"><b>Contenidos Tem\u00e1ticos<\/b><\/a><\/p>\n<p>\t\t\t<a href=\"http:\/\/www.fvet.uba.ar\/?q=basesAgricolas#med_eva\"><b>Medios de Evaluaci\u00f3n<\/b><\/a><\/p>\n<p>\t\t\t<a href=\"http:\/\/www.fvet.uba.ar\/?q=basesAgricolas#crono_tp\"><b>Cronograma<\/b><\/a><\/p>\n<p>\t\t\t<a href=\"http:\/\/www.fvet.uba.ar\/?q=basesAgricolas#biblio\"><b>Bibliograf\u00eda<\/b><\/a><\/p>\n<p>\t\t\t<a href=\"http:\/\/www.fvet.uba.ar\/?q=basesAgricolas#forrajes-viajes\"><b>Viajes<\/b><\/a><\/div>\n<div class=\"col-sm-1\">\n\t\t\t&nbsp;<\/div>\n<\/p><\/div>\n<p>\n\t&nbsp;<\/div>\n<div class=\"mision\">\n<div class=\"titulo-secciones\">\n\t\t<b>Curso de Producci\u00f3n Animal y Medio Ambiente<\/b><a class=\"ancla\" id=\"p_a_m_a\">&nbsp;<\/a><\/div>\n<p>\t&nbsp;<\/p>\n<div class=\"row\">\n<div class=\"col-sm-1\">\n\t\t\t&nbsp;<\/div>\n<div class=\"col-sm-10\">\n<p>\t\t\tRes CD: 1737\/08 &#8211; Propuesta de Programa Definitivo<\/p>\n<p>\t\t\tCarreras: Licenciatura en Agroalimentos (curso electivo) y Veterinaria (curso optativo)<\/p>\n<p>\t\t\tModalidad: Clases te\u00f3rico-pr\u00e1cticas, viajes y an\u00e1lisis de casos.<\/p>\n<p>\t\t\tCarga Horaria: 32 horas<\/p>\n<p>\t\t\tProfesores a Cargo:<br \/>\n\t\t\t&#8211; Med. Vet. Agust\u00edn A. Orlando,<br \/>\n\t\t\t&#8211; Med. Vet. Susana B. Gil,<br \/>\n\t\t\t&#8211; Dra. Marcela Rebuelto<\/p>\n<p>\t\t\tRegimen de Correlatividades:<br \/>\n\t\t\t\u2022 Materias Regulares:<br \/>\n\t\t\t&#8211; Producci\u00f3n de Ovinos I,<br \/>\n\t\t\t&#8211; Producci\u00f3n de Bovinos de Carne I,<br \/>\n\t\t\t&#8211; Producci\u00f3n de Porcinos I,<br \/>\n\t\t\t&#8211; Producci\u00f3n de Bovinos Lecheros I,<br \/>\n\t\t\t&#8211; Producci\u00f3n de Aves I,<br \/>\n\t\t\t&#8211; Producci\u00f3n de Equinos I<\/p>\n<p>\t\t\tObjetivos:<br \/>\n\t\t\t\u2022 Comprender los fundamentos de los efectos sobre el medio ambiente de los distintos sistemas de producci\u00f3n animal.<br \/>\n\t\t\t\u2022 Integrar conceptos productivos con aspectos relacionados al impacto sobre el medio ambiente, la calidad de los productos obtenidos y la sustentabilidad de los sistemas de producci\u00f3n.<br \/>\n\t\t\t\u2022 Incorporar los conceptos de gesti\u00f3n ambiental al desarrollo profesional del futuro veterinario.<\/p>\n<p>\t\t\t<a href=\"http:\/\/www.fvet.uba.ar\/?q=basesAgricolas#programa_1737_08\">Programa<\/a><\/p>\n<p>\t\t\t<a href=\"http:\/\/www.fvet.uba.ar\/?q=basesAgricolas#cronograma_1737_08\">Cronograma<\/a><\/p>\n<p>\t\t\t<a href=\"http:\/\/www.fvet.uba.ar\/?q=basesAgricolas#evaluacion_1737_08\">Medios de evaluaci\u00f3n<\/a><\/p>\n<p>\t\t\t<a href=\"http:\/\/www.fvet.uba.ar\/?q=basesAgricolas#bibliografia_1737_08\">Bibliograf\u00eda<\/a><\/div>\n<div class=\"col-sm-1\">\n\t\t\t&nbsp;<\/div>\n<\/p><\/div>\n<p>\n\t&nbsp;<\/div>\n<div class=\"decano\">\n<div class=\"titulo-secciones\">\n\t\tCurso Vocacional de Capacitaci\u00f3n en Bases Agr\u00edcolas para la Producci\u00f3n Animal<a class=\"ancla\" id=\"curso_voc\">&nbsp;<\/a><\/div>\n<p>\t&nbsp;<\/p>\n<div class=\"row\">\n<div class=\"col-sm-1\">\n\t\t\t&nbsp;<\/div>\n<div class=\"col-sm-10\">\n<p>\n\t\t\t\u00bfEn qu\u00e9 consiste?<br \/>\n\t\t\tEs un espacio creado por la c\u00e1tedra con el fin de formar a los alumnos en docencia. Los alumnos tienen la posibilidad de profundizar aquellos temas que hayan sido estudiados a lo largo de la cursada as\u00ed como incorporar herramientas pedag\u00f3gicas para la transmisi\u00f3n de los mismos.<\/p>\n<p>\t\t\t\u00bfQui\u00e9nes pueden participar?<br \/>\n\t\t\tEst\u00e1n dirigidos a los alumnos que hayan aprobado la materia (promocionados o regulares).<\/p>\n<p>\t\t\tRequisitos: tener aprobado el curso de Bases Agr\u00edcolas para la Producci\u00f3n Animal.<\/p>\n<p>\t\t\tCupo: 30 alumnos<\/p>\n<p>\t\t\tAula: Aula 16 (Planta baja del Departamento de Producci\u00f3n Animal).<\/p>\n<p>\t\t\tInscripci\u00f3n: en el \u00c1rea Agr\u00edcola (Dpto. Producci\u00f3n Animal), en el mes de marzo. Fecha a confirmar por cartelera de la c\u00e1tedra, carteleras de alumnos y del centro de estudiantes.<\/p>\n<p>\t\t\tHorario tentativo: Jueves de 13:00 a 15:00 hs.<\/p>\n<p>\t\t\tAprobaci\u00f3n del curso: el alumno tendr\u00e1 que tener el 75% de la asistencia al curso. Y deber\u00e1 aprobar el trabajo pr\u00e1ctico encomendado en la cursada. Ante la no aprobaci\u00f3n, su certificaci\u00f3n ser\u00e1 en calidad de asistente al curso.<\/p>\n<p>\t\t\t<a href=\"http:\/\/www.fvet.uba.ar\/?q=basesAgricolas#cronog_vocac\">Programa de Actividades<\/a><\/div>\n<div class=\"col-sm-1\">\n\t\t\t&nbsp;<\/div>\n<\/p><\/div>\n<p>\n\t&nbsp;<\/div>\n<div class=\"autoridades\">\n<div class=\"titulo-secciones\">\n\t\tCurso de Bases Agr\u00edcolas para la Producci\u00f3n Animal<a class=\"ancla\" id=\"viaje_2010\">&nbsp;<\/a><\/div>\n<p>\t&nbsp;<\/p>\n<div class=\"row\">\n<div class=\"col-sm-1\">\n\t\t\t&nbsp;<\/div>\n<div class=\"col-sm-10\">\n<p>\n\t\t\tSeg\u00fan el cronograma se destinar\u00e1n dos instancias para salidas a campo. Las vacantes para los viajes se asignar\u00e1n en cada comisi\u00f3n de trabajos pr\u00e1cticos. Es una actividad optativa que resulta fundamental para el acercamiento de los alumnos a los sistemas de producci\u00f3n agropecuarios.<\/p>\n<p>\t\t\tEsta actividad completar\u00e1 la formaci\u00f3n recibida en recorridas de trabajo a realizarse dentro del predio de la Facultad.<\/p>\n<p>\t\t\tLa posibilidad de visitar establecimientos agropecuarios despierta sumo inter\u00e9s y habitualmente el 50% de los alumnos se inscribe voluntariamente a los viajes, por lo cual la cantidad de inscriptos puede variar seg\u00fan el perfil de la cursada.<\/p>\n<p>\t\t\tObjetivos:<br \/>\n\t\t\t&#8211; Vincular al alumno con situaciones reales de la producci\u00f3n ganadera en sistemas de producci\u00f3n animal, profundizando sobre la relaci\u00f3n SUELO &#8211; PLANTA &#8211; ANIMAL Y AMBIENTE.<\/p>\n<p>\t\t\t&#8211; Profundizar los conocimientos adquiridos en las actividades pr\u00e1cticas del curso mediante la aplicaci\u00f3n a situaciones reales de campo.<\/p>\n<p>\t\t\tContenidos:<br \/>\n\t\t\t&#8211; Las siguientes actividades se realizan visitando un establecimiento.<\/p>\n<p>\t\t\t&#8211; Ubicaci\u00f3n dentro de un potrero para poder realizar un buen diagnostico de la situaci\u00f3n. (pendientes &#8211; tama\u00f1o &#8211; erosi\u00f3n &#8211; cobertura del suelo &#8211; instalaciones &#8211; montes de reparo &#8211; recurso forrajero).<\/p>\n<p>\t\t\t&#8211; Reconocimiento de especies forrajeras mas utilizadas en el \u00e1mbito de la Pampa H\u00fameda.<\/p>\n<p>\t\t\t&#8211; Reconocimiento del estadio de crecimiento de las especies para vincularlo con la digestibilidad y aprovechamiento nutricional de las mismas.<\/p>\n<p>\t\t\t&#8211; Determinaci\u00f3n de la calidad del suelo.<\/p>\n<p>\t\t\t&#8211; An\u00e1lisis de aguas a campo.<\/p>\n<p>\t\t\t&#8211; Identificaci\u00f3n de diferentes maquinarias.<\/p>\n<p>\t\t\t&#8211; Evaluaci\u00f3n de reservas forrajeras.<\/p>\n<p>\t\t\t&#8211; Observaci\u00f3n de conductas de pastoreo.<\/p>\n<p>\t\t\t&#8211; Reconocimiento de especies t\u00f3xicas.<\/p>\n<p>\t\t\t&#8211; Evaluaci\u00f3n sobre el sistema de producci\u00f3n imperante en el establecimiento.<br \/>\n\t\t\tCurso de Forrajes &#8211; Intensificaci\u00f3n en Producci\u00f3n Animal<\/p>\n<p>\t\t\tObjetivos:<br \/>\n\t\t\t&#8211; Vincular al alumno con situaciones reales de la producci\u00f3n forrajera en sistemas de producci\u00f3n animal de base pastoril.<\/p>\n<p>\t\t\t&#8211; Profundizar los conocimientos adquiridos en forrajes y pasturas mediante la aplicaci\u00f3n a situaciones de campo.<\/p>\n<p>\t\t\tContenidos:<br \/>\n\t\t\t&#8211; Las siguientes actividades se realizan visitando establecimientos.<\/p>\n<p>\t\t\t&#8211; Reconocimiento de especies forrajeras mas utilizadas en el \u00e1mbito de la Pampa H\u00fameda.<\/p>\n<p>\t\t\t&#8211; Evaluaci\u00f3n de diferentes recursos forrajeros utilizados en el establecimiento.<\/p>\n<p>\t\t\t&#8211; Evaluaci\u00f3n de forrajes conservados.<\/p>\n<p>\t\t\t&#8211; Medici\u00f3n de forraje disponible y c\u00e1lculo de carga animal a aplicar.<\/p>\n<p>\t\t\t&#8211; Armado de parcelas con alambrado el\u00e9ctrico.<\/p>\n<p>\t\t\t&#8211; Observaci\u00f3n de conductas de pastoreo.<\/p>\n<p>\t\t\t&#8211; Medici\u00f3n de eficiencia de cosecha luego de pastoreo horario en las parcelas evaluadas.<\/p>\n<p>\t\t\t&#8211; Reconocimiento de otros sistemas productivos.<\/p>\n<p>\t\t\t&#8211; Evaluaci\u00f3n de recuperaci\u00f3n de diferentes situaciones problem\u00e1ticas (dependiendo de los establecimientos a visitar ej. m\u00e9danos, lotes inundados).<\/p>\n<p>\t\t\t&#8211; Manejo y mejoramiento de campos naturales.<\/p>\n<p>\t\t\t&#8211; Suplementaci\u00f3n en sistemas pastoriles.<\/p>\n<p>\n\t\t\tProducci\u00f3n Animal y Medio Ambiente<\/p>\n<p>\t\t\tObjetivos:<br \/>\n\t\t\t1 &#8211; Analizar los efectos que provocan las diferentes actividades agropecuarias (producci\u00f3n primaria) al ambiente.<\/p>\n<p>\t\t\t2 &#8211; Aplicar pr\u00e1cticamente la planilla de \u201cSistema de Gesti\u00f3n Ambiental\u201d en el establecimiento visitado para evaluar el estado del mismo en relaci\u00f3n a la Gesti\u00f3n en establecimientos de producci\u00f3n primaria.<\/p>\n<p>\n\t\t\tContenidos:<br \/>\n\t\t\t&#8211; Se evaluar\u00e1n los diferentes aspectos que hacen a la Gesti\u00f3n Ambiental en predios rurales por ejemplo: instalaciones de orde\u00f1o, corrales de espera, corrales de alimentaci\u00f3n, manejo de residuos, manejo y tratamiento y de efluentes, etc.<\/p>\n<p>\t\t\t&#8211; Se confeccionar\u00e1n planillas de evaluaci\u00f3n a campo.<\/p>\n<p>\t\t\t&#8211; <a href=\"http:\/\/www.fvet.uba.ar\/?q=basesAgricolas#las_fotos\"><b>Fotos de los Viajes:<\/b><\/a><\/div>\n<div class=\"col-sm-1\">\n\t\t\t&nbsp;<\/div>\n<\/p><\/div>\n<p>\n\t&nbsp;<\/div>\n<div class=\"consejo\">\n<div class=\"titulo-secciones\">\n\t\tDepto. de Producci\u00f3n Animal<a class=\"ancla\" id=\"libretas\">&nbsp;<\/a><\/div>\n<p>\t&nbsp;<\/p>\n<div class=\"row\">\n<div class=\"col-sm-1\">\n\t\t\t&nbsp;<\/div>\n<div class=\"col-sm-10\">\n\t\t\t\u00c1rea: Bases Agr\u00edcolas<\/p>\n<p>\t\t\tBases Agr\u00edcolas para la Producci\u00f3n Animal y Forrajes<\/p>\n<p>\t\t\t<b>Ex\u00e1menes finales:<\/b><br \/>\n\t\t\tPresentarse con libreta universitaria o documento, a las 8 hs. en la C\u00e1tedra.<\/p>\n<p>\t\t\tDeber\u00e1 tener Qu\u00edmica Org\u00e1nica de Biomol\u00e9culas en condici\u00f3n de aprobada.<\/p>\n<p>\t\t\tEl final es escrito.<\/p>\n<p>\t\t\tDuraci\u00f3n 1 hora.<\/p>\n<p>\t\t\t<b>Importante:<\/b><br \/>\n\t\t\tEl alumno deber\u00e1 satisfacer, como m\u00ednimo, el 40% de cada uno de los contenidos del examen integrador.<\/p>\n<p>\t\t\t<b>Ex\u00e1menes Finales Libres:<\/b><br \/>\n\t\t\tPresentarse con libreta universitaria o documento, a las 8 hs. en la C\u00e1tedra.<\/p>\n<p>\t\t\tDeber\u00e1 tener Qu\u00edmica Org\u00e1nica de Biomol\u00e9culas en condici\u00f3n de aprobada.<\/p>\n<p>\t\t\tEl examen final est\u00e1 compuesto por tres instancias de evaluaci\u00f3n, dos de ellas escritas y una tercera de actividad pr\u00e1ctica.<\/p>\n<p>\t\t\t<b>Importante:<\/b><br \/>\n\t\t\tEl alumno deber\u00e1 satisfacer, como m\u00ednimo, el 60% de los contenidos de la primer parte del examen sobre los te\u00f3ricos-pr\u00e1cticos y el 40% de cada uno de los contenidos del examen integrador.<\/p>\n<p>\t\t\t<b>Firma de libretas:<\/b><br \/>\n\t\t\tD\u00edas de final Solamente de 8:30 a 12 hs.<\/p>\n<p>\t\t\t<b>Para conocer las fechas de final debe ingresar al<\/b> <a href=\"http:\/\/dpd.fvet.uba.ar\/\"><b>Sistema de Alumnos<\/b><\/a><\/div>\n<div class=\"col-sm-1\">\n\t\t\t&nbsp;<\/div>\n<\/p><\/div>\n<p>\n\t&nbsp;<\/div>\n<div class=\"mision\">\n<div class=\"titulo-secciones\">\n\t\tHorarios de consulta<a class=\"ancla\" id=\"horarios\">&nbsp;<\/a><\/div>\n<p>\t&nbsp;<\/p>\n<div class=\"row\">\n<div class=\"col-sm-1\">\n\t\t\t&nbsp;<\/div>\n<div class=\"col-sm-10\">\n\t\t\t&nbsp;<\/p>\n<div class=\"col-sm-10\">\n<div class=\"row\">\n<div class=\"col-sm-3\">\n\t\t\t\t\t\t&nbsp;<\/div>\n<table class=\"table table-bordered\">\n<tbody>\n<tr>\n<th colspan=\"3\">\n<p class=\"text-center\">\n\t\t\t\t\t\t\t\t\t\t<b>Horarios de consulta<\/b><\/p>\n<\/th>\n<\/tr>\n<tr>\n<td rowspan=\"3\">\n<p class=\"text-center\">\n\t\t\t\t\t\t\t\t\t\t<b>LUNES<\/b><\/p>\n<\/td>\n<td>\n<p class=\"text-center\">\n\t\t\t\t\t\t\t\t\t\t<b>15 a 17 Hs.<\/b><\/p>\n<\/td>\n<td>\n<p class=\"text-center\">\n\t\t\t\t\t\t\t\t\t\t<b>Ing. Agr. Alejandro Cariola<\/b><\/p>\n<\/td>\n<\/tr>\n<tr>\n<td>\n<p class=\"text-center\">\n\t\t\t\t\t\t\t\t\t\t<b>17 a 19 Hs.<\/b><\/p>\n<\/td>\n<td>\n<p class=\"text-center\">\n\t\t\t\t\t\t\t\t\t\t<b>Vet. Manuel Urquiza<\/b><\/p>\n<\/td>\n<\/tr>\n<tr>\n<td>\n<p class=\"text-center\">\n\t\t\t\t\t\t\t\t\t\t<b>17 a 19 Hs.<\/b><\/p>\n<\/td>\n<td>\n<p class=\"text-center\">\n\t\t\t\t\t\t\t\t\t\t<b>Ing. Agr. Emilio Nicholson<\/b><\/p>\n<\/td>\n<\/tr>\n<tr>\n<td>\n<p class=\"text-center\">\n\t\t\t\t\t\t\t\t\t\t<b>MARTES<\/b><\/p>\n<\/td>\n<td>\n<p class=\"text-center\">\n\t\t\t\t\t\t\t\t\t\t<b>10 a 12 Hs.<\/b><\/p>\n<\/td>\n<td>\n<p class=\"text-center\">\n\t\t\t\t\t\t\t\t\t\t<b>Lic. Susana Volpe<\/b><\/p>\n<\/td>\n<\/tr>\n<tr>\n<td rowspan=\"7\">\n<p class=\"text-center\">\n\t\t\t\t\t\t\t\t\t\t<b>MI\u00c9RCOLES<\/b><\/p>\n<\/td>\n<td>\n<p class=\"text-center\">\n\t\t\t\t\t\t\t\t\t\t<b>8 a 10 Hs.<\/b><\/p>\n<\/td>\n<td>\n<p class=\"text-center\">\n\t\t\t\t\t\t\t\t\t\t<b>Vet. Marcela Neu<\/b><\/p>\n<\/td>\n<\/tr>\n<tr>\n<td>\n<p class=\"text-center\">\n\t\t\t\t\t\t\t\t\t\t<b>11 a 13 Hs.<\/b><\/p>\n<\/td>\n<td>\n<p class=\"text-center\">\n\t\t\t\t\t\t\t\t\t\t<b>Vet. Mart\u00edn Pol<\/b><\/p>\n<\/td>\n<\/tr>\n<tr>\n<td>\n<p class=\"text-center\">\n\t\t\t\t\t\t\t\t\t\t<b>12 a 16 Hs.<\/b><\/p>\n<\/td>\n<td>\n<p class=\"text-center\">\n\t\t\t\t\t\t\t\t\t\t<b>Vet. Sandra Toro<\/b><\/p>\n<\/td>\n<\/tr>\n<tr>\n<td>\n<p class=\"text-center\">\n\t\t\t\t\t\t\t\t\t\t<b>14 a 16 Hs.<\/b><\/p>\n<\/td>\n<td>\n<p class=\"text-center\">\n\t\t\t\t\t\t\t\t\t\t<b>Vet. Florencia Pastorino<\/b><\/p>\n<\/td>\n<\/tr>\n<tr>\n<td>\n<p class=\"text-center\">\n\t\t\t\t\t\t\t\t\t\t<b>16 a 18 Hs.<\/b><\/p>\n<\/td>\n<td>\n<p class=\"text-center\">\n\t\t\t\t\t\t\t\t\t\t<b>Ing. Agr. C\u00e9sar Raffa<\/b><\/p>\n<\/td>\n<\/tr>\n<tr>\n<td>\n<p class=\"text-center\">\n\t\t\t\t\t\t\t\t\t\t<b>16 a 18 Hs.<\/b><\/p>\n<\/td>\n<td>\n<p class=\"text-center\">\n\t\t\t\t\t\t\t\t\t\t<b>Vet. Marcos Bont\u00e1<\/b><\/p>\n<\/td>\n<\/tr>\n<tr>\n<td>\n<p class=\"text-center\">\n\t\t\t\t\t\t\t\t\t\t<b>17 a 19 Hs.<\/b><\/p>\n<\/td>\n<td>\n<p class=\"text-center\">\n\t\t\t\t\t\t\t\t\t\t<b>Joaqu\u00edn Basombr\u00edo<\/b><\/p>\n<\/td>\n<\/tr>\n<tr>\n<td rowspan=\"2\">\n<p class=\"text-center\">\n\t\t\t\t\t\t\t\t\t\t<b>JUEVES<\/b><\/p>\n<\/td>\n<td>\n<p class=\"text-center\">\n\t\t\t\t\t\t\t\t\t\t<b>12 a 14 Hs.<\/b><\/p>\n<\/td>\n<td>\n<p class=\"text-center\">\n\t\t\t\t\t\t\t\t\t\t<b>Vet. Soledad Iramain<\/b><\/p>\n<\/td>\n<\/tr>\n<tr>\n<td>\n<p class=\"text-center\">\n\t\t\t\t\t\t\t\t\t\t<b>16 a 18 Hs.<\/b><\/p>\n<\/td>\n<td>\n<p class=\"text-center\">\n\t\t\t\t\t\t\t\t\t\t<b>Ing. Agr. J. J. Ormazabal<\/b><\/p>\n<\/td>\n<\/tr>\n<tr>\n<td>\n<p class=\"text-center\">\n\t\t\t\t\t\t\t\t\t\t<b>VIERNES<\/b><\/p>\n<\/td>\n<td>\n<p class=\"text-center\">\n\t\t\t\t\t\t\t\t\t\t<b>10 a 12 Hs.<\/b><\/p>\n<\/td>\n<td>\n<p class=\"text-center\">\n\t\t\t\t\t\t\t\t\t\t<b>Vet. Lorna Carb\u00f3<\/b><\/p>\n<\/td>\n<\/tr>\n<\/tbody>\n<\/table>\n<p>\t\t\t\t\t&nbsp;<\/p>\n<div class=\"col-sm-3\">\n\t\t\t\t\t\t&nbsp;<\/div>\n<\/p><\/div>\n<\/p><\/div>\n<\/p><\/div>\n<div class=\"col-sm-1\">\n\t\t\t&nbsp;<\/div>\n<\/p><\/div>\n<p>\n\t&nbsp;<\/div>\n<div class=\"decano\">\n<div class=\"titulo-secciones\">\n\t\tAsistencia Cumplida<a class=\"ancla\" id=\"asist_cump\">&nbsp;<\/a><\/div>\n<p>\t&nbsp;<\/p>\n<div class=\"row\">\n<div class=\"col-sm-1\">\n\t\t\t&nbsp;<\/div>\n<div class=\"col-sm-10\">\n<p>\t\t\t<b>Condiciones:<\/b><br \/>\n\t\t\t&#8211; De no haber alcanzado el nivel de alumno regular pero habiendo asistido al 75% de las clases quedar\u00e1 en la condici\u00f3n de asistencia cumplida de acuerdo a la reglamentaci\u00f3n vigente.<\/p>\n<p>\t\t\t<b>Vigencia:<\/b><br \/>\n\t\t\t&#8211; La vigencia de esta condici\u00f3n es de 3 cuatrimestres.<\/p>\n<p>\t\t\t<b>Obtenci\u00f3n de la regularidad:<\/b><br \/>\n\t\t\t&#8211; El alumno podr\u00e1 rendir tanto los parciales como la actividad pr\u00e1ctica durante ambos cuatrimestres.<\/p>\n<p>\t\t\t&#8211; En el primer cuatrimestre podr\u00e1 hacerlo en alguno de los horarios de la cursada extramodular.<\/p>\n<p>\t\t\t&#8211; Durante el segundo cuatrimestre el alumno podr\u00e1 elegir la comisi\u00f3n en la cual rendir\u00e1 ambos ex\u00e1menes parciales y la actividad pr\u00e1ctica. En ambos casos, para estar asignado a una comisi\u00f3n deber\u00e1 concurrir a la c\u00e1tedra hasta 15 d\u00edas antes de la fecha correspondiente al primer parcial para informar cual es la comisi\u00f3n elegida en que va a rendir.<\/p>\n<p>\t\t\t&#8211; Para alcanzar la condici\u00f3n de alumno regular deber\u00e1 aprobar los parciales con una nota m\u00ednima de 6(seis) puntos sobre 10, con posibilidad de un solo recuperatorio, que se aprobar\u00e1 con el mismo nivel de calificaci\u00f3n para los parciales y la actividad pr\u00e1ctica de reconocimiento de especies vegetales que podr\u00e1 recuperarse. No podr\u00e1 acceder a la condici\u00f3n de promoci\u00f3n.<\/p><\/div>\n<div class=\"col-sm-1\">\n\t\t\t&nbsp;<\/div>\n<\/p><\/div>\n<p>\n\t&nbsp;<\/div>\n<div class=\"autoridades\">\n<div class=\"titulo-secciones\">\n\t\tCursos de Posgrado<a class=\"ancla\" id=\"posgrado\">&nbsp;<\/a><\/div>\n<p>\t&nbsp;<\/p>\n<div class=\"row\">\n<div class=\"col-sm-1\">\n\t\t\t&nbsp;<\/div>\n<div class=\"col-sm-10\">\n<p>\t\t\tDescripci\u00f3n del Curso de Postgrado Ambiente, Producci\u00f3n y Utilizaci\u00f3n de Alimentos<\/p>\n<p>\t\t\tListado de monograf\u00edas del Curso Ambiente, Producci\u00f3n y Utilizaci\u00f3n de Alimentos<\/p>\n<p>\t\t\tVII Curso de Ambiente, Producci\u00f3n y Utilizaci\u00f3n de Alimentos<br \/>\n\t\t\tFechas confirmadas: 17, 18, 24 y 25 de Junio de 2004<br \/>\n\t\t\tHorario 9 a 17 horas<\/div>\n<div class=\"col-sm-1\">\n\t\t\t&nbsp;<\/div>\n<\/p><\/div>\n<p>\n\t&nbsp;<\/div>\n<div class=\"consejo\">\n<div class=\"titulo-secciones\">\n\t\tAmbiente, Producci\u00f3n y Utilizaci\u00f3n de Alimentos<a class=\"ancla\" id=\"a_p_u_a\">&nbsp;<\/a><\/div>\n<p>\t&nbsp;<\/p>\n<div class=\"row\">\n<div class=\"col-sm-1\">\n\t\t\t&nbsp;<\/div>\n<div class=\"col-sm-10\">\n<p>\n\t\t\tDirector: M\u00e9d. Vet. Agust\u00edn A. Orlando<br \/>\n\t\t\tCoordinador: T\u00e9c. UPA Graciela Sardi<br \/>\n\t\t\tProfesor principal invitado: Dra. Inge Thiel(UBA)<\/p>\n<p>\t\t\tAcreditado ante la Secretar\u00eda de Postgrado e Investigaci\u00f3n de la Facultad de Ciencias Veterinarias de la Universidad de Buenos Aires y aprobado por Consejo Directivo Facultad.<\/p>\n<p>\t\t\tEste curso de dicta desde 1997, habi\u00e9ndose realizado en forma anual hasta la fecha.<br \/>\n\t\t\tDe un total de 200 alumnos participantes del curso, el perfil de los mismos fue: 32% M\u00e9dicos Veterinarios, 18% Ingenieros Agr\u00f3nomos, 17% Qu\u00edmicos, 3% Bi\u00f3logos, 2% Licenciados en Alimentos, 27% Estudiantes de los \u00faltimos a\u00f1os de las carreras de Veterinaria, Agronom\u00eda y de Ciencias Ambientales y un 3% de otras profesiones como Ec\u00f3logos, Ambientalistas, Bioestad\u00edsticos, etc.<\/p>\n<p>\t\t\tObjetivo General: proporcionar una formaci\u00f3n y actualizaci\u00f3n profesional de alto nivel en los temas ambientales b\u00e1sicos, para comprender su problem\u00e1tica y su relaci\u00f3n tanto con la producci\u00f3n de alimentos como con la salud humana y animal, para el desempe\u00f1o de los profesionales en sus diferentes actividades, en la docencia, y en la incorporaci\u00f3n en equipos de investigaci\u00f3n, y para el an\u00e1lisis de aspectos t\u00e9cnicos, econ\u00f3micos, sociales, jur\u00eddicos y evaluaci\u00f3n de pol\u00edticas del sector.<\/p>\n<p>\t\t\tTipo de Curso: curso de especializaci\u00f3n de postgrado, diplomado<\/p>\n<p>\t\t\tRegularidad: una vez al a\u00f1o . Semestre a confirmar.<\/p>\n<p>\t\t\tDuraci\u00f3n: 4 d\u00edas(30 horas reloj), de car\u00e1cter INTENSIVO.<\/p>\n<p>\t\t\tDirigido a: el curso esta dirigido a egresados de carreras vinculadas a la biolog\u00eda como ser: Veterinarios, M\u00e9dicos, Bioqu\u00edmicos, Ingenieros Agr\u00f3nomos, Bi\u00f3logos, Lic. en Prod. Agropecuaria, T\u00e9cnicos Univ. en Prod. Agropecuaria, Lic. en Prod Animal y otros profesionales vinculados a la Producci\u00f3n de Alimentos y protecci\u00f3n del ambiente.<\/p>\n<p>\t\t\tAcreditaci\u00f3n: certificado &#8211; de aprobaci\u00f3n con evaluaci\u00f3n final con la entrega de una monograf\u00eda, &#8211; de asistencia sin evaluaci\u00f3n final.<\/p>\n<p>\t\t\tLas monograf\u00edas realizadas por los alumnos se encuentran disponibles para su consulta en la biblioteca del \u00e1rea Agr\u00edcola.<\/p>\n<p>\t\t\tRequisitos de admisi\u00f3n: egresados de carreras vinculadas con la biolog\u00eda y la producci\u00f3n de alimentos (Profesionales &#8211; Docentes)<\/p>\n<p>\t\t\tAlumnos de \u00faltimo a\u00f1o de carreras afines<\/p>\n<p>\t\t\tFilosof\u00eda b\u00e1sica: es una tem\u00e1tica integradora que permite actualizaci\u00f3n y conocimiento de aspectos ambientales relacionados con carreras afines, que permiten preservar el ambiente y la salud humana y animal.<\/p>\n<p>\t\t\tEnfoque pedag\u00f3gico: disertaciones con apoyo audiovisual-Discusiones grupales-Proyecci\u00f3n de videos- Conferencias especiales-Paneles de especialistas-Trabajo monogr\u00e1fico individual.<\/p>\n<p>\t\t\tEstructura y Contenidos del Programa:<\/p>\n<p>\t\t\tM\u00f3dulo 1: el consumo, la producci\u00f3n de alimentos y la contaminaci\u00f3n.<br \/>\n\t\t\tBioacumulaci\u00f3n, biomagnificaci\u00f3n, biodegradaci\u00f3n y contaminaci\u00f3n. Sustentabilidad y vulnerabilidad de los sistemas; Ecotoxicidad y Genotoxicidad Atm\u00f3sfera. Composici\u00f3n y comportamiento; Ozono; Filtros naturales, efectos de la luz UV en los animales y humanos. Smog: tipos y problem\u00e1tica para plantas, animales y humanos.<\/p>\n<p>\t\t\tM\u00f3dulo 2: calidad de agua<br \/>\n\t\t\tEl agua: la contaminaci\u00f3n de agua superficial y subterr\u00e1nea, su funci\u00f3n en la cadena tr\u00f3fica y la aparici\u00f3n de las intoxicaciones. Tratamiento de aguas para los problemas mas frecuentes. Biorremediaci\u00f3n de los sistemas acu\u00e1ticos.<\/p>\n<p>\t\t\tM\u00f3dulo 3: problem\u00e1tica de los efluentes en el sector agropecuario<br \/>\n\t\t\tContaminaciones en el sector Agropecuario (ej: plaguicidas, fertilizantes, efluentes) Abonos y agroqu\u00edmicos: riesgos y su manejo seguro. Caracterizaci\u00f3n de efluentes. Tratamiento de efluentes y formas de reutilizaci\u00f3n. Sistemas de gesti\u00f3n y protecci\u00f3n del medio ambiente en explotaciones agropecuarias.<\/p>\n<p>\t\t\tM\u00f3dulo 4: contaminaci\u00f3n de alimentos<br \/>\n\t\t\tResiduo en alimentos de origen animal. La producci\u00f3n org\u00e1nica y sus perspectivas en la Argentina. Micotoxinas y Micotoxicosis. Calidad agroalimentaria y medio ambiente, Legislaci\u00f3n, Normas ISO 14000. Futuro rol del profesional dentro de esta problem\u00e1tica.<\/p>\n<p>\t\t\tProfesores invitados que han participado desde 1997 al 2002<br \/>\n\t\t\tMed. Vet. Daniel Pazos(FCV-UBA)<\/p>\n<p>\t\t\tDr. Juan Moret\u00f3n(FFyB-UBA)<\/p>\n<p>\t\t\tIng. Agr. Alejandra Herrero(FCV-UBA)<\/p>\n<p>\t\t\tIng. Agr. Luis Indelicato(FCV-UBA)<\/p>\n<p>\t\t\tDra. Sonia Korol(FFyB-UBA)<\/p>\n<p>\t\t\tIng. Agr. Lorenzo Basso(FAUBA)<\/p>\n<p>\t\t\tDra. Alicia Iorio(FAUBA)<\/p>\n<p>\t\t\tMed. Vet. Susana Gil(FCV-UBA)<\/p>\n<p>\t\t\tDra. Marta Santoro(FCV-UBA)<\/p>\n<p>\t\t\tIng. Agr. Gustavo Lundberg(FCV-UBA)<\/p>\n<p>\t\t\tDra. Ma. del C. Tortorelli(UNLuj\u00e1n)<\/p>\n<p>\t\t\tIng. Ana M. Ingalinella(FCEIyA- UNR)<\/p>\n<p>\t\t\tIng. Agr. Ma.Laura De Lucca(UMDP)<\/p>\n<p>\t\t\tMed. Vet. Nicol\u00e1s. Lavalle(FCV-UBA)<\/p>\n<p>\t\t\tMed. Vet. Omar Luis Fern\u00e1ndez(Gendarmer\u00eda Nacional)<\/p>\n<p>\t\t\tMed. Vet. Juan Paill\u00e9(FCV.-UBA)<\/p>\n<p>\t\t\tAbogada Petra Roge(Fundaci\u00f3n Cabay\u00fa Cuati\u00e1)<\/p>\n<p>\t\t\tMed. Vet. Angel S\u00e1nchez(Actividad Privada)<\/p>\n<p>\t\t\tMed. Vet. Miguel Ver\u00f3n(Gendarmer\u00eda Nacional)<\/p>\n<p>\t\t\tDr. Jorge Herkovits(FM-UM y CONICET)<\/p>\n<p>\t\t\tLic. Pedro Rossi(UCES)<\/p>\n<p>\t\t\tIng. Jorge Duran(INA)<\/p>\n<p>\t\t\tTec. Univ. En prod. Agro. Graciela M. I. Sardi(FCV-UBA)<\/p>\n<p>\t\t\tDra. Galicio Mariana(FCV-UBA)<\/p>\n<p>\t\t\tDra. Marcela Rebuelto<\/p>\n<p>\t\t\tIng. Agr. Alejandro Cariola<\/p>\n<p>\t\t\tMed. Vet. Agust\u00edn Orlando<\/p>\n<p>\t\t\t&nbsp;<\/p><\/div>\n<div class=\"col-sm-1\">\n\t\t\t&nbsp;<\/div>\n<\/p><\/div>\n<\/div>\n<div class=\"decano\">\n<div class=\"titulo-secciones\">\n\t\tListado de Monograf\u00edas ordenadas por tem\u00e1ticas<a class=\"ancla\" id=\"monografias\">&nbsp;<\/a><\/div>\n<p>\t&nbsp;<\/p>\n<div class=\"row\">\n<div class=\"col-sm-1\">\n\t\t\t&nbsp;<\/div>\n<div class=\"col-sm-10\">\n\t\t\t\u00c1rea: Bases Agr\u00edcolas<\/p>\n<p>\t\t\t<a href=\"http:\/\/www.fvet.uba.ar\/?q=basesAgricolas#agua\"><b>Agua<\/b><\/a> &#8211; <a href=\"http:\/\/www.fvet.uba.ar\/?q=basesAgricolas#suelos\"><b>Suelos <\/b><\/a> &#8211; <a href=\"http:\/\/www.fvet.uba.ar\/?q=basesAgricolas#efluentes\"><b>Efluentes<\/b><\/a> &#8211; <a href=\"http:\/\/www.fvet.uba.ar\/?q=basesAgricolas#biotecnologia\"><b>Biotecnolog\u00eda<\/b><\/a> &#8211; <a href=\"http:\/\/www.fvet.uba.ar\/?q=basesAgricolas#prod_animal\"><b>Producci\u00f3n Animal<\/b><\/a><\/p>\n<p>\t\t\t<a href=\"http:\/\/www.fvet.uba.ar\/?q=basesAgricolas#dioxinas\"><b>Contaminantes: Dioxinas<\/b><\/a> &#8211; <a href=\"http:\/\/www.fvet.uba.ar\/?q=basesAgricolas#hidrocarburos\"><b>Hidrocarburos<\/b><\/a> &#8211; <a href=\"http:\/\/www.fvet.uba.ar\/?q=basesAgricolas#atmosfera\"><b>Atm\u00f3sfera<\/b><\/a><\/p>\n<p>\t\t\t<a href=\"http:\/\/www.fvet.uba.ar\/?q=basesAgricolas#leg_gestion\"><b>Legislaci\u00f3n y Gesti\u00f3n<\/b><\/a> &#8211; <a href=\"http:\/\/www.fvet.uba.ar\/?q=basesAgricolas#cont_alimentos\"><b>Contaminaci\u00f3n en Alimentos<\/b><\/a><\/p>\n<p>\t\t\t<a href=\"http:\/\/www.fvet.uba.ar\/?q=basesAgricolas#salud\"><b>Salud y Ambiente<\/b><\/a> &#8211; <a href=\"http:\/\/www.fvet.uba.ar\/?q=basesAgricolas#ecotoxicologia\"><b>Ecotoxicolog\u00eda<\/b><\/a><\/p>\n<p>\t\t\tListado de Monograf\u00edas ordenadas por tem\u00e1ticas Autor A\u00f1o<\/p>\n<p>\t\t\tAgua<a class=\"ancla\" id=\"agua\">&nbsp;<\/a><\/p>\n<p>\t\t\tAgua vs. Petr\u00f3leo Demarco, Diego 2000<br \/>\n\t\t\tAgua Herramienta para mejor calidad de vida Gonzalez, Blanca 2000<br \/>\n\t\t\tContaminaci\u00f3n de las Aguas Subterr\u00e1neas y Superficiales Bordoli, Juan Rafael 2001<br \/>\n\t\t\tDeterminaci\u00f3n de potabilidad de agua de los establecimientos educativos rurales del Pdo. De Las Flores. Dorronsoro, Martin 2001<br \/>\n\t\t\tLago del Barrio El Sol de Arrecifes Jord\u00e1, Beatriz 2001<br \/>\n\t\t\tContaminaci\u00f3n de aguas Lezcano, Adriana 2001<br \/>\n\t\t\tLago del Barrio El Sol de Arrecifes Massello, Isabel 2001<br \/>\n\t\t\tDeterminaci\u00f3n de potabilidad de agua de los establecimientos educativos rurales del Pdo. De Las Flores Parra, M\u00f3nica 2001<br \/>\n\t\t\tEvaluaci\u00f3n de par\u00e1metros qu\u00edmicos en aguas subterr\u00e1neas de la zona rural de 9 de Julio Aramburu, M. In\u00e9s 2002<br \/>\n\t\t\tCuando el deporte no es Salud: Leptospirosis humana asociada a deportes en aguas recreacionales superficiales Llorente, Patricia Laura 2002<br \/>\n\t\t\tSalinizaci\u00f3n de suelos por riego complementario Panichelli, Luis 2002<br \/>\n\t\t\tContaminaci\u00f3n y Calidad microbiol\u00f3gica de aguas Rodriguez, Lorena 2002<br \/>\n\t\t\tMacroinvertebrados como indicadores de calidad del agua Volpe, Susana 2002<br \/>\n\t\t\tDin\u00e1mica de Plaguicidas en Suelos y Aguas Corvalan, Eduardo 2002<\/p>\n<p>\t\t\tSuelos<a class=\"ancla\" id=\"suelos\">&nbsp;<\/a><br \/>\n\t\t\tDesertificaci\u00f3n en Patagonia Lavalle, Nicol\u00e1s 1997<br \/>\n\t\t\tEfecto de la contaminaci\u00f3n sobre el suelo,el agua y los alimentos de origen vegetal y animal. Ormazabal, Juan J. 1997<br \/>\n\t\t\tBioindicadores: \u00edndices potenciales para evaluar la calidad- salud del suelo. Gonz\u00e1lez, Mirta 1998<br \/>\n\t\t\tBioindicadores: \u00edndices potenciales para evaluar la calidad- salud del suelo Palma, Marta 1998<br \/>\n\t\t\tRecuperaci\u00f3n de suelos salinos Raffa, Cesar 2000<br \/>\n\t\t\tContaminaci\u00f3n de suelos con nitratos y fosfatos en cultivos hort\u00edcolas Oberti Arnaudo, Adriana 2002<\/p>\n<p>\t\t\tEfluentes<a class=\"ancla\" id=\"efluentes\">&nbsp;<\/a><\/p>\n<p>\t\t\tBiodegradaci\u00f3n de efluentes industriales Blasi, Sabrina 2001<br \/>\n\t\t\tTratamiento de aguas residuales, uso de lagunas de estabilizaci\u00f3n. Bolocco, Silvia 2001<br \/>\n\t\t\tBiodegradaci\u00f3n de efluentes industriales Gabilondo, Julieta 2001<br \/>\n\t\t\tBiodegradaci\u00f3n de efluentes industriales Mu\u00f1oz, Valeria 2001<br \/>\n\t\t\tContaminaci\u00f3n atmosf\u00e9rica por emanaci\u00f3n de gases de una planta depuradora Muzas, Adriana 2001<br \/>\n\t\t\tProblem\u00e1tica de la contaminaci\u00f3n producida por la industria av\u00edcola Chacra, Viviana 1997<br \/>\n\t\t\tProblem\u00e1tica de la contaminaci\u00f3n producida por la industria av\u00edcola Menchaca, Estela 1997<br \/>\n\t\t\tBeber\u00eda UD. esto? Tratamiento de efluentes Vidal, Daniel 1998<br \/>\n\t\t\tEfluentes Porcinos y su Efecto en el Ambiente Branzini, Agustina 2007<br \/>\n\t\t\tEfluentes de Frigor\u00edficos de Bovinos Papaleo, Juliana 2007<br \/>\n\t\t\tLagunas de Estabilizaci\u00f3n Goitia, Carlos 2004<br \/>\n\t\t\tEfluentes de Frigor\u00edficos en Pollos y Manejo Racional del Agua Vazquez, Mar\u00eda Jos\u00e9 2007<\/p>\n<p>\t\t\tBiotecnolog\u00eda<a class=\"ancla\" id=\"biotecnologia\">&nbsp;<\/a><\/p>\n<p>\t\t\tM\u00e9todos estad\u00edsticos aplicados al estudio del suelo y del agua Argibay Quiroga, Teresa 1998<br \/>\n\t\t\tM\u00e9todos estad\u00edsticos aplicados al estudio del suelo y del agua Flores, Miriam 1998<br \/>\n\t\t\tArgumentos recombinantes, los mitos de la biotecnolog\u00eda De Luca, Laura 2001<br \/>\n\t\t\tBiotecnolog\u00eda y sustentabilidad Brouver, Fernando 2002<br \/>\n\t\t\tTecnolog\u00eda del DNA Recombinante Sanchez Iglesias; M. Dolores 2002<br \/>\n\t\t\tCultivos Transg\u00e9nicos, Beneficios y Riesgos Potenciales Gongora, Rosana 2004<\/p>\n<p>\t\t\tProducci\u00f3n Animal<a class=\"ancla\" id=\"prod_animal\">&nbsp;<\/a><\/p>\n<p>\t\t\tR\u00edo Lujan y probables efectos de contaminantes en rumiantes Bisio, M. Del Carmen 1997<br \/>\n\t\t\tInfluencia del metano producido por el ganado en el cambio clim\u00e1tico global Cervini, Lourdes 1997<br \/>\n\t\t\tAnab\u00f3licos y promotores de crecimiento no hormonales en bovinos productores de carne. Gil, Susana 1997<br \/>\n\t\t\tInfluencia del metano producido por el ganado en el cambio clim\u00e1tico global Sardi, Graciela 1997<br \/>\n\t\t\tAspectos para caracterizar la ganader\u00eda bovina como actividad sustentable Bozzo, Jorge 1998<br \/>\n\t\t\tProducci\u00f3n porcina y medio ambiente Birman, Elena 1998<br \/>\n\t\t\tSustentabilidad de los sistemas Agropecuarios. Carb\u00f3, Lorna Ileana 1998<br \/>\n\t\t\tProducci\u00f3n porcina y medio ambiente Coppola, Marcela 1998<br \/>\n\t\t\tResiduos ganaderos Gonzales Chaves, Alel\u00ed 1998<br \/>\n\t\t\tProducci\u00f3n porcina y medio ambiente Melamed, Celia 1998<br \/>\n\t\t\tUtilizaci\u00f3n de anab\u00f3licos en la producci\u00f3n de carne en Argentina Minassian, Martin 1998<br \/>\n\t\t\tUtilizaci\u00f3n de anab\u00f3licos en la producci\u00f3n de carne en Argentina Raffo, Fernando 1998<br \/>\n\t\t\tConsideraciones sobre residuos de origen animal Charlon, Ver\u00f3ncia 1999<br \/>\n\t\t\tComportamiento pastoril de ganado bovino Gonz\u00e1lez Pereyra, Valeria 1999<br \/>\n\t\t\tSistemas de identificaci\u00f3n electr\u00f3nica en animales Gorchs, Carolina 1999<br \/>\n\t\t\tComportamiento pastoril de ganado bovino Gutierrez, Betiana 1999<br \/>\n\t\t\tComportamiento pastoril de ganado bovino Iramain, Soledad 1999<br \/>\n\t\t\tEstimulantes de crecimiento en la carne bovina Donnola, Roberto 2001<br \/>\n\t\t\tEstimulantes de crecimiento en la carne bovina Merl\u00e1n, Cristina 2001<br \/>\n\t\t\tBacterias psicrotrofas en leche Bas, Daniel 2002<br \/>\n\t\t\tEfluentes de tambo: Un problema que puede tener soluci\u00f3n Bearzi, Carla 2002<br \/>\n\t\t\tEfluentes de tambo: Un problema que puede tener soluci\u00f3n Bonta, Marcos 2002<br \/>\n\t\t\tManejo \u00c9tico Sanitario de la Colmena D&#8217; Ascenzo, Estela 2002<br \/>\n\t\t\tBacterias psicrotrofas en leche Pol, Mart\u00edn 2002<br \/>\n\t\t\tEl mito del uso de Hormonas en la producci\u00f3n de pollos parrilleros Schiano, Daniel 2002<br \/>\n\t\t\tTrazabilidad y su Aplicaci\u00f3n en la Republica Argentina Orlando, Agust\u00edn 2004<br \/>\n\t\t\tProducci\u00f3n Sustentable, una Visi\u00f3n al Futuro Orlando, Alejandro 2004<\/p>\n<p>\t\t\tContaminantes: Dioxinas<a class=\"ancla\" id=\"dioxinas\">&nbsp;<\/a><\/p>\n<p>\t\t\tContaminaci\u00f3n por dioxinas Del Valle, Lia 1999<br \/>\n\t\t\tContaminaci\u00f3n por dioxinas Lage, Mar\u00eda Liliana 1999<br \/>\n\t\t\tDioxinas Pe\u00f1a, Carlos 2001<\/p>\n<p>\t\t\tHidrocarburos<a class=\"ancla\" id=\"hidrocarburos\">&nbsp;<\/a><\/p>\n<p>\t\t\tLos hidrocarburos arom\u00e1ticos halogenados como contaminantes Bevilacqua, Sandra 1998<\/p>\n<p>\t\t\tAtm\u00f3sfera<a class=\"ancla\" id=\"atmosfera\">&nbsp;<\/a><\/p>\n<p>\t\t\tContaminaci\u00f3n atmosf\u00e9rica en la Laguna y Sierra de Los Padres. Giannini, Vilma 2001<br \/>\n\t\t\tContaminaci\u00f3n atmosf\u00e9rica por emanaci\u00f3n de gases de una planta depuradora Muzas, Adriana 2001<br \/>\n\t\t\tEl Hidr\u00f3geno como combustible Faerman Drago, Hugo 2002<\/p>\n<p>\t\t\tLegislaci\u00f3n y Gesti\u00f3n<a class=\"ancla\" id=\"leg_gestion\">&nbsp;<\/a><\/p>\n<p>\t\t\tLegislaci\u00f3n Nacional acerca de residuos peligrosos Langbehn, Catalina 1998<br \/>\n\t\t\tLegislaci\u00f3n Nacional acerca de residuos peligrosos Mir\u00f3. Federico 1998<br \/>\n\t\t\tImpacto de la Ley 25080 sobre Muslera, Arturo 2000<br \/>\n\t\t\tEvaluaci\u00f3n y gesti\u00f3n de riesgos Luluaga, Sara 2002<br \/>\n\t\t\tDe \u00abUso y Custodio\u00bb a \u00bb Pagar para Vivir\u00bb Bejar, Walter 2007<\/p>\n<p>\t\t\tContaminaci\u00f3n en Alimentos<a class=\"ancla\" id=\"cont_alimentos\">&nbsp;<\/a><\/p>\n<p>\t\t\tEvaluaci\u00f3n de contaminaci\u00f3n ambiental a trav\u00e9s del an\u00e1lisis de contaminantes qu\u00edmicos en leche de usinas l\u00e1cteas. Dallorso, M. Elena 1997<br \/>\n\t\t\tT\u00f3xicos naturales en Alimentos Bianchi, Leonor 1999<br \/>\n\t\t\tAditivos en industria alimentaria Cavilli, Horacio 1999<br \/>\n\t\t\tT\u00f3xicos naturales en alimentos Porto de Poletto, Ana 1999<br \/>\n\t\t\tMicotoxinas en alimentos Roson, Ignacio 2001<br \/>\n\t\t\tHerramientas Agron\u00f3micas por una Seguridad Alimentaria Iba\u00f1ez, Juan 2004<br \/>\n\t\t\tAlimentos Transg\u00e9nicos. \u00bfUna Nueva Revoluci\u00f3n Agr\u00edcola? Tieri, Mar\u00eda Paz 2004<\/p>\n<p>\t\t\tSalud y Ambiente<a class=\"ancla\" id=\"salud\">&nbsp;<\/a><\/p>\n<p>\t\t\tAflatoxicosis: Acci\u00f3n fisiologica, detecci\u00f3n y cuantificaci\u00f3n de Aspergillus flavus Dom\u00ednguez de Marco, Nora 1998<br \/>\n\t\t\tAflatoxinas y salud Isely, Sandra 1999<br \/>\n\t\t\tAflatoxinas y salud Soto de Serodio, Alicia 1999<br \/>\n\t\t\tEncefal\u00edas espongiformes transmisibles Van Mynatten, Mar\u00eda 1999<\/p>\n<p>\t\t\tEcotoxicolog\u00eda<a class=\"ancla\" id=\"ecotoxicologia\">&nbsp;<\/a><\/p>\n<p>\t\t\tToxoca sp. Factor de Poluci\u00f3n del medio ambiente Listello, Perla 1998 Biodegradaci\u00f3n y Biorremediaci\u00f3n Tancioni, Ana 1998<br \/>\n\t\t\tIntroducci\u00f3n a la Ecotoxicolog\u00eda Pasquali, Ricardo 1999<br \/>\n\t\t\tBiorremediaci\u00f3n Barbato, Yamila y Muller, Marina 2007<br \/>\n\t\t\tMosca de los Cuernos. La Importancia del Control Sustentable Catrachia, Carlos Guillermo 2004<br \/>\n\t\t\tFitorremediaci\u00f3n. Alcances y Aplicaci\u00f3nen el Agroecosistema Argentino Lumelli, M\u00f3nica 2004<br \/>\n\t\t\t&nbsp;<\/div>\n<div class=\"col-sm-1\">\n\t\t\t&nbsp;<\/div>\n<\/p><\/div>\n<p>\n\t&nbsp;<\/div>\n<div class=\"consejo\">\n<div class=\"titulo-secciones\">\n\t\tProyectos de Investigaci\u00f3n<a class=\"ancla\" id=\"investig\">&nbsp;<\/a><\/div>\n<p>\t&nbsp;<\/p>\n<div class=\"row\">\n<div class=\"col-sm-1\">\n\t\t\t&nbsp;<\/div>\n<div class=\"col-sm-10\">\n<p>\n\t\t\t(En los siguientes proyectos participa el personal del \u00c1rea de Bases Agr\u00edcolas)<\/p>\n<p>\t\t\t2014-2017 Sistemas ganaderos intensificados: manejo productivo integral para mitigar impactos ambientales y sanitarios.<\/p>\n<p>\t\t\tPrograma UBACyT Proyecto 20020130100498BA, Universidad de Buenos Aires<\/p>\n<p>\t\t\tDirectora Dra. Mar\u00eda Alejandra Herrero<\/p>\n<p>\t\t\tLos sistemas intensivos\/intensificados de carne y leche resultan extractivos de nutrientes y agua, y consumidores de energ\u00eda. A su vez, generan excretas ricas en nutrientes, pat\u00f3genos y residuos de drogas de uso veterinario v\u00eda excretas, que se distribuyen irregularmente en potreros y\/o se concentran en sectores determinados (instalaciones, corrales y sistemas de tratamiento). En investigaciones anteriores logramos aportes positivos en el desarrollo de indicadores para evaluar la reutilizaci\u00f3n de excretas como abono de forrajeras, realizando contribuciones a la valoraci\u00f3n de su impacto sanitario. Sin embargo, es necesario mayor exploraci\u00f3n en determinados aspectos que hacen a su reuso racional y a la identificaci\u00f3n de puntos cr\u00edticos de manejo que vinculen al uso de nutrientes, con el del agua y la energ\u00eda, y que permitan, as\u00ed, un abordaje integral a nivel ambiental, de estos sistemas de producci\u00f3n ganaderos. El objetivo general es desarrollar indicadores y alternativas de manejo integral para mitigar impactos ambientales y sanitarios de los sistemas de producci\u00f3n de carne y leche intensificados e intensivos en la regi\u00f3n pampeana, considerando los flujos de nutrientes y minerales, la eficiencia del uso de la energ\u00eda y del agua y la utilizacion de los residuos ganaderos en condici\u00f3n higi\u00e9nico-sanitaria. Para ello se propone: (1) Determinar el impacto de variables de estructura y de manejo productivo, a escala predial, sobre desbalances de nutrientes y minerales, sobre el consumo de agua y uso de energ\u00eda, identificando aquellos indicadores que permitan articular diferentes aspectos del sistema productivo para escenarios locales de producci\u00f3n; (2) Caracterizar los residuos ganaderos determinando condiciones higi\u00e9nico-sanitarias y posibilidades de reutilizaci\u00f3n, y estimar el impacto que producen en suelo, agua y forraje, acorde al grado de intensificaci\u00f3n de los predios; (3) Evaluar el impacto del uso de esti\u00e9rcol como abono de forrajeras anuales en el aprovechamiento mineral y en distintas etapas de crecimiento (desde germinaci\u00f3n a vegetativo temprano) con aplicaci\u00f3n temprana, cuantificando disponibilidad y p\u00e9rdidas relativas al ambiente a mediano plazo y (4) Desarrollar herramientas de transferencia para diferentes actores de la cadena de producci\u00f3n, que permitan valorar estos residuos en reemplazo de fertilizantes comerciales y que puedan propiciar cambios en la percepci\u00f3n de consumidores sobre el agregado de valor que aportan las pr\u00e1cticas de manejo integral.<\/p>\n<p>\t\t\t2011-2014. Sistemas ganaderos intensificados: estrategias y desaf\u00edos productivos para mitigar impactos ambientales y sanitarios<\/p>\n<p>\t\t\tPrograma UBACyT Proyecto 20020100100367, Universidad de Buenos Aires<\/p>\n<p>\t\t\tDirectora Dra. Mar\u00eda Alejandra Herrero<\/p>\n<p>\t\t\tLos sistemas intensivos\/intensificados de carne y leche generan excedentes de nutrientes, v\u00eda excretas, distribuidos irregularmente en potreros y\/o concentrados en sectores determinados (instalaciones, corrales y sistemas de tratamiento). Estos residuos ganaderos, adem\u00e1s, pueden contener pat\u00f3genos y residuos de f\u00e1rmacos que no son eliminados por los m\u00e9todos de tratamiento convencionales, y por lo tanto, se acumulan causando efectos adversos, tanto en los ecosistemas como en la salud humana. En trabajos anteriores se desarrollaron indicadores para estimar la posibilidad de su reutilizaci\u00f3n como fertilizantes de forrajeras, realiz\u00e1ndose un primer diagn\u00f3stico de su situaci\u00f3n sanitaria. Sin embargo, se requiere de mayor investigaci\u00f3n para lograr una reutilizaci\u00f3n racional, que integre estrategias de manejo para optimizar los balances de nutrientes, disminuyendo costos de producci\u00f3n y riesgos ambientales y sanitarios. El objetivo del proyecto es desarrollar indicadores y alternativas de manejo de nutrientes para disminuir el impacto ambiental de sistemas de producci\u00f3n de carne y leche intensificados\/intensivos en la regi\u00f3n pampeana, considerando la din\u00e1mica de balances y flujos de nutrientes, y las condiciones higi\u00e9nico-sanitarias de los sistemas. Para ello se propone: (1) Evaluar la incidencia de variables de estructura y de manejo en los predios sobre los desbalances de nutrientes, para mejorar la estimaci\u00f3n del potencial de reciclaje de nitr\u00f3geno y f\u00f3sforo. Para ello, se ajustar\u00e1 la metodolog\u00eda de c\u00e1lculo de balances a condiciones locales, identificar\u00e1 puntos cr\u00edticos de manejo en condiciones de campo para desarrollar descriptores e indicadores de utilizaci\u00f3n de nutrientes que resulten de importancia para los sistemas productivos de la regi\u00f3n; (2) Caracterizar los residuos ganaderos para determinar condiciones higi\u00e9nico-sanitarias y posibilidades de reutilizaci\u00f3n, y estimar el impacto que producen en sectores de concentraci\u00f3n animal; (3) Continuar la evaluaci\u00f3n de la eficiencia de uso de nitr\u00f3geno y f\u00f3sforo contenidos en los residuos ganaderos para diferentes esquemas de ocupaci\u00f3n del suelo, cuantificando p\u00e9rdidas relativas al ambiente a mediano plazo, y (4) Finalmente, con la informaci\u00f3n obtenida, valorar econ\u00f3micamente a estos residuos para desarrollar herramientas de transferencia que mejoren el manejo de nutrientes y el reuso de residuos ganaderos a nivel predial.<\/p>\n<p>\t\t\t2008-2010: Sistemas Ganaderos Intensificados: Estrategias y Desaf\u00edos para Reutilizar Nutrientes de los Residuos y Mitigar Impactos Ambientales y Sanitarios.<br \/>\n\t\t\tProgramaci\u00f3n UBACYT 2008-2010 &#8211; Proyecto V015<\/p>\n<p>\t\t\tDirector: Ing. Agr. Mar\u00eda Alejandra Herrero<\/p>\n<p>\t\t\tEl objeto del proyecto es desarrollar alternativas de manejo y reutilizaci\u00f3n de residuos ganaderos para disminuir el impacto ambiental de sistemas de producci\u00f3n de carne (vacuna-porcina) y leche en la regi\u00f3n Pampeana, considerando la din\u00e1mica de balances y flujos de nutrientes, y las condiciones higi\u00e9nico-sanitarias de los residuos. Estos sistemas generan excedentes de nutrientes via excretas, distribuidas irregularmente en potreros y\/o concentradas en sectores determinados (instalaciones y lagunas), que sumado a la presencia de pat\u00f3genos y residuos de f\u00e1rmacos, son causa de contaminaci\u00f3n de recursos naturales. A partir de su reutilizaci\u00f3n racional se optimiza el balance de nutrientes, disminuyendo costos de producci\u00f3n y riesgos ambientales y sanitarios. Para ello se pretende: (1) Evaluar el potencial de reciclaje de nitr\u00f3geno y f\u00f3sforo, ajustando metodolog\u00eda de c\u00e1lculo de balances a condiciones locales, identificando puntos cr\u00edticos en su manejo en condiciones de campo y desarrollando descriptores e indicadores de su utilizaci\u00f3n; (2) Caracterizar los residuos ganaderos para determinar condiciones higi\u00e9nico-sanitarias, posibilidades de depuraci\u00f3n y reutilizaci\u00f3n; (3) Determinar en verdeos y pasturas la eficiencia de uso de nitr\u00f3geno y f\u00f3sforo contenidos en residuos ganaderos, cuantificando p\u00e9rdidas relativas al ambiente y (4) Dise\u00f1ar herramientas de transferencia para mejorar el manejo de nutrientes y el reuso de residuos ganaderos a nivel predial.<\/p>\n<p>\t\t\t2006-2009 &#8211; \u00abGesti\u00f3n del Ambiente y Desarrollo de Infraestructura Adaptada para Sistemas Lecheros Intensificados y de Gran Escala Productiva\u201d<br \/>\n\t\t\tPrograma INTA 2006-2009 &#8211; Proyecto PNLEC1<br \/>\n\t\t\tDirecci\u00f3n: Ing. PA Ver\u00f3nica Charl\u00f3n<\/p>\n<p>\t\t\tCon el objetivo de generar y transferir conocimientos y tecnolog\u00edas para prevenir impactos ambientales negativos en sistemas lecheros intensificados y para desarrollar infraestructura adaptada a tambos de gran escala (mayores a 250 vacas en orde\u00f1o) se consolid\u00f3 un grupo de trabajo inter-institucional formado por personal de INTA, UTN, UNL y UBA (FCV y FAUBA). Se pretende estudiar el balance de N y P en sistemas lecheros intensificados, evaluar el impacto sobre calidad de agua subterr\u00e1nea y superficial y sobre propiedades f\u00edsico-qu\u00edmicas y biol\u00f3gicas del suelo y aportar informaci\u00f3n para la construcci\u00f3n de indicadores de riesgo ambiental y para establecer criterios de sustentabilidad de estos sistemas de producci\u00f3n.<\/p>\n<p>\t\t\t2004\/2008 Efluentes Ganaderos: Evaluaci\u00f3n de su Potencial como Recurso para el Reciclado de Nutrientes Dentro del Sistema de Producci\u00f3n<br \/>\n\t\t\tProgramaci\u00f3n UBACYT 2004-2007- Proyecto V050<br \/>\n\t\t\tDirector: Ing. Agr. Mar\u00eda Alejandra Herrero<\/p>\n<p>\t\t\tEl Plan de Investigaci\u00f3n permiti\u00f3 evaluar alternativas de manejo y reutilizaci\u00f3n de efluentes de origen animal, dentro de la din\u00e1mica de balance de nutrientes, en sistemas de producci\u00f3n de carne y leche de la provincia de Buenos Aires. Los vacunos eliminan gran proporci\u00f3n del nitr\u00f3geno y f\u00f3sforo consumidos mediante el reciclaje por orina y excretas, reingresando al sistema desuniformemente, y con riesgo de contaminaci\u00f3n de aguas. Los efluentes ganaderos pueden ser reutilizados a trav\u00e9s del crecimiento vegetal por el re-acoplamiento de la producci\u00f3n planta-animal, dejando de ser un residuo para convertirse en un recurso. La metodolog\u00eda de trabajo consisti\u00f3 en: -caracterizaci\u00f3n y selecci\u00f3n de los establecimientos ganaderos, -estimaci\u00f3n de los balances de nutrientes, -muestreo y an\u00e1lisis de los efluentes (pH, s\u00f3lidos totales, N, P, K, N amoniacal, cargas bacterianas, DQO y DBO), &#8211; optimizaci\u00f3n de procesos de degradaci\u00f3n de efluentes, -adecuaci\u00f3n de los balances seg\u00fan valores en efluentes y -ensayos en ambiente controlado con especies forrajeras seleccionadas (materia seca producida y N total en planta seg\u00fan distintas dosis de N aplicadas semejando las caracter\u00edsticas de los efluentes). Los resultados permitieron avanzar en experiencias directamente a campo con forrajeras adecuadas al suelo y tipo de efluente del propio sistema de producci\u00f3n.<\/p>\n<p>\t\t\t2003 &#8211; Calidad y Estrategia de Uso del Agua en el Tambo, y su Incidencia en la Calidad Bacteriol\u00f3gica de la Leche<br \/>\n\t\t\tProgramaci\u00f3n UBACYT 2003 &#8211; Anual &#8211; Proyecto V609<br \/>\n\t\t\tDirector: Ing. Agr. Mar\u00eda Alejandra Herrero<\/p>\n<p>\t\t\tLos objetivos del proyecto intentan determinar la incidencia de la calidad del agua y de alternativas de re-utilizaci\u00f3n, respecto al desarrollo de bacterias psicrotrofas en la leche y sistemas de orde\u00f1o. Se desarrollar\u00e1n tres aspectos centrales en esta relaci\u00f3n. Relevar la presencia de Pseudomonas spp. y determinar la asociaci\u00f3n entre su presencia en agua y en leche con las pr\u00e1cticas y condiciones de uso del agua en esos tambos. Determinar la incidencia de agua residual contaminada en el equipo de orde\u00f1o, sistema de conducci\u00f3n y de almacenamiento, sobre la calidad bacteriol\u00f3gica de leche total. Evaluar una alternativa de re-utilizaci\u00f3n del agua para el refrescado de la leche, y su incidencia en la velocidad de enfriamiento y calidad bacteriol\u00f3gica de la leche. Con los resultados obtenidos se pretende lograr informaci\u00f3n que permita evaluar el impacto de diferentes manejos del agua en la calidad de leche, considerando el impacto ambiental y econ\u00f3mico.<\/p>\n<p>\t\t\t2001\/2003 &#8211; Agua E Integraci\u00f3n Socio-Productiva Regional<br \/>\n\t\t\tFinanciado por el FONDO PARA LAS AM\u00c9RICAS -Proyecto con fondos internacionales e interinstitucional &#8211; Fundaci\u00f3n J. Roulet, FCV &#8211; UBA, Escuela Agropecuaria de Arrecifes y Asociaci\u00f3n de Productores de Arrecifes.<\/p>\n<p>\t\t\tDirectores: Ing. Agr. Mar\u00eda Alejandra Herrero y Dra. Inge Thiel<br \/>\n\t\t\tAprobado dentro de la convocatoria 2000\/2002 &#8211; proyecto 20\/2000<\/p>\n<p>\t\t\tEl proyecto tiene como objetivos principales el de capacitar recursos humanos para el manejo del agua con una visi\u00f3n consensuada com\u00fan. Fomentar la comprensi\u00f3n de la gesti\u00f3n integral del recurso h\u00eddrico desde la Escuela, a trav\u00e9s de la participaci\u00f3n de todos los actores involucrados del partido de Arrecifes. Promover la transformaci\u00f3n de la comunidad educativa de la Escuela Agropecuaria No1, para que act\u00fae como agente multiplicador y ejecutor de acciones viables para el desarrollo sustentable del recurso h\u00eddrico, a trav\u00e9s de la interacci\u00f3n con la Universidad.<\/p>\n<p>\t\t\tLa tarea realizada se organiz\u00f3 en 4 etapas semestrales. Comenz\u00f3 en Marzo del 2001. Hasta el momento se realizaron los muestreos correspondientes al monitoreo mensual de aguas superficiales de la regi\u00f3n, que se continuaron hasta fines 2002. A partir de una evaluaci\u00f3n mas completa se est\u00e1 encarando la determinaci\u00f3n de puntos de contaminaci\u00f3n del agua superficial, incorporando indicadores biologicos. Con respecto al agua subterr\u00e1nea se realiz\u00f3 el an\u00e1lisis de 85 perforaciones. Hasta el momento aparece como uno de los problemas mas graves, la contaminaci\u00f3n por nitratos, llegando en pozos de abastecimiento de poblaci\u00f3n rural a valores de 248 ppm. Se est\u00e1 trabajando con un grupo de hidroge\u00f3logos en la comprensi\u00f3n de las causas de los problemas de contaminaci\u00f3n hallados. Se dise\u00f1aron un sistema para ahorro de agua en el tambo y para riego con efluentes. Esto origin\u00f3 diversos ensayos que fueron plasmados tanto en trabajos presentados a congresos como en talleres y art\u00edculos de difusi\u00f3n para productores. En lo que respecta a las actividades de extensi\u00f3n, se han realizado 6 talleres con docentes y alumnos sobre los diversos temas pertinentes al proyecto. Por otra parte se realiz\u00f3 una Jornada abierta denominada AGUA PARA TODOS Y PARA TODO, en la cual los alumnos y docentes de la escuela, asistidos por personal de la Universidad, compartieron los logros obtenidos con la presencia de 450 alumnos de escuelas primarias rurales de la regi\u00f3n.<\/p>\n<p>\t\t\t2001\/2002 &#8211; Relaci\u00f3n Entre la Calidad de Agua y la Calidad de Leche<br \/>\n\t\t\tProgramaci\u00f3n Cient\u00edfica 2001\/2002 &#8211; Proyecto bienal V003<br \/>\n\t\t\tDirector: Ing. Agr. Mar\u00eda Alejandra Herrero<\/p>\n<p>\t\t\tEl objetivo general de este proyecto plante\u00f3 evaluar la relaci\u00f3n entre el agua(calidad, uso y contaminaci\u00f3n), con determinados par\u00e1metros productivos de los sistemas de producci\u00f3n de leche de la Provincia de Buenos Aires. Los objetivos espec\u00edficos fueron agrupados en dos etapas: 1- Cuantificar la incidencia del manejo del agua y los efluentes en el grado de contaminaci\u00f3n del agua subterr\u00e1nea, para definir medidas de manejo y prevenci\u00f3n. 2- Evaluar la relaci\u00f3n existente entre calidad de agua y calidad de leche producida. Se evalu\u00f3 como caso de estudio, la cuenca de abasto sur de la provincia de Buenos Aires, trabajando en cooperaci\u00f3n con la Agencia INTA de Chascom\u00fas. Se analiz\u00f3 la calidad fisicoqu\u00edmica y microbiol\u00f3gica de pozos y tanques de almacenamiento, en 61 tambos distribuidos en 7 partidos de la cuenca. Adem\u00e1s, se realiz\u00f3 una encuesta a los productores para conocer, detalladamente, los aspectos relacionados al uso del agua en las instalaciones de orde\u00f1e. Los resultados mostraron que del total de perforaciones evaluadas, el 28% presentaban contaminaci\u00f3n por nitratos y el 49% contaminaci\u00f3n microbiol\u00f3gica, siendo frecuente el hallazgo de Escherichia coli y Pseudomonas aeruginosa (superior al 25%). En los tanques de almacenamiento se hallaron valores de 35% de contaminaci\u00f3n por nitratos y 70% de contaminaci\u00f3n microbiol\u00f3gica, mostrando la falta de limpieza peri\u00f3dica. Los efluentes se presentaron, no solo como un problema dif\u00edcil de manejar, sino como una de fuentes de contaminaci\u00f3n del agua subterr\u00e1nea, asociada a la presencia de acu\u00edferos someros y a eventuales condiciones de anegamiento, en muchas de las cuencas lecheras de la provincia. Los efluentes generados en \u00e9stas instalaciones proven\u00edan de las diversas actividades realizadas durante el orde\u00f1o, como ser: &#8211; la limpieza de corrales, &#8211; de la sala y m\u00e1quina de orde\u00f1o y &#8211; de la limpieza de ubres. Se determino la demanda de agua en los tambos, y se realiz\u00f3 la caracterizaci\u00f3n de la calidad de las lagunas de los tambos evaluados, determin\u00e1ndose la Demanda Biol\u00f3gica de Ox\u00edgeno(DBO), la Demanda Qu\u00edmica de Ox\u00edgeno (DQO), y el contenido de nitr\u00f3geno, f\u00f3sforo y potasio en diferentes puntos(inicio y final). Esto permiti\u00f3 conocer la eficiencia en el tratamiento de los efluentes y las formas de manejo de los mismos, encontr\u00e1ndose que, el 90% de los productores eliminaban efluentes con altas cargas contaminantes en los cursos de agua cercanos. Se determin\u00f3 la incidencia de la contaminaci\u00f3n microbiol\u00f3gica en la preparaci\u00f3n de las ubres antes del orde\u00f1o.<\/p>\n<p>\t\t\tLa Calidad del Agua, su Utilizaci\u00f3n y Relaci\u00f3n con la Producci\u00f3n para un Desarrollo Agropecuario Sustentable<br \/>\n\t\t\tProgramaci\u00f3n Cient\u00edfica 1998\/2000 &#8211; Proyecto trienal &#8211; TV 20 &#8211; FCV-UBA<br \/>\n\t\t\tDirector: Ing. Agr. Mar\u00eda Alejandra Herrero<\/p>\n<p>\t\t\tEl proyecto se concentr\u00f3 en el muestreo de establecimientos agropecuarios en la mitad norte de la provincia de Buenos Aires. Esta regi\u00f3n incluye las denominadas Cuencas de Abasto Norte, Sur y Oeste. Los resultados de ese proyecto permitieron relevar diversos sistemas de producci\u00f3n extensivos e intensivos habiendo obtenido distinto grado de informaci\u00f3n. Las muestras analizadas en casi 400 tambos de la regi\u00f3n indicaron serios problemas de contaminaci\u00f3n provenientes en su mayor\u00eda de lagunas de efluentes mal dise\u00f1adas, ya sea, en sus aspectos constructivos como en la ubicaci\u00f3n con respecto a la perforaci\u00f3n. El relevamiento regional realizado permiti\u00f3 conocer el grado de contaminaci\u00f3n existente, coincidiendo con muestras cercanas a viviendas, instalaciones de orde\u00f1o sin tratamiento de efluentes y molinos de lotes con fertilizaci\u00f3n nitrogenada en suelos de elevada capacidad de infiltraci\u00f3n. No se encontr\u00f3 correlaci\u00f3n entre la concentraci\u00f3n de nitratos seg\u00fan el origen de las muestras (sala de orde\u00f1o, potrero o casa) y el tama\u00f1o de los establecimientos seg\u00fan la superficie. Esto condice con la gran cantidad de variables que condicionan la contaminaci\u00f3n del agua subterr\u00e1nea, donde no s\u00f3lo influye el tama\u00f1o de las explotaciones, sino tambi\u00e9n la cantidad de puntos de contaminaci\u00f3n en un \u00e1rea determinada, el nivel de producci\u00f3n, antig\u00fcedad de la perforaci\u00f3n, encamisado de la misma, tiempo en la actividad, tipo de suelo y nivel de precipitaciones.<\/p>\n<p>\t\t\t1998\/2000 &#8211; El Agua y su Relaci\u00f3n con la Din\u00e1mica de los Sistemas Naturales y de Producci\u00f3n Agropecuaria en la Cuenca Inferior del R\u00edo Salado(Pcia. de Buenos Aires)<br \/>\n\t\t\tProg. Cient\u00edfica 1998\/2000 &#8211; Proyecto Integrado IX14 &#8211; FCEN, UBA.<br \/>\n\t\t\tDirector: Alicia Fern\u00e1ndez Cirelli.<br \/>\n\t\t\tCo-Director: Ing. Agr. Mar\u00eda Alejandra Herrero<\/p>\n<p>\t\t\tEl objetivo general de este proyecto plantea la caracterizaci\u00f3n hidroqu\u00edmica de la regi\u00f3n y el dise\u00f1o de acciones de transferencia a la comunidad local, para el uso racional del recurso, considerando que la cuenca inferior del R\u00edo Salado (Pampa Deprimida, Provincia de Buenos Aires) es una de las zonas m\u00e1s importantes de la llanura pampeana, cercana a los centros de comercializaci\u00f3n. Este estudio permiti\u00f3 explicar la composici\u00f3n qu\u00edmica del agua ante determinadas acciones siguiendo pautas evolutivas. Se confeccionaron mapas tem\u00e1ticos teniendo en cuenta la relaci\u00f3n entre el grado de contaminaci\u00f3n y las actividades realizadas en la zona. El aislamiento de microorganismos con capacidad biorremediativa de los contaminantes qu\u00edmicos ambientales hallados en los ecosistemas estudiados, permiti\u00f3 elaborar pautas para su recuperaci\u00f3n. En base a estos nuevos par\u00e1metros hidroqu\u00edmicos se caracterizaron los acu\u00edferos someros y se definieron los rangos de concentraci\u00f3n de metales trazas existentes en los mismos. Las zonas agr\u00edcolas con pr\u00e1cticas intensivas en lo que respecta a la siembra directa, riego y fertilizaci\u00f3n nitrogenada fue una de las \u00e1reas cr\u00edticas consideradas en lo que respecta a la vulnerabilidad de sus acu\u00edferos al igual que las zonas pobladas sin servicios cloacales.<\/p>\n<p>\t\t\t1998\/2002 &#8211; Relevamiento y Evaluaci\u00f3n de las Plantas Ornamentales T\u00f3xicas para Peque\u00f1os Animales.<br \/>\n\t\t\tProyecto interno \u00c1rea Agr\u00edcola &#8211; Dpto. de Producci\u00f3n Animal &#8211; FCV &#8211; UBA<br \/>\n\t\t\tDirector: Ing. Agr. Mar\u00eda Alejandra Herrero<\/p>\n<p>\t\t\tSe realizo una extensa revisi\u00f3n Bibliogr\u00e1fica, fueron encuestados viveros de la Ciudad de Buenos Aires y del gran Buenos Aires. Adem\u00e1s se entrevistaron m\u00e9dicos de hospitales infantiles y cl\u00ednicas veterinarias. Se construyo un cat\u00e1logo de las plantas de mayor relevancia en nuestro \u00e1mbito y un Jard\u00edn de plantas ornamentales para informaci\u00f3n a profesionales. Construcci\u00f3n de un sitio web.<\/p>\n<p>\t\t\t1995\/1997 &#8211; Diagnostico y Evaluaci\u00f3n de la Calidad de Aguas para Bebida Animal en la Pradera Pampeana. \u00c1rea Agr\u00edcola &#8211; Dpto. de Producci\u00f3n Animal &#8211; FCV- UBA &#8211; Subsidio aprobado sin financiamiento para la PROGRAMACI\u00d3N CIENT\u00cdFICA 1995\/97.<\/p>\n<p>\t\t\tUBACYT- Proyecto VE 049.<br \/>\n\t\t\tCo-director: Ing. Agr. Mar\u00eda Alejandra Herrero<\/p>\n<p>\t\t\tEl objetivo del presente trabajo fue evaluar la calidad de aguas utilizada para bebida animal en diferentes zonas de la regi\u00f3n de la Pradera Pampeana para conocer la distribuci\u00f3n de diferentes contenidos salinos que pueden comprometer la salud animal. Se muestrearon 1388 establecimientos agropecuarios situados en diferentes zonas de la Pradera Pampeana. De los resultados obtenidos puede observarse que en general, en la regi\u00f3n, se presentan los valores extremos en la Pampa Arenosa y Deprimida. En el caso de los sulfatos, se pueden presentar problemas en todas las zonas, ya que los valores promedio superan el l\u00edmite de seguridad siendo, en el caso de C\u00f3rdoba superiores al m\u00e1ximo. En el caso de los valores de sales totales presentes, se encuentran valores extremos que pueden afectar la ganancia de peso, sobre todo en la Pampa Arenosa y en C\u00f3rdoba, siendo a su vez halladas varias muestras con exceso de sales en al \u00e1rea sur del Gran Bs.As (Cuenca de Abasto Sur). Se determin\u00f3 alta presencia de nitratos en todas las zonas, llegando hasta valores de 500 ppm, siendo en esos casos no recomendables para el consumo animal, sobre todo en planteos intensivos y cuando no se hallan considerado el balance energ\u00e9tico de la raci\u00f3n con respecto al agua. En las zonas de la Pampa Ondulada y P. Deprimida las muestras con exceso de nitratos se reparten entre aquellas originadas en casas, orde\u00f1os, criaderos de aves y cerdos y potreros, sobre todo estos \u00faltimos cercanos a zonas de cultivos intensivos. En el caso de los niveles de ars\u00e9nico hallados, se puede decir que se encuentran valores elevados en todas las zonas, mostrando una gran distribuci\u00f3n de este elemento en la regi\u00f3n estudiada. A pesar de los resultados anal\u00edticos, la interpretaci\u00f3n de las encuestas permiti\u00f3 llegar a las siguientes observaciones: en los niveles de salinidad encontrados no se detect\u00f3 que puedan afectar el consumo a excepci\u00f3n de algunas muestras en la zona de la Pampa Arenosa, donde la hacienda rechaza el agua por exceso de sales, sobre todo en verano y, en \u00e1rea baja en la zona de la Pampa deprimida, donde habi\u00e9ndose determinado exceso de sulfatos, no se hab\u00edan presentado diarreas, hasta la sequ\u00eda del pasado verano en que la falta de charcos de agua dulce oblig\u00f3 a la hacienda a beber de las aguadas motivando serios problemas de diarreas y p\u00e9rdida de ganancia en peso en los animales. Se observ\u00f3 que el % de muestras sobre el total de las analizadas que presentaban problemas de exceso de dureza para el lavado de instalaciones de orde\u00f1o era elevada en la mayor\u00eda de las zonas, pero con una distribuci\u00f3n variable. Fue detectado un elevado % de fuentes de agua que son de uso compartido permanente entre el hombre y los animales en \u00e1reas rurales de toda la regi\u00f3n, siendo una gran proporci\u00f3n de ellas no aptas para su consumo.<\/p>\n<p>\t\t\t1995\/1996 &#8211; Evaluaci\u00f3n del Riesgo de \u00bb Enteque Seco \u00bb por Solanum glaucophyllum(Duraznillo blanco ) en el Partido de Pilar<br \/>\n\t\t\tProyecto realizado en conjunto entre el \u00c1rea Agr\u00edcola.-Dpto. de Prod. Animal &#8211; FCV &#8211; UBA &#8211; INTA Balcarce Plan 164 y la Carrera de Veterinaria &#8211; Campus de Nuestra Se\u00f1ora de Pilar Univ. Del Salvador- Financiado por la Universidad del Salvador- Director: Ing. Agr. Mar\u00eda Alejandra Herrero<\/p>\n<p>\t\t\tEl objetivo del trabajo fue el de cuantificar las perdidas econ\u00f3micas en el Partido de Pilar a consecuencia de la enfermedad del Enteque seco y establecer umbrales de control de acuerdo al material de hojas expuesto para el consumo de los animales. Fueron evaluados diferentes estadios y situaciones relacionadas al deterioro de las hojas una vez desprendidas de las plantas y a la conservaci\u00f3n del principio activo en las mismas. Las encuestas realizadas evidenciaron que no solo algunos de los productores no ten\u00edan conocimiento de la presencia de enteque seco, sino que muchos de los cuales no utilizaban estos potreros con fines productivos, sino solo eventualmente y sin registrar los niveles de producci\u00f3n, por lo cual las perdidas econ\u00f3micas provenientes del consumo de esta especie resultan insignificantes en comparaci\u00f3n a las ocurridas en la Cuenca del Salado.<\/p>\n<p>\t\t\t1987 &#8211; 1990 &#8211; Evaluaci\u00f3n de la Calidad de Aguas de Bebida Animal y su Relaci\u00f3n con la Producci\u00f3n Lechera<\/p>\n<p>\t\t\tDirector: G. Otamendi &#8211; Investigador principal: Ing. Agr. Mar\u00eda Alejandra Herrero<br \/>\n\t\t\tProgramaci\u00f3n UBACYT &#8211; Proyecto VE 16 &#8211; FCV- UBA &#8211; Financiado.<\/p>\n<p>\t\t\tEl proyecto consisti\u00f3 fundamentalmente en realizar relevamientos de la calidad de aguas por Cuencas lecheras, en ellas se eleg\u00edan establecimientos con similares condiciones agroclim\u00e1ticas, de manejo y de alimentaci\u00f3n. El objetivo fue considerar la variable calidad de agua e interpretar la merma en la producci\u00f3n de leche producida por una mala calidad de la misma. Se concluy\u00f3 con el relevamiento de las Pcia. de Santa F\u00e9, C\u00f3rdoba y Oeste de Bs. As., habi\u00e9ndose hallado relaci\u00f3n entre los nivel producci\u00f3n lechera y las concentraciones de sales totales y sulfatos en cuencas lecheras de Santa Fe.<\/p>\n<p>\t\t\t1984 &#8211; 1990 &#8211; Evaluaci\u00f3n de la Efectividad del Glifosato en el Control del Enteque Seco, producido por el Duraznillo Blanco(Solanum glaucophyllum)<br \/>\n\t\t\tProyecto subsidiado y realizado dentro de actividades de formaci\u00f3n docente y de investigaci\u00f3n en el \u00c1rea Agr\u00edcola y aprobado por Consejo Directivo de la Facultad.-Dpto. de Prod. Animal &#8211; FCV &#8211; UBA<\/p>\n<p>\t\t\tDirector : Ing. Agr. Luis Indelicato<br \/>\n\t\t\tInvestigador principal: Ing. Agr. Mar\u00eda Alejandra Herrero<\/p>\n<p>\t\t\tEl proyecto consisti\u00f3 en una serie de ensayos a campo en un duraznillar ubicado en el partido de Navarro, Pcia. de Buenos Aires. El objetivo fue evaluar la eficacia del producto herbicida GLIFOSATO, en la erradicaci\u00f3n de la especie Duraznillo Blanco (Solanum glaucophyllum) y en consecuencia en la disminuci\u00f3n potencial del riesgo de Enteque seco (enfermedad que ocasiona las mayores perdidas econ\u00f3micas en la zona de cr\u00eda de ganado vacuno en la Argentina). Dentro de los resultados obtenidos se determin\u00f3 la dosis \u00f3ptima y el estado fenol\u00f3gico deseable para el control mas eficiente. Las mediciones se realizaron en cada parcela de tratamiento por cuatro a\u00f1os consecutivos, evaluando el rebrote de la especie, logr\u00e1ndose con la aplicaci\u00f3n en fructificaci\u00f3n el 95% de control.<\/p><\/div>\n<div class=\"col-sm-1\">\n\t\t\t&nbsp;<\/div>\n<\/p><\/div>\n<p>\n\t&nbsp;<\/div>\n<div class=\"mision\">\n<div class=\"titulo-secciones\">\n\t\tDepto. de Producci\u00f3n Animal<a class=\"ancla\" id=\"Publica\">&nbsp;<\/a><\/div>\n<p>\t&nbsp;<\/p>\n<div class=\"row\">\n<div class=\"col-sm-1\">\n\t\t\t&nbsp;<\/div>\n<div class=\"col-sm-10\">\n\t\t\t\u00c1rea: Bases Agr\u00edcolas<\/p>\n<p>\t\t\tPRODUCCI\u00d3N CIENTIFICA<\/p>\n<p>\t\t\t1. Libros<\/p>\n<p>\t\t\t&#8211; 1985 RECOMENDACIONES DE HERBICIDAS, DEFOLIANTES Y DESECANTES EN LA REP\u00daBLICA ARGENTINA, INDELICATO, Luis y Herrero, M. Alejandra, Editado por CACIA-ASAM, Buenos Aires, 1985, p. 200<\/p>\n<p>\t\t\t&#8211; 1998 CALIDAD DE AGUA: toma de muestras, Obra completa, Video, Autores: Herrero, M. A.; Thiel, I.; Gonzalez Pereyra, V.; Korol, S. G\u00e9nero did\u00e1ctico para productores, educadores y alumnos del medio rural Duraci\u00f3n 25 minutos. Propiedad Intelectual &#8211; Registro de derecho de Autor Nro. 117638 \u2013 1 de Junio de 1998. Tema: Calidad de Agua-Tipo Video Registro a nombre de M. A. Herrero<\/p>\n<p>\t\t\t&#8211; 2003 BASES PARA LA PRODUCCI\u00d3N ANIMAL, Herrero, M. Alejandra \u2013 Coordinaci\u00f3n general Ed. BMPress, Buenos Aires, Argentina, 2003, ISBN 987-97692-9-5, p. 266<\/p>\n<p>\t\t\t&#8211; 2005 BASES PARA LA PRODUCCI\u00d3N ANIMAL Herrero, M. Alejandra \u2013 Coordinaci\u00f3n general Ed. BMPress, Buenos Aires, Argentina Re. Edici\u00f3n ampliada, 2005, ISBN 987-97692-9-5, p. 400<\/p>\n<p>\t\t\t&#8211; 2007 BASES PARA LA PRODUCCI\u00d3N ANIMAL Herrero, M. Alejandra \u2013 Coordinaci\u00f3n general Ed. BMPress, Buenos Aires, Argentina, 2007, Nueva edici\u00f3n y ampliaci\u00f3n ISBN 978-987-21426-5-0, p. 506<\/p>\n<p>\t\t\t&#8211; 2008 PLANTAS ORNAMENTALES TOXICAS: Gu\u00eda para el diagn\u00f3stico, tratamiento y prevenci\u00f3n de las intoxicaciones en peque\u00f1os animales. Iramain, M. S., Herrero, M. A., Volpe, S.M., Toro, S. E.Ed. BMPress, Buenos Aires, Argentina, Abril 2008, 1\u00aa. Ed. 1000 ejemplares. ISBN 978-987-1500-01-7, p. 150.<\/p>\n<p>\t\t\t&#8211; 2011 PLANTAS ORNAMENTALES TOXICAS: Gu\u00eda para el diagn\u00f3stico, tratamiento y prevenci\u00f3n de las intoxicaciones en peque\u00f1os animales.Iramain, M. S., Herrero, M. A., Volpe, S.M., Toro, S. E., Ed. BMPress, Buenos Aires, Argentina, Abril 2008, Amplicaci\u00f3n y 2\u00aa. Ed. 500 ejemplares. ISBN 978-987-1500-01-7, p. 150.<\/p>\n<p>\t\t\t&#8211; 2012 Compiladora del Libro de trabajos de las II Jornadas de Investigadores en Aprendizaje-Servicio. Herrero, M. A. y Tapia, M. N. (comp.) Actas de la II Jornada de investigadores en aprendizaje-servicio. CLAYSS-Red Iberoamericana de aprendizaje-servicio. Buenos Aires, 22 de agosto de 2012. ISBN 978-987-23812-2-6 http:\/\/www.clayss.org.ar\/06_investigacion\/jornadas\/jornadas.htm<\/p>\n<p>\t\t\t&#8211; 2011 PLANTAS ORNAMENTALES TOXICAS: Gu\u00eda para el diagn\u00f3stico, tratamiento y prevenci\u00f3n de las intoxicaciones en peque\u00f1os animales.Iramain, M. S., Herrero, M. A., Volpe, S.M., Toro, S. E. Ed. BMPress, Buenos Aires, Argentina, Abril 2008, Amplicaci\u00f3n y 2\u00aa. Ed. 500 ejemplares. ISBN 978-987-1500-1-7, p. 150.<\/p>\n<p>\t\t\t&#8211; 2014 Editora y autora del Libro PRODUCCION ANIMAL Y MEDIO AMBIENTE: Conceptos, interacciones y gesti\u00f3n. Herrero, M. A.Gil, S.B, REBUELTO, M., SARDI, G.M. Ed. BMPress, Buenos Aires, Argentina, Enero, 2014, 1\u00aa. Ed. 400 ejemplares. ISBN 978-987-1500-18-7, p. 224.<\/p>\n<p>\t\t\t&#8211; 2015 Compiladora del Libro de trabajos de las III Jornadas de Investigadores en Aprendizaje-Servicio. Herrero, M. A. y Tapia, M. N. (comp.) Actas de la III Jornada de investigadores en aprendizaje-servicio. CLAYSS-Red Iberoamericana de aprendizaje-servicio- IARLCE. Buenos Aires, 26 de agosto de 2015. ISBN: 978-987-23812-5-7 http:\/\/www.clayss.org\/3jornada\/Libro_IIIJIA-S.pdf<\/p>\n<p>\n\t\t\t2. Cap\u00edtulos de libro<\/p>\n<p>\t\t\t&#8211; 1997 \u201cProtagonistas del desarrollo sustentable: El agua en el sector agropecuario, caracterizaci\u00f3n de la pradera pampeana\u201c Herrero,M. A., Sardi, G., Orlando, A., Maldonado May, V. , Ormazabal, J. &#8211; EUDEBA en publicaci\u00f3n especial para el Grupo Aguas &#8211; AUGM (Grupo Montevideo): 53 A 80 (ISNB 950-23-0646-5). Internacional con referato.<\/p>\n<p>\t\t\t&#8211; 1999 \u201cRecursos d\u2019 aigua en la plana pampeana, Argentina\u201d.Fernandez Cirelli, A; Galindo,G; Herrero,M.A.; Conzonno,V &#8211; libro Recursos D\u2019 Aigua &#8211; Compiladores: Profesores M. Salgot y E. Custodio &#8211; Ed. Fundaci\u00f3n Agbar &#8211; Universidad de Barcelona, ESPA\u00d1A, 1999 :242 \u2013 266. Internacional con referato.<\/p>\n<p>\t\t\t&#8211; 1999 \u201cAguas para usos ganaderos\u201d Herrero, M.A. &#8211; libro: Normas de calidad de aguas para distintos usos en el Mercosur &#8211; Ed. Univ. Nac. De Rosario \u2013 Asociacion Universidades del Grupo de Montevideo &#8211; Septiembre de 1999 :59 \u2013 68 \u2013 Argentina, Rosario. Internacional con referato.<\/p>\n<p>\t\t\t&#8211; 2000 \u201cWater contamination from rural production systems\u201dHerrero, M.A.; Thiel, I., en Encyclopedia of Life Support Systems (EOLSS) soporte inform\u00e1tico\u2013 UNESCO, Ed. UNESCO, FRANCIA, Paris, p: 1-35, http:\/\/www.eolss.net\/E2-24D-toc.aspx. Internacional con referato.<\/p>\n<p>\t\t\t&#8211; 2001 \u201cEl agua en la crianza de cerdos\u201d Herrero, M.A. &#8211; en Actualizaci\u00f3n sobre aspectos productivos y de comercializaci\u00f3n en el Sector Porcino &#8211; Compiladores Liliana Lagrecca y Eduardo Marotta, Edici\u00f3n Universidad Cat\u00f3lica Argentina, Bs. As., 2001 : 39-55. Nacional con referato.<\/p>\n<p>\t\t\t&#8211; 2002 \u201cEl agua en el tambo\u201dCharlon, V.; Taverna, M., Herrero; M. A. &#8211; en Manual de referencia para el logro de leche de calidad &#8211; Editorial INTA Rafaela, Compiladores: Charlon,V.; Taverna, M, Argentina, Rafaela, Santa Fe\u2013 1\u00ba Edici\u00f3n : 43 \u201354. Nacional con referato.<\/p>\n<p>\t\t\t&#8211; 2003 \u201cEl agua y su importancia en la produccion animal\u201d Herrero, M. A. \u2013 en el libro Bases para la Producci\u00f3n Animal &#8211; Ed. BMPress, Buenos Aires, Argentina, ISBN 987-97692-9-5, : 115-154. Nacional con referato.<\/p>\n<p>\t\t\t&#8211; 2004 El agua en la produccion animal, en el libro Bases para la Produccion Animal, Autor: Herrero, M. A. \u2013 Ed. BMPress, Buenos Aires, Argentina, pag. 93-135. Nacional con referato.<\/p>\n<p>\t\t\t&#8211; 2004 La necesidad de incorporar nuevas herramientas pedag\u00f3gicas al tratamiento del \u201cproblemas\u201d al aula universitaria, en el Libro Aprendizaje y Servicio solidario publicado por el Ministerio de Educaci\u00f3n Ciencia y tecnolog\u00eda, Autor: Herrero, M. Alejandra, pag. 163-173. Nacional con referato.<\/p>\n<p>\t\t\t&#8211; 2005 El agua en el tambo en el libro \u00abManual de referencia para el logro de leche de calidad\u00bb Editor Taverna, INTA Rafaela, Autores: Charlon,V.; Taverna, M. y Herrero, M.A., 2\u00ba Edici\u00f3n : 43 \u201354(2005). ISBN 987-521-165-6. Nacional con referato.<\/p>\n<p>\t\t\t&#8211; 2008 Producci\u00f3n animal y medio ambiente. En Agroecosistemas: impacto ambiental y sustentabilidad. Ed. Lidia Giufre Editorial FAUBA. Buenos Aires, Argentina.. Autores Basso, L. Herrero, M. A. Pag. 337-364. (2008) ISBN 978-950.1061-1. Nacional con referato.<\/p>\n<p>\t\t\t&#8211; 2009 \u201cWater contamination from rural production systems 2\u201d Herrero, M.A.; Thiel, I., en Encyclopedia of Life Support Systems (EOLSS) impresa para lo cual se actualizaron contenidos UNESCO, Ed. UNESCO, OXFORD UNITED KINGDOM, ISBN 978-1-84826-622-3p: 1-35, Internacional con referato.<\/p>\n<p>\t\t\t&#8211; 2011 \u00abManejo del esti\u00e9rcol y posibilidades de uso\u201c Gil, S.B., Herrero, M.A. en Suplementaci\u00f3n y engorde a corral de vacunos CREA. 1\u00b0 edic. Buenos Aires: Asoc. Argentina de Consorcios Regionales de Experimentaci\u00f3n Agr\u00edcola. Buenos Aires, Argentina. MANEJO DEL ESTI\u00c9RCOL Y POSIBILIDADES DE USO. Cap. 3: Engorde a corral, pp 70- 74, Enero 2011. ISBN: 978-987-1513-05-5 Nacional con referato<\/p>\n<p>\t\t\t&#8211; 2011 &#8211; Experiencias utiles para orientar y potenciar nuestra imaginaci\u00f3n Herrero, M. A., Sardi, G.; Valeriani, E., Miguez, M., Thiel, I.; Hevia, I., secci\u00f3n AGUA Y ESCUELA: MODULOS PARA CICLOS EDUCTATIVOS, en Educaci\u00f3n ambiental ideas y propuestas para docentes. 1er. Ed. Editado por Secretaria de Ambiente y desarrollo sustentable de la Naci\u00f3n y Ministerio de Educaci\u00f3n de la Naci\u00f3n., Junio, 2011. ISBN: 978-987-26311-5-4<\/p>\n<p>\t\t\t&#8211; 2013 Producci\u00f3n animal y medio ambiente. En Agroecosistemas: impacto ambiental y sustentabilidad. Ed. Lidia Giufre Editorial FAUBA. Buenos Aires, Argentina. 2da. Ed. Autores Basso, L. Herrero, M. A. Pag. 383-410. (2013) ISBN 978-987.29338-3-8 Nacional con referato<\/p>\n<p>\t\t\t&#8211; 2013 Evaluaci\u00f3n de la percepci\u00f3n ambiental en el medio rural como diagn\u00f3stico en la toma de decisiones locales para la gesti\u00f3n del agua. Sardi. G.M.I., Herrero, M.A. (pp. 119-133). En El agua en la producci\u00f3n agropecuaria (Eds. Fernandez Cirelli, Perez Carrera, Volpedo, Buenos Aires Argentina. Nacional con referato<\/p>\n<p>\t\t\t&#8211; 2014 \u201cEvoluci\u00f3n de los sistemas de produccion animal y su impacto en el ambiente\u201d Herrero, M.A. Gil, S.B., en PRODUCCION ANIMAL Y MEDIO AMBIENTE: Conceptos, interacciones y gesti\u00f3n Eds. Herrero, Gil, Rebuelto, Sardi, BMpress, Buenos Aires, Argentina, Pag. 15-33 (2014) ISBN 978-987-1500-18-7 Nacional con referato<\/p>\n<p>\t\t\t&#8211; 2014 \u201cManejo del agua en sistemas ganaderos\u201d, Herrero, M.A, Tieri, M. P. en PRODUCCION ANIMAL Y MEDIO AMBIENTE: Conceptos, interacciones y gesti\u00f3n Eds. Herrero, Gil, Rebuelto, Sardi, BMpress, Buenos Aires, Argentina, Pag. 35-63 (2014) ISBN 978-987-1500-18-7 Nacional con referato<\/p>\n<p>\t\t\t&#8211; 2014 \u201cManejo de residuos, estiercol y purines\u201d Herrero, M. A en PRODUCCION ANIMAL Y MEDIO AMBIENTE: Conceptos, interacciones y gesti\u00f3n Eds. Herrero, Gil, Rebuelto, Sardi, BMpress, Buenos Aires, Argentina, Pag. 97-125 (2014) ISBN 978-987-1500-18-7 Nacional con referato<\/p>\n<p>\t\t\t&#8211; 2014 \u201cPropuestas de manejo en pistas de alimentaci\u00f3n para vacas lecheras y corrales de engorde de novillos\u201d. LaManna, A. y Herrero, M.A., en PRODUCCION ANIMAL Y MEDIO AMBIENTE: Conceptos, interacciones y gesti\u00f3n Eds. Herrero, Gil, Rebuelto, Sardi, BMpress, Buenos Aires, Argentina, Pag. 127-135 (2014) ISBN 978-987-1500-18-7 Nacional con referato<\/p>\n<p>\t\t\t&#8211; 2014. Cap\u00edtulo 19: Manejo de excretas y efluentes ganaderos. Herrero, M.A. en eje tem\u00e1tico 2 el suelo, la producci\u00f3n agropecuaria y las emisiones de gases de efecto invernadero (GEI) del libro Suelos, producci\u00f3n agropecuaria y cambio clim\u00e1tico: Avances en la Argentina. Ed. MINAGRI, Buenos Aires, Argentina. 1er. Ed. Editores: Pascale, C., Zubillaga, M., Taboada, M. \u00a8Pag.: 365-387, Abril, 2014. 978-987-1873-24-1. Nacional con referato<\/p>\n<p>\t\t\t&#8211; 2015 &#8211; Lepore, W. \uf026 Herrero, M. A. It Takes Two to Tango: Community-University Research Partnerships in Argentina. In Strengthening Community University Research Partnerships: Global Perspectives&#8217; (Eds. Hall, B.; Tandon, R.; Temblay, C.). UNESCO Chair in CBR open-source publication co-published by PRIA and University of Victoria Press. Pp. 53-73 ISBN 978-1-55058-562-9. Internacional con referato<\/p>\n<p>\t\t\t&#8211; 2016 \u201cLa experiencia argentina en el manejo de los recursos hidricos para la producci\u00f3n animal\u201c. Herrero, M.A. En. Produ\u00e7\u00e3o Animal e Recursos H\u00eddricos v.1 eds. Pascale Palhares, J. (EMBRAPA), SAO CARLOS, SAO PABLO, BRASIL, Pag. 33 &#8211; 46 (2016) ISBN 978 \u2013 85 \u2013 6064 -67-0. Internacional con referato<\/p>\n<p>\n\t\t\t3. Publicaciones en revistas peri\u00f3dicas (con referato)<\/p>\n<p>\t\t\t&#8211; 2017. Herrero, M.A.; Charlon, V.; Carb\u00f3, L.I.; Cuatrin, A.; Sardi, G.; Romero, L. Eficiencia de uso del Nitr\u00f3geno por forrajeras abonadas con esti\u00e9rcol de bovinos lecheros en la regi\u00f3n Pampeana, Argentina. Revista RIA 43 (2): 135-144<\/p>\n<p>\t\t\t&#8211; 2017 Leimellet, F. Sainato, C.; Carb\u00f3, L.; Herrero, M.A. 2015. Geo-el\u00e9ctrica aplicada a un suelo fertilizado con esti\u00e9rcol vacuno. Revista Geoacta 41 (2): 12-20<\/p>\n<p>\t\t\t&#8211; 2017 Gezuraga, M.; Herrero, M.A. El aprendizaje servicio en universidades de Buenos Aires: avanzando hacia su institucionalizaci\u00f3n. Revista RIDAS 3 (1): 4-22<\/p>\n<p>\t\t\t&#8211; 2015. Gonzalez Pereyra, V.; Pol, M.; Pastorino F; Herrero, M.A. 2015. Quantification of antimicrobial usage in dairy herds in Argentina. Preventive Veterinary Medicine, vol. 122, (3): 273-279.<\/p>\n<p>\t\t\t&#8211; 2014. Badino, O.; Schmidt, E.; Ramos, Herrero, M.A. 2014. Caracterizaci\u00f3n del uso del agua, manejo de efluentes y residuos en tambos del noreste de la provincia de Santa Fe, Argentina. Revista FAVE. Vol. 14 (1): 7-15<\/p>\n<p>\t\t\t&#8211; 2014. Tieri, MP.; Pesce, M.; Comeron, E.; Castignani, M.; Herrero, M.A.Charlon, V.; Garc\u00eda, K. EVALUACI\u00d3N DE LA SUSTENTABILIDAD DE UN TAMBO DE ALTA PRODUCTIVIDAD CON ESPECIAL \u00c9NFASIS EN LOS ASPECTOS AMBIENTALES. Publicaci\u00f3n Miscelanea INTA vol. 1, p. 1-31- ISSN 2314-3126 http:\/\/inta.gob.ar\/documentos\/evaluacion-de-la-sustentabilidad-un-tambo-de-alta-productividad-con-especial-enfasis-en-los-aspectos-ambientales, Pp.: 1-31 Publicacion miscelanea.<\/p>\n<p>\t\t\t&#8211; 2012 Sardi, G.M.I; Flores, M.C., Herrero, M.A., Percepci\u00f3n ambiental de productores agropecuarios y docentes rurales del partido de Arrecifes, Buenos Aires (Argentina), Revista AUGM DOMUS, 4:62-79.<\/p>\n<p>\t\t\t&#8211; 2012 Herrero, M. A., Aprendizaje-Servicio: una nueva herramienta para la formaci\u00f3n universitaria. Revista electr\u00f3nica de Did\u00e1ctica de Educaci\u00f3n Superior, http:\/\/www.biomilenio.net\/RDISUP\/portada.html, Vol 3: 1-6<\/p>\n<p>\t\t\t&#8211; 2010. Gonzalez Pereyra A. V., Maldonado May, V., Catracchia, C.G., Herrero, M. A., Flores, M.C., Mazzini, M. &#8211; Influence of water temperature and heat stress on drinking water intake in dairy cows. Chilean Journal of Agricultural Research. Vol 70(2): 328-336<\/p>\n<p>\t\t\t&#8211; 2010. Herrero, M. A. Una nueva forma de producci\u00f3n de conocimientos: el aprendizaje-servicio en educaci\u00f3n superior. Revista TZHOECOEN. ISSN 1997-3985, Vol. 3 (5): 63-81<\/p>\n<p>\t\t\t&#8211; 2009. Gil, S., Herrero, M.A., Saucede, M. Intensificaci\u00f3n ganadera y valoraci\u00f3n del fosforo como factor de presi\u00f3n al ambiente. Estrategias de mitigaci\u00f3n y adaptaci\u00f3n a cambios globales PIUBACC-CYTED. Vol 1, 323-328<\/p>\n<p>\t\t\t&#8211; 2009. Gil S. B., Herrero, M. A., Flores, M. C., Pachoud, M. L., Hellmers, M. M. Evaluaci\u00f3n de procesos de intensificaci\u00f3n agropecuaria mediante indicadores de sustentabilidad ambiental. Arch. Zootec. 58: 413-423. 2009.<\/p>\n<p>\t\t\t&#8211; 2009. Carb\u00f3, L; Flores, M., Herrero, M.A. Well site conditions associated with nitrate contamination in a multilayer semiconfined aquifer of Buenos Aires, Argentina. Environmental Geology. http:\/\/dx.doi.org\/10.1007\/s00254-008-1426-6 2008. Vol 57 (7):1489-1500.<\/p>\n<p>\t\t\t&#8211; 2009. Herrero, M.A., Sardi, G., Valeriani, E., Thiel, I., Orlando, A.A. Contaminaci\u00f3n del agua en \u00e1reas rurales: diagn\u00f3stico, demandas y soluciones. Ciencia e Investigaci\u00f3n. 2009. pag. 27-36 Vol 59 (2) 2009 &#8211;<\/p>\n<p>\t\t\t&#8211; 2009. Bur\u00f3n Alfano, V.; Questa, G.; Herrero, M.A; Orlando, A.A.; Flores, M.; Charl\u00f3n, V. Potencial de reutilizaci\u00f3n de los residuos provenientes de tambos comerciales para la fertilizaci\u00f3n de recursos forrajeros. Revista InVet, Vol 11 (2):85-92<\/p>\n<p>\t\t\t&#8211; 2008. Herrero, M.A., Gil, S.B. Consideraciones ambientales de la intensificaci\u00f3n ganadera (review). Ecolog\u00eda Austral, Vol 18: 273-289. Nacional con Referato.<\/p>\n<p>\t\t\t&#8211; 2008. Pagliarici, H., Sacido, M.; Herrero, M.A. Reflexiones sobre la ense\u00f1anza de forrajes ante los nuevos escenarios de la producci\u00f3n animal en la Argentina. Revista Argentina de Producci\u00f3n Animal, 28 (2): 173-177<\/p>\n<p>\t\t\t&#8211; 2007. Sardi, G., Carb\u00f3, L., Flores, M., Gil, S., Herrero, M. A. Wastewater management in milk production, problems associated with the use of water resources in Buenos Aires, Argentina. In Environmental Change and Rational Water Use- Publicaci\u00f3n especial de la International Geographical Union for Water Sustainability. Vol 1: 187-194, 2007. Con referato internacional.<\/p>\n<p>\t\t\t&#8211; 2007. Gonz\u00e1lez Pereyra, A. V., Pol, M.; Catracchia, C. G., Flores, M.; Herrero, M. A. Efecto del riego con efluentes sobre el comportamiento en pastoreo de vacas lecheras, Revista INVET, Vol 9 (1), 2007: 137-144. Referato nacional, Indexada.<\/p>\n<p>\t\t\t&#8211; 2007. Galindo, G., Pachoud, M. Hellmers, M., Herrero, M. A., Fernandez Turiel, J., Gimeno D. Ars\u00e9nico y otros elementos traza en agua en la cuenca del R\u00edo Quinto, Villa Mercedes, San Luis. Taller sobre ars\u00e9nico en el agua. Publicaci\u00f3n especial del grupo argentino de la Asociaci\u00f3n Internacional de hidrogeolog\u00eda. Vol. 1: 2-9 Con referato nacional.<\/p>\n<p>\t\t\t&#8211; 2006. Sainato, C., Galindo, G., Malleville, H., Herrero, M. A. &#8211; Diagn\u00f3stico de la contaminaci\u00f3n en suelo y agua subterr\u00e1nea por actividad ganadera mediante sondeos el\u00e9ctricos en la microcuenca del arroyo ca\u00f1ete (Prov. de Buenos Aires). &#8211; Revista de la Facultad de Agronom\u00eda (UBA) 2006. 26 (1):73-82. Referato nacional, Indexada.<\/p>\n<p>\t\t\t&#8211; 2006. Herrero, M. A.; Gil, S. B.; Sardi, G. M.; Flores, M. C.; Carb\u00f3, L. I.; Orlando, A. A. \u2013Transferencia de nutrientes del \u00e1rea de pastoreo a la de orde\u00f1o en tambos semiextensivos (Buenos Aires, Argentina). Revista INVET Vol 8 (1):23-30, Referato nacional, Indexada.<\/p>\n<p>\t\t\t&#8211; 2006. Herrero, M. A.; Gil, S. B.; Flores, M. C.; Sardi, G. M.; Orlando, A. A.. Balances de nitr\u00f3geno y f\u00f3sforo a escala predial, en sistemas lecheros pastoriles en Argentina &#8211; Revista INVET Vol 8 (1):9-21. Referato nacional, Indexada<\/p>\n<p>\t\t\t&#8211; 2005. Pol, M; Herrero, M. A.; Bearzi, C.; Catracchia, C.; Bont\u00e1, M.; Pereyra, A. M.; Tirante, L.; Maito, J., Flores, M. y Gonzalez Pereyra, A.V.- Preenfriado de la leche a partir de la reutilizaci\u00f3n de agua en tambos. Rev. Arg. Prod, An. Vol 25 (3-4) : 179-189- Referato nacional, Indexada<\/p>\n<p>\t\t\t&#8211; 2005. Iramain, M. S.; Pol, M; Korol, S.; Herrero, M. A.; Fortunato, M. S.; Bearzi, C.; Chaves, C. J.; Maldonado May, V. &#8211; Pseudomonas aeruginosa en agua y leche cruda: estudios preliminares. Revista INVET Vol. 7 (1): 133-138 &#8211; Referato nacional, Indexada<\/p>\n<p>\t\t\t&#8211; 2004. Galindo G., Herrero M. A. , Korol S., Fern\u00e1ndez Cirelli, A. Water resources in the Salado river drainage basin, Buenos Aires, Argentina. Chemical and microbiological characteristics. International Journal of Water resources \u2013 (IWRA) &#8211; Vol 29 (1): 81-91. Internacional con referato<\/p>\n<p>\t\t\t&#8211; 2003. Herrero, M. A.; Thiel, I.;Sardi, G.; Maldonado May, V.; Pol, M.; Valeriani, E.; De Zabaleta, E. Propuesta de integraci\u00f3n socio-productiva regional para la protecci\u00f3n de los recursos h\u00eddricos. Toxicologia y Quimica Ambiental, SETAC LA Society of environmental Toxicology and Chemistry \u2013 Latino America \u2013 Vol.1.: 267-270,<\/p>\n<p>\t\t\t&#8211; 2002. Nosetti, L.; Herrero, M. A.; Pol, M.; Maldonado May, V.; Iramain, M.; Flores, M. Cuantificaci\u00f3n y caracterizaci\u00f3n de agua y efluentes en establecimientos lecheros, 1. Demanda de agua y manejo de efluentes. Revista INVet &#8211; Vol 4 (1): 37-43, Nacional con referato<\/p>\n<p>\t\t\t&#8211; 2002. Nosetti, L.; Herrero, M. A.; Pol, M.; Maldonado May, V.; Flores, M.; Korol, S.; Rossi, S.; Gemini, V. Cuantificaci\u00f3n y caracterizaci\u00f3n de agua y efluentes en establecimientos lecheros &#8211; II. Calidad de efluentes y eficiencia de los procesos de tratamiento. Revista INVet, Vol 4 (1): 45-54, Nacional con referato<\/p>\n<p>\t\t\t&#8211; 2002. Herrero, M. A.; Iramain, M. S.; Korol, S.; Flores, M.; Pol, M.; Maldonado May, V.; Sardi, G.; Buffoni, H.; Fortunato, M. S. Calidad de agua y contaminaci\u00f3n en tambos de la cuenca lechera de abasto sur. Rev. Arg. Prod. An. (AAPA), Argentina, Balcarce Vol 22 (1): 61-70. Nacional con referato.<\/p>\n<p>\t\t\t&#8211; 2001. Galindo, G., Korol, S., Herrero, M. A., Fern\u00e1ndez Cirelli, A. Aptitud del recurso h\u00eddrico en la zona rural de la cuenca inferior del r\u00edo Salado, Buenos Aires &#8211; Argentina. &#8211; Revista Latino-Americana de Hidrogeolog\u00eda &#8211; (ALHSUD). Brazil, Vol. 1(1): 55-66.<\/p>\n<p>\t\t\t&#8211; 2000. Herrero, M. A.; Maldonado May, V.; Sardi, G; Orlando, A; de Zabaleta, E. La educaci\u00f3n rural en la gesti\u00f3n de los recursos h\u00eddricos subterr\u00e1neos. Revista EDUCACION QU\u00cdMICA &#8211; UNAM, M\u00e9xico \u2013 Vol.11 Nro3 :336-343. Internacional con referato<\/p>\n<p>\t\t\t&#8211; 2000. Herrero, M. A.; Sardi, G.; Maldonado May, V.; Flores, M.; Orlando, A.; Carb\u00f3, L . Distribuci\u00f3n de la calidad del agua subterr\u00e1nea en sistemas de producci\u00f3n agropecuarios bonaerenses &#8211; I \u2013 Calidad f\u00edsico qu\u00edmica y condiciones de utilizaci\u00f3n del agua. Rev. Arg. Prod. An.(AAPA), Vol 20 (3-4): 229 \u2013 237. Nacional con referato<\/p>\n<p>\t\t\t&#8211; 2000. Herrero, M. A.; Sardi, G.; Maldonado May, V.; Flores, M.; Orlando, A.; Carb\u00f3, L . Distribuci\u00f3n de la calidad del agua subterr\u00e1nea en sistemas de producci\u00f3n agropecuarios bonaerenses &#8211; II &#8211; Condiciones de manejo y grado de contaminaci\u00f3n. Rev. Arg. Prod. An. (AAPA) \u2013 Vol 20 (3-4) : 237 \u2013 247, Nacional con referato.<\/p>\n<p>\t\t\t&#8211; 2000. Herrero, M. A., Maldonado May, V. Calidad de agua, un desaf\u00edo para la lecher\u00eda. Industria y Qu\u00edmica &#8211; Revista de la Asociaci\u00f3n Qu\u00edmica Argentina \u2013Nro 339 : 18-23. Nacional con referato<\/p>\n<p>\t\t\t&#8211; 2000. Herrero, M. A. ; Orlando, A; Ormazabal, JJ; Uriarte, E; Korol , S; Fortunatto, S. Evaluaci\u00f3n y distribuci\u00f3n de las aguas de distinta calidad para fines rurales en el partido de Exaltaci\u00f3n de la Cruz. &#8211; Revista de Medicina Veterinaria \u2013 Vol.81 \u2013 Nov., 2000 : 355-359. Nacional con referato.<\/p>\n<p>\t\t\t&#8211; 2000. Herrero, M. A. ; Maldonado May, V.; Gonzales Chaves, A.; Sardi, G.- La incidencia de la intensificaci\u00f3n agropecuaria pampeana en la Cuenca del Salado.Rev. Vet. Arg.\u2013 Vol .XVII Nro 161 : 30-42. Nacional<\/p>\n<p>\t\t\t&#8211; 1999. Gonzalez Chaves, A.; Herrero, M. A. Las actividades agropecuarias y su impacto en la calidad de agua en el partido de Lobos, Argentina. Revista Ingenier\u00eda Sanitaria y Ambiental \u2013 (AIDIS) N\u00b0 47 :42. Nacional con referato<\/p>\n<p>\t\t\t&#8211; 1999. Galindo, G; Herrero, M. A.; Flores, M y Fernandez Turiel, J. Correlaci\u00f3n de metales trazas en aguas subterr\u00e1neas someras en la cuenca del R\u00edo Salado, provincia de Buenos Aires, Argentina. Revista Serie de Correlaci\u00f3n Geol\u00f3gica Nro. 13, : 251-261. Nacional con referato<\/p>\n<p>\t\t\t&#8211; 1999, Maldonado May, V., Herrero, M. A., Sardi, G., Flores, M; Carb\u00f3, L., Cyngyser A., Martinez, E &#8211; Calidad del agua en tambos de la cuenca lechera oeste de Buenos Aires. Rev. Vet. Arg. \u2013 Vol .XVI Nro 157 : 506 \u2013 513, Nacional<\/p>\n<p>\t\t\t&#8211; 1998. Sardi, G., Herrero, M. A., Orlando, A. A., Maldonado May, V.,Carb\u00f3,L. Calidad de agua para bebida animal en el partido de Marcos Paz (Provincia de Buenos Aires). Rev. Vet. Arg.\u2013 Vol .XV Nro 147 :491 \u2013 497. Nacional &#8211; 1998. Miretzky, P; Herrero, M. A., Galindo, G; Fernandez Cirelli, A. Caracterizaci\u00f3n de los recursos h\u00eddricos en la zona del sistema de las lagunas encadenadas de Chascom\u00fas Pcia. de Buenos Aires- Estudios preliminares. Revista Argentina de Ingenier\u00eda aplicada a la Geolog\u00eda y al Ambiente\u2013 Buenos Aires., Vol. 12 :85-100 Nacional con referato<\/p>\n<p>\t\t\t&#8211; 1998. Misauri, A.; Herrero, M.A.; LaCasha, T; Brown,P; Green,G; Allen,V. MATUA Bromegrass, Potential for nutrient Management. Nutrient management, Matua Conference, Clinton NC, EEUU \u2013 p:1-12 Internacional con referato<\/p>\n<p>\t\t\t&#8211; 1998. Fernandez Cirelli, A; Herrero, M. A.; Galindo, G; Korol, S. Caracterizaci\u00f3n f\u00edsico-qu\u00edmica y microbiol\u00f3gica para la definici\u00f3n de \u00e1reas criticas en la Cuenca del R\u00edo Salado \u2013 Bs. As. Argentina.Numero especial de la Rev. De la Asoc. Latinoam. de Hidrolog\u00eda Subterr\u00e1nea &#8211; Tomo 2 : 1037 \u2013 1051. Internacional con referato<\/p>\n<p>\t\t\t&#8211; 1998. Herrero, Maria A. El agua y su importancia en la producci\u00f3n ganadera. Rev. Ge\u00f3rgica \u2013 Universidad de Zaragoza \u2013 Escuela Polit\u00e9cnica de Huesca \u2013 Espa\u00f1a &#8211; Vol 6, ISSN: 1132-8096 \u2013 : 67-87, Internacional con referato<\/p>\n<p>\t\t\t&#8211; 1997. Valeriani, E, Herrero, M. A, Sardi, G; Carb\u00f3, L; Orlando, A; Maldonado, V: Vaccarezza, D.. El agua y la producci\u00f3n equina en la Argentina. Archivos Latinoamericanos de Producci\u00f3n Animal- Asoc. Latinoamericana de Producci\u00f3n Animal, Vol. 5 Supl. 1 :271-273 internacional con referato<\/p>\n<p>\t\t\t&#8211; 1995. Herrero , M. A., Sardi , G. , Orlando , A., Maldonado May , V. Calidad de agua para bebida animal en la mitad sur del partido de Roque P\u00e9rez (Provincia de Buenos Aires). Rev. Arg. De Prod. Anim &#8211; (AAPA) &#8211; Balcarce, Argentina &#8211; Vol.15, Sup1, Tom.3, Secci\u00f3n Salud Animal : 788 \u2013791. Nacional con referato.<\/p>\n<p>\t\t\t&#8211; 1993. Indelicato. L &#8211; Herrero ,M. A. &#8211; Allegretti, L. I. Efectividad del glifosato en la erradicaci\u00f3n del duraznillo blanco (Solanum glaucophyllum). Rev. Arg. de Prod. Anim. (AAPA), Balcarce, Argentina &#8211; Vol. 13. Nro. 3 &#8211; 4 :219 \u2013 224. Nacional con referato.<\/p>\n<p>\t\t\t&#8211; 1982. Indelicato. L &#8211; Herrero, M. A. Recomendaciones de herbicidas en Argentina.- Revista Malezas &#8211; N\u00famero Especial 10\u00b0 Aniversario -A.S.A.M.- Buenos Aires, Argentina &#8211; Vol.10 &#8211; Nro. 4 :1 \u2013 175 Nacional con referato.<\/p>\n<p>\n\t\t\t4. Publicaciones especiales (manuales, informes internacionales y trabajos completos en libros de res\u00famenes)<\/p>\n<p>\t\t\t&#8211; 2016 Herrero, M.A. Environmental Crisis and Challenges, old and new issues: Participatory Research and Service Learning could open new opportunities for Europe. In the Symposium on common challenges in Europe Sophia University Institute, March 31st &#8211; April 1st, 2016. In press<br \/>\n\t\t\t&#8211; 2013. Herrero, M.A., Sardi, G.M.I., Gonzalez Pereyra, A.V., Bont\u00e1, M.. Buenas Pr\u00e1cticas Ambientales en al tambo, (pp. 33-37). En Gu\u00eda de Buenas Pr\u00e1cticas en el Tambo, Eds. Negri y Aimar, APROCAL-INTA-MINAGRI, Buenos Aires, Argentina ISBN 978-987-679-302-5<br \/>\n\t\t\t&#8211; 2013. Herrero, M.A., Sardi, G.M.I., Gonzalez Pereyra, A.V., Bont\u00e1, M. Buenas Pr\u00e1cticas Ambientales en al tambo, (pp. 33-37). En Gu\u00eda de Buenas Pr\u00e1cticas en el Tambo, Eds. Negri y Aimar, APROCAL-INTA-MINAGRI, Buenos Aires, Argentina ISBN 978-987-679-302-5<br \/>\n\t\t\t&#8211; 2013 Gutierrez Guadalupe, Volpe Susana, Sardi Graciela, Flores Miriam, Calcagno Lisandro, Pastorino Florencia, Herrero Mar\u00eda A. Influence of dairy slurry dry matter contents and electrical conductivity on two legume species germination. RAMIRAN-INRA (Francia) Recycling of organic residues for agriculture: from waste management to ecosystem services, Vol 1: 6 pag.<br \/>\n\t\t\t&#8211; 2013 Charlon, V. Salazar, F.J.,P ,Manazza, J.F. Herrero, M.A. Comparative analysis of cost efficiency parameters of slurry application on dairy systems of Argentina and Chile. RAMIRAN-INRA (Francia) Recycling of organic residues for agriculture: from waste management to ecosystem services, Vol 1: 6 pag.<br \/>\n\t\t\t&#8211; 2012. S. B. Gil, M. A. Herrero y M. C. Saucede indicadores de uso de nitr\u00f3geno en sistemas agropecuarios seg\u00fan dos m\u00e9todos de c\u00e1lculo.En el libro Ciencia y Tecnolog\u00eda ambiental, un enfoque integrador. Ed. Asociaci\u00f3n Argentina para el progreso de las Ciencias. Presentado en el ICongreso Argentina Ambiente 2012, SBN 978-987-28123-2-4, pp. 842-847.<br \/>\n\t\t\t&#8211; 2012. De la Cerda, M.; Herrero, M. A. Las pasant\u00edas internacionales: Intercambio Optimizaci\u00f3n de las pr\u00e1cticas de aprendizqaje servicio en educaci\u00f3n superior, en el Libro de trabajos de las II Jornadas de Investigadores en Aprendizaje-Servicio. Herrero, M. A. y Tapia, M. N. (comp.) Actas de la II Jornada de investigadores en aprendizaje-servicio. CLAYSS-Red Iberoamericana de aprendizaje-servicio. Buenos Aires, 22 de agosto de 2012. Pag. 123-127, http:\/\/www.clayss.org.ar\/06_investigacion\/jornadas\/jornadas.htm<br \/>\n\t\t\t&#8211; 2012. Volpe, S.; Sardi, G.M. Gutierrez, G.; Herrero, M.A. Experiencias de A-S para la formaci\u00f3n temprana del docente universitario en el Libro de trabajos de las II Jornadas de Investigadores en Aprendizaje-Servicio. Herrero, M. A. y Tapia, M. N. (comp.) Actas de la II Jornada de investigadores en aprendizaje-servicio. CLAYSS-Red Iberoamericana de aprendizaje-servicio. Buenos Aires, 22 de agosto de 2012. Pag. 183-186, http:\/\/www.clayss.org.ar\/06_investigacion\/jornadas\/jornadas.htm<br \/>\n\t\t\t&#8211; 2010. Herrero, M. A., Sardi, G. M., Rebuelto, M., Gil, S. B., Flores, M. C. Changes in environmental perception and knowledge in stakeholders after waste management courses. In Treatment and use of organic residues in agriculture: Challenges and oportunities towards sustainable management. Ds. Dos Santos and Ferrerira. ISBN: 978-972-8669-47-8, Trabajo 0211, formato electr\u00f3nico, p\u00e1g 4. Lisboa, Portugal.<br \/>\n\t\t\t&#8211; 2010. Salazar, F., Herrero, M. A., Charlon, V., LaManna, A. Animal waste management in dairy grazing farms in south american countries. In Treatment and use of organic residues in agriculture: Challenges and oportunities towards sustainable management. Ds. Dos Santos and Ferrerira. ISBN: 978-972-8669-47-8, Trabajo 0178, formato electr\u00f3nico, p\u00e1g 5. Lisboa, Portugal.<br \/>\n\t\t\t&#8211; 2009. Herrero, M. A. Informe internacional USO DEL AGUA, MANEJO DE EFLUENTES E IMPACTO AMBIENTAL EN EL TAMBO para su presentaci\u00f3n en la JICAL III, Buenos Aires, Argentina, 26 al 28 de Marzo de 2009, P\u00e1g. 30.<br \/>\n\t\t\t&#8211; 2009 &#8211; Galindo, G., Herrero, M. A. y D\u2019Angelo, M. C. Vulnerabilidad a la contaminaci\u00f3n de las aguas subterr\u00e1neas someras del partido de Lobos, provincia de Buenos Aires. VI Congreso Argentino de Hidrogeolog\u00eda y IV Seminario Hispano-Latinoamericano sobre Temas Actuales de la Hidrolog\u00eda Subterr\u00e1nea, Trabajo Publicado en formato electr\u00f3nico 10 p\u00e1g. Santa Rosa &#8211; La Pampa (R. Argentina).<br \/>\n\t\t\t&#8211; 2009. Herrero, M. A.; Orlando, A. A.; Bur\u00f3n Alfano, V.; Gil, S.; Questa, G. J.; Flores, M. Balances de nitr\u00f3geno y f\u00f3sforo en rodeos de orde\u00f1o: herramientas para estimar su potencial como fertilizantes. Presentado I SIGERA (Simposio Internacional sobre gesti\u00f3n de los residuos animales) Florian\u00f3polis, Brazil y publicado como trabajo Completo en los anales en formato electr\u00f3nico: 128-132.<br \/>\n\t\t\t&#8211; 2009. Carb\u00f3, L.I.; Herrero, M. A.; Sardi, G.; Flores, M.C; Volpe, S., Gutierrez, G. Evaluacion de raigras anual (Lolium multiflorum Lam.) fertilizado con purines y urea. Presentado I SIGERA (Simposio Internacional sobre gesti\u00f3n de los residuos animales) Florian\u00f3polis, Brazil y publicado como trabajo Completo en los anales en formato electr\u00f3nico: 446-451<br \/>\n\t\t\t&#8211; 2008. Herrero, M.A., Guti\u00e9rrez, G., Pazos, D.A., Carb\u00f3, L.I., Sardi, G.M.I. Distribuci\u00f3n de contaminantes naturales y antropog\u00e9nicos en agua subterr\u00e1nea de tambos en la regi\u00f3n pampeana. (2008). Trabajo presentado en V Congreso Iberoamericano de F\u00ecsica y Qu\u00edmica Ambiental y publicado como trabajo completo en Las fronteras de la f\u00ecsica y qu\u00edmica ambiental en Iberoam\u00e9rica, en formato electr\u00f3nico. P\u00e1g. 1-5<br \/>\n\t\t\t&#8211; 2007. Graciela M.I. Sardi, Lorna I. Carb\u00f3, Myriam C. Flores, Susana M. Volpe, Marcela V. Neu, Oscar D. Rodr\u00edguez, Ver\u00f3nica Gamb\u00edn, Mar\u00eda Alejandra Herrero Lixiviaci\u00f3n de nitratos bajo distintas estrategias de fertilizaci\u00f3n de forrajeras.. Congreso Nacional del Agua (Conagua 2007), soporte inform\u00e1tico, p. 10. Con Referato.<br \/>\n\t\t\t&#8211; 2004. Sainato, C., Galindo, G., Herrero, M. A., Malleville, H. Sondeos geoel\u00e9ctricos aplicados a la evaluaci\u00f3n de la contaminaci\u00f3n ambiental en un \u00e1rea rural de Buenos Aires. Jornada de Calidad Ambiental (FAUBA). Nacional. 10\/09\/04 \u2013 Buenos Aires, Argentina, en formato electr\u00f3nico. 5 p\u00e1g. Con Referato.<br \/>\n\t\t\t&#8211; 2004. Galindo,G. Herrero,M.A., Fern\u00e1ndez Turiel, J.L., Gimeno,D., Carb\u00f3,L., Gil, N. Diagnostico hidroqu\u00edmico de una cuenca agropecuaria en la pampa ondulada IV Congreso Uruguayo de Geolog\u00eda y II Reuni\u00f3n de Geolog\u00eda Ambiental y Ordenamiento Territorial del MERCOSUR 4\u00ba Congreso Uruguayo de Geolog\u00eda. Internacional, publicado en formato electr\u00f3nico. 7 p\u00e1g. Con Referato.<br \/>\n\t\t\t&#8211; 2002 \u2013 Herrero, M. A.; Thiel, I.; Maldonado May, V.; Sardi, G.; de Zabaleta, E.y Pol, M Participaci\u00f3n comunitaria, cultura y educaci\u00f3n para la gesti\u00f3n del agua en \u00e1reas rurales. III Congreso Ib\u00e9rico sobre Gesti\u00f3n y Planificaci\u00f3n del Agua, Espa\u00f1a, p. 594 \u2013599,<br \/>\n\t\t\t&#8211; 2002- Herrero, M. A.; Fernandez Cirelli, A. y Rietti, S Las universidades y la producci\u00f3n de conocimientos para el \u201cproblema\u201d del agua. III Congreso Ib\u00e9rico sobre Gesti\u00f3n y Planificaci\u00f3n del Agua, Espa\u00f1a, p. 600-605.<br \/>\n\t\t\t&#8211; 2001 &#8211; Herrero, M.A.; Thiel, I.; de Zabaleta, E.; Sardi, G., Maldonado, V; Pol , M.; Valeriani, Educaci\u00f3n y recursos h\u00eddricos, una propuesta de integraci\u00f3n socio-productiva regional. VII Jornadas del Conaphi, El desafio de la sustentabilidad h\u00eddrica en el tercer milenio \u2013 Plan Hidrol\u00f3gico Internacional, UNESCO, Vi\u00f1a del Mar \u2013 Chile &#8211; Septiembre del 2001, Trabajo publicado completo en formato electr\u00f3nico, p\u00e1g 10.<br \/>\n\t\t\t&#8211; 2001 &#8211; Herrero, M.A.; Thiel, I.; de Zabaleta, E.; Sardi, G., Maldonado, V; Pol , M.; Valeriani, E. Propuesta de integraci\u00f3n socio-productiva regional, para la Protecci\u00f3n de los recursos h\u00eddricos. IV Reuni\u00f3n Anual de SETAC Latinoam\u00e9rica \u2013 22\u201325 de Octubre, Buenos Aires, Argentina \u2013 Trabajo presentado oralmente y publicado completo, p\u00e1g 5.<br \/>\n\t\t\t&#8211; 2001 &#8211; Iramain, M. S.; Nosetti, L.; Herrero, M. A.; Maldonado May, V.; Flores, M.; Carbo, Evaluaci\u00f3n del uso y manejo del agua en establecimientos lecheros de la provincia de Buenos Aires, Argentina. III Encuentro Internacional de las Aguas: \u201cAgua, Vida y Desarrollo\u201d IICA, , Chile, Santiago de Chile, p. 72-73.<br \/>\n\t\t\t&#8211; 2000 &#8211; Herrero,M.A.; Maldonado May,V.; Carbo,L.; Sardi,G.; Flores,M.; Orlando,A.; Pol,M.; Ormazabal,JJ. Water quality, its importance in animal production systems .XTH World Water Congress, Melbourne, Australia, N\u00ba 0235, 7 p\u00e1g. En formato electr\u00f3nico<br \/>\n\t\t\t&#8211; 2000 &#8211; Herrero, M.A.; Maldonado May,V.; Flores,M; Orlando A.; Sardi,G; Carb\u00f3 L; PolM; Mazzini,M. Riesgos de contaminaci\u00f3n del agua subterranea en sistemas de produccion pampeanos. XVI Reuni\u00f3n Latinoamericana de Producci\u00f3n Animal (ALPA)\u2013 Trabajo publicado en formato electr\u00f3nico, 5 p\u00e1g.<br \/>\n\t\t\t&#8211; 2000 &#8211; Herrero, M.A.; Gonzalez Chavez, A; Maldonado May,V, Korol S. ;Galindo G; Miri,A Evaluaci\u00f3n y distribuci\u00f3n de la calidad del agua para fines rurales en el partido de Lobos \u2013 Buenos Aires, Argentina. XVI Reuni\u00f3n Latinoamericana de Producci\u00f3n Animal (ALPA). Trabajo publicado en formato electr\u00f3nico, 6 p\u00e1g.<br \/>\n\t\t\t&#8211; 2000 &#8211; Herrero, M.A. ; Maldonado May,V; Galindo G; Flores M; Fernandez Cirelli A. Contenido de microelementos en aguas subterraneas y superficiales en la cuenca del rio Salado, Argentina.XVI Reuni\u00f3n Latinoamericana de Producci\u00f3n Animal (ALPA), Trabajo publicado en formato electr\u00f3nico, 4 p\u00e1g.<br \/>\n\t\t\t&#8211; 2000 &#8211; Herrero, M.A. ; Maldonado May, V, Carb\u00f3, L; Sardi, G., Orlando A , Mazzini, M, Bonta, M.; Iramain, S. Utilizacion y niveles de contaminacion de aguas subterr\u00e1neas en areas rurales de la pradera pampeana. Congreso sobre Uso Eficiente del Agua, Mendoza. Trabajo publicado en formato electr\u00f3nico, 4 p\u00e1g.<br \/>\n\t\t\t&#8211; 1999 &#8211; Herrero, A., Thiel, I., Maldonado, V., Sardi, G, Carb\u00f3, L; Fernandez Cirelli, A. Estrategias educativas para la gesti\u00f3n integrada del recurso h\u00eddrico en comunidades rurales de la pradera pampeana de la Argentina. TERCER DI\u00c1LOGO INTERAMERICANO SOBRE ADMINISTRACI\u00d3N DE AGUAS , Panam\u00e1, Rep\u00fablica de Panam\u00e1, 21-25 de marzo de 1999. Trabajo publicado completo en formato electr\u00f3nico, 8 p\u00e1g.<br \/>\n\t\t\t&#8211; 1999 &#8211; Herrero, M.A.; Sardi, G.; Maldonado May, V.; Flores, M.; Orlando, A.; Carb\u00f3, L. Calidad y utilizacion del agua subterranea en sistemas de producci\u00f3n agropecuarios bonaerenses, Argentina. II Encuentro de las Aguas \u2013 IICA, Montevideo Uruguay Trabajo publicado completo en actas en internet, 4 p\u00e1g.<br \/>\n\t\t\t&#8211; 1998 &#8211; Fernandez Cirelli, A; Conzonno, V; Herrero, M. A.; Galindo, G. Estudio integral de las aguas superficiales y subterraneas para el desarrollo regional en la cuenca inferior del rio Salado, Argentina. Simposio internacional sobre Gesti\u00f3n de recursos H\u00eddricos, \u00c1rea: Estudio de Casos, (AUGM) Gramado- RS \u2013Trabajo publicado completo en actas en internet, 6 p\u00e1g.<br \/>\n\t\t\t&#8211; 1997. Herrero, M. A.; Sardi, G.; , Orlando , A. ; Maldonado May , V. Agua y desarrollo sustentable : Su importancia en el sector ganadero de la Pradera Pampeana. Memorias de la reuni\u00f3n sobre Minerales y la relaci\u00f3n Suelo-Planta-Animal por las Asociaciones AAPA-AACREA-ACS-INTA &#8211; Buenos Aires, p.10 Nacional<br \/>\n\t\t\t&#8211; 1996. \u00abMANUAL DE CAPACITACI\u00d3N PARA EL USO DEL AGUA PARA ESCUELAS AGROT\u00c9CNICAS\u00bb \u2013 Herrero, M. A. Realizado e impreso por la Fac. C. Vet.-Sec-Extensi\u00f3n &#8211; para las tareas de extensi\u00f3n de los cursos de Capacitaci\u00f3n en el uso y manejo del Agua para Profesores y alumnos de escuelas Agrot\u00e9cnicas realizados durante 1996.<\/p>\n<p>\n\t\t\t5. Trabajos completos publicados en internet<\/p>\n<p>\t\t\t&#8211; 2006 -Origen y procesos de contaminaci\u00f3n del agua en el medio rural Herrero, M. A. Jornada de Nitritos y Nitratos en la Alimentaci\u00f3n Humana. 22\/09\/06 FANUS- Bolsa de cereales. www.fanus.org<br \/>\n\t\t\t&#8211; 2003. Herrero, M. A.- La calidad del agua y su importancia en los alimentos http\/\/www.produccionbovina.com\/informacion_tecnica\/agua_y_minerales.htm<br \/>\n\t\t\t&#8211; 2002 &#8211; Participaci\u00f3n comunitaria, cultura y educaci\u00f3n para la gesti\u00f3n del agua en \u00e1reas rurales. Herrero, Mar\u00eda Alejandra; Thiel, Inge; Maldonado May, Ver\u00f3nica; Sardi, Graciela; de Zabaleta, Elena y Pol, Mart\u00edn, www.us.es\/ciberico\/sevilla410.pdf<br \/>\n\t\t\t&#8211; 2001 &#8211; Rural education as a strategy for water resources management in livestock farms in Argentina. Herrero, M.A.; Valeriani, E; Sardi, G.; Maldonado May, V; Zabaleta E.http:\/\/www.aitvm.kvl.dk.\/G_Veterinary_public_health\/PostersP.htm<br \/>\n\t\t\t&#8211; 2001 &#8211; Groundwater quality problems in dairy farms (Argentina). Iramain, S.; Herrero, M.A.; Nosetti, L.; Maldonado May, V; Pol, M; Fortunato, M.; Gallego, A.; Korol, S.; Buffoni, H.; Carb\u00f3,L.<br \/>\n\t\t\t&#8211; http:\/\/www.aitvm.kvl.dk\/detailled_scientific_programme.htm<br \/>\n\t\t\t&#8211; 2001 &#8211; Evaluaci\u00f3n del uso y manejo de agua y efluentes en establecimientos lecheros. Iramain, MS, Nosetti, L., Herrero, MA, Maldonado May, V., Flores, M, Carb\u00f3, L. www.aguabolivia.org\/situacionaguaX\/IIIEncAguas\/contenido\/trabajos_verde\/TC-094.htm y en Www.aguabolivia.org\/situacionaguaX\/IIIEncAguas\/contenido\/contenido_verde.htm<br \/>\n\t\t\t&#8211; 2000 &#8211; Water quality, its importance in animal production systems. Herrero,M.A.; Maldonado May,V.; Carbo,L.; Sardi,G.; Flores,M.; Orlando,A.; Pol,M.; Ormazabal,JJ.http:\/\/www.iwra.siu.edu\/melbourne\/melbourne3.html<br \/>\n\t\t\t&#8211; 2000 \u2013 Nitrate levels in drinking water in rural areas of Buenos Aires province, Argentina. Herrero, M.A.; Korol, S; Fortunatto, M.; Gonzales Chaves, A., Flores, M., Bevillaqua,S; Galindo, G.;Maldonado, V.; Sardi, G; Fernandez Cirelli, A. &#8211; http:\/\/www.iwra.siu.edu\/melbourne\/melbourne3.html<br \/>\n\t\t\t&#8211; 2000 &#8211; Estrategias de extensi\u00f3n para la gestion del agua en areas rurales Maldonado May, V.; Herrero, M.A.; Sardi, G., http:\/\/www.rimisp.cl\/ifsa\/ifsave.html<br \/>\n\t\t\t&#8211; 1999 &#8211; Quality and use of groundwater in livestock and agricultural production systems in Buenos Aires \u2013 Argentina. Herrero,M.A., Sardi, G., Maldonado May, V., Flores, M.; Orlando, A., Carb\u00f3, L. http:\/\/www.iica.org.uy, www.iica.org.uy\/p2-1.htm<br \/>\n\t\t\t&#8211; 1999 &#8211; Utilizacion de estrategias educativas en la gestion de recursos h\u00eddricos en areas rurales. Herrero, Mar\u00eda Alejandra. www.unesco.org.uy\/phi\/libros\/VIJornadas\/D46.pdf<br \/>\n\t\t\t&#8211; 1998 &#8211; Preservacion de los recursos h\u00eddricos, experiencias de servicio comunitario en educaci\u00f3n superior. Herrero, M. A. http:\/\/www.eyc.me.gov.ar\/publicaciones\/pdf\/03-actas.pdf, en las p\u00e1ginas 23 a 28 del documento.<\/p>\n<p>\n\t\t\t6. Publicaciones de difusi\u00f3n y extensi\u00f3n<\/p>\n<p>\t\t\t&#8211; 2013 Herrero, M.A. Cooperaci\u00f3n, Conflictos y oportunidades en el a\u00f1o internacional de la cooperaci\u00f3n en la esfera del agua. Revista Ciudad Nueva, Abril 2013 (N\u00b0 542): 7-9<br \/>\n\t\t\t&#8211; 2011 Herrero, M. A. Efluentes y fertiliziaci\u00f3n de forrajes: P\u00f3ngalos a producir Revista Chacra, Octubre 2011, Suplemento Tambo N\u00ba55 (971): 14-15<br \/>\n\t\t\t&#8211; 2011. Lopez Romo, Y. entrevista realizada a Herrero, M. A. La salud de los r\u00edos ocultos. Julio 2011, Revista El Federal. A\u00f1o 8 (375): 22-30<br \/>\n\t\t\t&#8211; 2010 Herrero, M. A. Efluentes de tambo \u00bfAlgo molesto a eliminar o un recurso a utilizar?, Diciembre 2010 Producir XXI. A\u00f1o 19 (230): 68-71<br \/>\n\t\t\t&#8211; 2010. Herrero, M. A. Uso, Manejo y tratamiento de efluentes en tambos de la Argentina (Industria Lechera Septiembre 2010) Septiembre 2010, Industria Lechera, Centro de Industria Lechera. A\u00f1o XC (748): 26-32<br \/>\n\t\t\t&#8211; 2010. Gonzalez Pereyra, A.V. y Herrero, M.A. Riesgos sanitarios en el manejo de efluentes animales. Motivar, Abril, A\u00f1o 8 (88): 16-17<br \/>\n\t\t\t&#8211; 2010. Herrero, M. A., Camoletto, J., Charlon, V. \u00bfC\u00f3mo manejamos los efluentes? Revista Producir XXI, Marzo 2010, A\u00f1o 18, N\u00ba 221: 44-52<br \/>\n\t\t\t&#8211; 2007. Herrero, M. A. Balances de nutrientes, es hora de hacer otros n\u00fameros. Revista Infortambo. P\u00e1g. 66 \u2013 70. N\u00famero 225, Febrero 2008. Trabajo presentado como ponencia en la exposici\u00f3n Mercol\u00e1ctea 2007, San Francisco, C\u00f3rdoba.<br \/>\n\t\t\t&#8211; 2006. Herrero, M. A., Gil, S. B. Aprovechamiento de efluentes, un recurso que merece atenci\u00f3n Diario La Naci\u00f3n, Suplemento Campo.. 1\u00ba de octubre de 2006.<br \/>\n\t\t\t&#8211; 2005. Herrero, M. A.; Gil, S. B. Efluentes ganaderos, \u00bfresiduos o recursos? &#8211; Revista INFOVET\u2013 A\u00f1o X N\u00b0 79 \u2013 Julio de 2005 : 4-8<br \/>\n\t\t\t&#8211; 2005. Herrero, M. A. Contaminaci\u00f3n por nitratos, m\u00e9todos de evaluaci\u00f3n de riesgos para productores rurales. Revista Hydria. Pag. 8, A\u00f1o I, Vol 3, Octubre 2005. Sin Referato.<br \/>\n\t\t\t&#8211; 2004. Herrero, M. A. Los riesgos del monocultivo. Revista INFOVET, ISSN:1515-9892 \u2013 Fac. C. Veterinarias UBA \u2013 A\u00f1o IX N\u00b0 67 \u2013 Abril de 2004 : 8-11<br \/>\n\t\t\t&#8211; 2003. Herrero, M. A. La importancia del agua en la producci\u00f3n de leche. Revista INFOVET \u2013 Fac. C. Veterinarias UBA \u2013 A\u00f1o 8 N\u00b0 59 \u2013 Mayo de 2003 &#8211; p. 5 \u2013 7<br \/>\n\t\t\t&#8211; 2002. NOSETTI, Luciano; HERRERO, Maria Alejandra &#8211; Uso de los efluentes de tambos: una alternativa posible. Revista Produciendo, Editorial Produciendo &#8211; Argentina, Buenos Aires &#8211; Vol 80 : 25-26<br \/>\n\t\t\t&#8211; 2002. Los problemas en el tambo derivados del uso del agua. Herrero, M.A. Bolet\u00edn electr\u00f3nico Empresa Parmalat Octubre 2003 p.<br \/>\n\t\t\t&#8211; 2001. IRAMAIN, Mar\u00eda Soledad; HERRERO, Maria Alejandra. Agua: Calidad vs. Contaminaci\u00f3n. &#8211; Revista Produciendo &#8211; Editorial Produciendo &#8211; Argentina, Buenos Aires &#8211; Vol 76 : 39-40<\/p>\n<p>\n\t\t\t&#8211; Herramientas para la Gesti\u00f3n de Predios Ganaderos<\/p>\n<p>\t\t\tCALCULADOR DE BALANCES DE NUTRIENTES<br \/>\n\t\t\t\u00abPr\u00f3ximamente estar\u00e1 disponible\u00bb<\/p>\n<p>\n\t\t\tPublicaciones realizadas dentro de las actividades del \u00c1rea Agr\u00edcola<br \/>\n\t\t\t(1997-2008)<\/p>\n<p>\t\t\tEn Revistas Peri\u00f3dicas:<\/p>\n<p>\t\t\t2008 &#8211; Carb\u00f3, L.I., Flores, M.C, Herrero, M. A. Well site conditions associated with nitrate contamination in a multilayer semiconfined aquifer of Buenos Aires, Argentina. Journal of Environmental Geology. En prensa y publicado en internet: http:\/\/www.springerlink.com\/content\/0k25357pnk8ur872\/fulltext.pdf y http:\/\/www.springerlink.com\/content\/0k25357pnk8ur872\/fulltext.html<\/p>\n<p>\t\t\t2008 &#8211; Herrero, M. A., Sardi, G,, Valeriani, E., Thiel, I., Orlando, A. Contaminaci\u00f3n del agua en \u00e1reas rurales: Diagn\u00f3stico, demandas y soluciones. Revista Ciencia e Investigaci\u00f3n. En prensa.<\/p>\n<p>\t\t\t2007 &#8211; Gonz\u00e1lez A.V.; Pol, M.; Catracchia, C.G.; Flores, M.; Herrero, M.A.(2007) Efecto del riego con efluentes sobre el comportamiento en pastoreo de vacas lecheras, Revista INVet, Investigaci\u00f3n Veterinaria 9(1): 137-144 y publicado en http:\/\/www.fvet.uba.ar\/invet\/herrero130607.pdf<\/p>\n<p>\t\t\t2007 &#8211; Gil, S.B.; Herrero, M.A.; Pachoud, M.L.; Hellmers, M.M.; Galindo, G. Indicadores de riesgo ambiental en sistemas agropecuarios en una zona rural de Villa Mercedes, San Luis\u201d. Congreso Nacional del Agua(Conagua 2007), Trabajo completo publicado en actas, p. 9.<\/p>\n<p>\t\t\t2007 &#8211; Sardi, G.; Carb\u00f3, L.; Flores, M.; Volpe, S.; Neu, M.; Rodr\u00edguez, O.; Gamb\u00edn, V.; Herrero, M.A.,(2007) Lixiviaci\u00f3n de nitratos bajo distintas estrategias de fertilizaci\u00f3n de forrajeras, Congreso Nacional del Agua(Conagua 2007), Trabajo completo publicado en actas, p. 6.<\/p>\n<p>\t\t\t2007 &#8211; Questa G.; Bearzi, C.; Pol, M.; Herrero, M.A.(2007) Cuantificaci\u00f3n del uso de drogas antimicrobianas y pr\u00e1cticas de tratamiento en tambos de Buenos Aires, 30\u00ba Congreso Argentino de Producci\u00f3n Animal(AAPA) del 3 al 5 de Octubre de 2007 en Santiago del Estero.<\/p>\n<p>\t\t\t2007 &#8211; Herrero, M.A.; Sardi, G.M.I.; Ormazabal, J.J.; Carb\u00f3, L.I.; Volpe, S.; Flores, M.; Cariola, A.; Gamb\u00edn, V. (2007) Respuesta del raigr\u00e1s anual a diferentes fuentes nitrogenadas y momentos de aplicaci\u00f3n, 30\u00ba Congreso Argentino de Producci\u00f3n Animal(AAPA) del 3 al 5 de Octubre de 2007 en Santiago del Estero.<\/p>\n<p>\t\t\t2006 &#8211; Sardi, G.; Carb\u00f3, L.; Flores, M.; Gil, S.; Herrero, M.A. (2006) Wastewater management in milk production, problems associated with the use of water resources in Buenos Aires, Argentina, in Environmental Change And Rational Water USE &#8211; Publicaci\u00f3n especial de la International Geographical Union For Water Sustainability en prensa. Vol 1 : 187-194<\/p>\n<p>\t\t\t2006 &#8211; Herrero, M.A.; Gil, S.B.; Sardi, G.M.; Flores, M.C.; Carb\u00f3, L.I.; Orlando, A.A.(2006) Transferencia de nutrientes del \u00e1rea de pastoreo a la de orde\u00f1o en tambos semiextensivos(Buenos Aires, Argentina) Rev. InVet Investigaci\u00f3n Veterinaria 8(1): 23-30<\/p>\n<p>\t\t\t2006 &#8211; Herrero, M.A.; Gil, S.B.; Sardi, G.M.; Bearzi, C.(2006) Balances e indicadores de utilizaci\u00f3n de nitr\u00f3geno y f\u00f3sforo, en sistemas estabulados y pastoriles de producci\u00f3n de leche, 29\u00b0 Congreso Argentino de Producci\u00f3n Animal 26(S1): 334-335<\/p>\n<p>\t\t\t2006 &#8211; Herrero, M.A.; Gil, S.B.; Flores, M.C.; Sardi, G.M.; Orlando, A.(2006) Balances de nitr\u00f3geno y f\u00f3sforo a escala predial, en sistemas lecheros pastoriles en Argentina, Rev. InVet Investigaci\u00f3n Veterinaria 8(1):9-21<\/p>\n<p>\t\t\t2006 &#8211; Gil, S.B.; Orlando, A.A.; Herrero, M.A.(2006) Indicadores de riesgo ambiental en sistemas agropecuarios con engorde a corral, 29\u00b0 Congreso Argentino de Producci\u00f3n Animal, 26(S1): 330-332<\/p>\n<p>\t\t\t2006 &#8211; Sainato, C., Galindo, G., Malleville, H., Herrero, M. A. Diagn\u00f3stico de la contaminaci\u00f3n en suelo y agua subterr\u00e1nea por actividad ganadera mediante sondeos el\u00e9ctricos en la microcuenca del Arroyo Ca\u00f1ete(Prov de Buenos Aires). Revista de la Facultad de Agronom\u00eda(UBA).Vol. 26(1) 73-82<\/p>\n<p>\t\t\t2005 &#8211; Pol, M; Herrero, M.A.; Bearzi, C.; Catracchia, C.; Bont\u00e1, M.; Pereyra, A.M.; Tirante, L.; Maito, J.; Flores, M.; Gonzalez Pereyra, A.V.(2005) Preenfriado de la leche a partir de la reutilizaci\u00f3n de agua en tambos. Rev Arg. de Prod. An. 25(3-4):189-197<\/p>\n<p>\t\t\t2005 &#8211; Herrero, M.A.; Sardi, G.M.I.; Flores, M.C.; Carb\u00f3, L.I.; Iramain, M.S.; Valeriani, E.; Galindo, G.(2005) Utilizaci\u00f3n de factores de riesgo de contaminaci\u00f3n por nitratos en la gesti\u00f3n de aguas subterr\u00e1neas en zonas h\u00famedas de la Argentina- V Seminario Internacional CYTED-XVII, Buenos Aires, Argentina, p\u00e1g. 52<\/p>\n<p>\t\t\t2005 &#8211; Iramain, M. S.; Pol, M; Korol, S.; Herrero, M. A.; Fortunato, M. S.; Bearzi, C.; Chaves, C. J.; Maldonado May, V. Pseudomonas aeruginosa en agua y leche cruda: Informe preliminar. InVet. Vol. 7(1): 133-137<\/p>\n<p>\t\t\t2004 &#8211; Galindo G.; Herrero M.A.; Korol S.; Fern\u00e1ndez Cirelli, A.(2004) Water resources in the Salado river drainage basin, Buenos Aires, Argentina. Chemical and microbiological characteristics, Int. Journal of Water Resources (IWRA) 29(1): 81-91<\/p>\n<p>\t\t\t2003 &#8211; \u201cPropuesta de integraci\u00f3n socio-productiva regional para la protecci\u00f3n de los recursos h\u00eddricos\u201d Herrero, M. A.; Thiel, I.;Sardi, G.; Maldonado May, V.; Pol, M.; Valeriani, E.; De Zabaleta, E. &#8211; Toxicologia y Quimica Ambiental, SETAC LA &#8211; Society of environmental Toxicology and Chemistry &#8211; Latino America &#8211; Vol.1.: 267-270, internacional con referato<\/p>\n<p>\t\t\t2002 &#8211; \u201cCalidad de agua y contaminaci\u00f3n en tambos de la cuenca lechera de abasto sur\u201d &#8211; Herrero, M. A.; Iramain, M. S.; Korol, S.; Flores, M.; Pol, M.; Maldonado May, V.; Sardi, G.; Buffoni, H.; Fortunato, M.S. &#8211; Revista Argentina de Producci\u00f3n Animal(AAPA), Argentina, Balcarce Vol 22 N\u00ba 1 : 61-70<\/p>\n<p>\t\t\t2002 &#8211; \u201cCalidad de agua y contaminaci\u00f3n en tambos de la cuenca lechera de abasto sur\u201d &#8211; Herrero, M. A.; Iramain, M. S.; Korol, S.; Flores, M.; Pol, M.; Maldonado May, V.; Sardi, G.; Buffoni, H.; Fortunato, M.S. &#8211; Revista Argentina de Producci\u00f3n Animal (AAPA), Argentina, Balcarce Vol 22 N\u00ba 1 : 61-70<\/p>\n<p>\t\t\t2002 &#8211; \u201cCuantificaci\u00f3n y caracterizaci\u00f3n de agua y efluentes en establecimientos lecheros, 1. Demanda de agua y manejo de efluentes\u201c &#8211; Nosetti, L.; Herrero, M. A.; Pol, M.; Maldonado May, V.; Iramain, M.; Flores, M.; Revista INVet &#8211; Facultad de Ciencias Veterinarias &#8211; Universidad de Buenos Aires &#8211; Argentina, Buenos Aires &#8211; Vol 4 N\u00ba1: 37-43<\/p>\n<p>\t\t\t2002 &#8211; \u201cCuantificaci\u00f3n y caracterizaci\u00f3n de agua y efluentes en establecimientos lecheros &#8211; II. Calidad de efluentes y eficiencia de los procesos de tratamiento\u201d &#8211; Nosetti, L.; Herrero, M. A.; Pol, M.; Maldonado May, V.; Flores, M.; Korol, S.; Rossi, S.; Gemini, V. &#8211; Revista INVet &#8211; Facultad de Ciencias Veterinarias &#8211; Universidad de Buenos Aires &#8211; Argentina, Buenos Aires &#8211; Vol 4 N\u00ba1: 45-54<\/p>\n<p>\t\t\t2001 &#8211; \u201cAptitud del recurso h\u00eddrico en la zona rural de la cuenca inferior del r\u00edo Salado, Buenos Aires &#8211; Argentina\u201d<br \/>\n\t\t\tGalindo,G., Korol, S., Herrero, M. A., Fern\u00e1ndez Cirelli, A. &#8211; Revista Latino-Americana de Hidrogeolog\u00eda &#8211; (ALHSUD). Brazil, Vol. 1, No. 1,: 55-66<\/p>\n<p>\t\t\t2000 &#8211; \u201cLa incidencia de la intensificaci\u00f3n agropecuaria pampeana en la Cuenca del Salado\u201d &#8211; Herrero, M.A. ; Maldonado May,V.; Gonzales Chaves, A.; Sardi,G. Revista VETERINARIA ARGENTINA- Vol .XVII Nro 161 : 30-42<\/p>\n<p>\t\t\t2000 &#8211; \u201cLa educaci\u00f3n rural en la gesti\u00f3n de los recursos h\u00eddricos subterr\u00e1neos\u201d &#8211; Herrero, M.A.; Maldonado May, V.; Sardi, G; Orlando, A; de Zabaleta, E. Revista EDUCACION QU\u00cdMICA &#8211; UNAM, M\u00e9xico &#8211; Vol.11 Nro3 :336-343<\/p>\n<p>\t\t\t2000 &#8211; \u201cCalidad de aguas subterr\u00e1neas\u201d &#8211; Herrero, M. A. Y Maldonado May, V &#8211; Industria y Qu\u00edmica &#8211; Revista de la Asociaci\u00f3n Qu\u00edmica Argentina -Nro 339 : 18-23<\/p>\n<p>\t\t\t2000 &#8211; \u201cEvaluaci\u00f3n y distribuci\u00f3n de las aguas de distinta calidad para fines rurales en el partido de Exaltaci\u00f3n de la Cruz\u201d<br \/>\n\t\t\tHerrero, M.A. ; Orlando,A; Ormazabal, JJ; Uriarte, E; Korol , S; Fortunatto, S Revista de Medicina Veterinaria -Vol. 81 &#8211; Noviembre: 355-359<\/p>\n<p>\t\t\t2000 &#8211; \u201cDistribuci\u00f3n de la calidad del agua subterr\u00e1nea en sistemas de producci\u00f3n agropecuarios bonaerenses &#8211; I &#8211; Calidad f\u00edsico qu\u00edmica y condiciones de utilizaci\u00f3n del agua\u201d &#8211; Herrero, M.A.; Sardi, G.; Maldonado May, V.; Flores, M.; Orlando, A.; Carb\u00f3, L Revista Argentina de Producci\u00f3n Animal (AAPA) &#8211; Vol 20 &#8211; N\u00b03-4 : 229 &#8211; 237<\/p>\n<p>\t\t\t2000 &#8211; \u201cDistribuci\u00f3n de la calidad del agua subterr\u00e1nea en sistemas de producci\u00f3n agropecuarios bonaerenses &#8211; II &#8211; Condiciones de manejo y grado de contaminaci\u00f3n\u201d &#8211; Herrero, M.A.; Sardi, G.; Maldonado May, V.; Flores, M.; Orlando, A.; Carb\u00f3, L Revista Argentina de Producci\u00f3n Animal (AAPA) &#8211; Vol 20 &#8211; N\u00b03-4 : 237 &#8211; 247<\/p>\n<p>\t\t\t1999 &#8211; \u201cCorrelaci\u00f3n de metales trazas en aguas subterr\u00e1neas someras en la cuenca del R\u00edo Salado, provincia de Buenos Aires, Argentina\u201d &#8211; Galindo,G; Herrero,M.A.; Flores,M y Fernandez Turiel, J Revista Serie de Correlaci\u00f3n Geol\u00f3gica Nro. 13, : 251-261<\/p>\n<p>\t\t\t1999 &#8211; \u201cCalidad del agua en tambos de la cuenca lechera oeste de Buenos Aires\u201d &#8211; Maldonado May, V., Herrero, M.A., Sardi, G.M.I, Flores, M; Carb\u00f3,L.I., Cyngyser A., Martinez, E &#8211; Revista VETERINARIA ARGENTINA &#8211; Vol .XVI Nro 157 : 506 &#8211; 513<\/p>\n<p>\t\t\t1999 &#8211; \u201cLas actividades agropecuarias y su impacto en la calidad de agua en el partido de Lobos, Argentina &#8211; Gonzalez Chaves, A.; Herrero, M.A. Revista Ingenier\u00eda Sanitaria y Ambiental &#8211; (AIDIS) N\u00b0 47 :42<\/p>\n<p>\t\t\t1998 &#8211; \u201cCalidad de agua para bebida animal en el partido de Marcos Paz (Provincia de Buenos Aires)\u201d &#8211; Sardi, G. M.I ., Herrero, M. A., Orlando, A. A., Maldonado May, V.,Carb\u00f3,L.I. &#8211; Rev. Veterinaria Argentina,- Vol XV Nro 147 :491 &#8211; 497<\/p>\n<p>\t\t\t1998 &#8211; \u201cCaracterizaci\u00f3n de los recursos h\u00eddricos en la zona del sistema de las lagunas encadenadas de Chascomus Pcia. de Buenos Aires- Estudios preliminares Miretzky, P; Herrero,M. A., Galindo, G; Fernandez Cirelli,A &#8211; Revista Argentina de Ingenier\u00eda aplicada a la Geolog\u00eda y al Ambiente- Buenos Aires., Vol. 12 :85-100<\/p>\n<p>\t\t\t1998 &#8211; \u02ddMATUA Bromegrass, Potential for nutrient Management\u201d &#8211; Misauri,Alu; Herrero, M.A.; LaCasha, T; Brown,P; Green,G; Allen,V Nutrient management, Matua Conference, Clinton NC, EEUU &#8211; p:1-12<\/p>\n<p>\t\t\t1998 &#8211; \u201cCaracterizaci\u00f3n f\u00edsico-qu\u00edmica y microbiol\u00f3gica para la definici\u00f3n de \u00e1reas criticas en la Cuenca del R\u00edo Salado &#8211; Bs.As. Argentina\u201d &#8211; Fernandez Cirelli, A; Herrero,M.A.; Galindo,G; Korol,S &#8211; Numero especial de la Rev. De la Asoc. Latinoam. de Hidrolog\u00eda Subterr\u00e1nea &#8211; Tomo 2 : 1037 &#8211; 1051<\/p>\n<p>\t\t\t1998 &#8211; \u201cEl agua y su importancia en la producci\u00f3n ganadera\u201d &#8211; Herrero, Maria Alejandra &#8211; Rev. Georgica &#8211; Universidad de Zaragoza &#8211; Escuela Polit\u00e9cnica de Huesca &#8211; Espa\u00f1a &#8211; Vol 6, ISSN: 1132-8096 &#8211; : 67-87<\/p>\n<p>\t\t\t1997- \u201cAgua y desarrollo sustentable : Su importancia en el sector ganadero de la Pradera Pampeana\u00bb &#8211; Herrero, M.A.; Sardi, G.M.I; , Orlando , A.A.; Maldonado May , V. &#8211; Memorias de la reuni\u00f3n sobre Minerales y la relaci\u00f3n Suelo-Planta-Animal por las Asociaciones AAPA-AACREA-ACS-INTA &#8211; Buenos Aires, p.10<\/p>\n<p>\t\t\t1997 &#8211; \u201cEl agua y la producci\u00f3n equina en la Argentina\u201d<br \/>\n\t\t\tValeriani, E, Herrero, M. A, Sardi, G; Carb\u00f3,L; Orlando,A; Maldonado, V: Vaccarezza, D &#8211; Archivos Latinoamericanos de Producci\u00f3n Animal- Asoc. Latinoamericana de Producci\u00f3n Animal, Vol. 5 Supl. 1 :271-273<\/p>\n<p>\n\t\t\tTrabajos Publicados en Internet:<\/p>\n<p>\t\t\t2006 &#8211; Origen y procesos de contaminaci\u00f3n del agua en el medio rural Herrero, M. A. Jornada de Nitritos y Nitratos en la Alimentaci\u00f3n Humana. 22\/09\/06 FANUS- Bolsa de cereales. www.fanus.org<\/p>\n<p>\t\t\t2003 &#8211; La calidad del agua y su importancia en los alimentos &#8211; Herrero, M. A. http\/\/www.produccionbovina.com\/informacion_tecnica\/agua_y_minerales.htm<\/p>\n<p>\t\t\t2002 &#8211; Participaci\u00f3n comunitaria, cultura y educaci\u00f3n para la gesti\u00f3n del agua en \u00e1reas rurales &#8211; Herrero, Mar\u00eda Alejandra; Thiel, Inge; Maldonado May, Ver\u00f3nica; Sardi, Graciela; de Zabaleta, Elena y Pol, Mart\u00edn www.us.es\/ciberico\/sevilla410.pdf<\/p>\n<p>\t\t\t2001 &#8211; Rural education as a strategy for water resources management in livestock farms in Argentina &#8211; Herrero, M.A.; Valeriani, E; Sardi, G.; Maldonado May, V; Zabaleta E. http:\/\/www.aitvm.kvl.dk.\/G_Veterinary_public_health\/PostersP.htm<\/p>\n<p>\t\t\t2001 &#8211; Groundwater quality problems in dairy farms (Argentina) &#8211; Iramain, S.; Herrero, M.A.; Nosetti, L.; Maldonado May, V; Pol, M; Fortunato, M.; Gallego, A.; Korol, S.; Buffoni, H.; Carb\u00f3,L. http:\/\/www.aitvm.kvl.dk\/detailled_scientific_programme.htm<\/p>\n<p>\t\t\t2001 &#8211; Evaluaci\u00f3n del uso y manejo de agua y efluentes en establecimientos lecheros. Iramain, MS, Nosetti, L., Herrero, MA, Maldonado May, V., Flores, M, Carb\u00f3, L.<br \/>\n\t\t\twww.aguabolivia.org\/situacionaguaX\/IIIEncAguas\/contenido\/trabajos_verde\/TC-094.htm y en www.aguabolivia.org\/situacionaguaX\/IIIEncAguas\/contenido\/contenido_verde.htm<\/p>\n<p>\t\t\t2000 &#8211; Water quality, its importance in animal production systems &#8211; Herrero,M.A.; Maldonado May,V.; Carbo,L.; Sardi,G.; Flores,M.; Orlando,A.; Pol,M.; Ormazabal,JJ. http:\/\/www.iwra.siu.edu\/melbourne\/melbourne3.html<\/p>\n<p>\t\t\t2000 &#8211; Nitrate levels in drinking water in rural areas of Buenos Aires province, Argentina &#8211; Herrero, M.A.; Korol, S; Fortunatto, M.; Gonzales Chaves, A., Flores, M., Bevillaqua,S; Galindo, G.;Maldonado, V.; Sardi, G; Fernandez Cirelli, A. http:\/\/www.iwra.siu.edu\/melbourne\/melbourne3.html<\/p>\n<p>\t\t\t2000 &#8211; Estrategias de extensi\u00f3n para la gestion del agua en areas rurales. Maldonado May, V.; Herrero, M.A.; Sardi, G.,<br \/>\n\t\t\thttp:\/\/www.rimisp.cl\/ifsa\/ifsave.html<\/p>\n<p>\t\t\t1999 &#8211; Quality and use of groundwater in livestock and agricultural production systems in Buenos Aires &#8211; Argentina<br \/>\n\t\t\tHerrero,M.A., Sardi, G., Maldonado May, V., Flores, M.; Orlando, A., Carb\u00f3, L.<br \/>\n\t\t\thttp:\/\/www.iica.org.uy, www.iica.org.uy\/p2-1.htm<\/p>\n<p>\t\t\t1999 &#8211; Utilizacion de estrategias educativas en la gestion de recursos h\u00eddricos en areas rurales. Herrero, Mar\u00eda Alejandra<br \/>\n\t\t\twww.unesco.org.uy\/phi\/libros\/VIJornadas\/D46.pdf<\/p>\n<p>\t\t\t1998 &#8211; Preservacion de los recursos h\u00eddricos, experiencias de servicio comunitario en educaci\u00f3n superior. Herrero, M. A.<br \/>\n\t\t\thttp:\/\/www.eyc.me.gov.ar\/publicaciones\/pdf\/03-actas.pdf en las p\u00e1ginas 23 a 28 del documento.<\/p>\n<p>\n\t\t\tPublicaciones de Difusi\u00f3n y Extensi\u00f3n:<\/p>\n<p>\t\t\t2008 &#8211; Balances de nutrientes en tambos: es hora de hacer otros n\u00fameros, Herrero, M. A. InforTambo, Volumen: 225, p\u00e1g. 66 &#8211; 70. Buenos Aires, Argentina<\/p>\n<p>\t\t\t2007 &#8211; Estrategias de fertilizaci\u00f3n con esti\u00e9rcol ganadero. Sardi, G.M.I., Volpe, Susana, Gutierrez G. Produciendo, N\u00aa 148 21-22 Buenos Aires, Argentina.<\/p>\n<p>\t\t\t2006 &#8211; Aprovechamiento de efluentes, un recurso que merece atenci\u00f3n Herrero, M. A., Gil, S. B. Diario La Naci\u00f3n Suplemento Campo 1\/10\/2006<\/p>\n<p>\t\t\t2005 &#8211; Contaminaci\u00f3n por nitratos, m\u00e9todos de evaluaci\u00f3n de riesgos para productores rurales. Herrero, M. A- Revista Hydria &#8211; Octubre 2005 &#8211; A\u00f1o I vol 3 pag. 8<\/p>\n<p>\t\t\t2005 &#8211; Efluentes ganaderos, \u00bfresiduos o recursos? Herrero, M. A.; Gil, S. B. &#8211; Revista INFOVET, ISSN:1515-9892 &#8211; Fac. C. Veterinarias UBA &#8211; A\u00f1o X N\u00b0 79 &#8211; Julio de 2005: 4-8<\/p>\n<p>\t\t\t2004 &#8211; Los riesgos del monocultivo &#8211; Herrero, M. A. &#8211; Revista INFOVET, ISSN:1515-9892 &#8211; Fac. C. Veterinarias UBA &#8211; A\u00f1o IX N\u00b0 67 &#8211; Abril de 2004: 8-11<\/p>\n<p>\t\t\t2003 &#8211; La importancia del agua en la producci\u00f3n de leche. Herrero, M. A. &#8211; Revista INFOVET &#8211; Fac. C. Veterinarias UBA &#8211; A\u00f1o 8 N\u00b0 59 &#8211; Mayo de 2003 &#8211; p. 5 &#8211; 7<\/p>\n<p>\t\t\t2002 &#8211; Uso de los efluentes de tambos: una alternativa posible. NOSETTI, Luciano; HERRERO, Maria Alejandra &#8211; Revista Produciendo, Editorial Produciendo &#8211; Argentina, Buenos Aires &#8211; Vol 80 : 25-26<\/p>\n<p>\t\t\t2002 &#8211; Como aprovechar los efluentes. Revista Supercampo &#8211; Editorial Perfil &#8211; GRIGERA, Joaqu\u00edn, Periodista de Editorial perfil que realiz\u00f3 la entrevista al grupo de investigaci\u00f3n &#8211; Argentina, Buenos Aires &#8211; Vol 92: 52-55<\/p>\n<p>\t\t\t2001 &#8211; Agua e Integraci\u00f3n socio productiva regional &#8211; Herrero, M.A., &#8211; Revista INFOVET &#8211; Fac. C. Veterinarias UBA &#8211; A\u00f1o 6 N\u00b0 46 &#8211; Septiembre 2001 &#8211; p. 14<\/p>\n<p>\t\t\t2001 &#8211; Agua: Calidad vs. Contaminaci\u00f3n. IRAMAIN, Mar\u00eda Soledad; HERRERO, Maria Alejandra &#8211; Revista Produciendo &#8211; Editorial Produciendo &#8211; Argentina, Buenos Aires &#8211; Vol 76 :39-40<\/p>\n<p>\t\t\t2000 &#8211; Incolora, Inodora e Ins\u00edpida &#8211; Herrero, M. A. &#8211; Diario Clar\u00edn , Suplemento RURAL &#8211; 8 de Enero de 2000<\/p>\n<p>\t\t\t2000 Millones de moscas no pueden equivocarse &#8211; Maldonado May, V.; Herrero, M.A.; &#8211; Revista Apartando &#8211; Mes de Marzo de 2000<\/p>\n<p>\t\t\t2000 &#8211; El agua, un elemento fundamental &#8211; Herrero, M. A., Revista CHACRA &#8211; A\u00f1o 70- Edicion Nro. 934 &#8211; Mes de Mayo de 2000: 104-105<\/p>\n<p>\t\t\t2000 &#8211; Aguas de buena calidad &#8211; Herrero, M. A.- Revista INFOVET &#8211; Fac. C. Veterinarias &#8211; UBA &#8211; Junio 2000<\/p>\n<p>\t\t\t1999 &#8211; Buen agua, Buena leche &#8211; Maldonado, V; Pol , M.; Herrero,M.A., &#8211; Revista Infortambo,- A\u00f1o XIII &#8211; N\u00famero 120 &#8211; Mes de Enero de 1999-:118 &#8211; 120<\/p>\n<p>\t\t\t1999 &#8211; Quienes nadan en el agua ? &#8211; Herrero, M.A, &#8211; Revista Apartando &#8211; Mes de Agosto de 1999 &#8211; Nro 2 :33 &#8211; 34<\/p>\n<p>\t\t\t1999 &#8211; Glifosatazo al duraznillo blanco &#8211; Herrero, M.A, &#8211; Revista Apartando &#8211; Mes de Agosto de 1999 &#8211; Nro 2: 49-50<\/p>\n<p>\t\t\t1998 &#8211; Utilizaci\u00f3n y manejo del agua subterr\u00e1nea para actividades agropecuarias Sardi,G y Herrero MA &#8211; Revista Produciendo &#8211; Mayo de 1998 :65 &#8211; 71<\/p>\n<p>\t\t\t1998 &#8211; Nunca digas de esta agua no he de beber &#8211; Herrero, Ma, Maldonado May,V; Pol, M., 1998 &#8211; Revista Infortambo, A\u00f1o XII, Nro. 117 :88-90<\/p>\n<p>\t\t\t1997 -La importancia del agua para bebida animal Herrero,MA; Sardi, G y otros, -Revista Supercampo -A\u00f1o 3 Nro 30 : 20-22<\/p>\n<p>\t\t\t1997 &#8211; Control del enteque seco &#8211; Herrero,MA; Indelicato,L, &#8211; Revista Supercampo, Mayo de 1997- : 106 &#8211; 108<\/p>\n<p>\n\t\t\tLibros:<\/p>\n<p>\t\t\t2008 &#8211; PLANTAS ORNAMENTALES T\u00d3XICAS: Gu\u00eda para el diagn\u00f3stico, tratamiento y prevenci\u00f3n de las intoxicaciones en peque\u00f1os animales. IRAMAIN, M. S., HERRERO, M. A., VOLPE, S., TORO, S. Editorial BMPress. Buenos Aires, Argentina. 150 P\u00e1ginas.<\/p>\n<p>\t\t\t2006 &#8211; BASES PARA LA PRODUCCI\u00d3N ANIMAL Compilador: Mar\u00eda Alejandra Herrero. Editorial BMPress. Buenos Aires, Argentina. Reedici\u00f3n y ampliaci\u00f3n ISBN 987-21426-29. 506 p\u00e1ginas.<\/p>\n<p>\t\t\t2003 &#8211; Bases para la Producci\u00f3n Animal. Compilador: Mar\u00eda Alejandra Herrero. Editorial BMPress. Buenos Aires, Argentina. ISBN: 987-97692-9-5. 266 p\u00e1ginas.<\/p>\n<p>\t\t\t2001 &#8211; Gu\u00eda de Actividades Pr\u00e1cticas Bases Agr\u00edcolas para la Producci\u00f3n Animal.Herrero, M.A.; Sardi, G.; Maldonado May, V. Editorial BMPress. Buenos Aires, Argentina. ISBN: 987-97692-6-0. 120 p\u00e1ginas.<\/p>\n<p>\n\t\t\tCapitulo de Libro:<\/p>\n<p>\t\t\t2008 &#8211; Producci\u00f3n Animal y Medio Ambiente. Basso, L. y Herrero, M. A. en Agroecosistemas: Impacto Ambiental y sustentabilidad. Ed. EFA- Orientaci\u00f3n gr\u00e1fica Editora. (493 pp), Buenos Aires, Argentina, p\u00e1g. 337-363.<\/p>\n<p>\t\t\t2004 &#8211; La necesidad de incorporar nuevas herramientas pedag\u00f3gicas al tratamiento del \u201cproblemas\u201d al aula universitaria, Herrero, M. Alejandra en Aprendizaje y Servicio Solidario. Ed. Ministerio de Educaci\u00f3n, Ciencia y tecnolog\u00eda, Buenos Aires, Argentina, p\u00e1g. 163 &#8211; 173<\/p>\n<p>\t\t\t2002 &#8211; \u02ddEl agua en el tambo\u02dd Charlon, V.; Taverna, M., Herrero; M. A. &#8211; en Manual de referencia para el logro de leche de calidad &#8211; Editorial INTA Rafaela, Compiladores: Charlon,V.; Taverna, M, Argentina, Rafaela, Santa Fe- 1\u00ba Edici\u00f3n : 43 -54<\/p>\n<p>\t\t\t2001 &#8211; \u02ddEl agua en la crianza de cerdos\u02dd Herrero, M.A. &#8211; en Actualizaci\u00f3n sobre aspectos productivos y de comercializaci\u00f3n en el Sector Porcino &#8211; Compiladores Liliana Lagrecca y Eduardo Marotta, Edici\u00f3n Universidad Cat\u00f3lica Argentina, Bs. As., 2001 : 39-55<\/p>\n<p>\t\t\t2000 &#8211; \u02ddWater contamination from agricultural pollution sources\u02dd Herrero, M.A.; Thiel, I., en Encyclopedia of Life Support Systems (EOLSS) soporte inform\u00e1tico &#8211; UNESCO, Ed. UNESCO &#8211; FRANCIA, Paris &#8211; p. 35,<\/p>\n<p>\t\t\t1999 &#8211; \u02ddRecursos d\u2019 aigua en la plana pampeana, Argentina\u02dd Fernandez Cirelli, A; Galindo,G; Herrero,M.A.; Conzonno,V &#8211; libro Recursos D\u2019 Aigua &#8211; Compiladores: Profesores M. Salgot y E. Custodio &#8211; Ed. Fundaci\u00f3n Agbar &#8211; Universidad de Barcelona, ESPA\u00d1A, 1999 :242 &#8211; 266<\/p>\n<p>\t\t\t1999 &#8211; \u02ddAguas para usos ganaderos\u02dd Herrero, M.A. &#8211; libro: Normas de calidad de aguas para distintos usos en el Mercosur &#8211; Ed. Univ. Nac. De Rosario &#8211; Asociacion Universidades del Grupo de Montevideo &#8211; Septiembre de 1999 :59 &#8211; 68 &#8211; Argentina, Rosario<\/p>\n<p>\t\t\t1997 &#8211; \u02dd Protagonistas del desarrollo sustentable: El agua en el sector agropecuario, caracterizaci\u00f3n de la pradera pampeana \u02dd Herrero ,M. A., Sardi, G.M.I. , Orlando, A.A., Maldonado May, V. , Ormazabal, J.J EUDEBA en publicaci\u00f3n especial para el Grupo Aguas &#8211; AUGM (Grupo Montevideo) ISBN 950-23-0646-5: 53 A 80<\/p>\n<p>\n\t\t\tVideo Educativo y de Extensi\u00f3n Rural:<\/p>\n<p>\t\t\tCALIDAD DE AGUA: toma de muestras Autores: Herrero,M.A.; Thiel,I.; Gonzalez Pereyra,V.; Korol, S. G\u00e9nero did\u00e1ctico para productores, educadores y alumnos del medio rural &#8211; Duraci\u00f3n 25 minutos<\/p><\/div>\n<div class=\"col-sm-1\">\n\t\t\t&nbsp;<\/div>\n<\/p><\/div>\n<p>\n\t&nbsp;<\/div>\n<div class=\"decano\">\n<div class=\"titulo-secciones\">\n\t\tFormaci\u00f3n de Recursos Humanos<a class=\"ancla\" id=\"Recursos\">&nbsp;<\/a><\/div>\n<div class=\"row\">\n<div class=\"col-sm-1\">\n\t\t\t&nbsp;<\/div>\n<div class=\"col-sm-10\">\n<p>\t\t\t&#8211; <a href=\"http:\/\/www.fvet.uba.ar\/?q=basesAgricolas#gaasg\"><b>Pasant\u00eda de grado en \u201cGesti\u00f3n Ambiental Aplicada a los Sistemas Ganaderos\u201d<\/b><\/a><\/p>\n<p>\t\t\t&#8211; <a href=\"http:\/\/www.fvet.uba.ar\/?q=basesAgricolas#eupf\"><b>Pasant\u00eda de grado en \u201cEvaluaci\u00f3n, Utilizaci\u00f3n y Planeamiento Forrajero\u201d<\/b><\/a><\/p>\n<p>\t\t\t&#8211; <a href=\"http:\/\/www.fvet.uba.ar\/?q=basesAgricolas#Ayudantes\"><b>Escuela de ayudantes<\/b><\/a><\/p>\n<p>\t\t\t&#8211; <a href=\"http:\/\/www.fvet.uba.ar\/?q=basesAgricolas#gaasg\"><b>Becarios, pasantes y trabajos de investigaci\u00f3n en capacitaci\u00f3n docente<\/b><\/a><\/p>\n<p>\t\t\t&#8211; <a href=\"http:\/\/www.fvet.uba.ar\/?q=basesAgricolas#gaasg\"><b>Curso Vocacional de Capacitaci\u00f3n en Bases Agr\u00edcolas para la Producci\u00f3n Animal<\/b><\/a><\/p>\n<p>\t\t\t&#8211; <a href=\"http:\/\/www.fvet.uba.ar\/?q=basesAgricolas#Galer\u00eda\"><b>Galer\u00eda de fotos<\/b><\/a><\/div>\n<\/p><\/div>\n<\/div>\n<div class=\"col-sm-1\">\n\t\t\t&nbsp;<\/div>\n<div class=\"autoridades\">\n<div class=\"titulo-secciones\">\n\t\tPasant\u00eda de Grado en \u201cGesti\u00f3n Ambiental Aplicada a los Sistemas Ganaderos\u201d<a class=\"ancla\" id=\"gaasg\">&nbsp;<\/a><\/div>\n<p>\t&nbsp;<\/p>\n<div class=\"row\">\n<div class=\"col-sm-1\">\n\t\t\t&nbsp;<\/div>\n<div class=\"col-sm-10\">\n<p>\n\t\t\tLa Inscripci\u00f3n se Realiza Todos los Semestres por la Oficina de Pasant\u00edas para Alumnos de Grado en las Fechas Establecidas para Toda la Facultad.<\/p>\n<p>\t\t\tEsta Compuesta por M\u00f3dulos que Totalizan 120 Horas y se Cursa en Forma Intensiva O Extensiva Dependiendo del Semestre, Situaci\u00f3n que se Indica al Momento de la Inscripci\u00f3n.<\/p>\n<p>\t\t\tPrograma<\/p><\/div>\n<div class=\"col-sm-1\">\n\t\t\t&nbsp;<\/div>\n<\/p><\/div>\n<p>\n\t&nbsp;<\/div>\n<div class=\"consejo\">\n<div class=\"titulo-secciones\">\n\t\tPasant\u00eda de Grado en \u201cEvaluaci\u00f3n, Utilizaci\u00f3n y Planeamiento Forrajero\u201d<a class=\"ancla\" id=\"eupf\">&nbsp;<\/a><\/div>\n<p>\t&nbsp;<\/p>\n<div class=\"row\">\n<div class=\"col-sm-1\">\n\t\t\t&nbsp;<\/div>\n<div class=\"col-sm-10\">\n<p>\n\t\t\tLa Inscripcion se Realiza Todos los Semestres por la Oficina de Pasant\u00edas para Alumnos de Grado en las Fechas Establecidas para Toda la Facultad.<\/p>\n<p>\t\t\tEsta Compuesta por M\u00f3dulos que Totalizan 120 Horas y se Cursa en Forma Intensiva O Extensiva Dependiendo del Semestre, Situaci\u00f3n que se Indica al Momento de la Inscripci\u00f3n.<\/p>\n<p>\t\t\tPrograma<\/p><\/div>\n<div class=\"col-sm-1\">\n\t\t\t&nbsp;<\/div>\n<\/p><\/div>\n<p>\n\t&nbsp;<\/div>\n<div class=\"mision\">\n<div class=\"titulo-secciones\">\n\t\tEscuela de Ayudantes<a class=\"ancla\" id=\"Ayudantes\">&nbsp;<\/a><\/div>\n<p>\t&nbsp;<\/p>\n<div class=\"row\">\n<div class=\"col-sm-1\">\n\t\t\t&nbsp;<\/div>\n<div class=\"col-sm-10\">\n<p>\n\t\t\t\u00bfQu\u00e9 es la Escuela de Ayudantes?<br \/>\n\t\t\tUna Escuela de Ayudantes es un \u00e1mbito orientado a ofrecer instancias en la generaci\u00f3n de herramientas te\u00f3rico-pr\u00e1cticas y actitudinales a los alumnos con inter\u00e9s en participar como ayudantes-docentes, para un mejor desempe\u00f1o en el aula, permitiendo crear propuestas alternativas e innovadoras.<\/p>\n<p>\t\t\t\u00bfCu\u00e1l es su misi\u00f3n?<br \/>\n\t\t\tSe pueden identificar los siguientes objetivos:<\/p>\n<p>\t\t\t&#8211; Generar instancias permanentes de capacitaci\u00f3n<br \/>\n\t\t\t&#8211; Articular dichas instancias en metodolog\u00edas formativas que respondan a la diversidad de intereses y necesidades de los ayudantes alumnos.<br \/>\n\t\t\t&#8211; Crear un lugar de discusi\u00f3n de temas relacionados con el curso de Bases Agr\u00edcolas para la Producci\u00f3n Animal y con la producci\u00f3n animal en general.<\/p>\n<p>\t\t\tLa Escuela de Ayudantes est\u00e1 integrada por las siguientes \u00e1reas:<\/p>\n<p>\t\t\t&#8211; <a href=\"http:\/\/www.fvet.uba.ar\/?q=basesAgricolas#cap_tec\">\u00c1rea Capacitacion T\u00e9cnica<\/a><br \/>\n\t\t\t&#8211; <a href=\"http:\/\/www.fvet.uba.ar\/?q=basesAgricolas#espec_forr_tox\">\u00c1rea de Especies Forrajeras Y T\u00f3xicas<\/a><br \/>\n\t\t\t&#8211; <a href=\"http:\/\/www.fvet.uba.ar\/?q=basesAgricolas#form_pedag\">\u00c1rea de Formaci\u00f3n Pedag\u00f3gica<\/a><br \/>\n\t\t\t&#8211; <a href=\"http:\/\/www.fvet.uba.ar\/?q=basesAgricolas#form_invest\">\u00c1rea de Formaci\u00f3n En Investigaci\u00f3n<\/a><\/p>\n<p>\t\t\t\u00bfQu\u00e9 se realiz\u00f3 hasta el momento?<br \/>\n\t\t\tCon la incorporaci\u00f3n del plan nuevo en el a\u00f1o 1990, los ayudantes concurrentes, luego de trabajar durante dos cuatrimestres, propusieron al \u00e1rea organizar charlas, o jornadas de capacitaci\u00f3n para poder realizar mejor sus tareas durante los cursos, incorporando nuevos y mayor cantidad de conocimientos, creandose en 1991 el primer <a href=\"http:\/\/www.fvet.uba.ar\/?q=basesAgricolas#curso_vocac\">CURSO VOCACIONAL DE CAPACITACION EN BASES AGR\u00cdCOLAS PARA LA PRODUCCI\u00d3N ANIMAL<\/a>. De los cursos dictados durante este per\u00edodo (doce en total), aproximadamente el 65% de los aspirantes, se incorporaron como ayudantes del \u00e1rea, cumpliendo funciones diferentes desde la Escuela de Ayudantes. Han participado en ensayos a campo dentro de los proyectos UBACYT, en la generaci\u00f3n de materiales did\u00e1cticos (gu\u00edas pr\u00e1cticas, videos did\u00e1cticos, herbarios), como tambi\u00e9n la planificaci\u00f3n y cuidado del jard\u00edn de plantas t\u00f3xicas y del forrajetum, donde se pueden observar e identificar las especies vegetales de inter\u00e9s para la salud y la producci\u00f3n animal.<\/p>\n<p>\t\t\tEquipo docente responsable de la Escuela de Ayudantes:<\/p>\n<p>\t\t\t&#8211; Ing. Agr. M. Alejandra Herrero<br \/>\n\t\t\t&#8211; T\u00e9c. U.PA. Graciela M. I. Sardi<br \/>\n\t\t\t&#8211; Med. Vet. Agust\u00edn Orlando<br \/>\n\t\t\t&#8211; Ing. Agr. Juan Jos\u00e9 Ormazabal<\/p>\n<p>\t\t\tInformes y condiciones de ingreso a la Escuela:<br \/>\n\t\t\tPara ingresar a la Escuela se requiere haber aprobado el curso regular de Bases Agr\u00edcolas para la Producci\u00f3n Animal.<\/p>\n<p>\t\t\tEs requisito para ingresar al \u00c1rea Agr\u00edcola como ayudante, la aprobaci\u00f3n del \u201cCurso de capacitaci\u00f3n en Bases Agr\u00edcolas para la Producci\u00f3n Animal.\u201d<\/p>\n<p>\t\t\tPara informes, dirigirse al \u00c1rea Agr\u00edcola del Dpto. Producci\u00f3n Animal.<\/p><\/div>\n<div class=\"col-sm-1\">\n\t\t\t&nbsp;<\/div>\n<\/p><\/div>\n<p>\n\t&nbsp;<\/div>\n<div class=\"decano\">\n<div class=\"titulo-secciones\">\n\t\t<b>Grupo de Trabajo<\/b><a class=\"ancla\" id=\"grupo_trabajo\">&nbsp;<\/a><\/div>\n<p>\t&nbsp;<\/p>\n<div class=\"row\">\n<div class=\"col-sm-1\">\n\t\t\t&nbsp;<\/div>\n<div class=\"col-sm-10\">\n<p>\n\t\t\tAgust\u00edn A. Orlando<br \/>\n\t\t\tProfesor Adjunto Regular<br \/>\n\t\t\tM\u00e9dico Veterinario(FCV-UBA). Coordinador del Curso de la escuela de ayudantes del \u00c1rea Agr\u00edcola. Ejercicio privado de la Profesi\u00f3n. Consultor en el tema de Producci\u00f3n Animal, de Calidad de Aguas y de Plantas T\u00f3xicas. Actualmente Cursando la Maestr\u00eda en Gesti\u00f3n de la Calidad Agroalimentaria en la Carrera de Agronom\u00eda de la USAL.<br \/>\n\t\t\t<span class=\"glyphicon glyphicon-envelope\"><\/span><a href=\"mailto:aorlando@fvet.uba.ar\">e-mail: aorlando@fvet.uba.ar<\/a><\/p>\n<p>\t\t\tGraciela M. I. Sardi<br \/>\n\t\t\tJefe de Trabajos Pr\u00e1cticos<br \/>\n\t\t\tT\u00e9c. Universitario en Producci\u00f3n Agropecuaria &#8211; UCA &#8211; Especialista en Docencia universitaria(FCV-UBA). Especialista en Gesti\u00f3n Ambiental en Sistemas Agroalimentarios (FAUBA)-Magister en gesti\u00f3n del Agua(FCV-UBA) Finalizando tesis- Coordinadora del curso de postgrado Ambiente, Producci\u00f3n y Utilizaci\u00f3n de Alimentos, en FCV-UBA y de la Escuela de Ayudantes del \u00c1rea Agr\u00edcola. Consultora en los temas de producci\u00f3n animal y medio ambiente, y de calidad de aguas.<br \/>\n\t\t\t<span class=\"glyphicon glyphicon-envelope\"><\/span><a href=\"mailto:gracielasardi@ciudad.com.ar\">e-mail: gracielasardi@ciudad.com.ar<\/a><\/p>\n<p>\t\t\tJuan Jos\u00e9 Ormazabal<br \/>\n\t\t\tJefe de Trabajos Pr\u00e1cticos<br \/>\n\t\t\tIngeniero Agr\u00f3nomo (UBA). Docente autorizado en la Facultad de Ciencias Veterinarias (UBA). Realiz\u00f3 investigaci\u00f3n sobre Aguas de bebida para consumo animal y Plantas Toxicas, especialmente Duraznillo Blanco. Coordinador del curso para ayudantes de Bases Agr\u00edcolas.<br \/>\n\t\t\t<span class=\"glyphicon glyphicon-envelope\"><\/span><a href=\"mailto:jjormazabal@yahoo.com\">e-mail: jjormazabal@yahoo.com<\/a><\/p>\n<p>\t\t\tDaniel A. Pazos<br \/>\n\t\t\tJefe de Trabajos Pr\u00e1cticos<br \/>\n\t\t\tM\u00e9dico Veterinario (FCV-UBA). Especialista en Docencia Universitaria con orientaci\u00f3n en Ciencias Veterinarias y Biol\u00f3gicas. Especialista en Drogas Peligrosas (UCA-SALTA). Especialista en Inocuidad y Calidad Agroalimentaria (CEICA-FCV-UBA). Consultor en el Tema de Producci\u00f3n Equina y de Plantas T\u00f3xicas e inocuidad y calidad agroalimentaria<br \/>\n\t\t\t<span class=\"glyphicon glyphicon-envelope\"><\/span><a href=\"mailto:danielalfredo.pazos@gmail.com\">e-mail: danielalfredo.pazos@gmail.com<\/a><\/p>\n<p>\t\t\tAlejandro Cariola<br \/>\n\t\t\tJefe de Trabajos Pr\u00e1cticos<br \/>\n\t\t\tIngeniero Agr\u00f3nomo(FA-UM) &#8211; Especializaci\u00f3n en Gesti\u00f3n de Empresas Agropecuarias. Consultor del \u00c1rea Agropecuaria INET (Ministerio de Educaci\u00f3n) &#8211; Asesor y Consultor de empresas agropecuarias en el manejo de sistemas pastoriles y de producci\u00f3n org\u00e1nica. Realizo trabajos de Investigaci\u00f3n en el Centro de Investigaciones en Biotecnolog\u00eda y Ecolog\u00eda Microbiana, beca In\u00e9s Repetto de Sauber\u00e1n. Ex Asesor y Coordinador del \u00e1rea de Producci\u00f3n de la empresa Ecopampa.<br \/>\n\t\t\t<span class=\"glyphicon glyphicon-envelope\"><\/span><a href=\"mailto:acariola@fvet.uba.ar\">e-mail: acariola@fvet.uba.ar<\/a><\/p>\n<p>\t\t\tC\u00e9sar Raffa<br \/>\n\t\t\tAyudante de primera<br \/>\n\t\t\tIngeniero Agr\u00f3nomo(UBA). Realizo trabajos de Investigaci\u00f3n en Fundaci\u00f3n Campomar, Ministerio de Salud P\u00fablica y Medio Ambiente y en la actividad privada en la especialidad de suelos. Consultor tema Degradaci\u00f3n de Suelos por Erosi\u00f3n y Salinizaci\u00f3n.<br \/>\n\t\t\t<span class=\"glyphicon glyphicon-envelope\"><\/span><a href=\"mailto:cescar01@hotmail.com\">e-mail: cescar01@hotmail.com<\/a><\/p>\n<p>\t\t\tMart\u00edn Pol<br \/>\n\t\t\tAyudante de Primera<br \/>\n\t\t\tVeterinario (FCV-UBA). Especialista en Sistemas de Producci\u00f3n de Leche. Master of Science Universidad de Wisconsin (Madison- Wisconsin- USA).<br \/>\n\t\t\t<span class=\"glyphicon glyphicon-envelope\"><\/span><a href=\"mailto:martin.pol@lactodiagnosticosur.com.ar\">e-mail: martin.pol@lactodiagnosticosur.com.ar<\/a><\/p>\n<p>\t\t\tLorna I. Carb\u00f3<br \/>\n\t\t\tAyudante de Primera<br \/>\n\t\t\tVeterinaria (FCV-UBA). Coordinadora del Laboratorio de Calidad de Aguas del \u00c1rea Agr\u00edcola y del Jard\u00edn de Plantas T\u00f3xicas. Ejercicio privado de la Profesi\u00f3n. Consultora en el tema de Producci\u00f3n Animal, de Calidad de Aguas, Medio Ambiente y de Plantas T\u00f3xicas. Especializaci\u00f3n en Manejo de Sistemas Pastoriles (FAUBA)<br \/>\n\t\t\t<span class=\"glyphicon glyphicon-envelope\"><\/span><a href=\"mailto:lcarbo@fvet.uba.ar\">e-mail: lcarbo@fvet.uba.ar<\/a><\/p>\n<p>\t\t\tM. Soledad Iramain<br \/>\n\t\t\tAyudante de Primera<br \/>\n\t\t\tVeterinaria (FCV-UBA). Ex Becaria del Programa UBACyT \u201cEvaluaci\u00f3n del uso y manejo del agua y su incidencia en la producci\u00f3n lechera\u201d. Participaci\u00f3n del Primer informe GEO Juvenil Argentina (PNUMA-FEU) presentado el 5 de Junio de 2003 \u201cContaminaci\u00f3n Tambera\u201d . Ejercicio privado de la profesi\u00f3n.<br \/>\n\t\t\t<span class=\"glyphicon glyphicon-envelope\"><\/span><a href=\"mailto:sole_vet2004@yahoo.com.ar\">e-mail: sole_vet2004@yahoo.com.ar<\/a><\/p>\n<p>\t\t\tGuadalupe Gutierrez<br \/>\n\t\t\tAyudante de primera<br \/>\n\t\t\tVeterinaria(FCV-UBA). Docente autorizado FCV-UBA. Participa en los proyectos de investigaci\u00f3n del \u00e1rea Agr\u00edcola<br \/>\n\t\t\t<span class=\"glyphicon glyphicon-envelope\"><\/span><a href=\"mailto:guadag_vet@hotmail.com\">e-mail: guadag_vet@hotmail.com<\/a><\/p>\n<p>\t\t\tSusana Volpe<br \/>\n\t\t\tAyudante de primera<br \/>\n\t\t\tLic. En Cs. Biol\u00f3gicas (FCEN-UBA) &#8211; Especializada en hidrobiolog\u00eda. Investigaci\u00f3n en identificaci\u00f3n de invertebrados acu\u00e1ticos. C\u00e1lculo y uso de \u00edndices bi\u00f3ticos de calidad ecol\u00f3gica de cuerpos de agua. Consultora en especies vegetales de uso ornamental. Especialista en docencia universitaria FCV-UBA<br \/>\n\t\t\t<span class=\"glyphicon glyphicon-envelope\"><\/span><a href=\"mailto:susyvolpe@yahoo.com\">e-mail: susyvolpe@yahoo.com<\/a><\/p>\n<p>\t\t\tManuel Urquiza<br \/>\n\t\t\tAyudante de primera<br \/>\n\t\t\tVeterinario (FCV-UBA)<br \/>\n\t\t\t<span class=\"glyphicon glyphicon-envelope\"><\/span><a href=\"mailto:murquiza@fvet.uba.ar\">e-mail: murquiza@fvet.uba.ar<\/a><\/p>\n<p>\t\t\tAna Valeria Gonz\u00e1lez Pereyra<br \/>\n\t\t\tAyudante de primera<br \/>\n\t\t\tVeterinaria(FCV-UBA)<br \/>\n\t\t\t<span class=\"glyphicon glyphicon-envelope\"><\/span><a href=\"mailto:avagonpe@hotmail.com\">e-mail: avagonpe@hotmail.com<\/a><\/p>\n<p>\t\t\tJoaqu\u00edn Basombr\u00edo<br \/>\n\t\t\tAyudante de Primera<br \/>\n\t\t\tVeterinario(FCV-UBA)<br \/>\n\t\t\t<span class=\"glyphicon glyphicon-envelope\"><\/span><a href=\"mailto:jbaso@hotmail.com\">e-mail: jbaso@hotmail.com<\/a><\/p>\n<p>\t\t\tMarcela Neu<br \/>\n\t\t\tAyudante de Primera<br \/>\n\t\t\tVeterinaria(FCV-UBA)<\/p>\n<p>\t\t\tFlorencia Pastorino<br \/>\n\t\t\tAyudante de Primera<br \/>\n\t\t\tVeterinaria(FCV-UBA)<\/p>\n<p>\t\t\tMarcos Bonta<br \/>\n\t\t\tAyudante de Segunda<br \/>\n\t\t\tVeterinaria(FCV-UBA)<\/p>\n<p>\t\t\tEstudiantes de la Carrera de Veterinaria que participan en el \u00e1rea:<\/p>\n<p>\t\t\tLisandro Calcagno<br \/>\n\t\t\tSandra Toro<br \/>\n\t\t\tSabrina Grzetic<br \/>\n\t\t\tFlorencia Niebur<br \/>\n\t\t\tF\u00e9lix Rivas<br \/>\n\t\t\tMarisol Rodr\u00edguez Cisnero<br \/>\n\t\t\tMat\u00edas Torgano<\/div>\n<div class=\"col-sm-1\">\n\t\t\t&nbsp;<\/div>\n<\/p><\/div>\n<p>\n\t&nbsp;<\/div>\n<div class=\"autoridades\">\n<div class=\"titulo-secciones\">\n\t\t<b>Curso de Forrajes(Intensificaci\u00f3n en Producci\u00f3n Animal) &#8211; Cod. N\u00ba 473<\/b><a class=\"ancla\" id=\"c_t_473\">&nbsp;<\/a><\/div>\n<p>\t&nbsp;<\/p>\n<div class=\"row\">\n<div class=\"col-sm-1\">\n\t\t\t&nbsp;<\/div>\n<div class=\"col-sm-10\">\n<p>\n\t\t\tContenidos Tem\u00e1ticos<\/p>\n<p>\t\t\t<b>1 &#8211; Unidad Tem\u00e1tica I: introducci\u00f3n<\/b><br \/>\n\t\t\t&#8211; 1 Importancia de los recursos pastoriles en la Rep\u00fablica Argentina y sus aplicaciones en los sistemas de producci\u00f3n ganadera.<\/p>\n<p>\t\t\t&#8211; 2 Relaciones entre el medio ambiente y los sistemas de producci\u00f3n ganadera &#8211; El suelo y el clima &#8211; Manejo de factores adversos.<\/p>\n<p>\t\t\t&#8211; 3 Regiones forrajeras y de producci\u00f3n animal en la Argentina y en el mundo.<\/p>\n<p>\t\t\t<b>2 &#8211; Unidad Tem\u00e1tica II: recursos forrajeros<\/b><br \/>\n\t\t\t&#8211; 1 Evaluaci\u00f3n de forrajes, receptividad, concepto de unidad ganadera.<\/p>\n<p>\t\t\t&#8211; 2 Manejo y valoraci\u00f3n de campos naturales. Mejoramiento.<\/p>\n<p>\t\t\t&#8211; 3 Implantaci\u00f3n y manejo de pasturas plurianuales y verdeos anuales. Manejo inicial y estacional. Ejemplos.<\/p>\n<p>\t\t\t&#8211; 4 Reservas de forraje, su utilizaci\u00f3n complementaria en los sistemas de producci\u00f3n. Utilizaci\u00f3n de granos forrajeros. Subproductos.<\/p>\n<p>\t\t\t&#8211; 5 Principales malezas, plagas y enfermedades de los forrajes. Manejo y control en los distintos recursos.<\/p>\n<p>\t\t\t&#8211; 6 Problem\u00e1tica asociada a la utilizaci\u00f3n de forrajes. Importancia y posibilidades pr\u00e1cticas para contrarrestarlas. Ejemplos: micotoxicosis en pastoreo, carencias minerales, meteorismo, plantas t\u00f3xicas y da\u00f1inas.<\/p>\n<p>\t\t\t<b>3 &#8211; Unidad Tem\u00e1tica III: utilizaci\u00f3n de recursos forrajeros<\/b><br \/>\n\t\t\t&#8211; 1 Interacciones planta &#8211; animal: concepto e importancia. Estrategias y t\u00e1cticas de alimentaci\u00f3n.<\/p>\n<p>\t\t\t&#8211; 2 Morfofisiolog\u00eda de especies forrajeras. Variaciones del valor nutritivo de acuerdo a los diferentes estadios de crecimiento.<\/p>\n<p>\t\t\t&#8211; 3 Eficiencia de cosecha del forraje producido. Carga animal: concepto e importancia. Efectos del pastoreo sobre la estabilidad de los sistemas.<\/p>\n<p>\t\t\t&#8211; 4 Los m\u00e9todos de pastoreo. Pastoreo continuo y racional. Ventajas y desventajas. Concepto de cadena de pastoreo.<\/p>\n<p>\t\t\t<b>4 &#8211; Unidad Tem\u00e1tica IV: planificaci\u00f3n y administraci\u00f3n de los recursos forrajeros<\/b><br \/>\n\t\t\t&#8211; 1 Rotaciones de agricultura anual con praderas plurianuales como base para una agricultura forrajera. Importancia de las leguminosas dentro del subsistema de producci\u00f3n forrajera.<\/p>\n<p>\t\t\t&#8211; 2 Cadena forrajera. Planificaci\u00f3n de rotaciones y cadenas de pastoreo. Importancia y ejemplos.<\/p>\n<p>\t\t\t&#8211; 3 Determinaci\u00f3n de los requerimientos animales en los diferentes sistemas de producci\u00f3n. Determinaci\u00f3n de oferta de forrajes. Balance. Diferentes unidades de c\u00e1lculo. Ejemplos.<\/p>\n<p>\t\t\t&#8211; 4 Medidas de eficiencia econ\u00f3mica en la planificaci\u00f3n de recursos forrajeros. Elementos b\u00e1sicos.<\/p>\n<p>\t\t\t<b>5 &#8211; Unidad Tem\u00e1tica V: reconocimiento de los diferentes sistemas de producci\u00f3n pastoril<\/b><br \/>\n\t\t\t&#8211; Los Contenidos de esta Unidad se Realizar\u00e1n a Campo con Visitas de por lo Menos Dos Sistemas de Producci\u00f3n Durante el Curso, Realizando las Diferentes Pr\u00e1cticas de las Unidades Aanteriores.<\/div>\n<div class=\"col-sm-1\">\n\t\t\t&nbsp;<\/div>\n<\/p><\/div>\n<p>\n\t&nbsp;<\/div>\n<div class=\"consejo\">\n<div class=\"titulo-secciones\">\n\t\t<b>Medios de Evaluaci\u00f3n<\/b><a class=\"ancla\" id=\"med_eva\">&nbsp;<\/a><\/div>\n<p>\t&nbsp;<\/p>\n<div class=\"row\">\n<div class=\"col-sm-1\">\n\t\t\t&nbsp;<\/div>\n<div class=\"col-sm-10\">\n<p>\t\t\tSistema de Parciales<\/p>\n<p>\t\t\t<b>Condiciones de Promoci\u00f3n:<\/b><br \/>\n\t\t\tPara alcanzar la condici\u00f3n de alumno promovido deber\u00e1 asistir al 75% de los te\u00f3rico-pr\u00e1cticos, al 50% de los viajes organizados para el curso y aprobar el trabajo grupal de planificaci\u00f3n de recursos forrajeros. Asimismo deber\u00e1 aprobar la evaluaci\u00f3n integradora final del curso, sin recuperaci\u00f3n. Es fundamental tener aprobada la correlativa correspondiente. En el caso de no alcanzar este nivel y cumpliendo los requisitos del item siguiente quedar\u00e1 como alumno regular.<\/p>\n<p>\t\t\t<b>Condiciones de Regularidad:<\/b><br \/>\n\t\t\tLos alumnos realizar\u00e1n un trabajo grupal (entre 2 y 4 participantes), sobre planificaci\u00f3n de recursos forrajeros. Para alcanzar la condici\u00f3n de alumno regular deber\u00e1 asistir al 75% de los te\u00f3rico-pr\u00e1cticos, al 50% de los viajes organizados para el curso y aprobar el trabajo grupal de planificaci\u00f3n de recursos forrajeros.<\/p>\n<p>\t\t\t<b>Condiciones de Asistencia Cumplida:<\/b><br \/>\n\t\t\tDe no haber alcanzado el nivel de alumno regular pero habiendo asistido al 75% de las clases y al 50% de los viajes quedar\u00e1 en la condici\u00f3n de asistencia cumplida de acuerdo a la reglamentaci\u00f3n vigente.<\/div>\n<div class=\"col-sm-1\">\n\t\t\t&nbsp;<\/div>\n<\/p><\/div>\n<p>\n\t&nbsp;<\/div>\n<div class=\"mision\">\n<div class=\"titulo-secciones\">\n\t\t<b>Cronograma de Curso: Forrajes &#8211; Intensificaci\u00f3n en Producci\u00f3n Animal Cronograma de Clases &#8211; Te\u00f3rico-Pr\u00e1cticas<\/b><a class=\"ancla\" id=\"crono_tp\">&nbsp;<\/a><\/div>\n<p>\t&nbsp;<\/p>\n<div class=\"row\">\n<div class=\"col-sm-1\">\n\t\t\t&nbsp;<\/div>\n<div class=\"col-sm-10\">\n<p>\n\t\t\t<b>SEMANA 1<\/b><br \/>\n\t\t\tIntroducci\u00f3n &#8211; Organizaci\u00f3n del curso.<br \/>\n\t\t\tPlantas Forrajeras, generalidades. Condiciones para la producci\u00f3n de pasto Suelo &#8211; Planta &#8211; Animal. Planeamiento &#8211; Balance actual y mejorado &#8211; Presentaci\u00f3n del caso de planeamiento. Reconocimiento de especies.<\/p>\n<p>\t\t\t<b>SEMANA 2 &#8211; Viaje<\/b><\/p>\n<p>\t\t\t<b>SEMANA 3<\/b><br \/>\n\t\t\t\u00c1reas Forrajeras<br \/>\n\t\t\tImplantaci\u00f3n y manejo inicial de recursos forrajeros &#8211; Mezclas Forrajeras<br \/>\n\t\t\t<b>Intervalo<\/b><br \/>\n\t\t\tCultivares y variedades &#8211; Forrajes asociados a la salud animal<br \/>\n\t\t\tDiscusi\u00f3n Del caso a planificar campo visitado<\/p>\n<p>\t\t\t<b>SEMANA 4<\/b><br \/>\n\t\t\tComposici\u00f3n del pastizal<br \/>\n\t\t\tManejo y mejoramiento de Campos Naturales Promoci\u00f3n de raigr\u00e1s<br \/>\n\t\t\tNutrici\u00f3n vegetal &#8211; Fertilizaci\u00f3n y enmienda de pasturas y verdeos<br \/>\n\t\t\tCharla de Invitado de Tema relacionado a los tratados ese d\u00eda.<\/p>\n<p>\t\t\t<b>SEMANA 5<\/b><br \/>\n\t\t\tMorfofisiolog\u00eda de plantas pratenses. Relaciones con el pastoreo.<br \/>\n\t\t\tConsumo y selectividad &#8211; H\u00e1bitos de pastoreo.<br \/>\n\t\t\tM\u00e9todos de medici\u00f3n de productividad del pasto. Eficiencia de cosecha<br \/>\n\t\t\tCharla de Invitado de Tema relacionado a los tratados ese d\u00eda.<br \/>\n\t\t\tENTREGA DE BALANCE FORRAJERO ACTUAL<\/p>\n<p>\t\t\t<b>SEMANA 6<\/b><br \/>\n\t\t\tM\u00e9todos de pastoreo. Manejo estacional. Sistemas de pastoreo<br \/>\n\t\t\tNuevas tecnolog\u00edas para la determinaci\u00f3n de forraje(\u00cdndice Verde)<br \/>\n\t\t\tForrajeras Subtropicales<br \/>\n\t\t\tManejo silvopastoril y Predelta<br \/>\n\t\t\tCharla de Invitado de Tema relacionado a los tratados ese d\u00eda.<\/p>\n<p>\t\t\t<b>SEMANA 7<\/b><br \/>\n\t\t\tSemillas Forrajeras &#8211; Reservas y Verdeos<br \/>\n\t\t\tEvaluaci\u00f3n de las reservas forrajeras<br \/>\n\t\t\tManejo de campos \u00e1ridos y semi\u00e1ridos<br \/>\n\t\t\tCharla de Invitado de Tema relacionado a los tratados ese d\u00eda.<\/p>\n<p>\t\t\t<b>SEMANA 8 &#8211; Viaje<\/b><\/p>\n<p>\t\t\t<b>SEMANA 9<\/b><br \/>\n\t\t\tENTREGA DE BALANCE FORRAJERO ACTUAL<br \/>\n\t\t\tSoluciones a problemas de manejo. Campos Inundados y semi\u00e1ridos<br \/>\n\t\t\tPastoreo Racional\/Pastoreo Voisin &#8211; Manejo conjunto de lanares y bovinos(Estudio de Caso experiencia Uruguaya) &#8211; Planteos Org\u00e1nicos<br \/>\n\t\t\tCharla de Invitado de Tema relacionado a los tratados ese d\u00eda.<\/p>\n<p>\t\t\t<b>Las Modificaciones Anuales de los Cronogramas se Publicar\u00e1n V\u00eda Cartelera Web y Ser\u00e1n Publicadas en el Diario Editado a Principio de Cada Cuatrimestre.<\/b><\/div>\n<div class=\"col-sm-1\">\n\t\t\t&nbsp;<\/div>\n<\/p><\/div>\n<p>\n\t&nbsp;<\/div>\n<div class=\"decano\">\n<div class=\"titulo-secciones\">\n\t\tBibliograf\u00eda Fundamental<a class=\"ancla\" id=\"biblio\">&nbsp;<\/a><\/div>\n<p>\t&nbsp;<\/p>\n<div class=\"row\">\n<div class=\"col-sm-1\">\n\t\t\t&nbsp;<\/div>\n<div class=\"col-sm-10\">\n<p>\t\t\t<b>Bibliograf\u00eda <\/b><\/p>\n<p>\n\t\t\tBases para la Producci\u00f3n Animal &#8211; Gu\u00eda de Unidad Tem\u00e1tica 4 &#8211; Edici\u00f3n Centro de Estudiantes (CEV-UBA) Edici\u00f3n 2004.<\/p>\n<p>\t\t\tForrajes y Pasturas del Ecosistema Templado Humedo de la Argentina &#8211; Autores: Jos\u00e9 Maddaloni, Liliana Ferrari . Ed. INTA y Univ. Nacional de Lomas de Zamora. Buenos Aires, p. 520 &#8211; Edici\u00f3n 2001<\/p>\n<p>\t\t\tCangiano, C &#8211; Porducci\u00f3n Animal en Pastoreo &#8211; Inta Balcarce, 1997<\/p>\n<p>\t\t\tCar\u00e1mbula, Producci\u00f3n y Manejo de Pasturas Sembradas. Ed.Hemisferio Sur, Bs.As, 1977<\/p>\n<p>\t\t\tMc.Meekan. &#8211; De Pasto a Leche &#8211; (1987) Ed. Hemisferio Sur<\/p>\n<p>\t\t\tVanoni, E &#8211; Pastoreo Rotativo Intensivo &#8211; (1982) Ed. Orientaci\u00f3n Gr\u00e1fica Editora-<\/p>\n<p>\t\t\tVoisin. A &#8211; La Vaca y la Hierba &#8211; (1980) &#8211; Ed. Tecnos Madrid-<\/p>\n<p>\t\t\tVoisin. A &#8211; La Productividad de la Hierba &#8211; (1980) &#8211; Ed. Tecnos Madrid<\/p>\n<p>\t\t\t<b>Bibliograf\u00eda Ampliatoria:<\/b><\/p>\n<p>\t\t\tHeitsmidt, R.; Stuth, J. &#8211; Grazing Management, an ecological perspective- 1992 &#8211; Tmber Press &#8211; Oregon<\/p>\n<p>\t\t\tMinson, D. &#8211; Forages in Rumiant Nutrition. Academic Press 1990<\/p>\n<p>\t\t\t<b>Bibliograf\u00eda Espec\u00edfica<\/b><\/p>\n<p>\t\t\tBavera, L &#8211; Aguas y Aguadas &#8211; Ed Hemisferio Sur &#8211; 1989 &#8211; Bs. As. 284 PAG.<\/p>\n<p>\t\t\tBuckman y Brady. Naturales y Propiedades de los Suelos , Barcelona l966.<\/p>\n<p>\t\t\tGallo, G. &#8211; Plantas Toxicas para el Ganado en el Cono Sur de America. Hemisferio Sur, 1987<\/p>\n<p>\t\t\tINTA Balcarce-Empaste(Meteroismo espumoso en bovinos)-Bolet\u00edn t\u00e9cnico Nro. 111-ISNN 0522-0548- INTA Balcarce &#8211; 1994<\/p>\n<p>\t\t\tINTA Balcalrce &#8211; Avances en el conocimiento de las causas de la Hipomagnesemia &#8211; Bolet\u00edn t\u00e9cnico &#8211; 1994<\/p>\n<p>\t\t\tLopez, T. y otros &#8211; Toxicidad Vegetal para el Ganado &#8211; Centro Regional Bs.As. Sur &#8211; (CERBAS-INTA) Inta Balcarce &#8211; 1996-<\/p>\n<p>\t\t\tMartin, P.; Bateson, P., Measuring Behaviour, An introductory guide, Cambridge University Press, 1993<\/p>\n<p>\t\t\tNational Academic press &#8211; Nutrents and Toxic Sustances in Water for Livestock and Poultry &#8211; (1974) &#8211; NRC- Washington<\/p>\n<p>\t\t\tNational Research Council &#8211; Mineral tolerance of domestic animals &#8211; Academic Press 1996<\/p>\n<p>\t\t\tPapadakis, Juan. Ecolog\u00eda y Manejo de los Cultivos, Pasturas y Suelos. Ed.Albatros. 1980<\/p>\n<p>\t\t\tPuche, Rodolfo &#8211; Calcinosis del Ganado &#8211; Centro de Metabolismo Oseo &#8211; U. N. Rosario &#8211; 1995<\/p>\n<p>\t\t\tRagonese, A; Milano, Vegetales y Sustancias Toxicas de la Flora Argentina. Enciclopedia Argentina de Agricultura y Jardiner\u00eda, 2da. Edici\u00f3n,Tomo II Fasc\u00edculo 8-2,Ed.Acm, Bs.As. l984<\/p>\n<p>\t\t\tSAGyP-CFA &#8211; El deterioro de las tierras en la Rep.Argentina-Alerta Amarillo &#8211; 1996-<\/p><\/div>\n<div class=\"col-sm-1\">\n\t\t\t&nbsp;<\/div>\n<\/p><\/div>\n<p>\n\t&nbsp;<\/div>\n<div class=\"autoridades\">\n<div class=\"titulo-secciones\">\n\t\tCurso de Forrajes &#8211; Intensificaci\u00f3n en Producci\u00f3n Animal &#8211; Viajes<a class=\"ancla\" id=\"forrajes-viajes\">&nbsp;<\/a><\/div>\n<p>\t&nbsp;<\/p>\n<div class=\"row\">\n<div class=\"col-sm-1\">\n\t\t\t&nbsp;<\/div>\n<div class=\"col-sm-10\">\n<p>\n\t\t\t<b>Objetivos:<\/b><\/p>\n<p>\t\t\tVincular al alumno con situaciones reales de la producci\u00f3n forrajera en sistemas de producci\u00f3n animal de base pastoril.<\/p>\n<p>\t\t\tProfundizar los conocimientos adquiridos en forrajes y pasturas mediante la aplicaci\u00f3n a situaciones de campo.<\/p>\n<p>\t\t\t<b>Contenidos:<\/b><\/p>\n<p>\t\t\tLas siguientes actividades se realizan visitando establecimientos.<\/p>\n<p>\t\t\tReconocimiento de especies forrajeras mas utilizadas en el \u00e1mbito de la Pampa H\u00fameda.<\/p>\n<p>\t\t\tEvaluaci\u00f3n de diferentes recursos forrajeros utilizados en el establecimiento.<\/p>\n<p>\t\t\tEvaluaci\u00f3n de forrajes conservados.<\/p>\n<p>\t\t\tMedici\u00f3n de forraje disponible y c\u00e1lculo de carga animal a aplicar.<\/p>\n<p>\t\t\tArmado de parcelas con alambrado el\u00e9ctrico.<\/p>\n<p>\t\t\tObservaci\u00f3n de conductas de pastoreo.<\/p>\n<p>\t\t\tMedici\u00f3n de eficiencia de cosecha luego de pastoreo horario en las parcelas evaluadas.<\/p>\n<p>\t\t\tReconocimiento de otros sistemas productivos.<\/p>\n<p>\t\t\tEvaluaci\u00f3n de recuperaci\u00f3n de diferentes situaciones problem\u00e1ticas (dependiendo de los establecimientos a visitar ej. m\u00e9danos, lotes inundados).<\/p>\n<p>\t\t\tManejo y mejoramiento de campos naturales.<\/p>\n<p>\t\t\tSuplementaci\u00f3n en sistemas pastoriles.<\/p>\n<p>\t\t\t&#8211; <a href=\"http:\/\/www.fvet.uba.ar\/?q=basesAgricolas#fotos_viaje_2008\"><b>Fotos de los Viajes<\/b><\/a><\/div>\n<div class=\"col-sm-1\">\n\t\t\t&nbsp;<\/div>\n<\/p><\/div>\n<p>\n\t&nbsp;<\/div>\n<div class=\"consejo\">\n<div class=\"titulo-secciones\">\n\t\tFotos Viaje 2008<a class=\"ancla\" id=\"fotos_viaje_2008\">&nbsp;<\/a><\/div>\n<p>\t&nbsp;<\/p>\n<div class=\"row\">\n<div class=\"col-sm-1\">\n\t\t\t&nbsp;<\/div>\n<div class=\"col-sm-10\">\n\t\t\t&nbsp;<\/p>\n<p>\n\t\t\t\t<a class=\"ancla\" id=\"publicaciones\">&nbsp;<\/a><\/p>\n<table align=\"center\" border=\"0\" cellpadding=\"0\" cellspacing=\"0\" width=\"100%\">\n<tbody>\n<tr align=\"center\">\n<td>\n\t\t\t\t\t\t\t<img loading=\"lazy\" decoding=\"async\" alt=\"Imagen 1\" class=\"img-responsive\" height=\"400\" src=\"http:\/\/www.fvet.uba.ar\/archivos\/catedras\/arch_bases_agric\/dscn1876.JPG\" width=\"300\" \/><\/td>\n<td>\n\t\t\t\t\t\t\t<img loading=\"lazy\" decoding=\"async\" class=\"img-responsive\" height=\"400\" src=\"http:\/\/www.fvet.uba.ar\/archivos\/catedras\/arch_bases_agric\/dscn1887.JPG\" width=\"294\" \/><\/td>\n<td>\n\t\t\t\t\t\t\t<img loading=\"lazy\" decoding=\"async\" class=\"img-responsive\" height=\"400\" src=\"http:\/\/www.fvet.uba.ar\/archivos\/catedras\/arch_bases_agric\/dscn1911.JPG\" width=\"294\" \/><\/td>\n<\/tr>\n<\/tbody>\n<\/table>\n<p>\n\t\t\t\t&nbsp;<\/p>\n<p>\n\t\t\t\t&nbsp;<\/p>\n<p>\n\t\t\t\t<a class=\"ancla\" id=\"publicaciones\">&nbsp;<\/a><\/p>\n<table align=\"center\" border=\"0\" cellpadding=\"0\" cellspacing=\"0\" width=\"100%\">\n<tbody>\n<tr align=\"center\">\n<td>\n\t\t\t\t\t\t\t<img loading=\"lazy\" decoding=\"async\" alt=\"Imagen 1\" class=\"img-responsive\" height=\"400\" src=\"http:\/\/www.fvet.uba.ar\/archivos\/catedras\/arch_bases_agric\/dscn1916.JPG\" width=\"300\" \/><\/td>\n<td>\n\t\t\t\t\t\t\t<img loading=\"lazy\" decoding=\"async\" class=\"img-responsive\" height=\"400\" src=\"http:\/\/www.fvet.uba.ar\/archivos\/catedras\/arch_bases_agric\/dscn1934.JPG\" width=\"294\" \/><\/td>\n<td>\n\t\t\t\t\t\t\t<img loading=\"lazy\" decoding=\"async\" class=\"img-responsive\" height=\"400\" src=\"http:\/\/www.fvet.uba.ar\/archivos\/catedras\/arch_bases_agric\/dscn1937.JPG\" width=\"294\" \/><\/td>\n<\/tr>\n<\/tbody>\n<\/table>\n<p>\n\t\t\t\t&nbsp;<\/p>\n<p>\n\t\t\t\t&nbsp;<\/p>\n<\/p><\/div>\n<p>\t\t<!--\t\thttp:\/\/www.fvet.uba.ar\/fcvanterior\/areas\/bases_agric.php --><br \/>\n\t\t<!--\t\thttp:\/\/www.fvet.uba.ar\/archivos\/catedras\/arch_bases_agric\/galfotos.php --><\/p>\n<div class=\"col-sm-1\">\n\t\t\t&nbsp;<\/div>\n<\/p><\/div>\n<p>\n\t&nbsp;<\/div>\n<div class=\"mision\">\n<div class=\"titulo-secciones\">\n\t\tFotos Viaje 2010<a class=\"ancla\" id=\"las_fotos\">&nbsp;<\/a><\/div>\n<p>\t&nbsp;<\/p>\n<div class=\"row\">\n<div class=\"col-sm-1\">\n\t\t\t&nbsp;<\/div>\n<div class=\"col-sm-10\">\n\t\t\t&nbsp;<\/p>\n<p>\n\t\t\t\t<a class=\"ancla\" id=\"publicaciones\">&nbsp;<\/a><\/p>\n<table align=\"center\" border=\"0\" cellpadding=\"0\" cellspacing=\"0\" width=\"100%\">\n<tbody>\n<tr align=\"center\">\n<td>\n\t\t\t\t\t\t\t<img loading=\"lazy\" decoding=\"async\" alt=\"Imagen 1\" class=\"img-responsive\" height=\"400\" src=\"http:\/\/www.fvet.uba.ar\/archivos\/catedras\/arch_bases_agric\/fba\/f1r.JPG\" width=\"300\" \/><\/td>\n<td>\n\t\t\t\t\t\t\t<img loading=\"lazy\" decoding=\"async\" class=\"img-responsive\" height=\"400\" src=\"http:\/\/www.fvet.uba.ar\/archivos\/catedras\/arch_bases_agric\/fba\/f2r.JPG\" width=\"294\" \/><\/td>\n<td>\n\t\t\t\t\t\t\t<img loading=\"lazy\" decoding=\"async\" class=\"img-responsive\" height=\"400\" src=\"http:\/\/www.fvet.uba.ar\/archivos\/catedras\/arch_bases_agric\/fba\/f3r.JPG\" width=\"294\" \/><\/td>\n<\/tr>\n<\/tbody>\n<\/table>\n<p>\n\t\t\t\t&nbsp;<\/p>\n<p>\n\t\t\t\t<a class=\"ancla\" id=\"publicaciones\">&nbsp;<\/a><\/p>\n<table align=\"center\" border=\"0\" cellpadding=\"0\" cellspacing=\"0\" width=\"100%\">\n<tbody>\n<tr align=\"center\">\n<td>\n\t\t\t\t\t\t\t<img loading=\"lazy\" decoding=\"async\" alt=\"Imagen 1\" class=\"img-responsive\" height=\"400\" src=\"http:\/\/www.fvet.uba.ar\/archivos\/catedras\/arch_bases_agric\/fba\/f4r.JPG\" width=\"300\" \/><\/td>\n<td>\n\t\t\t\t\t\t\t<img loading=\"lazy\" decoding=\"async\" class=\"img-responsive\" height=\"400\" src=\"http:\/\/www.fvet.uba.ar\/archivos\/catedras\/arch_bases_agric\/fba\/f5r.JPG\" width=\"294\" \/><\/td>\n<td>\n\t\t\t\t\t\t\t<img loading=\"lazy\" decoding=\"async\" class=\"img-responsive\" height=\"400\" src=\"http:\/\/www.fvet.uba.ar\/archivos\/catedras\/arch_bases_agric\/fba\/f6r.JPG\" width=\"294\" \/><\/td>\n<\/tr>\n<\/tbody>\n<\/table>\n<p>\n\t\t\t\t<a class=\"ancla\" id=\"publicaciones\">&nbsp;<\/a><\/p>\n<table align=\"center\" border=\"0\" cellpadding=\"0\" cellspacing=\"0\" width=\"100%\">\n<tbody>\n<tr align=\"center\">\n<td>\n\t\t\t\t\t\t\t<img loading=\"lazy\" decoding=\"async\" alt=\"Imagen 1\" class=\"img-responsive\" height=\"400\" src=\"http:\/\/www.fvet.uba.ar\/archivos\/catedras\/arch_bases_agric\/fba\/f7r.JPG\" width=\"300\" \/><\/td>\n<td>\n\t\t\t\t\t\t\t<img loading=\"lazy\" decoding=\"async\" class=\"img-responsive\" height=\"400\" src=\"http:\/\/www.fvet.uba.ar\/archivos\/catedras\/arch_bases_agric\/fba\/f8r.JPG\" width=\"294\" \/><\/td>\n<td>\n\t\t\t\t\t\t\t<img loading=\"lazy\" decoding=\"async\" class=\"img-responsive\" height=\"400\" src=\"http:\/\/www.fvet.uba.ar\/archivos\/catedras\/arch_bases_agric\/fba\/f9r.JPG\" width=\"294\" \/><\/td>\n<\/tr>\n<\/tbody>\n<\/table><\/div>\n<\/p><\/div>\n<\/div>\n<div class=\"decano\">\n<div class=\"titulo-secciones\">\n\t\t<b>Curso Vocacional de Capacitaci\u00f3n en Bases Agr\u00edcolas para la Producci\u00f3n Animal<\/b><a class=\"ancla\" id=\"Vocacional\">&nbsp;<\/a><\/div>\n<p>\t&nbsp;<\/p>\n<div class=\"row\">\n<div class=\"col-sm-1\">\n\t\t\t&nbsp;<\/div>\n<div class=\"col-sm-10\">\n<p>\t\t\t<b>\u00bfEn qu\u00e9 consiste?<\/b><br \/>\n\t\t\tEs un espacio creado por la c\u00e1tedra con el fin de formar a los alumnos en docencia. Los alumnos tienen la posibilidad de profundizar aquellos temas que hayan sido estudiados a lo largo de la cursada as\u00ed como incorporar herramientas pedag\u00f3gicas para la transmisi\u00f3n de los mismos.<\/p>\n<p>\t\t\t<b>\u00bfQui\u00e9nes pueden participar?<\/b><br \/>\n\t\t\tEst\u00e1n dirigidos a los alumnos que hayan aprobado la materia (promocionados o regulares).<\/p>\n<p>\t\t\tRequisitos: tener aprobado el curso de Bases Agr\u00edcolas para la Producci\u00f3n Animal.<\/p>\n<p>\t\t\tCupo: 30 alumnos<\/p>\n<p>\t\t\tAula: Aula 16 (Planta baja del Departamento de Producci\u00f3n Animal).<\/p>\n<p>\t\t\tInscripci\u00f3n: en el \u00c1rea Agr\u00edcola (Dpto. Producci\u00f3n Animal), en el mes de marzo. Fecha a confirmar por cartelera de la c\u00e1tedra, carteleras de alumnos y del centro de estudiantes.<\/p>\n<p>\t\t\tHorario tentativo: Jueves de 13:00 a 15:00 hs.<\/p>\n<p>\t\t\tAprobaci\u00f3n del curso: el alumno tendr\u00e1 que tener el 75% de la asistencia al curso. Y deber\u00e1 aprobar el trabajo pr\u00e1ctico encomendado en la cursada. Ante la no aprobaci\u00f3n, su certificaci\u00f3n ser\u00e1 en calidad de asistente al curso.<\/p>\n<p>\n\t\t\t<a href=\"http:\/\/www.fvet.uba.ar\/?q=basesAgricolas#crono-curso-vocac\"><b>Programa de Actividades<\/b><\/a><\/div>\n<div class=\"col-sm-1\">\n\t\t\t&nbsp;<\/div>\n<\/p><\/div>\n<p>\n\t&nbsp;<\/div>\n<div class=\"autoridades\">\n<div class=\"titulo-secciones\">\n\t\t<b>Cronograma Curso Vocacional de Capacitaci\u00f3n en Bases Agr\u00edcolas para la Producci\u00f3n Animal &#8211; Escuela de Ayudantes<\/b><a class=\"ancla\" id=\"crono-curso-vocac\">&nbsp;<\/a><\/div>\n<p>\t&nbsp;<\/p>\n<div class=\"row\">\n<div class=\"col-sm-1\">\n\t\t\t&nbsp;<\/div>\n<div class=\"col-sm-10\">\n<p>\n\t\t\tClase<\/p>\n<p>\n\t\t\tContenidos:<br \/>\n\t\t\tClase 1:<br \/>\n\t\t\tReuni\u00f3n Informativa &#8211; Trabajo Sobre Expectativas Personales<\/p>\n<p>\t\t\tClase 2:<br \/>\n\t\t\tSuelos, experimentaci\u00f3n en calicata &#8211; Desarrollo de Bandejas para Evaluaci\u00f3n de Erosi\u00f3n y de Infiltraci\u00f3n &#8211; Conceptos de Materia Org\u00e1nica<\/p>\n<p>\t\t\tClase 3:<br \/>\n\t\t\tMaquinaria Agr\u00edcola<br \/>\n\t\t\tVisita al museo de maquinaria Agr\u00edcola de FAUBA o INTA Castelar<br \/>\n\t\t\tSiembra Directa: Discusi\u00f3n sobre trabajos de investigaci\u00f3n &#8211; Erosi\u00f3n<\/p>\n<p>\t\t\tClase 4:<br \/>\n\t\t\tMorfofisiolog\u00eda de Recursos Forrajeros<br \/>\n\t\t\tRecursos<br \/>\n\t\t\tConcepto de Eficiencia de Cosecha<\/p>\n<p>\t\t\tClase 5:<br \/>\n\t\t\tTrabajo de Campo en los Lotes de Pasturas Implantados en la Facultad evaluaci\u00f3n de las pasturas y observaci\u00f3n de comportamiento en pastoreo.<\/p>\n<p>\t\t\tClase 6:<br \/>\n\t\t\tCalidad de Agua &#8211; An\u00e1lisis de Muestras de Establecimientos Agropecuarios<\/p>\n<p>\t\t\tClase 7:<br \/>\n\t\t\tForrajes Recorrida y Manejo de Especies Forrajeras, Rotaciones<\/p>\n<p>\t\t\tClase 8:<br \/>\n\t\t\tConservaci\u00f3n de Forrajes: An\u00e1lisis de trabajos de investigaci\u00f3n.<\/p>\n<p>\t\t\tClase 9:<br \/>\n\t\t\tBusqueda Bibliogr\u00e1fica en Biblioteca(Med. Vet. Marcela Curzel) Biblioteca<\/p>\n<p>\t\t\tClase 10:<br \/>\n\t\t\tCarencias Minerales, Micotoxicosis &#8211; Ambos temas a ser preparados por los alumnos.<\/p>\n<p>\t\t\tClase 11:<br \/>\n\t\t\tInstrumentos para la Interpretaci\u00f3n de Contenidos y Exposici\u00f3n Oral (Lic. Cristina Vicente)<\/p>\n<p>\t\t\tClase 12 y 13:<br \/>\n\t\t\tPlantas Da\u00f1inas y Toxicas &#8211; Ambas clases se estructurar\u00e1n bas\u00e1ndose en clases preparadas por los alumnos asistentes incluyendo la discusi\u00f3n sobre trabajos de investigaci\u00f3n.<br \/>\n\t\t\tT\u00e9cnicas de herborizaci\u00f3n y trabajos de implantaci\u00f3n de especies en el jard\u00edn de t\u00f3xicas &#8211; Discusi\u00f3n General<br \/>\n\t\t\tViaje Integrador con el Grupo de Forrajes Identificaci\u00f3n y Medici\u00f3n en Sistemas Forrajeros.<\/div>\n<div class=\"col-sm-1\">\n\t\t\t&nbsp;<\/div>\n<\/p><\/div>\n<p>\n\t&nbsp;<\/div>\n<div class=\"consejo\">\n<div class=\"titulo-secciones\">\n\t\tBecarios, Pasantes y Trabajos de Investigaci\u00f3n en Capacitaci\u00f3n Docente<a class=\"ancla\" id=\"Becarios\">&nbsp;<\/a><\/div>\n<p>\t&nbsp;<\/p>\n<div class=\"row\">\n<div class=\"col-sm-1\">\n\t\t\t&nbsp;<\/div>\n<div class=\"col-sm-10\">\n\t\t\t\u00c1rea: Bases Agr\u00edcolas<\/p>\n<p>\t\t\t<a href=\"http:\/\/www.fvet.uba.ar\/?q=basesAgricolas#Bec_invest\"><b>Becarios de investigaci\u00f3n<\/b><\/a> &#8211; <a href=\"http:\/\/www.fvet.uba.ar\/?q=basesAgricolas#Pas_ext\"><b>Pasantes externos<\/b><\/a> &#8211; <a href=\"http:\/\/www.fvet.uba.ar\/?q=basesAgricolas#Tesinas\"><b>Tesinas para la Especializaci\u00f3n en Docencia Universitaria<\/b><\/a> &#8211; <a href=\"http:\/\/www.fvet.uba.ar\/?q=basesAgricolas#Carr_Doc\"><b>Trabajos de investigaci\u00f3n en relaci\u00f3n a la Carrera Docente<\/b><\/a><\/p>\n<p>\t\t\t<b>Becarios de investigaci\u00f3n<\/b><a class=\"ancla\" id=\"Bec_invest\">&nbsp;<\/a><\/p>\n<p>\t\t\t1998\/2000 Alhel\u00ed Gonzales Chaves<br \/>\n\t\t\tBeca de Estudiante &#8211; Programa UBACyT Marzo 1998\/Marzo 2000<br \/>\n\t\t\tTema de investigaci\u00f3n: Estimaci\u00f3n de los aportes nitrogenados derivados de actividades agropecuarias y su impacto en la calidad de agua en el Partido de Lobos (Bs.As.).<br \/>\n\t\t\tDirecci\u00f3n: Ing. Agr. M. Alejandra Herrero<\/p>\n<p>\t\t\t2000\/2001 Soledad Iramain<br \/>\n\t\t\tBeca est\u00edmulo &#8211; Programa UBACyT Per\u00edodo Marzo 2000\/ Octubre 2001<br \/>\n\t\t\tTema: Evaluaci\u00f3n de los factores riesgo de contaminaci\u00f3n del agua subterr\u00e1nea en establecimientos lecheros de la Pradera Pampeana.<br \/>\n\t\t\tDirecci\u00f3n: Ing. Agr. M. Alejandra Herrero<\/p>\n<p>\t\t\t2001\/2002 Luciano Nosetti<br \/>\n\t\t\tBeca est\u00edmulo &#8211; Programa UBACyT Per\u00edodo: Octubre 2000\/ marzo 2002<br \/>\n\t\t\tTema: Caracterizaci\u00f3n y cuantificaci\u00f3n de efluentes de tambo en la Provincia de Buenos Aires.<br \/>\n\t\t\tDirecci\u00f3n: Ing. Agr. M. Alejandra Herrero<\/p>\n<p>\t\t\t<b>Pasant\u00edas de Profesionales Externos al \u00c1rea por el Programa de Especializaci\u00f3n en Docencia Universitaria, FCV &#8211; UBA<\/b><a class=\"ancla\" id=\"Pas_ext\">&nbsp;<\/a><\/p>\n<p>\t\t\tCoordinaci\u00f3n: Ing. Agr. M. Alejandra Herrero<\/p>\n<p>\t\t\tMarzo &#8211; Julio 2001 &#8211; Ing. Agr. Ana D\u2019Ambrogio<br \/>\n\t\t\tC\u00e1tedra de Bot\u00e1nica &#8211; FAUBA &#8211; Tema: Caracter\u00edsticas morfol\u00f3gicas ex\u00f3genas y end\u00f3genas del cuerpo de las gram\u00edneas y leguminosas de inter\u00e9s forrajero.<br \/>\n\t\t\tTrabajo de investigaci\u00f3n finalizado en el 2001 sobre \u201cSolanum glaucophyllum desf. (solanaceae) ceras epicuticulares y herbicidas\u201c.<\/p>\n<p>\t\t\tMarzo &#8211; Diciembre 2002 Pasante: Ing. Agr. Hemilse Palmucci<br \/>\n\t\t\tC\u00e1tedra de Fitopatolog\u00eda &#8211; FAUBA &#8211; Tema: Micotoxicosis en rastrojos y pasturas. Desarrollo f\u00fangico, caracterizaci\u00f3n y control.<\/p>\n<p>\t\t\tJulio 2001 &#8211; julio 2003 &#8211; Pasante: Lic. en Biolog\u00eda Susana Volpe<br \/>\n\t\t\tTema: Caracterizaci\u00f3n del Zooplacton en aguas superficiales en la cuenca del R\u00edo Arrecifes en relaci\u00f3n a la variabilidad estacional y trabajo de investigaci\u00f3n en realizaci\u00f3n sobre calidad biol\u00f3gica del agua en arroyos del norte de Buenos Aires.<\/p>\n<p>\t\t\tJunio 2005 &#8211; Junio 2006 Pasante: Ing. Agr. Carlos Boschi<br \/>\n\t\t\tTema: Efluentes Ganaderos<\/p>\n<p>\t\t\t<b>Tesinas realizadas en el \u00c1rea Agr\u00edcola para la Especializaci\u00f3n en Docencia Universitaria<\/b><a class=\"ancla\" id=\"Tesinas\">&nbsp;<\/a><\/p>\n<p>\t\t\t2002 &#8211; Ing. Agr. M. Alejandra Herrero<br \/>\n\t\t\tTema: \u201cEl problema del agua: un desaf\u00edo para incorporar nuevas herramientas pedag\u00f3gicas al aula universitaria\u201d.<\/p>\n<p>\t\t\t2003 &#8211; Med. Vet. Daniel Pazos<br \/>\n\t\t\tTema: Vinculaci\u00f3n transversal de la ense\u00f1anza de temas ambientales en la curr\u00edcula del \u00e1rea de Bases Agr\u00edcolas. 2003 &#8211; Tec. UPA Graciela Sardi<br \/>\n\t\t\tTema: Escuela de ayudantes: \u00bfComo ense\u00f1an los que ense\u00f1an?<\/p>\n<p>\t\t\t2007 &#8211; Lic. Susana Volpe<br \/>\n\t\t\tTema: Conocimientos previos para aprendizajes significativos<\/p>\n<p>\t\t\t<b>Trabajos de investigaci\u00f3n realizados por docentes de FCV en relaci\u00f3n a la Carrera Docente<\/b><a class=\"ancla\" id=\"Carr_Doc\">&nbsp;<\/a><\/p>\n<p>\t\t\tCoordinaci\u00f3n: Ing. Agr. M. Alejandra Herrero<\/p>\n<p>\t\t\t1998 &#8211; Ing. Agr. Juan Jos\u00e9 Ormazabal<br \/>\n\t\t\tTrabajo de investigaci\u00f3n finalizado en 1998.<br \/>\n\t\t\tTema: \u201cDosis y \u00e9pocas de aplicaci\u00f3n de fertilizantes nitrogenados en gram\u00edneas anuales y perennes con \u00e9nfasis a evitar contaminaci\u00f3n de aguas subterr\u00e1neas.\u00bb<\/p>\n<p>\t\t\t1999 &#8211; Med. Vet. Daniel Pazos<br \/>\n\t\t\tTrabajo de investigaci\u00f3n finalizado en 1999.<br \/>\n\t\t\tTema: \u201cDiagn\u00f3stico regional de la calidad del agua subterr\u00e1nea para su utilizaci\u00f3n en emprendimientos productivos agroecol\u00f3gicos en el \u00e1rea del Chaco salte\u00f1o\u201d\u2013 (Convenio \u00c1rea Agr\u00edcola \u2013 FCV y Gendarmer\u00eda Nacional).<\/p>\n<p>\t\t\t2000 &#8211; Ing. Agr. C\u00e9sar Raffa<br \/>\n\t\t\tTrabajo de investigaci\u00f3n finalizado en el 2000.<br \/>\n\t\t\tTema : \u201cDeterminaci\u00f3n de f\u00f3sforo en heces de rumiantes en sistemas de producci\u00f3n intensivos como potencial contaminante de aguas superficiales\u201d.<\/p>\n<p>\t\t\t2000 &#8211; Med. Vet. Armando L\u00f3pez<br \/>\n\t\t\tTrabajo de investigaci\u00f3n finalizado en el 2000.<br \/>\n\t\t\tTema \u201cCalidad de leche en el tambo\u201d.<\/p>\n<p>\t\t\t2001 &#8211; Med. Vet. Eduardo Mart\u00ednez<br \/>\n\t\t\tTrabajo de investigaci\u00f3n finalizado en el 2001.<br \/>\n\t\t\tTema \u201cPintura en la cola y eficiencia reproductiva en vaquillonas\u201d.<\/div>\n<div class=\"col-sm-1\">\n\t\t\t&nbsp;<\/div>\n<\/p><\/div>\n<p>\n\t&nbsp;<\/div>\n<div class=\"mision\">\n<div class=\"titulo-secciones\">\n\t\tN\u00f3mina de Personal Afectado a la Tarea de Servicios a Terceros, Asistencia T\u00e9cnica y Capacitaci\u00f3n<a class=\"ancla\" id=\"terceros\">&nbsp;<\/a><\/div>\n<p>\t&nbsp;<\/p>\n<div class=\"row\">\n<div class=\"col-sm-1\">\n\t\t\t&nbsp;<\/div>\n<div class=\"col-sm-10\">\n<p>\n\t\t\tPersonal<\/p>\n<p>\t\t\tCoordinador General de los Servicios: Ing. Agr. Mar\u00eda Alejandra Herrero<\/p>\n<p>\t\t\tResponsables de los Diferentes Sectores:<\/p>\n<p>\t\t\tIdentificaci\u00f3n de Especies Vegetales y Calidad de Heno:<br \/>\n\t\t\tT\u00e9c. U.P.A. Graciela Sardi &#8211; Med. Vet. Daniel Pazos<\/p>\n<p>\t\t\tAn\u00e1lisis de Semillas:<br \/>\n\t\t\tIng. Agr. Juan J. Ormazabal &#8211; Vet. Manuel Urquiza<\/p>\n<p>\t\t\tCapaitaci\u00f3n:<br \/>\n\t\t\tT\u00e9c. U.P.A. Graciela Sardi &#8211; Ing. Agr. Alejandro Cariola &#8211; Vet. Mart\u00edn Pol<\/p>\n<p>\t\t\tDiagn\u00f3stico Qu\u00edmico de Aguas para Bebida Animal:<br \/>\n\t\t\tIng. Agr. Mar\u00eda Alejandra Herrero &#8211; Med. Vet. Agust\u00edn Orlando &#8211; Vet. Lorna I. Carb\u00f3 &#8211; Lic. Susana Volpe<\/p>\n<p>\t\t\tEvaluaci\u00f3n Diagn\u00f3stica de Situaci\u00f3n y Planeamiento del Sistema Forrajero:<br \/>\n\t\t\tIng. Agr. Mar\u00eda Alejandra Herrero &#8211; Ing. Agr. Juan J. Ormazabal &#8211; Ing. Agr. Alejandro Cariola<\/p>\n<p>\t\t\tDiagn\u00f3stico Qu\u00edmico de Aguas(Elementos mayoritarios completo):<br \/>\n\t\t\tIng. Agr. Mar\u00eda Alejandra Herrero &#8211; Vet. Lorna I. Carb\u00f3 &#8211; Lic. Susana Volpe<\/p>\n<p>\t\t\tDeterminaci\u00f3n de Utilizaci\u00f3n y Consumo de Agua en Distintas Partes del Proceso Productivo:<br \/>\n\t\t\tVet. Mart\u00edn Pol &#8211; Vet. Carlos Catracchia &#8211; Sr. Marcos Bont\u00e1<\/p>\n<p>\t\t\tDesarrollo de Procesos de Utilizaci\u00f3n Racional del Agua como Factor de Producci\u00f3n:<br \/>\n\t\t\tIng. Agr. Mar\u00eda Alejandra Herrero y personal a designar.<\/p>\n<p>\t\t\tAsistencia T\u00e9cnica: Ing. Agr. Mar\u00eda Alejandra Herrero y personal a designar.<\/p>\n<p>\t\t\tMaterial Audiovisual: Vet. Valeria Gonz\u00e1lez Pereyra.<\/p><\/div>\n<div class=\"col-sm-1\">\n\t\t\t&nbsp;<\/div>\n<\/p><\/div>\n<p>\n\t&nbsp;<\/div>\n<div class=\"autoridades\">\n<div class=\"titulo-secciones\">\n\t\tServicios a Terceros<a class=\"ancla\" id=\"servicios\">&nbsp;<\/a><\/div>\n<p>\t&nbsp;<\/p>\n<div class=\"row\">\n<div class=\"col-sm-1\">\n\t\t\t&nbsp;<\/div>\n<div class=\"col-sm-10\">\n<p>\n\t\t\t<a href=\"http:\/\/www.fvet.uba.ar\/?q=basesAgricolas#asist_tecn\"><b>Asistencia T\u00e9cnica<\/b><\/a> &#8211; <a href=\"http:\/\/www.fvet.uba.ar\/?q=basesAgricolas#serv_terc\"><b>Servicios a Terceros<\/b><\/a> &#8211; <a href=\"http:\/\/www.fvet.uba.ar\/?q=basesAgricolas#capacit\"><b>Capacitaci\u00f3n<\/b><\/a> &#8211; <a href=\"http:\/\/www.fvet.uba.ar\/?q=basesAgricolas#des_tecno\"><b>Desarrollo Tecnol\u00f3gico<\/b><\/a> &#8211; <a href=\"http:\/\/www.fvet.uba.ar\/?q=basesAgricolas#aranceles\"><b>Aranceles<\/b><\/a><\/p>\n<p>\t\t\tAsistencia T\u00e9cnica<a class=\"ancla\" id=\"asist_tecn\">&nbsp;<\/a><\/p>\n<p>\t\t\tCalidad de agua<br \/>\n\t\t\tAn\u00e1lisis y gesti\u00f3n integral del agua en sistemas de producci\u00f3n agropecuarios y agroindustriales: Utilizaci\u00f3n del agua en sistemas agropecuarios y agroindustriales. Vulnerabilidad y riesgo de contaminaci\u00f3n de acu\u00edferos. Impacto ambiental de efluentes. Detecci\u00f3n de problemas higi\u00e9nicos-sanitarios y de contaminaci\u00f3n y su biorremediaci\u00f3n. Control microbiol\u00f3gico. Vinculaci\u00f3n entre calidad de agua y calidad de leche. Diagn\u00f3stico de la calidad de agua para bebida de animales animal en relaci\u00f3n al sistema de producci\u00f3n. Calidad de aguas en establecimientos lecheros, diagn\u00f3stico para bebida y lavado de m\u00e1quina de orde\u00f1o. Diagn\u00f3stico completo de la calidad f\u00edsico\u2013qu\u00edmica de aguas para consumo y riego.<\/p>\n<p>\t\t\tForrajes<br \/>\n\t\t\tTransferencia de tecnolog\u00eda a los recursos humanos del sistema de producci\u00f3n. An\u00e1lisis y planeamiento de recursos en sistemas de producciones ecol\u00f3gicas. An\u00e1lisis de planeamiento de sistemas pastoriles. Identificaci\u00f3n de especies vegetales y calidad de heno.<\/p>\n<p>\t\t\tPlantas T\u00f3xicas y Da\u00f1inas<br \/>\n\t\t\tIdentificaci\u00f3n bot\u00e1nica de plantas t\u00f3xicas y\/o da\u00f1inas.<\/p>\n<p>\t\t\tServicios a terceros<a class=\"ancla\" id=\"serv_terc\">&nbsp;<\/a><\/p>\n<p>\t\t\tCalidad de agua<br \/>\n\t\t\tAn\u00e1lisis de calidad f\u00edsico-qu\u00edmica y microbiol\u00f3gica del agua para distintos usos agropecuarios y agroindustriales. Determinaci\u00f3n de utilizaci\u00f3n y consumo de agua en distintas partes del proceso productivo. Diagn\u00f3stico de la calidad de agua para bebida de animales. Animal en relaci\u00f3n al sistema de producci\u00f3n. Calidad de aguas en establecimientos lecheros, diagn\u00f3stico para bebida y lavado de m\u00e1quina de orde\u00f1o. Diagn\u00f3stico completo de la calidad f\u00edsico\u2013qu\u00edmica de aguas para consumo y riego.<\/p>\n<p>\t\t\tForrajes<br \/>\n\t\t\tAn\u00e1lisis de semillas: poder germinativo y la energ\u00eda germinativa de la semilla para la siembra. An\u00e1lisis de material henificado: Determinaci\u00f3n del contenido de hojas, especies presentes, impurezas e identificaci\u00f3n de plantas t\u00f3xicas y da\u00f1inas presentes en fardos, rollos o cualquier otro material. Evaluaci\u00f3n diagn\u00f3stica de situaci\u00f3n y planeamiento del sistema forrajero.<\/p>\n<p>\t\t\tPlantas T\u00f3xicas y Da\u00f1inas<br \/>\n\t\t\tIdentificaci\u00f3n bot\u00e1nica de plantas t\u00f3xicas y\/o da\u00f1inas: Reconocimiento de la especie, m\u00e1s las recomendaciones de uso correspondiente. An\u00e1lisis de material henificado: Determinaci\u00f3n del contenido de hojas, especies presentes, impurezas e identificaci\u00f3n de plantas t\u00f3xicas y da\u00f1inas presentes en fardos, rollos o cualquier otro material.<\/p>\n<p>\t\t\tCapacitaci\u00f3n<a class=\"ancla\" id=\"capacit\">&nbsp;<\/a><\/p>\n<p>\t\t\tProyecto AGUA Y ESCUELA: Conferencias, jornadas y actividades dise\u00f1adas para establecimientos educativos (EGB y Polimodal). M\u00f3dulos de capacitaci\u00f3n para cada uno de los niveles, incluyendo actividades pr\u00e1cticas, materiales did\u00e1cticos de lectura y dise\u00f1o de proyectos a implementar con la comunidad.<\/p>\n<p>\t\t\tCapacitaci\u00f3n del personal rural y de productores en el uso racional del agua en los establecimientos agropecuarios. Capacitaci\u00f3n de productores en el tratamiento del agua en establecimientos agropecuarios y agroindustriales. Venta de videos de metodolog\u00eda para la toma de muestras de agua para an\u00e1lisis microbiol\u00f3gico y f\u00edsico-qu\u00edmico (VHS).<\/p>\n<p>\t\t\tOrganizaci\u00f3n y planeamiento de sistemas pastoriles.<\/p>\n<p>\t\t\tDesarrollo tecnol\u00f3gico<a class=\"ancla\" id=\"des_tecno\">&nbsp;<\/a><\/p>\n<p>\t\t\tDesarrollo de procesos de utilizaci\u00f3n racional del agua como factor de producci\u00f3n. Desarrollo de procesos de manejo de efluentes generados en las actividades agropecuarias y agroindustriales.<\/p>\n<p>\t\t\tAranceles:<a class=\"ancla\" id=\"aranceles\">&nbsp;<\/a><\/p>\n<p>\t\t\tDenominaci\u00f3n del servicio &#8212;&#8212; Monto en pesos<br \/>\n\t\t\t&#8212;&#8212;&#8212;&#8212;&#8212;&#8212;&#8212;&#8212;&#8212;&#8212;&#8212;&#8212;&#8212;&#8212;&#8212;&#8212;&#8212;&#8212;&#8212;&#8212;&#8212;-<\/p>\n<p>\t\t\tDiagn\u00f3stico Qu\u00edmico de Aguas para Bebida Animal<br \/>\n\t\t\tSe analizar\u00e1 los siguientes par\u00e1metros:<br \/>\n\t\t\tpH, sales totales, dureza, cloruros, sulfatos, nitratos, nitritos y ars\u00e9nico<br \/>\n\t\t\t<a href=\"http:\/\/www.fvet.uba.ar\/fcvanterior\/areas\/arch_bases_agric\/instructivo-toma-muestra.doc\"><b>Instructivo para la toma de muestras Planilla de datos de la muestra<\/b><\/a> &#8212;&#8212; 42<\/p>\n<p>\t\t\tDiagn\u00f3stico Qu\u00edmico de Aguas para Bebida Animal (5 muestras o m\u00e1s en una misma entrega) &#8212;&#8212; 38<\/p>\n<p>\t\t\tDiagn\u00f3stico Qu\u00edmico de Aguas para Bebida Animal (Elementos mayoritarios completo)<br \/>\n\t\t\tSe analizar\u00e1 los siguientes par\u00e1metros:<br \/>\n\t\t\tpH, sales totales, dureza total, carbonatos, bicarbonatos, cloruros, sulfatos, nitratos, nitritos, calcio, magnesio, sodio y ars\u00e9nico.<br \/>\n\t\t\t<a href=\"http:\/\/www.fvet.uba.ar\/fcvanterior\/areas\/arch_bases_agric\/instructivo-toma-muestra.doc\"><b>Instructivo para la toma de muestra para elementos mayoritarios o consumo humano<\/b><\/a><br \/>\n\t\t\t<a href=\"http:\/\/www.fvet.uba.ar\/fcvanterior\/areas\/arch_bases_agric\/instructivo-toma-muestra.doc\"><b>Planilla de datos de la muestra<\/b><\/a> &#8212;&#8212; 110<\/p>\n<p>\t\t\tDiagn\u00f3stico Qu\u00edmico de Aguas para Bebida Animal (Elementos mayoritarios completo) (5 muestras o m\u00e1s en una misma entrega) &#8212;&#8212; 100<\/p>\n<p>\t\t\tAn\u00e1lisis qu\u00edmico de par\u00e1metros individualizados<br \/>\n\t\t\tpH &#8212;&#8212; 10<br \/>\n\t\t\tCE &#8212;&#8212; 10<br \/>\n\t\t\tResiduo seco &#8212;&#8212; 20<br \/>\n\t\t\tCloruros &#8212;&#8212; 20<br \/>\n\t\t\tSulfatos &#8212;&#8212; 20<br \/>\n\t\t\tNitratos &#8212;&#8212; 12<br \/>\n\t\t\tNitritos &#8212;&#8212; 10<br \/>\n\t\t\tArs\u00e9nico &#8212;&#8212; 20<br \/>\n\t\t\tDureza &#8212;&#8212; 10<br \/>\n\t\t\tCarbonatos y Bicarbonatos &#8212;&#8212; 10<br \/>\n\t\t\tAlcalinidad &#8212;&#8212; 10<br \/>\n\t\t\tCalcio &#8212;&#8212; 10<br \/>\n\t\t\tCalcio y Magnesio &#8212;&#8212; 12<br \/>\n\t\t\tSodio (incluye las determinaciones de Carbonatos, Bicarbonatos, Cloruros, Sulfatos, Calcio y Magnesio) &#8212;&#8212; 70<br \/>\n\t\t\tAmonio &#8212;&#8212; 12<br \/>\n\t\t\tFosfatos &#8212;&#8212; 12<br \/>\n\t\t\tTurbidez &#8212;&#8212; 10<br \/>\n\t\t\tColor &#8212;&#8212; 10<br \/>\n\t\t\tIdentificaci\u00f3n Bot\u00e1nica de Plantas T\u00f3xicas y\/o Da\u00f1inas<br \/>\n\t\t\tSe realizar\u00e1 el reconocimiento de la especie, m\u00e1s las recomendaciones de uso correspondiente<br \/>\n\t\t\t<a href=\"http:\/\/www.fvet.uba.ar\/fcvanterior\/areas\/arch_bases_agric\/botanica.pdf\"><b>Identificaci\u00f3n y toma de muestras<\/b><\/a> &#8212;&#8212; 10<br \/>\n\t\t\tAn\u00e1lisis de Material Henificado<br \/>\n\t\t\tDeterminaci\u00f3n del contenido de hojas, especies presentes, impurezas e identificaci\u00f3n de plantas t\u00f3xicas y da\u00f1inas presentes en fardos, rollos o cualquier otro material henificado<br \/>\n\t\t\t<a href=\"http:\/\/www.fvet.uba.ar\/fcvanterior\/areas\/arch_bases_agric\/henific.pdf\"><b>Identificaci\u00f3n y toma de muestras<\/b><\/a> &#8212;&#8212; 20<br \/>\n\t\t\tAn\u00e1lisis de Semillas<br \/>\n\t\t\tSe determinar\u00e1 el Poder Germinativo y la Energ\u00eda Germinativa de semilla para la siembra<br \/>\n\t\t\t<a href=\"http:\/\/www.fvet.uba.ar\/fcvanterior\/areas\/arch_bases_agric\/semilla.pdf\"><b>Identificaci\u00f3n y toma de muestras<\/b><\/a> &#8212;&#8212; 20<br \/>\n\t\t\tEvaluaci\u00f3n Diagn\u00f3stica de Situaci\u00f3n y Planeamiento del Sistema Forrajero (arancel no incluye vi\u00e1ticos)<br \/>\n\t\t\tInstructivo y protocolo a convenir. &#8212;&#8212; 400<br \/>\n\t\t\tDeterminaci\u00f3n de Utitlizaci\u00f3n y Consumo de Agua en Distintas Partes del Proceso Productivo (no incluye vi\u00e1ticos) &#8212;&#8212; 240<br \/>\n\t\t\tDesarrollo de Procesos de Utilizaci\u00f3n Racional del Agua como Factor de Producci\u00f3n: Transferencia de tecnolog\u00eda (de acuerdo al proyecto cantidad de d\u00edas, Horas)<br \/>\n\t\t\tCotizaci\u00f3n por d\u00eda de trabajo en el proyecto &#8212;&#8212; 400<br \/>\n\t\t\tAn\u00e1lisis qu\u00edmico de par\u00e1metros individualizados de efluentes agropecuarios<br \/>\n\t\t\tpH &#8212;&#8212; 10<br \/>\n\t\t\tCE &#8212;&#8212; 10<br \/>\n\t\t\tMateria seca (aplicable tanto a efluentes s\u00f3lidos como l\u00edquidos) &#8212;&#8212; 20<\/p>\n<p>\t\t\tASISTENCIA T\u00c9CNICA<\/p>\n<p>\t\t\tMonto m\u00ednimo de consulta<br \/>\n\t\t\tProyecto, An\u00e1lisis y Gesti\u00f3n integral del agua en sistemas de producci\u00f3n agropecuarios y agroindustriales: cotizaci\u00f3n por d\u00eda de trabajo &#8212;&#8212; 80<\/p>\n<p>\t\t\tAn\u00e1lisis incluidos en proyecto: &#8212;&#8212; 400<br \/>\n\t\t\tAn\u00e1lisis microbiol\u00f3gicos de aguas: &#8212;&#8212; 80<br \/>\n\t\t\tAn\u00e1lisis de leche: &#8212;&#8212; 80<\/p>\n<p>\t\t\tCapacitaci\u00f3n (cursos a medida) &#8212;&#8212; 100\/hora<br \/>\n\t\t\tVenta de Videos o CD<br \/>\n\t\t\tV1- Metodolog\u00eda para la toma de Muestras de Agua para an\u00e1lisis microbiol\u00f3gico y f\u00edsico-qu\u00edmico (VHS) &#8212;&#8212; 22<\/div>\n<div class=\"col-sm-1\">\n\t\t\t&nbsp;<\/div>\n<\/p><\/div>\n<p>\n\t&nbsp;<\/div>\n<div class=\"consejo\">\n<div class=\"titulo-secciones\">\n\t\tActividades con la Comunidad<a class=\"ancla\" id=\"comunidad\">&nbsp;<\/a><\/div>\n<p>\t&nbsp;<\/p>\n<div class=\"row\">\n<div class=\"col-sm-1\">\n\t\t\t&nbsp;<\/div>\n<div class=\"col-sm-10\">\n<p>\n\t\t\tEl \u00e1rea Agr\u00edcola realiza desde 1987 un programa de extensi\u00f3n y capacitaci\u00f3n para profesionales y productores del \u00e1mbito agropecuario y alumnos de escuelas agropecuarias.<\/p>\n<p>\t\t\tMuchas de esas actividades se relacionan al uso y manejo del agua en el \u00e1mbito rural, con especial \u00e9nfasis en su utilizaci\u00f3n en la producci\u00f3n primaria de leche.<\/p>\n<p>\t\t\t&#8211; <a href=\"http:\/\/www.fvet.uba.ar\/?q=basesAgricolas#agua_factor\">Curso de extensi\u00f3n y capacitaci\u00f3n: EL AGUA COMO FACTOR DE PRODUCCI\u00d3N Y COMPETITIVIDAD<\/a><\/p>\n<p>\t\t\t&#8211; <a href=\"http:\/\/www.fvet.uba.ar\/?q=basesAgricolas#charlas_empresas\">Proyectos, Informes t\u00e9cnicos y Charlas a Empresas, Cooperativas y productores agropecuarios<\/a><\/p>\n<p>\t\t\t&#8211; <a href=\"http:\/\/www.fvet.uba.ar\/?q=basesAgricolas#agua_rural\">AGUA Y ESCUELA RURAL<\/a><\/p>\n<p>\t\t\t&#8211; <a href=\"http:\/\/www.fvet.uba.ar\/?q=basesAgricolas#integ_socio_product\">Proyecto Agua e integraci\u00f3n socio-productiva regional<\/a><\/p>\n<p>\t\t\t&#8211; <a href=\"http:\/\/www.fvet.uba.ar\/?q=basesAgricolas#proy_volun_univ\">Proyecto de Voluntariado Universitario<\/a><\/div>\n<div class=\"col-sm-1\">\n\t\t\t&nbsp;<\/div>\n<\/p><\/div>\n<p>\n\t&nbsp;<\/div>\n<div class=\"mision\">\n<div class=\"titulo-secciones\">\n\t\tDepto. de Producci\u00f3n Animal<a class=\"ancla\" id=\"agua_factor\">&nbsp;<\/a><\/div>\n<p>\t&nbsp;<\/p>\n<div class=\"row\">\n<div class=\"col-sm-1\">\n\t\t\t&nbsp;<\/div>\n<div class=\"col-sm-10\">\n\t\t\t<br \/>\n\t\t\tCurso de Extensi\u00f3n y Capacitaci\u00f3n<\/p>\n<p>\t\t\tEl Agua como Factor de Producci\u00f3n y Competitividad<br \/>\n\t\t\tFundamentos para su manejo y utilizaci\u00f3n en explotaciones agropecuarias<\/p>\n<p>\t\t\tEl curso se realiz\u00f3 en noviembre de 1999, dentro del programa de actividades que se viene desarrollando desde el \u00e1rea Agr\u00edcola en conjunto con la Secretar\u00eda de Extensi\u00f3n (FCV-UBA), para difundir la importancia del uso y cuidado del agua en el \u00e1mbito rural. Fue destinado a profesionales vinculados al medio agropecuario, productores, docentes y estudiantes, contando con la asistencia de 25 profesionales e investigadores tanto de la Universidad de Buenos Aires como de otras Universidades de la regi\u00f3n.<\/p>\n<p>\t\t\tEl curso fue coordinado por la Ing. Agr. M. Alejandra Herrero y cont\u00f3 con la presencia del Profesor de la C\u00e1tedra de Hidrolog\u00eda Jos\u00e9 Antonio Cuchi Oterino, perteneciente a Universidad de Zaragoza (Escuela Polit\u00e9cnica de Huesca) Espa\u00f1a, invitado por el programa de intercambio de la AECI, Espa\u00f1a.<\/p>\n<p>\t\t\tLos contenidos abordados fueron desde la importancia y caracterizaci\u00f3n de los recursos h\u00eddricos, la hidrogeolog\u00eda: conceptos b\u00e1sicos. Prospecci\u00f3n, detecci\u00f3n y captaci\u00f3n de agua. Ubicaci\u00f3n y construcci\u00f3n de pozos. Procesos de deterioro del agua subterr\u00e1nea. Aguas superficiales. Cantidad y Calidad de agua requerida para los diferentes usos. Muestreo, an\u00e1lisis e interpretaci\u00f3n de resultados. Usos del agua: Efluentes: manejo. Tratamiento de aguas. Gesti\u00f3n integral del recurso en sistemas de producci\u00f3n en regiones h\u00famedas.<\/p>\n<p>\t\t\tLos asistentes fueron preferentemente del interior del pa\u00eds, y pertenecientes a diversos sectores, donde los perfiles m\u00e1s fuertes fueron el de producci\u00f3n lechera (hab\u00eda representantes de tres empresas l\u00e1cteas) y agr\u00edcola por el tema de riego.<\/p>\n<p>\t\t\tEl aporte del Profesor Cuch\u00ed fue important\u00edsimo, dado que su capacidad de evaluar diferentes aspectos del agua dentro de los sistemas de producci\u00f3n motiv\u00f3 gran intercambio, donde especialmente se discutieron aspectos concernientes a la exportaci\u00f3n de productos agropecuarios a la UE, donde la evaluaci\u00f3n del agua en ciertos tipos de producci\u00f3n como la lechera, son fundamentales para el ingreso de productos.<\/p>\n<p>\t\t\tFinalmente se realiz\u00f3 una pr\u00e1ctica de campo, en la cual se particip\u00f3 de la realizaci\u00f3n de una perforaci\u00f3n y ensayo de bombeo correspondiente. Esta pr\u00e1ctica fue de sumo valor para este curso, donde la discusi\u00f3n se realiz\u00f3 sobre todos los aspectos que tienen que ver con la problem\u00e1tica de la construcci\u00f3n de pozos.<\/p>\n<p>\t\t\t<a href=\"http:\/\/www.fvet.uba.ar\/?q=basesAgricolas#foto\">Foto del curso<\/a><\/div>\n<div class=\"col-sm-1\">\n\t\t\t&nbsp;<\/div>\n<\/p><\/div>\n<p>\n\t&nbsp;<\/div>\n<div class=\"decano\">\n<div class=\"titulo-secciones\">\n\t\tProyectos, Informes t\u00e9cnicos y Charlas a Empresas, Cooperativas y productores agropecuarios<a class=\"ancla\" id=\"charlas_empresas\">&nbsp;<\/a><\/div>\n<p>\t&nbsp;<\/p>\n<div class=\"row\">\n<div class=\"col-sm-1\">\n\t\t\t&nbsp;<\/div>\n<div class=\"col-sm-10\">\n<p>\n\t\t\tEmpresa SUCESORES DE ALFREDO WILLINER S.A.- Rafaela &#8211; Pcia de Santa Fe. &#8211; Informes y Conferencias sobre Calidad de aguas para bebida animal y su relaci\u00f3n con la producci\u00f3n en 80 establecimientos lecheros de las cuencas afectadas del centro de Santa Fe 1993<\/p>\n<p>\t\t\tEmpresa NESTL\u00c9 Villa Mar\u00eda &#8211; C\u00f3rdoba. Convenio para la realizaci\u00f3n de un Taller sobre los resultados y conclusiones zonales del relevamiento a 120 Tambos de la zona, 1994.<\/p>\n<p>\t\t\tSociedad Rural de Roque P\u00e9rez &#8211; Convenio para el relevamiento de la calidad de aguas de 125 productores en el Partido de Roque P\u00e9rez &#8211; Pcia. de Bs.As. Extensi\u00f3n a maestras Rurales y a Productores en la EXPOSICI\u00d3N RURAL del Partido. 1994.<\/p>\n<p>\t\t\tControl Lechero de la Sociedad Rural de Chivilcoy &#8211; Relevamiento de la calidad de Agua y taller para productores lecheros Asistentes 50 productores lecheros de la zona a partir del convenio con la entidad. 1998.<\/p>\n<p>\t\t\tEmpresa SANTA ROSA para Relevamiento de la calidad de Agua en los establecimientos lecheros de la Cuenca Oeste. 1996\/97.<\/p>\n<p>\t\t\tEmpresa MERCK QU\u00cdMICA &#8211; 1997 a la fecha &#8211; Validaci\u00f3n de m\u00e9todos de laboratorio a partir del pr\u00e9stamo de un espectrofot\u00f3metro SQ118 para an\u00e1lisis de campo y laboratorio.<\/p>\n<p>\t\t\tConvenio con Sociedad Rural de Lobos para relevamiento de la calidad de Aguas del partido y actividades de extensi\u00f3n. 1998\/1999.<\/p>\n<p>\t\t\tConvenio con la Asociaci\u00f3n Promoci\u00f3n pastoreo Racional Intensivo (APPRI) y empresa CAMPOCONSULT. para la realizaci\u00f3n de ciclo de conferencias de extensi\u00f3n a productores rurales. 1999.<\/p>\n<p>\t\t\tConvenio Universidad &#8211; INTA Chascom\u00fas &#8211; INTA Castelar para trabajo con productores lecheros &#8211; Ing. Alejandra Herrero &#8211; Ing. H\u00e9ctor Buffoni. 1999.<br \/>\n\t\t\tDirecci\u00f3n Nacional de Pol\u00edtica H\u00eddrica &#8211; Sec. De recursos Naturales y desarrollo sustentable. 1999 &#8211; Asesoramiento para niveles gu\u00eda de calidad de agua ambiente para bebida de animales.<\/p>\n<p>\t\t\tConvenio con empresa Agropyam para la realizaci\u00f3n de curso de Aguas para productores y profesionales &#8211; Noviembre de 1999.<\/p>\n<p>\t\t\tConvenio con empresa Biroccio, perforaciones para la realizaci\u00f3n de un curso de Aguas para productores y profesionales &#8211; Noviembre de 1999.<\/p>\n<p>\t\t\tEmpresa de tratamiento de aguas USFilter, 1999.<br \/>\n\t\t\tAsesoramiento en calidad de aguas para usos agropecuarios.<\/p>\n<p>\t\t\tLaboratorio Javier Ch\u00e1ves y Asociados.<br \/>\n\t\t\tAsesoramiento en calidad de aguas para instalaciones de orde\u00f1o, 1999 a la fecha.<\/p>\n<p>\t\t\tConvenio con el INTA CHASCOMUS para el relevamiento de tambos de la cuenca de Abasto Sur &#8211; 2000\/2001.<\/p>\n<p>\t\t\tConvenio con la Cooperativa Castelmar &#8211; Castelli para el relevamiento de tambos &#8211; Marzo del 2000.<\/p>\n<p>\t\t\tConvenio con la Fundaci\u00f3n Evarista Stegman &#8211; Arrecifes para la realizaci\u00f3n de una Jornada sobre Calidad y procesos de Contaminaci\u00f3n del Agua Subterr\u00e1nea &#8211; 2000.<\/p>\n<p>\t\t\tConvenio con Productores lecheros de Magdalena para el relevamiento de los tambos en relaci\u00f3n con la Escuela Agropecuaria de Bavio &#8211; Marzo &#8211; Noviembre 2001.<\/p>\n<p>\t\t\tALMAST(Asociaci\u00f3n de Lucha contra la Mastitis) Talleres y conferencias para profesionales y productores, 2001\/2002.<\/p>\n<p>\t\t\tEmpresa WESTFALIA SURGE desarrollo de estrategias de reutilizaci\u00f3n de agua en tambos &#8211; 2002-2003<\/p>\n<p>\t\t\tAPACA(Asociaci\u00f3n de Productores de Carmen de Areco) Informes de trabajo sobre evaluaci\u00f3n ambiental de tambos y feed lot en la zona- 2004-2005<\/p>\n<p>\t\t\tCREA Capit\u00e1n Sarmiento &#8211; Charla a productores sobre Impacto ambiental del tambo &#8211; 2005<\/p>\n<p>\t\t\t<a href=\"http:\/\/www.fvet.uba.ar\/?q=basesAgricolas#proyectosfotos\">Ver fotos<\/a><\/div>\n<div class=\"col-sm-1\">\n\t\t\t&nbsp;<\/div>\n<\/p><\/div>\n<p>\n\t&nbsp;<\/div>\n<div class=\"autoridades\">\n<div class=\"titulo-secciones\">\n\t\tProyecto Agua y Escuela<a class=\"ancla\" id=\"agua_rural\">&nbsp;<\/a><\/div>\n<p>\t&nbsp;<\/p>\n<div class=\"row\">\n<div class=\"col-sm-1\">\n\t\t\t&nbsp;<\/div>\n<div class=\"col-sm-10\">\n<p>\n\t\t\tEl proyecto AGUA y ESCUELA motiva la formaci\u00f3n integral de j\u00f3venes para generar cambios relacionados a sus propias vivencias y de la cultura h\u00eddrica que poseen, preservando el recurso AGUA.<\/p>\n<p>\t\t\tConsiste en un conjunto de actividades te\u00f3rico pr\u00e1cticas dedicadas a la ense\u00f1anza de los ni\u00f1os y adolescentes sobre temas relacionados con el agua, desde el ciclo del agua hasta sus aplicaciones y m\u00e9todos para la prevenci\u00f3n de la contaminaci\u00f3n.<\/p>\n<p>\t\t\tEste proyecto se realiza en escuelas del \u00e1mbito urbano y rural, p\u00fablicas y privadas del pa\u00eds.<\/p>\n<p>\t\t\tPara informes e inscripci\u00f3n dirigirse a:<br \/>\n\t\t\tSecretaria de Extensi\u00f3n \u00f3 \u00c1rea Agr\u00edcola<br \/>\n\t\t\tFacultad de Ciencias Veterinarias<br \/>\n\t\t\tUniversidad de Buenos Aires<br \/>\n\t\t\tTel.\/Fax: (011) 4524-8415 \/ (011) 4524-8477<\/p>\n<p>\t\t\t\u00bfCu\u00e1les son los objetivos?<br \/>\n\t\t\t1. Tomar conciencia de la vulnerabilidad del recurso agua, para generar un compromiso duradero con el medio ambiente del cual forman parte.<br \/>\n\t\t\t2. Capacitar para la gesti\u00f3n sustentable del recurso h\u00eddrico.<br \/>\n\t\t\t3. Formar a cada miembro de la comunidad educativa como agente multiplicador de las acciones viables que cada persona puede llevar a cabo, en beneficio de todos.<\/p>\n<p>\t\t\tMetodolog\u00eda<br \/>\n\t\t\tPara facilitar el aprendizaje, este proyecto est\u00e1 dividido en tres m\u00f3dulos adaptados a las diferentes edades y ciclos educativos que se realizan en conformidad con la modalidad de taller.<\/p>\n<p>\t\t\tEl punto de partida de esta modalidad es \u201caprender &#8211; haciendo\u201d, donde la activa participaci\u00f3n de los alumnos permite construir el conocimiento.<\/p>\n<p>\t\t\tLos m\u00f3dulos est\u00e1n planificados para ser llevados a cabo en jornadas de aproximadamente 2 (dos) horas de duraci\u00f3n cada una.<\/p>\n<p>\t\t\tCada jornada incluye actividades que buscan la participaci\u00f3n total de los alumnos para poder trabajar con la reconstrucci\u00f3n de los conocimientos previos y profundizar los aspectos te\u00f3ricos necesarios para el desarrollo del tema, en conformidad con los niveles evolutivos.<\/p>\n<p>\t\t\tSe utilizan diferentes herramientas pedag\u00f3gicas, como la tormenta de ideas, preguntas y respuestas sobre inc\u00f3gnitas, y juegos relacionados al tema, como tambi\u00e9n experiencias, tales como construcci\u00f3n de acu\u00edferos, an\u00e1lisis sensoriales de muestras de agua, medici\u00f3n de consumo, conceptos de gesti\u00f3n de cuencas h\u00eddricas, evaluaci\u00f3n de degradaci\u00f3n ambiental, proyecciones de videos y pruebas de laboratorio, para estimular la participaci\u00f3n de los alumnos, haciendo que se involucren desde el principio.<\/p>\n<p>\t\t\tLas actividades est\u00e1n dedicadas al estudio del agua y de los recursos h\u00eddricos, abarcando contenidos de complejidad gradual correspondientes a distintas disciplinas: F\u00edsica, Qu\u00edmica, Ciencias Naturales, Gesti\u00f3n, Manejo de Recursos Naturales y hasta Historia.<\/p>\n<p>\t\t\tLa combinaci\u00f3n de actividades a desarrollar en la escuela est\u00e1 relacionada con los ejes tem\u00e1ticos planteados en cada caso. Las actividades se agrupan de a dos o tres, para el mejor desarrollo de cada tema. La elecci\u00f3n podr\u00e1 reajustarse en forma conjunta entre los directivos y docentes de la Escuela y los responsables del Proyecto.<\/p>\n<p>\t\t\tTodas las actividades fueron organizadas para ser llevadas a cabo con materiales que no afectan la seguridad de los alumnos y ser\u00e1n provistos por los organizadores del Proyecto.<\/p>\n<p>\t\t\tM\u00f3dulo 1: 4\u00ba y 5\u00ba a\u00f1o EGB.<br \/>\n\t\t\tEL AGUA EN NUESTRAS VIDAS<\/p>\n<p>\t\t\tM\u00f3dulo 2: 6\u00ba y 7\u00ba a\u00f1o EGB.<br \/>\n\t\t\tEL CICLO DEL AGUA<\/p>\n<p>\t\t\tM\u00f3dulo 3: 8\u00ba y 9\u00ba a\u00f1o EGB.<br \/>\n\t\t\tLA IMPORTANCIA DE CONTAR CON AGUA LIMPIA<\/p>\n<p>\t\t\tCada m\u00f3dulo cuenta con varias actividades que se seleccionan en conjunto con la Escuela seg\u00fan el inter\u00e9s de docentes y alumnos. Se ofrecen diferentes posibilidades de combinaci\u00f3n de actividades en los m\u00f3dulos para cada jornada.<\/p>\n<p>\t\t\tAdem\u00e1s luego de la realizaci\u00f3n del m\u00f3dulo elegido se puede realizar una instancia de planificaci\u00f3n para coordinar actividades posteriores, optativas, sobre la tem\u00e1tica tratada (para los dos \u00faltimos grupos de edades).<\/p>\n<p>\t\t\tAlgunos ejemplos pueden ser:<br \/>\n\t\t\tOrganizar un peri\u00f3dico Ecol\u00f3gico en la escuela.<br \/>\n\t\t\tCoordinar actividades de investigaci\u00f3n sobre la tem\u00e1tica. Estas se adaptar\u00edan al medio en que la Escuela est\u00e1 inserta. Pueden ser desde el desarrollo de experiencias de laboratorio, medici\u00f3n a trav\u00e9s del tiempo de precipitaciones, consumo de agua, etc. hasta muestreos de pozos de agua o de cauces de arroyos cercanos.<\/div>\n<div class=\"col-sm-1\">\n\t\t\t&nbsp;<\/div>\n<\/p><\/div>\n<p>\n\t&nbsp;<\/div>\n<div class=\"consejo\">\n<div class=\"titulo-secciones\">\n\t\tAgua e integraci\u00f3n socio-productiva regional<a class=\"ancla\" id=\"integ_socio_product\">&nbsp;<\/a><\/div>\n<p>\t&nbsp;<\/p>\n<div class=\"row\">\n<div class=\"col-sm-1\">\n\t\t\t&nbsp;<\/div>\n<div class=\"col-sm-10\">\n<p>\n\t\t\tLa motivaci\u00f3n que gener\u00f3 esta experiencia es la preocupaci\u00f3n por crear las oportunidades para poder vincular la docencia universitaria y los resultados de la investigaci\u00f3n cient\u00edfica, logrando la transferencia a la comunidad rural como beneficiaria de los resultados obtenidos en este proceso.<\/p>\n<p>\t\t\tEl objetivo principal es la innovaci\u00f3n en la utilizaci\u00f3n de experiencias de ense\u00f1anza-aprendizaje con alumnos universitarios, centradas en la b\u00fasqueda de soluciones para la problem\u00e1tica del agua en una cuenca de la Pcia. de Buenos Aires, modificando la actitud de los alumnos de grado de la carrera de Veterinaria hacia la resoluci\u00f3n de problemas complejos, a partir de su interacci\u00f3n con alumnos de una escuela secundaria agrot\u00e9cnica y la comunidad involucrada.<\/p>\n<p>\t\t\tLa localidad de Arrecifes est\u00e1 ubicada al norte de la Pcia. de Buenos Aires, en el \u00e1mbito fisiogr\u00e1fico de la Pampa Ondulada. Pertenece a la cuenca del R\u00edo Arrecifes junto a otros siete partidos. Est\u00e1 inserta en un \u00e1rea predominantemente agr\u00edcola que ha sufrido un proceso de intensificaci\u00f3n de la agricultura y ganader\u00eda, con una elevada degradaci\u00f3n del suelo y de los dem\u00e1s recursos naturales relacionados, como la contaminaci\u00f3n del agua y del suelo por un manejo inadecuado de sus efluentes. La Asociaci\u00f3n de Productores Rurales de Arrecifes plante\u00f3 la necesidad de la preservaci\u00f3n del recurso agua en la zona como consecuencia de la explosi\u00f3n en el uso de fertilizantes y agroqu\u00edmicos, lo cual implica un serio riesgo de contaminaci\u00f3n de los acu\u00edferos. Las empresas l\u00e1cteas de la regi\u00f3n controlan la calidad del agua de los productores y bajan el precio de la leche sin que exista un programa de capacitaci\u00f3n que capacite a los productores sobre el uso racional del recurso. La din\u00e1mica y caracter\u00edsticas de todos los procesos involucrados en la gesti\u00f3n del agua, es diferente en cada caso, interviniendo cuestiones de las ciencias naturales, de las ciencias sociales y de la tecnolog\u00eda, cada una con sus demandas y ofertas. Estos aspectos deben ser articulados para lograr una correcta gesti\u00f3n.<\/p>\n<p>\t\t\tEn este sentido, los sectores educativos y comunitarios constituyen un privilegiado y potencial agente de cambio. La Escuela de Educaci\u00f3n Agropecuaria se convierte en el eje central en la difusi\u00f3n y concientizaci\u00f3n del cuidado del agua actuando como agente multiplicador del conocimiento. Tiene la particularidad de pertenecer al \u00e1mbito que se pretende modificar e intenta formar recursos humanos con capacidad cr\u00edtica y dominio tecnol\u00f3gico adecuado, que podr\u00e1n hacer el cambio en forma apropiada y permanente.<\/p>\n<p>\t\t\tFinalidad del Proyecto:<br \/>\n\t\t\tA partir de un cambio en la forma de abordar la ense\u00f1anza- aprendizaje de los alumnos, se los capacitar\u00e1 para realizar el diagn\u00f3stico de la calidad del agua en la regi\u00f3n para pautar el manejo del recurso. Los alumnos guiados por los docentes y monitoreados por la Universidad, ser\u00e1n quienes acerquen soluciones viables a los productores, priorizando as\u00ed la vinculaci\u00f3n con los actores de la comunidad a partir de intensificar la relaci\u00f3n UNIVERSIDAD-ESCUELA-COMUNIDAD.<\/p>\n<p>\t\t\tObjetivos:<br \/>\n\t\t\tCapacitar recursos humanos para el manejo del agua con una visi\u00f3n consensuada com\u00fan.<\/p>\n<p>\t\t\tPromover la transformaci\u00f3n de la comunidad educativa de la Escuela Agropecuaria No1, para que act\u00fae como agente multiplicador y ejecutor de acciones viables para el desarrollo sustentable del recurso h\u00eddrico, a trav\u00e9s de la interacci\u00f3n con la Universidad.<\/p>\n<p>\t\t\tRelevar la calidad de agua superficial y evaluar su importancia en la salud p\u00fablica para organizar un proyecto en la Escuela para el monitoreo y preservaci\u00f3n de un arroyo cercano.<\/p>\n<p>\t\t\tOrganizar en la Escuela un proyecto de capacitaci\u00f3n continua y asistencia t\u00e9cnica a productores rurales y poceros a partir del relevamiento de la calidad, grado de contaminaci\u00f3n y condiciones de uso y manejo del agua subterr\u00e1nea en el \u00e1rea rural.<\/p>\n<p>\t\t\tInstalar un \u00e1rea de calidad del agua en el laboratorio existente en la Escuela.<\/p>\n<p>\t\t\tOptimizar una unidad demostrativa de producci\u00f3n de leche en el tambo existente en la Escuela, que difunda pautas de manejo del agua relacionadas con esta actividad productiva.<\/p>\n<p>\t\t\tCapacitar a los estudiantes para organizar campa\u00f1as de concientizaci\u00f3n, a trav\u00e9s de medios de difusi\u00f3n masivos y charlas en otras escuelas, para comunicar la informaci\u00f3n producida<\/p>\n<p>\t\t\tFomentar la comprensi\u00f3n de la gesti\u00f3n integral del recurso h\u00eddrico desde la Escuela, a trav\u00e9s de la participaci\u00f3n de todos los actores involucrados del partido de Arrecifes.<\/p>\n<p>\t\t\tDescripci\u00f3n de las Principales Actividades Realizadas:<br \/>\n\t\t\tMapa de calidad de aguas subterr\u00e1neas del partido de Arrecifes.<\/p>\n<p>\t\t\tEvaluaci\u00f3n de las causas de riesgo de contaminaci\u00f3n de acu\u00edferos en la regi\u00f3n.<\/p>\n<p>\t\t\tTalleres de Entrenamiento para docentes y alumnos de la Escuela, para el monitoreo del R\u00edo Arrecifes y arroyos principales y muestreo y evaluaci\u00f3n de perforaciones.<\/p>\n<p>\t\t\tMuestreo sistem\u00e1tico de puntos estrat\u00e9gicos y encuesta a productores sobre las pr\u00e1cticas de uso y manejo del agua y caracter\u00edsticas constructivas de pozos, por parte de los alumnos.<\/p>\n<p>\t\t\tEvaluaci\u00f3n de datos epidemiol\u00f3gicos en el Hospital zonal. Concientizaci\u00f3n de los actores involucrados en el control de la salud p\u00fablica a partir de una Jornada con m\u00e9dicos, odont\u00f3logos y autoridades en la escuela para discusi\u00f3n de resultados.<\/p>\n<p>\t\t\tConcientizaci\u00f3n de la poblaci\u00f3n rural sobre la calidad del agua disponible y la importancia del monitoreo en una Jornada de encuentro en la escuela con productores rurales, alumnos y otros sectores interesados de la comunidad.<\/p>\n<p>\t\t\tOrganizaci\u00f3n de cursos de capacitaci\u00f3n para productores y personal rural.<\/p>\n<p>\t\t\tCapacitaci\u00f3n a docentes en t\u00e9cnicas de an\u00e1lisis f\u00edsico-qu\u00edmico y microbiol\u00f3gico de aguas e interpretaci\u00f3n de resultados.<\/p>\n<p>\t\t\tInstalaci\u00f3n de un \u00e1rea de control de calidad de agua en el laboratorio de la escuela y certificaci\u00f3n de su capacidad anal\u00edtica mediante rondas de intercalibraci\u00f3n entre la Universidad y la Escuela.<\/p>\n<p>\t\t\tDise\u00f1o de un sistema de utilizaci\u00f3n racional del agua en el tambo de la Escuela, instalaci\u00f3n de un sistema de utilizaci\u00f3n y reutilizaci\u00f3n del agua y capacitaci\u00f3n para su manejo.<\/p>\n<p>\t\t\tRevisi\u00f3n de las normativas y foro de discusi\u00f3n en la Escuela para la preparaci\u00f3n de proyectos legislativos por parte de los alumnos.<\/p>\n<p>\t\t\tOrganizaci\u00f3n de un medio de difusi\u00f3n masivo en la Escuela y charlas por parte de los alumnos en las escuelas rurales articuladas. Preparaci\u00f3n de material de difusi\u00f3n de todo el proyecto para ser comunicado a otras \u00e1reas por las ONG&#8217;s y asociaciones participantes.<\/p>\n<p>\t\t\tPeriodo de Realizaci\u00f3n de la Experiencia: Agosto de 1996 &#8211; Julio 2004<\/p>\n<p>\t\t\tInstituciones Participantes:<br \/>\n\t\t\t\u00c1rea Agr\u00edcola(Departamento de Producci\u00f3n Animal) y Secretar\u00eda de Extensi\u00f3n y Bienestar Estudiantil) FCV &#8211; UBA. Participando en el proyecto 10 docentes y 20 estudiantes de grado.<\/p>\n<p>\t\t\tEscuela Agropecuaria N\u00ba 1 de Arrecifes<\/p>\n<p>\t\t\tFundaci\u00f3n Jorge E. Roulet<\/p>\n<p>\t\t\tFondo para las Am\u00e9rica<br \/>\n\t\t\t<\/p>\n<p>\n\t\t\t<br \/>\n\t\t            <img loading=\"lazy\" decoding=\"async\" alt=\"Imagen 1\" class=\"img-responsive\" height=\"400\" src=\"http:\/\/www.fvet.uba.ar\/archivos\/catedras\/arch_bases_agric\/images\/pvu.png\" width=\"300\" \/><\/p>\n<p><\/p>\n<p>\n\t\t\tEl proyecto se realiza para trabajar en el desarrollo de un espacio permanente para la capacitaci\u00f3n en el oficio textil a partir de la valorizaci\u00f3n tint\u00f3rea de las especies vegetales de dos comunidades pr\u00f3ximas a dos reservas naturales de Selva Bonaerense en Galer\u00eda (Berazategui y Pilar). Las actividades involucran a la universidad, asociaciones civiles, escuelas y la comunidad en general, de ambas zonas.<br \/>\n\t\t\tEl te\u00f1ido de fibras naturales forma parte de la historia de la humanidad y las plantas tint\u00f3reas son parte de esa historia. Las sustancias colorantes de origen vegetal est\u00e1n presentes en muchas especies (silvestres y cultivadas) y sus pigmentos fueron los primeros en ser utilizados por el hombre dedicado al oficio textil y de pastor. Con el tiempo y la industrializaci\u00f3n fueron progresivamente reemplazados por tintes sint\u00e9ticos. En los \u00faltimos a\u00f1os, se ha comenzado a revalorizar aquellas especies vegetales que poseen propiedades tint\u00f3reas, desde diferentes aspectos. Entre ellos se destacan la mayor demanda de productos naturales, la re-introducci\u00f3n de t\u00e9cnicas ancestrales, la valorizaci\u00f3n de servicios ecosist\u00e9micos en \u00e1reas naturales y el uso de cultivos alternativos, y como consecuencia, el agregado de valor a los sistemas naturales y agropecuarios de peque\u00f1os productores. En la Facultad de Ciencias Veterinarias (UBA), la c\u00e1tedra de Bases Agr\u00edcolas prioriza dar valor a las especies vegetales presentes en ecosistemas naturales y sistemas productivos agropecuarios y a los factores ambientales que las afectan.<\/p>\n<p>\t\t\tEste proyecto lo componen estudiantes que aportan: Veterinaria (valor de las fibras naturales y su te\u00f1ido con plantas), Ciencias Ambientales (reconocimiento de especies e interacciones del ecosistema), Ciencias Biol\u00f3gicas (valor servicios ecosist\u00e9micos) y Econ\u00f3micas (econom\u00eda social y cooperativismo), en interacci\u00f3n con una Escuela (Hudson) y con una Asociaci\u00f3n (Pilar). La escuela ha iniciado talleres de tintes naturales pero desea perfeccionarse en la t\u00e9cnica y en el valor del ecosistema y adem\u00e1s fortalecer la articulaci\u00f3n con otras organizaciones de la comunidad. La Asociaci\u00f3n tiene trayectoria en la valorizaci\u00f3n de las especies del ecosistema y quiere comenzar con la capacitaci\u00f3n en el oficio de te\u00f1ido con fibras naturales. Ambas pretenden articular con actores de su comunidad para que se cree un espacio permanente de capacitaci\u00f3n en cada localidad en este oficio. El intercambio de saberes entre todos es central a las actividades del proyecto.<\/p>\n<\/p><\/div>\n<div class=\"col-sm-1\">\n\t\t\t&nbsp;<\/div>\n<\/p><\/div>\n<p>\n\t&nbsp;<\/div>\n<div class=\"decano\">\n<div class=\"titulo-secciones\">\n\t\tDepto. de Producci\u00f3n Animal<a class=\"ancla\" id=\"foto\">&nbsp;<\/a><\/div>\n<p>\t&nbsp;<\/p>\n<div class=\"row\">\n<div class=\"col-sm-1\">\n\t\t\t&nbsp;<\/div>\n<div class=\"col-sm-10\">\n\t\t\t\u00c1rea: Bases Agr\u00edcolas<\/p>\n<p>\t\t\tCurso de Extensi\u00f3n y Capacitaci\u00f3n<br \/>\n\t\t\t&nbsp;<\/p>\n<p>\n\t\t\t\t&nbsp;<\/p>\n<table align=\"center\" border=\"0\" cellpadding=\"0\" cellspacing=\"0\" width=\"100%\">\n<tbody>\n<tr align=\"center\">\n<td>\n\t\t\t\t\t\t\t<img loading=\"lazy\" decoding=\"async\" alt=\"Imagen 1\" class=\"img-responsive\" height=\"400\" src=\"http:\/\/www.fvet.uba.ar\/archivos\/catedras\/arch_bases_agric\/curaguas.jpg\" width=\"300\" \/><\/td>\n<\/tr>\n<\/tbody>\n<\/table>\n<p>\n\t\t\t\t&nbsp;<\/p>\n<p>\n\t\t\t\t&nbsp;<\/p>\n<\/p><\/div>\n<div class=\"col-sm-1\">\n\t\t\t&nbsp;<\/div>\n<\/p><\/div>\n<p>\n\t&nbsp;<\/div>\n<div class=\"autoridades\">\n<div class=\"titulo-secciones\">\n\t\tDepto. de Producci\u00f3n Animal<a class=\"ancla\" id=\"proyectosfotos\">&nbsp;<\/a><\/div>\n<p>\t&nbsp;<\/p>\n<div class=\"row\">\n<div class=\"col-sm-1\">\n\t\t\t&nbsp;<\/div>\n<div class=\"col-sm-10\">\n\t\t\t\u00c1rea: Bases Agr\u00edcolas<\/p>\n<p>\t\t\tActividades de Investigaci\u00f3n<\/p>\n<p>\t\t\tProyectos, Informes t\u00e9cnicos y Charlas a Empresas, Cooperativas y productores agropecuarios<br \/>\n\t\t\t&nbsp;<\/p>\n<p>\n\t\t\t\t&nbsp;<\/p>\n<table align=\"center\" border=\"0\" cellpadding=\"0\" cellspacing=\"0\" width=\"100%\">\n<tbody>\n<tr align=\"center\">\n<td>\n\t\t\t\t\t\t\t<img loading=\"lazy\" decoding=\"async\" alt=\"Imagen 1\" class=\"img-responsive\" height=\"400\" src=\"http:\/\/www.fvet.uba.ar\/archivos\/catedras\/arch_bases_agric\/bavio1.jpg\" width=\"300\" \/><\/td>\n<td>\n\t\t\t\t\t\t\t<img loading=\"lazy\" decoding=\"async\" class=\"img-responsive\" height=\"400\" src=\"http:\/\/www.fvet.uba.ar\/archivos\/catedras\/arch_bases_agric\/bavio2.jpg\" width=\"294\" \/><\/td>\n<\/tr>\n<\/tbody>\n<\/table>\n<p>\n\t\t\t\t&nbsp;<\/p>\n<p>\n\t\t\t\t<br \/>\n\t\t\t\t&nbsp;<\/p>\n<\/p><\/div>\n<div class=\"col-sm-1\">\n\t\t\t&nbsp;<\/div>\n<\/p><\/div>\n<p>\n\t&nbsp;<\/div>\n<div class=\"consejo\">\n<div class=\"titulo-secciones\">\n\t\tCurso de Bases Agr\u00edcolas para la Producci\u00f3n Animal<a class=\"ancla\" id=\"toxicas\">&nbsp;<\/a><\/div>\n<p>\t&nbsp;<\/p>\n<div class=\"row\">\n<div class=\"col-sm-1\">\n\t\t\t&nbsp;<\/div>\n<div class=\"col-sm-10\">\n<p>\t\t\t\u00c1rea: Agr\u00edcola &#8211; C\u00f3digo 401<\/p>\n<p>\t\t\tEl <a href=\"http:\/\/www.fvet.uba.ar\/?q=basesAgricolas#ptoxicas\">Jard\u00edn de Plantas Toxicas<\/a> y <a href=\"http:\/\/www.fvet.uba.ar\/?q=basesAgricolas#forrajetum\">Forrajetum<\/a> de la Facultad de Ciencias Veterinarias de la Universidad de Buenos Aires tiene como objetivo principal familiarizar al estudiante y a profesionales del quehacer veterinario con aquellas plantas que se presentan como potencialmente peligrosas para diversos animales dom\u00e9sticos, incluyendo al hombre.<\/p>\n<p>\t\t\tEl Jard\u00edn est\u00e1 localizado en el ala sur del <a href=\"https:\/\/www.google.com\/maps\/place\/Facultad+de+Ciencias+Veterinarias\/@-34.5947519,-58.4847441,1355m\/data=!3m1!1e3!4m5!3m4!1s0x95bcb61a4c3ac503:0x199f5761e533f939!8m2!3d-34.5945677!4d-58.4785447?hl=es-ES\">Pabell\u00f3n de Producci\u00f3n Animal<\/a>. El mismo fue creado por iniciativa de un grupo de estudiantes y docentes del \u00c1rea Agr\u00edcola en 1998, para facilitar el reconocimiento a campo de las especies vegetales consideradas t\u00f3xicas en diferentes estadios de crecimiento.<\/p>\n<p>\t\t\tActualmente incluye unas 16 especies vegetales de relevancia en la producci\u00f3n animal (dependiendo de su \u00e9poca y ciclo de crecimiento).<\/p>\n<p>\t\t\tEn el 2003 se cre\u00f3 el jard\u00edn de Plantas Ornamentales T\u00f3xicas, que cuenta hasta el momento con 12 especies ornamentales que resultan toxicas para animales peque\u00f1os. Este \u00faltimo esta localizado dentro del \u00c1rea Agr\u00edcola dado que el h\u00e1bitat de crecimiento de estas especies es el de interior.<\/p>\n<p>\t\t\tEl Jard\u00edn puede ser observado por la comunidad que visita las instalaciones de la Facultad.<\/p>\n<p>\t\t\tPersonal responsable del Jard\u00edn de Plantas T\u00f3xicas y Da\u00f1inas:<\/p>\n<p>\t\t\tIng. Agr. Maria Alejandra Herrero<br \/>\n\t\t\tVeterinaria Mar\u00eda Soledad Iramain<\/p>\n<p>\t\t\tColaboradores:<\/p>\n<p>\t\t\tNadia Ayel\u00e9n Troller, Manuela Mieres, Veterinaria Lorna Carb\u00f3, Veterinaria Guadalupe Gutierrez, Ing. Agr. Juan J. Ormaz\u00e1bal, Lic. Susana Volpe.<\/p>\n<p>\t\t\tEstudiantes responsables del proyecto \u201cJard\u00edn en la Web\u201d:<\/p>\n<p>\t\t\tAna Valeria Gonz\u00e1lez Pereyra, Carlos Catracchia, Ver\u00f3nica Gamb\u00edn, Clara Lamoureux, Ver\u00f3nica Bur\u00f3n Alfano, Diana Blanco<\/p><\/div>\n<div class=\"col-sm-1\">\n\t\t\t&nbsp;<\/div>\n<\/p><\/div>\n<p>\n\t&nbsp;<\/div>\n<div class=\"mision\">\n<div class=\"titulo-secciones\">\n\t\tJard\u00edn de Plantas Toxicas<a class=\"ancla\" id=\"ptoxicas\">&nbsp;<\/a><\/div>\n<p>\t&nbsp;<\/p>\n<div class=\"row\">\n<div class=\"col-sm-1\">\n\t\t\t&nbsp;<\/div>\n<div class=\"col-sm-10\">\n\t\t\t&nbsp;<\/p>\n<p>\n\t\t\t\t&nbsp;<\/p>\n<table align=\"center\" border=\"0\" cellpadding=\"0\" cellspacing=\"0\" width=\"100%\">\n<tbody>\n<tr align=\"center\">\n<td>\n\t\t\t\t\t\t\t<img loading=\"lazy\" decoding=\"async\" alt=\"Imagen 1\" class=\"img-responsive\" height=\"400\" src=\"http:\/\/www.fvet.uba.ar\/archivos\/catedras\/arch_bases_agric\/primera.jpg\" width=\"300\" \/><br \/>\n\t\t\t\t\t\t\t<a href=\"http:\/\/www.fvet.uba.ar\/?q=basesAgricolas#ptoxicasgrandes\">Jard\u00edn de Plantas T\u00f3xicas y da\u00f1inas Grandes Animales<\/a><\/td>\n<td>\n\t\t\t\t\t\t\t<img loading=\"lazy\" decoding=\"async\" class=\"img-responsive\" height=\"400\" src=\"http:\/\/www.fvet.uba.ar\/archivos\/catedras\/arch_bases_agric\/jardin5.jpg\" width=\"294\" \/><br \/>\n\t\t\t\t\t\t\t<a href=\"http:\/\/www.fvet.uba.ar\/?q=basesAgricolas#ptoxicaspeque\">Jard\u00edn de Plantas Ornamentales T\u00f3xicas<\/a><\/td>\n<\/tr>\n<\/tbody>\n<\/table>\n<p>\n\t\t\t\t&nbsp;<\/p>\n<p>\n\t\t\t\t&nbsp;<\/p>\n<\/p><\/div>\n<div class=\"col-sm-1\">\n\t\t\t&nbsp;<\/div>\n<\/p><\/div>\n<p>\n\t&nbsp;<\/div>\n<div class=\"decano\">\n<div class=\"titulo-secciones\">\n\t\tJard\u00edn de Plantas Toxicas y Da\u00f1inas Grandes Animales<a class=\"ancla\" id=\"ptoxicasgrandes\">&nbsp;<\/a><\/div>\n<p>\t&nbsp;<\/p>\n<div class=\"row\">\n<div class=\"col-sm-1\">\n\t\t\t&nbsp;<\/div>\n<div class=\"col-sm-10\">\n\t\t\t&nbsp;<\/p>\n<p>\n\t\t\t\t&nbsp;<\/p>\n<table align=\"center\" border=\"0\" cellpadding=\"0\" cellspacing=\"0\" width=\"100%\">\n<tbody>\n<tr align=\"center\">\n<td>\n\t\t\t\t\t\t\t<img loading=\"lazy\" decoding=\"async\" alt=\"Imagen 1\" class=\"img-responsive\" height=\"400\" src=\"http:\/\/www.fvet.uba.ar\/archivos\/catedras\/arch_bases_agric\/segunda.jpg\" width=\"300\" \/><\/td>\n<\/tr>\n<\/tbody>\n<\/table>\n<p>\n\t\t\t\t<b>Clasificaci\u00f3n por:<\/b><\/p>\n<p>\t\t\t\t<b>Plantas T\u00f3xicas<\/b><br \/>\n\t\t\t\t<a href=\"http:\/\/www.fvet.uba.ar\/?q=basesAgricolas#nombre_comun\"><b>Nombre Com\u00fan<\/b><\/a><br \/>\n\t\t\t\t<a href=\"http:\/\/www.fvet.uba.ar\/?q=basesAgricolas#nombre_cientifico\"><b>Nombre Cient\u00edfico<\/b><\/a><br \/>\n\t\t\t\t<a href=\"http:\/\/www.fvet.uba.ar\/?q=basesAgricolas#principio_toxico\"><b>Principio T\u00f3xico<\/b><\/a><\/p>\n<p>\t\t\t\t<b>Plantas Da\u00f1inas<\/b><br \/>\n\t\t\t\t<a href=\"http:\/\/www.fvet.uba.ar\/?q=basesAgricolas#plant_da\u00f1inas_nomb_comun\"><b>Nombre Com\u00fan<\/b><\/a><br \/>\n\t\t\t\t<a href=\"http:\/\/www.fvet.uba.ar\/?q=basesAgricolas#plant_da\u00f1inas_nomb_cientifico\"><b>Nombre Cient\u00edfico<\/b><\/a><\/p>\n<\/p><\/div>\n<div class=\"col-sm-1\">\n\t\t\t&nbsp;<\/div>\n<\/p><\/div>\n<p>\n\t&nbsp;<\/div>\n<div class=\"autoridades\">\n<div class=\"titulo-secciones\">\n\t\tJard\u00edn de Plantas Ornamentales T\u00f3xicas<a class=\"ancla\" id=\"ptoxicaspeque\"><\/a><\/div>\n<p>\t&nbsp;<\/p>\n<div class=\"row\">\n<div class=\"col-sm-1\">\n\t\t\t&nbsp;<\/div>\n<div class=\"col-sm-10\">\n\t\t\t&nbsp;<\/p>\n<p>\n\t\t\t\t&nbsp;<\/p>\n<table align=\"center\" border=\"0\" cellpadding=\"0\" cellspacing=\"0\" width=\"100%\">\n<tbody>\n<tr align=\"center\">\n<td>\n\t\t\t\t\t\t\t<img loading=\"lazy\" decoding=\"async\" alt=\"Imagen 1\" class=\"img-responsive\" height=\"400\" src=\"http:\/\/www.fvet.uba.ar\/archivos\/catedras\/arch_bases_agric\/jardin5.jpg\" width=\"300\" \/><\/td>\n<\/tr>\n<\/tbody>\n<\/table>\n<p>\n\t\t\t\t&nbsp;<\/p>\n<p>\n\t\t\t\t&nbsp;<\/p>\n<p>\n\t\t\t\t<a href=\"http:\/\/www.fvet.uba.ar\/?q=basesAgricolas#cyclamen\"><b>Violeta de los Alpes(Cyclamen persicum)<\/b><\/a><\/p>\n<p>\t\t\t\t<a href=\"http:\/\/www.fvet.uba.ar\/?q=basesAgricolas#azalea\"><b>Azalea(Rhododendron spp.)<\/b><\/a><\/p>\n<p>\t\t\t\t<a href=\"http:\/\/www.fvet.uba.ar\/?q=basesAgricolas#laurel\"><b>Laurel de Jard\u00edn(Nerium Oleander)<\/b><\/a><\/p>\n<p>\t\t\t\t<a href=\"http:\/\/www.fvet.uba.ar\/?q=basesAgricolas#estrefed\"><b>Estrella Federal(Euphorbia pulcherrima)<\/b><\/a><\/p>\n<\/p><\/div>\n<div class=\"col-sm-1\">\n\t\t\t&nbsp;<\/div>\n<\/p><\/div>\n<p>\n\t&nbsp;<\/div>\n<div class=\"consejo\">\n<div class=\"titulo-secciones\">\n\t\tForrajetum<a class=\"ancla\" id=\"forrajetum\">&nbsp;<\/a><\/div>\n<p>\t&nbsp;<\/p>\n<div class=\"row\">\n<div class=\"col-sm-1\">\n\t\t\t&nbsp;<\/div>\n<div class=\"col-sm-10\">\n\t\t\t&nbsp;<\/p>\n<p>\n\t\t\t\t&nbsp;<\/p>\n<table align=\"center\" border=\"0\" cellpadding=\"0\" cellspacing=\"0\" width=\"100%\">\n<tbody>\n<tr align=\"center\">\n<td>\n\t\t\t\t\t\t\t<b>Forrajetum<\/b><\/p>\n<p>\t\t\t\t\t\t\t<img loading=\"lazy\" decoding=\"async\" alt=\"Imagen 1\" class=\"img-responsive\" height=\"400\" src=\"http:\/\/www.fvet.uba.ar\/archivos\/catedras\/arch_bases_agric\/21forrajetum.jpg\" width=\"300\" \/><\/td>\n<\/tr>\n<\/tbody>\n<\/table>\n<p>\n\t\t\t\t&nbsp;<\/p>\n<p>\n\t\t\t\t&nbsp;<\/p>\n<p>\n\t\t\t\tEl Forrajetum es una colecci\u00f3n de plantas forrajeras ordenadas bot\u00e1nicamente, y con fin did\u00e1ctico. Fue creado por iniciativa de un grupo de estudiantes y docentes del \u00c1rea Agr\u00edcola en 1998 para facilitar el reconocimiento de las especies vegetales m\u00e1s utilizadas, especialmente en la regi\u00f3n de la Pampa H\u00fameda, en la alimentaci\u00f3n del ganado.<\/p>\n<p>\t\t\t\tActualmente incluye unas 14 especies, pertenecientes a las familias de Gram\u00edneas y Leguminosas, que difieren en su ciclo de vida y \u00e9poca de crecimiento.<\/p>\n<p>\t\t\t\tAdem\u00e1s de ser una fuente de material para el dictado de los diferentes cursos, el Forrajetum puede ser observado por la comunidad que visita las instalaciones de la Facultad.<\/p>\n<p>\t\t\t\t&#8211; <a href=\"http:\/\/www.fvet.uba.ar\/?q=basesAgricolas#forrajetumanterior\"><b>Ver Fotos<\/b><\/a><\/p>\n<p>\t\t\t\tPersonal responsable del Forrajetum<\/p>\n<p>\t\t\t\tIng. Agr. Maria Alejandra Herrero<\/p>\n<p>\t\t\t\tTUPA Graciela Sardi<\/p>\n<p>\t\t\t\tEst. Mariana Manzini<\/p>\n<p>\t\t\t\tColaboradores:<\/p>\n<p>\t\t\t\tVer\u00f3nica Romero, Mar\u00eda Esp\u00f3sito, Marcela Lippai, Ing. Agr. Alejandro Cariola.<\/p>\n<\/p><\/div>\n<div class=\"col-sm-1\">\n\t\t\t&nbsp;<\/div>\n<\/p><\/div>\n<p>\n\t&nbsp;<\/div>\n<div class=\"mision\">\n<div class=\"titulo-secciones\">\n\t\tClasificaci\u00f3n por Nombre com\u00fan<a class=\"ancla\" id=\"nombre_comun\">&nbsp;<\/a><\/div>\n<p>\t&nbsp;<\/p>\n<div class=\"row\">\n<div class=\"col-sm-1\">\n\t\t\t&nbsp;<\/div>\n<div class=\"col-sm-10\">\n<p>\n\t\t\t<a href=\"http:\/\/www.fvet.uba.ar\/?q=basesAgricolas#cardoa\"><b>Cardo Asnal<\/b><\/a><br \/>\n\t\t\t<a href=\"http:\/\/www.fvet.uba.ar\/?q=basesAgricolas#chamico\"><b>Chamico<\/b><\/a><br \/>\n\t\t\t<a href=\"http:\/\/www.fvet.uba.ar\/?q=basesAgricolas#cicuta\"><b>Cicuta<\/b><\/a><br \/>\n\t\t\t<a href=\"http:\/\/www.fvet.uba.ar\/?q=basesAgricolas#cortadera\"><b>Cortadera<\/b><\/a><br \/>\n\t\t\t<a href=\"http:\/\/www.fvet.uba.ar\/?q=basesAgricolas#dur-negro\"><b>Duraznillo Negro<\/b><\/a><br \/>\n\t\t\t<a href=\"http:\/\/www.fvet.uba.ar\/?q=basesAgricolas#dur-blanco\"><b>Duraznillo blanco<\/b><\/a><br \/>\n\t\t\t<a href=\"http:\/\/www.fvet.uba.ar\/?q=basesAgricolas#falsav\"><b>Falsa Viznaga<\/b><\/a><br \/>\n\t\t\t<a href=\"http:\/\/www.fvet.uba.ar\/?q=basesAgricolas#lantana\"><b>Lantana<\/b><\/a><br \/>\n\t\t\t<a href=\"http:\/\/www.fvet.uba.ar\/?q=basesAgricolas#morenita\"><b>Morenita<\/b><\/a><br \/>\n\t\t\t<a href=\"http:\/\/www.fvet.uba.ar\/?q=basesAgricolas#nabo\"><b>Nabo<\/b><\/a><br \/>\n\t\t\t<a href=\"http:\/\/www.fvet.uba.ar\/?q=basesAgricolas#nabon\"><b>Nab\u00f3n<\/b><\/a><br \/>\n\t\t\t<a href=\"http:\/\/www.fvet.uba.ar\/?q=basesAgricolas#paraiso\"><b>Para\u00edso<\/b><\/a><br \/>\n\t\t\t<a href=\"http:\/\/www.fvet.uba.ar\/?q=basesAgricolas#quinoa\"><b>Quinoa<\/b><\/a><br \/>\n\t\t\t<a href=\"http:\/\/www.fvet.uba.ar\/?q=basesAgricolas#romerillo\"><b>Romerillo<\/b><\/a><br \/>\n\t\t\t<a href=\"http:\/\/www.fvet.uba.ar\/?q=basesAgricolas#senecio\"><b>Senecio<\/b><\/a><br \/>\n\t\t\t<a href=\"http:\/\/www.fvet.uba.ar\/?q=basesAgricolas#sorgo\"><b>Sorgo de Alepo<\/b><\/a><br \/>\n\t\t\t<a href=\"http:\/\/www.fvet.uba.ar\/?q=basesAgricolas#sunchillo\"><b>Sunchillo<\/b><\/a><br \/>\n\t\t\t<a href=\"http:\/\/www.fvet.uba.ar\/?q=basesAgricolas#transparente\"><b>Transparente<\/b><\/a><br \/>\n\t\t\t<a href=\"http:\/\/www.fvet.uba.ar\/?q=basesAgricolas#yuyo-colo\"><b>Yuyo Colorado<\/b><\/a><\/div>\n<div class=\"col-sm-1\">\n\t\t\t&nbsp;<\/div>\n<\/p><\/div>\n<p>\n\t&nbsp;<\/div>\n<div class=\"decano\">\n<div class=\"titulo-secciones\">\n\t\tClasificaci\u00f3n por nombre cient\u00edfico<a class=\"ancla\" id=\"nombre_cientifico\">&nbsp;<\/a><\/div>\n<p>\t&nbsp;<\/p>\n<div class=\"row\">\n<div class=\"col-sm-1\">\n\t\t\t&nbsp;<\/div>\n<div class=\"col-sm-10\">\n<p>\n\t\t\t<a href=\"http:\/\/www.fvet.uba.ar\/?q=basesAgricolas#yuyo-colo\"><b>Amaranthus quitensis<\/b><\/a><br \/>\n\t\t\t<a href=\"http:\/\/www.fvet.uba.ar\/?q=basesAgricolas#falsav\"><b>Ammi majus<\/b><\/a><br \/>\n\t\t\t<a href=\"http:\/\/www.fvet.uba.ar\/?q=basesAgricolas#romerillo\"><b>Baccharis coridifolia<\/b><\/a><br \/>\n\t\t\t<a href=\"http:\/\/www.fvet.uba.ar\/?q=basesAgricolas#nabo\"><b>Brassica campestris<\/b><\/a><br \/>\n\t\t\t<a href=\"http:\/\/www.fvet.uba.ar\/?q=basesAgricolas#dur-negro\"><b>Cestrum parqui<\/b><\/a><br \/>\n\t\t\t<a href=\"http:\/\/www.fvet.uba.ar\/?q=basesAgricolas#quinoa\"><b>Chenopodium album<\/b><\/a><br \/>\n\t\t\t<a href=\"http:\/\/www.fvet.uba.ar\/?q=basesAgricolas#cicuta\"><b>malacatum<\/b><\/a><br \/>\n\t\t\t<a href=\"http:\/\/www.fvet.uba.ar\/?q=basesAgricolas#cortadera\"><b>Cortaderia selloana<\/b><\/a><br \/>\n\t\t\t<a href=\"http:\/\/www.fvet.uba.ar\/?q=basesAgricolas#chamico\"><b>Datura ferox<\/b><\/a><br \/>\n\t\t\t<a href=\"http:\/\/www.fvet.uba.ar\/?q=basesAgricolas#morenita\"><b>Kochia scoparia<\/b><\/a><br \/>\n\t\t\t<a href=\"http:\/\/www.fvet.uba.ar\/?q=basesAgricolas#lantana\"><b>Lantana camara<\/b><\/a><br \/>\n\t\t\t<a href=\"http:\/\/www.fvet.uba.ar\/?q=basesAgricolas#paraiso\"><b>Melia azedarach<\/b><\/a><br \/>\n\t\t\t<a href=\"http:\/\/www.fvet.uba.ar\/?q=basesAgricolas#transparente\"><b>Myoporum laetum<\/b><\/a><br \/>\n\t\t\t<a href=\"http:\/\/www.fvet.uba.ar\/?q=basesAgricolas#nabon\"><b>Raphanus sativus<\/b><\/a><br \/>\n\t\t\t<a href=\"http:\/\/www.fvet.uba.ar\/?q=basesAgricolas#senecio\"><b>Senecio spp<\/b><\/a><br \/>\n\t\t\t<a href=\"http:\/\/www.fvet.uba.ar\/?q=basesAgricolas#dur-blanco\"><b>Solanum glaucophylum<\/b><\/a><br \/>\n\t\t\t<a href=\"http:\/\/www.fvet.uba.ar\/?q=basesAgricolas#sorgo\"><b>Sorghum halepense<\/b><\/a><br \/>\n\t\t\t<a href=\"http:\/\/www.fvet.uba.ar\/?q=basesAgricolas#cardoa\"><b>Sylibum marianum<\/b><\/a><br \/>\n\t\t\t<a href=\"http:\/\/www.fvet.uba.ar\/?q=basesAgricolas#sunchillo\"><b>Wedelia glauca<\/b><\/a><\/p>\n<p>\t\t\t<a href=\"http:\/\/www.fvet.uba.ar\/?q=basesAgricolas#mas-fotos\"><b>M\u00e1s fotos&#8230;<\/b><\/a><\/div>\n<div class=\"col-sm-1\">\n\t\t\t&nbsp;<\/div>\n<\/p><\/div>\n<p>\n\t&nbsp;<\/div>\n<div class=\"autoridades\">\n<div class=\"titulo-secciones\">\n\t\tClasificaci\u00f3n seg\u00fan principios t\u00f3xicos<a class=\"ancla\" id=\"principio_toxico\">&nbsp;<\/a><\/div>\n<p>\t&nbsp;<\/p>\n<div class=\"row\">\n<div class=\"col-sm-1\">\n\t\t\t&nbsp;<\/div>\n<div class=\"col-sm-10\">\n<p>\n\t\t\t<b>Agentes fotosensibilizantes<\/b><\/p>\n<p>\t\t\t<a href=\"http:\/\/www.fvet.uba.ar\/?q=basesAgricolas#morenita\"><b>Morenita<\/b><\/a><br \/>\n\t\t\t<a href=\"http:\/\/www.fvet.uba.ar\/?q=basesAgricolas#lantana\"><b>Lantana<\/b><\/a><br \/>\n\t\t\t<a href=\"http:\/\/www.fvet.uba.ar\/?q=basesAgricolas#transparente\"><b>Transparente<\/b><\/a><br \/>\n\t\t\t<a href=\"http:\/\/www.fvet.uba.ar\/?q=basesAgricolas#falsav\"><b>Falsa Viznaga<\/b><\/a><\/p>\n<p>\t\t\t<b>Alcaloides<\/b><\/p>\n<p>\t\t\t<a href=\"http:\/\/www.fvet.uba.ar\/?q=basesAgricolas#romerillo\"><b>Romerillo<\/b><\/a><br \/>\n\t\t\t<a href=\"http:\/\/www.fvet.uba.ar\/?q=basesAgricolas#paraiso\"><b>Para\u00edso<\/b><\/a><br \/>\n\t\t\t<a href=\"http:\/\/www.fvet.uba.ar\/?q=basesAgricolas#morenita\"><b>Morenita<\/b><\/a><br \/>\n\t\t\t<a href=\"http:\/\/www.fvet.uba.ar\/?q=basesAgricolas#dur-negro\"><b>Duraznillo Negro<\/b><\/a><br \/>\n\t\t\t<a href=\"http:\/\/www.fvet.uba.ar\/?q=basesAgricolas#cortadera\"><b>Cortadera<\/b><\/a><br \/>\n\t\t\t<a href=\"http:\/\/www.fvet.uba.ar\/?q=basesAgricolas#chamico\"><b>Chamico<\/b><\/a><br \/>\n\t\t\t<a href=\"http:\/\/www.fvet.uba.ar\/?q=basesAgricolas#cicuta\"><b>Cicuta<\/b><\/a><br \/>\n\t\t\t<a href=\"http:\/\/www.fvet.uba.ar\/?q=basesAgricolas#senecio\"><b>Senecio<\/b><\/a><\/p>\n<p>\t\t\t<b>Gluc\u00f3sidos cianogen\u00e9ticos <\/b><\/p>\n<p>\t\t\t<a href=\"http:\/\/www.fvet.uba.ar\/?q=basesAgricolas#cortadera\"><b>Cortadera<\/b><\/a><br \/>\n\t\t\t<a href=\"http:\/\/www.fvet.uba.ar\/?q=basesAgricolas#sorgo\"><b>Sorgo de Alepo<\/b><\/a><\/p>\n<p>\t\t\t<b>Nitratos \/ Nitritos<\/b><\/p>\n<p>\t\t\t<a href=\"http:\/\/www.fvet.uba.ar\/?q=basesAgricolas#cardoa\"><b>Cardo asnal<\/b><\/a><br \/>\n\t\t\t<a href=\"http:\/\/www.fvet.uba.ar\/?q=basesAgricolas#quinoa\"><b>Quinoa<\/b><\/a><br \/>\n\t\t\t<a href=\"http:\/\/www.fvet.uba.ar\/?q=basesAgricolas#nabon\"><b>Nab\u00f3n<\/b><\/a><br \/>\n\t\t\t<a href=\"http:\/\/www.fvet.uba.ar\/?q=basesAgricolas#nabo\"><b>Nabo<\/b><\/a><\/p>\n<p>\t\t\t<b>Oxalatos<\/b><\/p>\n<p>\t\t\t<a href=\"http:\/\/www.fvet.uba.ar\/?q=basesAgricolas#quinoa\"><b>Quinoa<\/b><\/a><\/p>\n<p>\t\t\t<b>Principios calcinog\u00e9nicos <\/b><\/p>\n<p>\t\t\t<a href=\"http:\/\/www.fvet.uba.ar\/?q=basesAgricolas#dur-blanco\"><b>Duraznillo blanco<\/b><\/a><\/p>\n<p>\t\t\t<b>Saponinas <\/b><\/p>\n<p>\t\t\t<a href=\"http:\/\/www.fvet.uba.ar\/?q=basesAgricolas#quinoa\"><b>Quinoa<\/b><\/a><br \/>\n\t\t\t<a href=\"http:\/\/www.fvet.uba.ar\/?q=basesAgricolas#paraiso\"><b>Para\u00edso<\/b><\/a><br \/>\n\t\t\t<a href=\"http:\/\/www.fvet.uba.ar\/?q=basesAgricolas#morenita\"><b>Morenita<\/b><\/a><br \/>\n\t\t\t<a href=\"http:\/\/www.fvet.uba.ar\/?q=basesAgricolas#sunchillo\"><b>Sunchillo<\/b><\/a> <\/p>\n<p>\t\t\t<b>Trichotecenos <\/b><\/p>\n<p>\t\t\t<a href=\"http:\/\/www.fvet.uba.ar\/?q=basesAgricolas#romerillo\"><b>Romerillo<\/b><\/a><\/div>\n<div class=\"col-sm-1\">\n\t\t\t&nbsp;<\/div>\n<\/p><\/div>\n<p>\n\t&nbsp;<\/div>\n<div class=\"consejo\">\n<div class=\"titulo-secciones\">\n\t\tClasificaci\u00f3n por Nombre Com\u00fan<a class=\"ancla\" id=\"plant_da\u00f1inas_nomb_comun\">&nbsp;<\/a><\/div>\n<p>\t&nbsp;<\/p>\n<div class=\"row\">\n<div class=\"col-sm-1\">\n\t\t\t&nbsp;<\/div>\n<div class=\"col-sm-10\">\n<p>\t\t\t<a href=\"http:\/\/www.fvet.uba.ar\/?q=basesAgricolas#abrojo-ch\"><b>Abrojo Chico<\/b><\/a><br \/>\n\t\t\t<a href=\"http:\/\/www.fvet.uba.ar\/?q=basesAgricolas#abrojo-gr\"><b>Abrojo Grande<\/b><\/a><br \/>\n\t\t\t<a href=\"http:\/\/www.fvet.uba.ar\/?q=basesAgricolas#alfilerillo\"><b>Alfilerillo<\/b><\/a><br \/>\n\t\t\t<a href=\"http:\/\/www.fvet.uba.ar\/?q=basesAgricolas#cuerno-diablo\"><b>Cuerno del Diablo<\/b><\/a><br \/>\n\t\t\t<a href=\"http:\/\/www.fvet.uba.ar\/?q=basesAgricolas#flech-brava\"><b>Flechilla Brava<\/b><\/a><br \/>\n\t\t\t<a href=\"http:\/\/www.fvet.uba.ar\/?q=basesAgricolas#manzan-med\"><b>Manzanilla Medicinal<\/b><\/a><br \/>\n\t\t\t<a href=\"http:\/\/www.fvet.uba.ar\/?q=basesAgricolas#manzan-cim\"><b>Manzanilla Cimarrona<\/b><\/a><br \/>\n\t\t\t<a href=\"http:\/\/www.fvet.uba.ar\/?q=basesAgricolas#neneo\"><b>Neneo<\/b><\/a><br \/>\n\t\t\t<a href=\"http:\/\/www.fvet.uba.ar\/?q=basesAgricolas#ortiga\"><b>Ortiga<\/b><\/a><br \/>\n\t\t\t<a href=\"http:\/\/www.fvet.uba.ar\/?q=basesAgricolas#vinal\"><b>Vinal<\/b><\/a><\/div>\n<div class=\"col-sm-1\">\n\t\t\t&nbsp;<\/div>\n<\/p><\/div>\n<p>\n\t&nbsp;<\/div>\n<div class=\"mision\">\n<div class=\"titulo-secciones\">\n\t\tClasificaci\u00f3n por nombre cient\u00edfico<a class=\"ancla\" id=\"plant_da\u00f1inas_nomb_cientifico\">&nbsp;<\/a><\/div>\n<p>\t&nbsp;<\/p>\n<div class=\"row\">\n<div class=\"col-sm-1\">\n\t\t\t&nbsp;<\/div>\n<div class=\"col-sm-10\">\n<p>\t\t\t<a href=\"http:\/\/www.fvet.uba.ar\/?q=basesAgricolas#manzan-cim\"><b>Anthemis cotula<\/b><\/a><br \/>\n\t\t\t<a href=\"http:\/\/www.fvet.uba.ar\/?q=basesAgricolas#alfilerillo\"><b>Geranium molle<\/b><\/a><br \/>\n\t\t\t<a href=\"http:\/\/www.fvet.uba.ar\/?q=basesAgricolas#cuerno-diablo\"><b>Ibicella lutea<\/b><\/a><br \/>\n\t\t\t<a href=\"http:\/\/www.fvet.uba.ar\/?q=basesAgricolas#manzan-med\"><b>Matricaria chamomilla<\/b><\/a><br \/>\n\t\t\t<a href=\"http:\/\/www.fvet.uba.ar\/?q=basesAgricolas#neneo\"><b>Mulinum spinosum<\/b><\/a><br \/>\n\t\t\t<a href=\"http:\/\/www.fvet.uba.ar\/?q=basesAgricolas#vinal\"><b>Prosopis ruscifolia<\/b><\/a><br \/>\n\t\t\t<a href=\"http:\/\/www.fvet.uba.ar\/?q=basesAgricolas#flech-brava\"><b>Stipa neesiana<\/b><\/a><br \/>\n\t\t\t<a href=\"http:\/\/www.fvet.uba.ar\/?q=basesAgricolas#ortiga\"><b>Urtica urens<\/b><\/a><br \/>\n\t\t\t<a href=\"http:\/\/www.fvet.uba.ar\/?q=basesAgricolas#abrojo-gr\"><b>Xanthium cavanillesii<\/b><\/a><br \/>\n\t\t\t<a href=\"http:\/\/www.fvet.uba.ar\/?q=basesAgricolas#abrojo-ch\"><b>Xanthium spinosum<\/b><\/a><\/div>\n<div class=\"col-sm-1\">\n\t\t\t&nbsp;<\/div>\n<\/p><\/div>\n<p>\n\t&nbsp;<\/div>\n<div class=\"decano\">\n<div class=\"titulo-secciones\">\n\t\tPublicaciones<a class=\"ancla\" id=\"forrajetumanterior\">&nbsp;<\/a><\/div>\n<p>\t&nbsp;<\/p>\n<div class=\"row\">\n<div class=\"col-sm-1\">\n\t\t\t&nbsp;<\/div>\n<div class=\"col-sm-10\">\n\t\t\t<b>\u00c1rea: Bases Agr\u00edcolas<\/b><\/p>\n<p>\t\t\t&nbsp;<\/p>\n<p>\n\t\t\t\t<a class=\"ancla\" id=\"publicaciones\">&nbsp;<\/a><\/p>\n<table align=\"center\" border=\"0\" cellpadding=\"0\" cellspacing=\"0\" width=\"100%\">\n<tbody>\n<tr align=\"center\">\n<td>\n\t\t\t\t\t\t\t<img loading=\"lazy\" decoding=\"async\" alt=\"Imagen 1\" class=\"img-responsive\" height=\"400\" src=\"http:\/\/www.fvet.uba.ar\/archivos\/catedras\/arch_bases_agric\/falfalfa1.jpg\" width=\"300\" \/>Alfalfa(Medicago sativa)<\/td>\n<td>\n\t\t\t\t\t\t\t<img loading=\"lazy\" decoding=\"async\" class=\"img-responsive\" height=\"400\" src=\"http:\/\/www.fvet.uba.ar\/archivos\/catedras\/arch_bases_agric\/fcebadillacriolla.jpg\" width=\"294\" \/>Cebadilla Criolla(Bromus unioloides)<\/td>\n<td>\n\t\t\t\t\t\t\t<img loading=\"lazy\" decoding=\"async\" class=\"img-responsive\" height=\"400\" src=\"http:\/\/www.fvet.uba.ar\/archivos\/catedras\/arch_bases_agric\/flotus.jpg\" width=\"294\" \/>Tr\u00e9bol de los cuernitos(Lotus corniculatus)<\/td>\n<\/tr>\n<\/tbody>\n<\/table>\n<p>\n\t\t\t\t&nbsp;<\/p>\n<p>\n\t\t\t\t&nbsp;<\/p>\n<p>\n\t\t\t\t<a class=\"ancla\" id=\"publicaciones\">&nbsp;<\/a><\/p>\n<table align=\"center\" border=\"0\" cellpadding=\"0\" cellspacing=\"0\" width=\"100%\">\n<tbody>\n<tr align=\"center\">\n<td>\n\t\t\t\t\t\t\t<img loading=\"lazy\" decoding=\"async\" alt=\"Imagen 1\" class=\"img-responsive\" height=\"400\" src=\"http:\/\/www.fvet.uba.ar\/archivos\/catedras\/arch_bases_agric\/fmelilotus.jpg\" width=\"300\" \/>Tr\u00e9bol de olor blanco(Melilotus albus)<\/td>\n<td>\n\t\t\t\t\t\t\t<img loading=\"lazy\" decoding=\"async\" class=\"img-responsive\" height=\"400\" src=\"http:\/\/www.fvet.uba.ar\/archivos\/catedras\/arch_bases_agric\/fpastovillo.jpg\" width=\"294\" \/>Pasto ovillo(Dactylis glomerata)<\/td>\n<td>\n\t\t\t\t\t\t\t<img loading=\"lazy\" decoding=\"async\" class=\"img-responsive\" height=\"400\" src=\"http:\/\/www.fvet.uba.ar\/archivos\/catedras\/arch_bases_agric\/ftreblanco1.jpg\" width=\"294\" \/>Tr\u00e9bol blanco(Trifolium repens)<\/td>\n<\/tr>\n<\/tbody>\n<\/table>\n<p>\n\t\t\t\t&nbsp;<\/p>\n<p>\n\t\t\t\t&nbsp;<\/p>\n<p>\n\t\t\t\t<a class=\"ancla\" id=\"publicaciones\">&nbsp;<\/a><\/p>\n<table align=\"center\" border=\"0\" cellpadding=\"0\" cellspacing=\"0\" width=\"100%\">\n<tbody>\n<tr align=\"center\">\n<td>\n\t\t\t\t\t\t\t<img loading=\"lazy\" decoding=\"async\" alt=\"Imagen 1\" class=\"img-responsive\" height=\"400\" src=\"http:\/\/www.fvet.uba.ar\/archivos\/catedras\/arch_bases_agric\/ftrebolrojo2.jpg\" width=\"300\" \/>Tr\u00e9bol rojo(Trifolium pratense)<\/td>\n<td>\n\t\t\t\t\t\t\t<img loading=\"lazy\" decoding=\"async\" class=\"img-responsive\" height=\"400\" src=\"http:\/\/www.fvet.uba.ar\/archivos\/catedras\/arch_bases_agric\/fviciasativa.jpg\" width=\"294\" \/>Vicia(Vicia sativa)<\/td>\n<td>\n\t\t\t\t\t\t\t<img loading=\"lazy\" decoding=\"async\" class=\"img-responsive\" height=\"400\" src=\"http:\/\/www.fvet.uba.ar\/archivos\/catedras\/arch_bases_agric\/ftrebolrojo.jpg\" width=\"294\" \/>Tr\u00e9bol rojo(Trifolium pratense)<\/td>\n<\/tr>\n<\/tbody>\n<\/table>\n<p>\n\t\t\t\t&nbsp;<\/p>\n<p>\n\t\t\t\t&nbsp;<\/p>\n<\/p><\/div>\n<div class=\"col-sm-1\">\n\t\t\t&nbsp;<\/div>\n<\/p><\/div>\n<p>\n\t&nbsp;<\/div>\n<div class=\"autoridades\">\n<div class=\"titulo-secciones\">\n\t\tJard\u00edn de Plantas Ornamentales T\u00f3xicas<a class=\"ancla\" id=\"cyclamen\">&nbsp;<\/a><\/div>\n<p>\t&nbsp;<\/p>\n<div class=\"row\">\n<div class=\"col-sm-1\">\n\t\t\t&nbsp;<\/div>\n<div class=\"col-sm-10\">\n<p>\t\t\t<b>&#8211; Violeta de los Alpes<\/b><br \/>\n\t\t\t&nbsp;<\/p>\n<table class=\"table table\">\n<thead>\n<tr>\n<th>\n\t\t\t\t\t\t\t<img loading=\"lazy\" decoding=\"async\" class=\"img-responsive\" height=\"225\" src=\"http:\/\/www.fvet.uba.ar\/archivos\/catedras\/arch_bases_agric\/cyclamen.jpg\" width=\"300\" \/><\/th>\n<th>\n\t\t\t\t\t\t\t<b>Nombre cient\u00edfico: Cyclamen <\/b><\/p>\n<p>\t\t\t\t\t\t\tFamilia: Primulaceae<\/p>\n<p>\t\t\t\t\t\t\tPrincipio t\u00f3xico: Saponinas<\/p>\n<p>\t\t\t\t\t\t\tModo de intoxicaci\u00f3n: por ingesti\u00f3n y por contacto<\/p>\n<p>\t\t\t\t\t\t\tParte t\u00f3xica del vegetal: Rizomas.<\/p>\n<p>\t\t\t\t\t\t\tDescripci\u00f3n de la planta: Planta perenne provista de un gran rizoma tuberoso. Las hojas son marmoreadas, carnosas con forma acorazonada. Los colores de las flores van del blanco al rojo vivo.<\/p>\n<p>\t\t\t\t\t\t\tOrigen y distribuci\u00f3n: Es originaria de Asia, Grecia y Chipre.<\/p>\n<p>\t\t\t\t\t\t\tS\u00edntomas: Por contacto produce irritaci\u00f3n. Por ingesti\u00f3n del rizoma se puede presentar una gastroenteritis hemorr\u00e1gica, convulsiones y par\u00e1lisis.<\/th>\n<\/tr>\n<\/thead>\n<\/table>\n<p>\n\t\t\t<a class=\"ancla\" id=\"azalea\">&nbsp;<\/a> Jard\u00edn de Plantas Ornamentales T\u00f3xicas<br \/>\n\t\t\t<b>&#8211; Azalea<\/b><br \/>\n\t\t\t&nbsp;<\/p>\n<table class=\"table table\">\n<thead>\n<tr>\n<th>\n\t\t\t\t\t\t\t<img loading=\"lazy\" decoding=\"async\" class=\"img-responsive\" height=\"225\" src=\"http:\/\/www.fvet.uba.ar\/archivos\/catedras\/arch_bases_agric\/azalea.jpg\" width=\"300\" \/><\/th>\n<th>\n\t\t\t\t\t\t\t<b>Nombre cient\u00edfico: Rhododendron spp <\/b><\/p>\n<p>\t\t\t\t\t\t\tFamilia: Ericaceae<\/p>\n<p>\t\t\t\t\t\t\tPrincipio t\u00f3xico: Andromedotoxina. Este compuesto tiene un efecto curarizante.<\/p>\n<p>\t\t\t\t\t\t\tModo de intoxicaci\u00f3n: por ingesti\u00f3n.<\/p>\n<p>\t\t\t\t\t\t\tParte t\u00f3xica del vegetal: toda la planta.<\/p>\n<p>\t\t\t\t\t\t\tDescripci\u00f3n de la planta: Arbusto perenne de tallos le\u00f1osos. Hojas alternas. simples, de bordes lisos o dentados. Flores dispuestas en racimos terminales, de forma tubular partidas en cinco. La floraci\u00f3n se presenta en varios colores (rosa, blanco, amarillo, p\u00farpura y rojo). El fruto es una c\u00e1psula elongada.<\/p>\n<p>\t\t\t\t\t\t\tOrigen y distribuci\u00f3n: Es originaria de Asia y Estados Unidos. Su distribuci\u00f3n es muy amplia. Si bien generalmente es una planta de ubicaci\u00f3n exterior, se la puede encontrar en interiores bien luminosos. Esta planta se halla tambi\u00e9n en forma natural en bosques (en la Argentina en la zona del Delta).<\/p>\n<p>\t\t\t\t\t\t\tS\u00edntomas: Salivaci\u00f3n, lagrimeo y corrimiento nasal, dolor abdominal, depresi\u00f3n, v\u00f3mitos, diarrea, debilidad, dificultad respiratoria, par\u00e1lisis progresiva y coma.<\/th>\n<\/tr>\n<\/thead>\n<\/table>\n<p>\n\t\t\t<a class=\"ancla\" id=\"laurel\">&nbsp;<\/a> Jard\u00edn de Plantas Ornamentales T\u00f3xicas<br \/>\n\t\t\t<b>&#8211; Laurel de Jard\u00edn<\/b><br \/>\n\t\t\t&nbsp;<\/p>\n<table class=\"table table\">\n<thead>\n<tr>\n<th>\n\t\t\t\t\t\t\t<img loading=\"lazy\" decoding=\"async\" class=\"img-responsive\" height=\"225\" src=\"http:\/\/www.fvet.uba.ar\/archivos\/catedras\/arch_bases_agric\/laurel.jpg\" width=\"300\" \/><\/th>\n<th>\n\t\t\t\t\t\t\t<b>Nombre cient\u00edfico: Nerium oleander <\/b><\/p>\n<p>\t\t\t\t\t\t\tFamilia: Apocynaceae<\/p>\n<p>\t\t\t\t\t\t\tPrincipio t\u00f3xico: Gluc\u00f3sidos cardiot\u00f3xicos. Saponinas<\/p>\n<p>\t\t\t\t\t\t\tModo de intoxicaci\u00f3n: por ingesti\u00f3n.<\/p>\n<p>\t\t\t\t\t\t\tParte t\u00f3xica del vegetal: toda la planta, verde o seca.<\/p>\n<p>\t\t\t\t\t\t\tDescripci\u00f3n de la planta: Arbusto perenne erecto de 3-4 m de altura de ramas delgadas y largas. Las hojas son lanceoladas de color verde parduzco. Flores de color blanco, rojo o rosa, formadas por cinco p\u00e9talos.<\/p>\n<p>\t\t\t\t\t\t\tOrigen y distribuci\u00f3n: Europa y Asia. Arbusto muy resistente a toda clase de suelos y a condiciones adversas, aunque muy exigente en el riego.<\/p>\n<p>\t\t\t\t\t\t\tS\u00edntomas: Na\u00faseas y v\u00f3mitos, dolor abdominal, diarrea hem\u00f3rragica. Arritmias card\u00edacas. Pulso d\u00e9bil y lento. Hay dilataci\u00f3n de las pupilas.<\/th>\n<\/tr>\n<\/thead>\n<\/table>\n<p>\n\t\t\t<a class=\"ancla\" id=\"estrefed\">&nbsp;<\/a> Jard\u00edn de Plantas Ornamentales T\u00f3xicas<br \/>\n\t\t\t<b>&#8211; Estrella Federal<\/b><br \/>\n\t\t\t&nbsp;<\/p>\n<table class=\"table table\">\n<thead>\n<tr>\n<th>\n\t\t\t\t\t\t\t<img loading=\"lazy\" decoding=\"async\" class=\"img-responsive\" height=\"225\" src=\"http:\/\/www.fvet.uba.ar\/archivos\/catedras\/arch_bases_agric\/estrefed.jpg\" width=\"300\" \/><\/th>\n<th>\n\t\t\t\t\t\t\t<b>Nombre cient\u00edfico: Euphorbia pulcherrima <\/b><\/p>\n<p>\t\t\t\t\t\t\tFamilia: Euphorbiacea<\/p>\n<p>\t\t\t\t\t\t\tPrincipio t\u00f3xico: L\u00e1tex<\/p>\n<p>\t\t\t\t\t\t\tModo de intoxicaci\u00f3n: por contacto e ingesti\u00f3n del l\u00e1tex irritante.<\/p>\n<p>\t\t\t\t\t\t\tParte t\u00f3xica del vegetal: toda la planta.<\/p>\n<p>\t\t\t\t\t\t\tDescripci\u00f3n de la planta: Es un arbusto de hojas alternas que pueden o no estar aserradas en sus bordes. Las br\u00e1cteas superiores son de color rojo o blancas. Se multiplica por rizomas tuberosos. Puede llegar a medir 2-3 m de alto.<\/p>\n<p>\t\t\t\t\t\t\tOrigen y distribuci\u00f3n: Es originaria de Am\u00e9rica central y M\u00e9xico, conocida por los aztecas con el nombre de Cuetlayochitl. Florece en invierno, multiplic\u00e1ndose por medio de gajos.<\/p>\n<p>\t\t\t\t\t\t\tS\u00edntomas: Irritacion de la piel y conjuntiva ocular por contacto con el l\u00e1tex. Por ingesti\u00f3n, irritaci\u00f3n de la mucosa bucal, diarreas, delirios y temblores.<\/th>\n<\/tr>\n<\/thead>\n<\/table><\/div>\n<div class=\"col-sm-1\">\n\t\t\t&nbsp;<\/div>\n<\/p><\/div>\n<p>\n\t&nbsp;<\/div>\n<div class=\"consejo\">\n<div class=\"titulo-secciones\">\n\t\tCronograma de las Clases Te\u00f3rico &#8211; Pr\u00e1cticas<a class=\"ancla\" id=\"Cronog_tp\">&nbsp;<\/a><\/div>\n<p>\t&nbsp;<\/p>\n<div class=\"row\">\n<div class=\"col-sm-1\">\n\t\t\t&nbsp;<\/div>\n<div class=\"col-sm-10\">\n<p>\n\t\t\tLa planificaci\u00f3n se presenta y publica anualmente en funci\u00f3n del Calendario disponible.<\/p>\n<p>\t\t\tPlanificaci\u00f3n 2008 &#8211; Segundo Cuatrimestre<\/p>\n<p>\t\t\t&#8211; <a href=\"http:\/\/www.fvet.uba.ar\/?q=basesAgricolas#crono_clases\">Cronograma de Clases<\/a><\/p>\n<p>\t\t\t&#8211; <a href=\"http:\/\/www.fvet.uba.ar\/?q=basesAgricolas#noved_2007\">Novedades<\/a><\/p>\n<p>\t\t\t&#8211; <a href=\"http:\/\/www.fvet.uba.ar\/?q=basesAgricolas#hora_consul\">Horarios de consulta<\/a><\/div>\n<div class=\"col-sm-1\">\n\t\t\t&nbsp;<\/div>\n<\/p><\/div>\n<p>\n\t&nbsp;<\/div>\n<div class=\"mision\">\n<div class=\"titulo-secciones\">\n\t\tPlanificaci\u00f3n 2008<a class=\"ancla\" id=\"planif_2008\">&nbsp;<\/a><\/div>\n<p>\t&nbsp;<\/p>\n<div class=\"row\">\n<div class=\"col-sm-1\">\n\t\t\t&nbsp;<\/div>\n<div class=\"col-sm-10\">\n<p>\t\t\tCurso Extramodular de Bases Agr\u00edcolas<\/p>\n<p>\t\t\tPlanificaci\u00f3n 2008<\/p>\n<p>\t\t\tPrimer Cuatrimestre<\/p>\n<p>\t\t\tN\u00ba &#8212; Martes &#8212; Temas<br \/>\n\t\t\t1 &#8212; 4\/3 &#8212; Introducci\u00f3n &#8211; Sistemas de Producci\u00f3n &#8211; Suelos &#8211; Regiones Productivas<\/p>\n<p>\t\t\t2 &#8212; 11\/3 &#8212; Erosi\u00f3n &#8211; Maq. Agr\u00edcola &#8211; Sistemas de Labranza<\/p>\n<p>\t\t\t3 &#8212; 18\/3 &#8212; Agua de Bebida Animal &#8211; Carencias Minerales<\/p>\n<p>\t\t\t4 &#8212; 25\/3 &#8212; Bot\u00e1nica Agr\u00edcola &#8211; Morfofisiolog\u00eda de Especies Forrajeras Clasificac. Forrajes &#8211; Semillas<\/p>\n<p>\t\t\t5 &#8212; 1\/4 &#8212; M\u00e9todos de Pastoreo &#8211; Pasturas &#8211; Meteorismo<\/p>\n<p>\t\t\t6 &#8212; 8\/4 &#8212; Verdeos Campos Naturales &#8211; Cadena Forrajera Integraci\u00f3n Temas 1 y 2<\/p>\n<p>\t\t\t7 &#8212; 15\/4 &#8212; 1er. Parcial<\/p>\n<p>\t\t\t8 &#8212; 22\/4 &#8212; Alimentaci\u00f3n Suplpementaria &#8211; Hnificaci\u00f3n &#8211; Ensilaje &#8211; Henolaje<\/p>\n<p>\t\t\t9 &#8212; 29\/4 &#8212; Granos Forrajeros &#8211; Subproductos &#8211; Rastrojos Diferidos<\/p>\n<p>\t\t\t10 &#8212; 6\/5 &#8212; Plantas Da\u00f1inas &#8211; Introd. Plantas T\u00f3xicas &#8211; Saponinas<\/p>\n<p>\t\t\t11 &#8212; 13\/5 &#8212; Alcaloides &#8211; Enteque Sseco &#8211; Nitratos &#8211; HCN<\/p>\n<p>\t\t\t12 &#8212; 20\/5 &#8212; Oxalatos &#8211; Ornamentales T\u00f3xicas &#8211; Micotoxicosis<\/p>\n<p>\t\t\t13 &#8212; 27\/5 &#8212; Festucosis &#8211; Fotosensibilizaci\u00f3n &#8211; Tembleque del Raigras &#8211; Integraci\u00f3n Unidades 3 y 4<\/p>\n<p>\t\t\t14 &#8212; 3\/6 &#8212; 2\u00ba Parcial &#8211; Evaluaci\u00f3n de Actividades Pr\u00e1cticas(Reconocimiento)<\/p>\n<p>\t\t\t15 &#8212; 10\/6 &#8212; Actividades de Promoci\u00f3n<\/p>\n<p>\t\t\t16 &#8212; 17\/6 &#8212; Recuperatorio 1\u00ba y 2\u00ba Parcial y de Actividades Pr\u00e1cticas<\/p>\n<p>\t\t\t17 &#8212; 24\/6 &#8212; Entrega Actividades Promoci\u00f3n &#8211; Firma de Libretas<\/p><\/div>\n<div class=\"col-sm-1\">\n\t\t\t&nbsp;<\/div>\n<\/p><\/div>\n<p>\n\t&nbsp;<\/div>\n<div class=\"decano\">\n<div class=\"titulo-secciones\">\n\t\tComisiones de Te\u00f3rico &#8211; Pr\u00e1cticos<a class=\"ancla\" id=\"comisiones_tp\">&nbsp;<\/a><\/div>\n<p>\t&nbsp;<\/p>\n<div class=\"row\">\n<div class=\"col-sm-1\">\n\t\t\t&nbsp;<\/div>\n<div class=\"col-sm-10\">\n<p>\t\t\tComisiones de Te\u00f3rico &#8211; Pr\u00e1cticos<\/p>\n<p>\t\t\tComisi\u00f3n 1: martes de 18:30 a 21:30 hs. Docentes: Tec. UPA. Graciela Sardi; Ing. Agr. Cesar Raffa<\/p>\n<p>\t\t\tComisi\u00f3n 2: martes de 11 a 14 hs. Docentes: Ing. Ag. Juan Jos\u00e9 Ormazabal; Vet. Carla Bearzi.<\/p>\n<p>\t\t\tCondiciones para la inscripci\u00f3n: Podr\u00e1n inscribirse en esta cursada extramodular aquellos alumnos con ingreso a la carrera anterior al 2006. Los ingresantes 2006 lo har\u00e1n en la cursada modular del 2\u00b0 cuatrimestre del 2007.<\/p>\n<p>\t\t\tAula: 16 en Pabell\u00f3n de Producci\u00f3n Animal<\/p>\n<p>\t\t\tConfirmar en cartelera del Pabell\u00f3n Central<\/p><\/div>\n<div class=\"col-sm-1\">\n\t\t\t&nbsp;<\/div>\n<\/p><\/div>\n<p>\n\t&nbsp;<\/div>\n<div class=\"autoridades\">\n<div class=\"titulo-secciones\">\n\t\tMedios de Evaluaci\u00f3n<a class=\"ancla\" id=\"medios\">&nbsp;<\/a><\/div>\n<p>\t&nbsp;<\/p>\n<div class=\"row\">\n<div class=\"col-sm-1\">\n\t\t\t&nbsp;<\/div>\n<div class=\"col-sm-10\">\n<p>\t\t\t<b>Medios de Evaluaci\u00f3n<\/b><\/p>\n<p>\t\t\tSistema de Parciales<\/p>\n<p>\t\t\t<b>Condiciones de Promoci\u00f3n<\/b>:<br \/>\n\t\t\tPara alcanzar la condici\u00f3n de alumno promovido deber\u00e1 asistir al 75% de los te\u00f3rico-pr\u00e1cticos obtener 8 puntos sobre 10, en cada uno de los dos parciales como m\u00ednimo, sin recuperaci\u00f3n, aprobar las actividades pr\u00e1cticas, sin recuperaci\u00f3n y aprobar una actividad especial. Asimismo, deber\u00e1 tener aprobada la correlativa correspondiente (Qu\u00edmica Org\u00e1nica de Biomol\u00e9culas) antes de la inscripci\u00f3n al curso. En el caso de no alcanzar este nivel, y cumpliendo los requisitos del \u00edtem siguiente quedar\u00e1 como alumno regular.<\/p>\n<p>\t\t\t<b>Condiciones de Regularidad<\/b>:<br \/>\n\t\t\tLos alumnos rendir\u00e1n dos ex\u00e1menes parciales escritos en los que deber\u00e1n alcanzar 6 puntos sobre 10 en cada uno y tendr\u00e1n la posibilidad de un solo recuperatorio, y aprobar las actividades pr\u00e1cticas, con posibilidad de recuperatorio, que se aprobar\u00e1 con el mismo nivel de calificaci\u00f3n para quedar como alumno regular. Adem\u00e1s, deber\u00e1 asistir al 75 % de los te\u00f3rico-pr\u00e1cticos.<\/p>\n<p>\t\t\t<b>Condiciones de Asistencia Cumplida<\/b>:<br \/>\n\t\t\tDe no haber alcanzado el nivel de alumno regular pero habiendo asistido al 75% de las clases y aprobado el 60% de los te\u00f3rico-pr\u00e1cticos quedar\u00e1 en la condici\u00f3n de asistencia cumplida de acuerdo a la reglamentaci\u00f3n vigente.<\/div>\n<div class=\"col-sm-1\">\n\t\t\t&nbsp;<\/div>\n<\/p><\/div>\n<p>\n\t&nbsp;<\/div>\n<div class=\"consejo\">\n<div class=\"titulo-secciones\">\n\t\tBibliograf\u00eda<a class=\"ancla\" id=\"bibliografia\">&nbsp;<\/a><\/div>\n<p>\t&nbsp;<\/p>\n<div class=\"row\">\n<div class=\"col-sm-1\">\n\t\t\t&nbsp;<\/div>\n<div class=\"col-sm-10\">\n<p>\n\t\t\t<b>Bibliograf\u00eda B\u00e1sica<\/b>:<\/p>\n<p>\t\t\tBases para la Producci\u00f3n Animal &#8211; M. Alejandra Herrero &#8211; (2008) NUEVA Edici\u00f3n &#8211; (incluye todas las unidades Tem\u00e1ticas del programa) &#8211; Editorial BMPress, Buenos Aires. p. 506 ISBN 978-987-21426-5-0<\/p>\n<p>\t\t\tBases Agr\u00edcolas para la Producci\u00f3n Animal &#8211; Gu\u00eda de Actividades Pr\u00e1cticas &#8211; Autores: Herrero, M. A., Sardi, G., Ormazabal, JJ.; (2008) 5da. Edici\u00f3n &#8211; Incluye modificaci\u00f3n en las actividades de las ediciones anteriores &#8211; Editorial BMPress, Buenos Aires. p. 166 ISBN 987-97692-6-0<\/p>\n<p>\t\t\t\u201cPlantas Ornamentales T\u00f3xicas\u201d Gu\u00eda para el diagn\u00f3stico, tratamiento y prevenci\u00f3n de las intoxicaciones en peque\u00f1os animales &#8211; Autores: Iramain, M. S; Herrero, M. A., Volpe, S., Toro, S. ; (2008) \u2013 Incluye descripci\u00f3n de las principales intoxicaciones producidas por plantas de adorno en animales de compa\u00f1\u00eda. Contiene ilustraciones para su reconocimiento &#8211; Editorial BMPress, Buenos Aires. p. 150 ISBN 978-987-1500-01-7<\/p>\n<p>\n\t\t\t<b>Bibliograf\u00eda Ampliatoria<\/b>:<\/p>\n<p>\t\t\tBavera, G., Beguet, H., Bocco, O. AGUAS Y AGUADAS. Ed. Hemisferio Sur, 1989.<\/p>\n<p>\t\t\tBuckman y Brady. \u201cNATURALEZA Y PROPIEDADES DE LOS SUELOS\u201d, Barcelona, l966.<\/p>\n<p>\t\t\tCar\u00e1mbula, M. \u201cPRODUCCION Y MANEJO DE PASTURAS SEMBRADAS\u201d Ed.Hemisferio Sur,Bs.As,1977.<\/p>\n<p>\t\t\tCangiano, C., \u201cPRODUCCION ANIMAL EN PASTOREO\u201d Ed. INTA, Balcarce, Argentina, 1997<\/p>\n<p>\t\t\tFernandez Grecco, R., PRINCIPIOS DE MANEJO DEL CAMPO NATURAL, INTA, Balcarce, 1999<\/p>\n<p>\t\t\tGallo, G. \u201dPLANTAS TOXICAS PARA EL GANADO EN EL CONO SUR DE AMERICA\u201d.Hemisferio Sur, 1987.<\/p>\n<p>\t\t\tMaddaloni, J., Ferrari, L. FORRAJERAS Y PASTURAS DEL ECOSISTEMA TEMPLADO HUMEDO DE LA ARGENTINA. Editado por INTA &#8211; UNLZ, 2001.<\/p>\n<p>\t\t\tPapadakis, Juan. \u201cECOLOGIA Y MANEJO DE LOS CULTIVOS, PASTURAS Y SUELOS\u201d. Ed.Albatros. 1980.<\/p>\n<p>\t\t\tRagonese, A; Milano,V \u201cVEGETALES Y SUSTANCIAS TOXICAS DE LA FLORA ARGENTINA\u201d. Enciclopedia Argentina de Agricultura y Jardiner\u00eda, 2da. Edici\u00f3n,Tomo II Fasc\u00edculo 8-2, Ed.Acm.,Bs.As. l984.<\/p>\n<p>\t\t\tSAGPYA \u2013 CFA, \u201cALERTA AMARILLO\u201d EL DETERIORO DE LAS TIERRAS EN LA REPUBLICA ARGENTINA, Secretar\u00eda de Agricultura, Ganader\u00eda, Pesca y Alimentaci\u00f3n, 1995.<\/p>\n<p>\t\t\tSAGPYA, EL DESARROLLO AGROPECUARIO PAMPEANO, Secretar\u00eda de Agricultura, Ganader\u00eda, Pesca y Alimentaci\u00f3n, 1996.<\/p>\n<p>\t\t\tSolbrig, O. y Vainesman, L. HACIA UNA AGRICULTURA PRODUCTIVA Y SOSTENIBLE EN LA PAMPA, Editado por el david Rockefeller Center for Latin American Studies, 1998.<\/p>\n<p>\t\t\tVoisin. A . LA VACA Y LA HIERBA &#8211; (1980) &#8211; Ed. Tecnos Madrid.<\/p>\n<p>\t\t\tVoisin. A &#8211; LA PRODUCTIVIDAD DE LA HIERBA &#8211; (1980) &#8211; Ed. Tecnos Madrid.<\/p><\/div>\n<div class=\"col-sm-1\">\n\t\t\t&nbsp;<\/div>\n<\/p><\/div>\n<p>\n\t&nbsp;<\/div>\n<div class=\"mision\">\n<div class=\"titulo-secciones\">\n\t\tRes CD: 1737\/08 &#8211; Propuesta de Programa Definitivo<a class=\"ancla\" id=\"programa_1737_08\">&nbsp;<\/a><\/div>\n<p>\t&nbsp;<\/p>\n<div class=\"row\">\n<div class=\"col-sm-1\">\n\t\t\t&nbsp;<\/div>\n<div class=\"col-sm-10\">\n<p>\t\t\tRes CD: 1737\/08 &#8211; Propuesta de Programa Definitivo<\/p>\n<p>\t\t\tCurso de Producci\u00f3n Animal y Medio Ambiente<\/p>\n<p>\t\t\tCarreras: Licenciatura en Agroalimentos(curso electivo) y Veterinaria(curso optativo)<\/p>\n<p>\t\t\tModalidad: Clases te\u00f3rico-pr\u00e1cticas, viajes y an\u00e1lisis de casos.<\/p>\n<p>\t\t\tContenidos Tem\u00e1ticos:<br \/>\n\t\t\tUnidad Tem\u00e1tica 1:<br \/>\n\t\t\t&#8211; 1. Evoluci\u00f3n de los sistemas de producci\u00f3n animal y su impacto sobre el medio ambiente: Sistemas de producci\u00f3n animal. Procesos de intensificaci\u00f3n, concentraci\u00f3n, cambios en el stock de carbono, utilizaci\u00f3n de la energ\u00eda f\u00f3sil, etc., en la Argentina y en el mundo.<br \/>\n\t\t\t&#8211; 2. El ciclo de nutrientes en la relaci\u00f3n del animal con el ambiente: Ciclos abiertos y ciclos cerrados. Cambios en los ciclos en los diferentes sistemas de producci\u00f3n. Transferencia de nutrientes a nivel potrero, predio y regi\u00f3n. Cuantificaci\u00f3n de los ciclos y transferencias de nutrientes a partir del c\u00e1lculo de los balances en sistemas de producci\u00f3n de leche y carne. Estudio de casos.<\/p>\n<p>\t\t\tUnidad Tem\u00e1tica 2:<br \/>\n\t\t\t&#8211; 1. Manejo del agua y efluentes en sistemas ganaderos: Reutilizaci\u00f3n de agua, metodolog\u00eda para su c\u00e1lculo a campo y redise\u00f1o de instalaciones. Tratamiento y reuso de efluentes en sistemas ganaderos.<br \/>\n\t\t\t&#8211; 2. Impacto de la ganader\u00eda sobre la emisi\u00f3n de gases con efecto invernadero: Descripci\u00f3n de los gases de efecto invernadero dentro de los sistemas de producci\u00f3n animal. M\u00e9todos de estimaci\u00f3n en sistemas pastoriles y estabulados (CO2, Metano, NOx). Factores que modifican su emisi\u00f3n. Estrategias nutricionales y de manejo para su disminuci\u00f3n en los sistemas de producci\u00f3n animal.<br \/>\n\t\t\t&#8211; 3. Drogas de uso veterinario en producci\u00f3n animal. Efectos sobre el medio ambiente e implicancia en la cadena agroalimentaria: Impacto potencial de los medicamentos veterinarios sobre el ambiente. Factores que determinan la posibilidad de riesgo ambiental. Destino de los f\u00e1rmacos utilizados en producci\u00f3n animal sobre suelos y agua. Concepto de PEC y MEC. Efectos sobre poblaciones e individuos. Concepto de LC, NOEC y PNEC. Evaluaci\u00f3n de riesgo ambiental en productos veterinarios. Bioensayos y farmacovigilancia. Caracter\u00edsticas de algunos f\u00e1rmacos utilizados en medicina veterinaria (antibi\u00f3ticos, antiparasitarios, etc.). Recomendaciones para disminuir el riesgo ambiental.<\/p>\n<p>\t\t\tUnidad Tem\u00e1tica 3:<br \/>\n\t\t\t&#8211; 1. Estrategias para disminuir la contaminaci\u00f3n en los diferentes sistemas ganaderos: Desarrollo de estrategias para diferentes sistemas productivos: Pastoreos rotativos, localizaci\u00f3n de comederos y aguadas, planteos de producci\u00f3n org\u00e1nicos, buenas pr\u00e1cticas de manejo de drogas veterinarias (ejemplo: mastitis, piet\u00edn etc y uso de antibi\u00f3ticos).<br \/>\n\t\t\t&#8211; 2. Indicadores de sustentabilidad ambiental: Concepto y alcances de los indicadores m\u00e1s utilizados para diagnosticar y monitorear sistemas de producci\u00f3n animal. Aplicaci\u00f3n y desarrollo de indicadores a nivel de predio, de sistema y de regi\u00f3n. Aplicaci\u00f3n del Agro-ecoindex y de otros indicadores a casos de estudio.<br \/>\n\t\t\t&#8211; 3. Gesti\u00f3n ambiental \u2013 Capacitaci\u00f3n y participaci\u00f3n comunitaria: Concepto de gesti\u00f3n ambiental. Pasos a seguir para la implementaci\u00f3n de un sistema de gesti\u00f3n ambiental en sistemas ganaderos. Aplicaci\u00f3n de normas ISO 14000 a predios rurales. Utilizaci\u00f3n de herramientas: ej. Navegador Agroambiental. Desarrollo de un protocolo de habilitaci\u00f3n y control de establecimientos ganaderos. Estudio de casos de participaci\u00f3n comunitaria en gesti\u00f3n ambiental de cuencas lecheras.<br \/>\n\t\t\t&#8211; 4. Alternativas tecnol\u00f3gicas que priorizan la sustentabilidad ambiental de los sistemas de producci\u00f3n animal: Ejemplos de nuevas tecnolog\u00edas aplicables y de c\u00f3mo su utilizaci\u00f3n modifica las emisiones desde los sistemas de producci\u00f3n animal en la Argentina. Ejemplos: biodigestores, fertilizaciones de precisi\u00f3n, etc.<\/div>\n<div class=\"col-sm-1\">\n\t\t\t&nbsp;<\/div>\n<\/p><\/div>\n<p>\n\t&nbsp;<\/div>\n<div class=\"decano\">\n<div class=\"titulo-secciones\">\n\t\tCronograma del Curso: \u201dProducci\u00f3n Animal y Medio Ambiente\u201d<a class=\"ancla\" id=\"cronograma_1737_08\">&nbsp;<\/a><\/div>\n<p>\t&nbsp;<\/p>\n<div class=\"row\">\n<div class=\"col-sm-1\">\n\t\t\t&nbsp;<\/div>\n<div class=\"col-sm-10\">\n<p>\n\t\t\tCronograma:<br \/>\n\t\t\tEl curso se dictar\u00e1 en 5 clases y una pr\u00e1ctica a campo.<\/p>\n<p>\t\t\tClase 1: Evoluci\u00f3n de los sistemas de producci\u00f3n animal y su impacto sobre el medio ambiente. Manejo del agua y efluentes en sistemas ganaderos.<\/p>\n<p>\t\t\tClase 2: El ciclo de nutrientes en la relaci\u00f3n del animal con el ambiente. Estudio de casos.<\/p>\n<p>\t\t\tClase 3: Drogas de uso veterinario en producci\u00f3n animal. Efectos sobre el medio ambiente e implicancia en la cadena agroalimentaria.<\/p>\n<p>\t\t\tClase 4: Indicadores de sustentabilidad ambiental. Gesti\u00f3n ambiental. Capacitaci\u00f3n y participaci\u00f3n comunitaria.<\/p>\n<p>\t\t\tClase 5: Pr\u00e1ctica de campo para evaluar impacto de sistemas de producci\u00f3n.<\/p>\n<p>\t\t\tClase 6: Impacto de la ganader\u00eda sobre la emisi\u00f3n de gases con efecto invernadero. Estrategias para disminuir la contaminaci\u00f3n en los diferentes sistemas ganaderos. Alternativas tecnol\u00f3gicas que priorizan la sustentabilidad ambiental de los sistemas de producci\u00f3n animal. Evaluaci\u00f3n.<\/p>\n<p>\t\t\tLas Modificaciones Anuales de los Cronogramas se Publicar\u00e1n V\u00eda Cartelera Web y Ser\u00e1n Publicadas en el Diario Editado a Principio de Cada Cuatrimestre.<\/p><\/div>\n<div class=\"col-sm-1\">\n\t\t\t&nbsp;<\/div>\n<\/p><\/div>\n<p>\n\t&nbsp;<\/div>\n<div class=\"autoridades\">\n<div class=\"titulo-secciones\">\n\t\tRes CD: 1737\/08 &#8211; Propuesta de Programa Definitivo<a class=\"ancla\" id=\"evaluacion_1737_08\">&nbsp;<\/a><\/div>\n<p>\t&nbsp;<\/p>\n<div class=\"row\">\n<div class=\"col-sm-1\">\n\t\t\t&nbsp;<\/div>\n<div class=\"col-sm-10\">\n<p>\t\t\tCurso de Producci\u00f3n Animal y Medio Ambiente<\/p>\n<p>\t\t\tCarreras: Licenciatura en Agroalimentos(curso electivo) y Veterinaria(curso optativo)<\/p>\n<p>\t\t\tModalidad: Clases te\u00f3rico-pr\u00e1cticas, viajes y an\u00e1lisis de casos.<\/p>\n<p>\t\t\tMedios de Evaluaci\u00f3n:<br \/>\n\t\t\tCondiciones para la promoci\u00f3n: Para alcanzar la condici\u00f3n de alumno promovido deber\u00e1 asistir al 75 % de los te\u00f3rico-pr\u00e1cticos, al 50 % de los viajes organizados para el curso y aprobar el trabajo grupal de evaluaci\u00f3n de la condici\u00f3n ambiental de predios ganaderos. Asimismo deber\u00e1 aprobar la evaluaci\u00f3n integradora final del curso, sin recuperaci\u00f3n. En el caso de no alcanzar este nivel, y cumpliendo los requisitos del item siguiente quedar\u00e1 como alumno regular.<\/p>\n<p>\t\t\tCondiciones para la regularidad: Los alumnos realizar\u00e1n un trabajo grupal (entre 2 y 4 participantes), consistente en la evaluaci\u00f3n de la condicion ambiental de un predio rural. Para alcanzar la condici\u00f3n de alumno regular deber\u00e1 asistir al 75 % de los te\u00f3rico-pr\u00e1cticos, al 50 % de los viajes organizados para el curso y aprobar el trabajo grupal.<\/p>\n<p>\t\t\tPrograma de examen final: El programa de ex\u00e1men final es el mismo que el anal\u00edtico que figura en el item contenido tem\u00e1tico.<\/p><\/div>\n<div class=\"col-sm-1\">\n\t\t\t&nbsp;<\/div>\n<\/p><\/div>\n<p>\n\t&nbsp;<\/div>\n<div class=\"consejo\">\n<div class=\"titulo-secciones\">\n\t\tRes CD: 1737\/08 &#8211; Propuesta de Programa Definitivo<a class=\"ancla\" id=\"bibliografia_1737_08\">&nbsp;<\/a><\/div>\n<p>\t&nbsp;<\/p>\n<div class=\"row\">\n<div class=\"col-sm-1\">\n\t\t\t&nbsp;<\/div>\n<div class=\"col-sm-10\">\n<p>\n\t\t\tCurso de Producci\u00f3n Animal y Medio Ambiente<\/p>\n<p>\t\t\tCarreras: Licenciatura en Agroalimentos(curso electivo) y Veterinaria(curso optativo)<\/p>\n<p>\t\t\tModalidad: Clases te\u00f3rico-pr\u00e1cticas, viajes y an\u00e1lisis de casos.<\/p>\n<p>\t\t\tBibliograf\u00eda:<\/p>\n<p>\t\t\tAndriulo, A., Sasal, C., Amendola, C., Rimatori, F. (2003). Impacto de un sistema intensivo de producci\u00f3n de carne vacuna sobre algunas propiedades del suelo y del agua. RIA 32 (3): 27-56<\/p>\n<p>\t\t\tAtkinson, D. y Watson, C.A.- 1996 &#8211; The environmental impact of intensive systems of animal production in the lowlands- Animal Science Vol 63: 353 &#8211; 361.<\/p>\n<p>\t\t\tBoxall, A. (2004). The environmental side effects of medication. EMBO Reports, 5: 1110-1116 Dairy Manure Management \u2013 Trabajos varios sobre tratamiento de efluentes del Simposio de Manejo de Efluentes en tambos. Siracusa, NY.USA 1989<\/p>\n<p>\t\t\tBoxall, A., Fogg, L.A., Kay, P., Blackwell, P.A., Pemberton, E.J., Croxford, A. (2003). Priorisation of veterinary medicines in the UK environment. Toxicology Letters 142: 207-218<\/p>\n<p>\t\t\tDe la Torre, A. (1999) Estudios t\u00e9cnicos de gesti\u00f3n ambiental. Revista Anapore 193:74-86<\/p>\n<p>\t\t\tDe la Torre, A., Rueda, O. Impacto ambiental de la producci\u00f3n porcina.<\/p>\n<p>\t\t\tD\u00edaz Zorita, M. (2001). El ciclo de nutrientes en sistemas pastoriles. En: Taller de Manejo de pastoreo \u2013 Soporte Inform\u00e1tico. Asoc. Arg. De Prod. Anim., Balcarce, Argentina. 17 P\u00e1g.<\/p>\n<p>\t\t\tFloate, K. Endectocide use in cattle and fecal residues: environmental effects in Canada (2006) Canad J Vet Res 70:1-10<br \/>\n\t\t\tHerrero, M. A., Gil, S.B., Sardi, G., Flores, M., Carb\u00f3, L., Orlando A. (2006) Transferencia de nutrientes del \u00e1rea de pastoreo a la de orde\u00f1o en tambos semiextensivos en Buenos Aires Argentina. InVet Investigaci\u00f3n Veterinaria 6 (1) on line. http:\/\/www.fvet.uba.ar\/invet\/<\/p>\n<p>\t\t\tHerrero, M. A.; Gil, S.B.; Flores, M.C.; Sardi, G.M.; Orlando, A.A. Balance de nitr\u00f3geno y f\u00f3sforo a escala predial, en sistemas lecheros pastoriles en Argentina. InVet Investigaci\u00f3n Veterinaria 6 (1) on line http:\/\/www.fvet.uba.ar\/invet\/herrero28.pdf<\/p>\n<p>\t\t\tHerrero, M.A.; Sardi, G.; Maldonado May, V.; Flores, M.; Orlando, A.; Carb\u00f3, L \u2013 2000- Distribucion de la calidad del agua subterranea en sistemas de producci\u00f3n agropecuarios bonaerenses &#8211; II &#8211; Condiciones de manejo y grado de contaminaci\u00f3n &#8211; Rev. Arg. de Prod. Animal (AAPA) \u2013 Vol 20 N\u00b03-4-2000 : 237 \u2013 247<\/p>\n<p>\t\t\tIglesias, L.E; Saumell, C.A.; Fus\u00e9, L. A.; Lifschitz, A. L.; Rodriguez, E. M.; Steffan, P. E.; Fiel, C. A. (2005). Impacto ambiental de la ivermectina eliminada por bovinos tratados en oto\u00f1o, sobre la coprofauna y la degradaci\u00f3n de la materia fecal en pasturas (Tandil, Argentina). RIA 34: 83-103<\/p>\n<p>\t\t\tJjemba, P. (2003) The potencial impact of veterinary and human therapeutic agents in manure and biosolids on plants grown on arable land: a review \u2013 Agriculture, ecosystem and environment 93: 267-278<\/p>\n<p>\t\t\tKoelsch, R.; Lesoing, G. (1999) Nutrient balance on Nebraska livestock confinement systems. J. Anim. Sci. 77 Suppl. 2\/ J. Dairy Sci. 82, Suppl. 2: 63-71<\/p>\n<p>\t\t\tK\u00fcmmerer, K. Resistance in the environment (2004) J. Antimicr Chemother 54: 311-320<\/p>\n<p>\t\t\tMcKellar, Q.A. (1997). Ecotoxicology and residues of anthelmintic compounds. Vet. Parasitol 72: 413-435<\/p>\n<p>\t\t\tNosetti, L.; Herrero, M.A., Pol, M., Maldonado May, V., Gemini,V., Rossi, S., Korol, S. Flores, M. (2002). Cuantificaci\u00f3n y caracterizaci\u00f3n de agua y efluentes en establecimientos lecheros, parte II. Calidad de efluentes y eficiencia de los procesos de tratamiento. InVet Investigaci\u00f3n Veterinaria 4: 45-54<\/p>\n<p>\t\t\tNosetti, L.; Herrero, M.A., Pol, M., Maldonado May, V., Iramain, S., Flores, M. (2002). Cuantificaci\u00f3n y caracterizaci\u00f3n de agua y efluentes en establecimientos lecheros, parte I. Demanda de agua y manejo de fluentes &#8211; InVet Investigaci\u00f3n Veterinaria 4: 37-43<\/p>\n<p>\t\t\tStout, W., Gburek, W., Schnabel, R., Folmar, G., Weaver, S., 1998. Soil-climate effects on nitrate leaching from cattle excreta. J. Environ. Qual. (27): 992-998<\/p>\n<p>\t\t\tSweeten J. M., Marek T.H., McReynolds D. (1995). Groundwater quality near two cattle feedlots in Texas High Plains: a case study. American Society of Agricultural Engineers Vol 11 (6) : 845-850<\/p>\n<p>\t\t\tVan Horn, H.H.; Wilkie, A.C., Powers, W.J.; Nordstedt, R.A. (1994). Components of Dairy Manure Management Systems. J Dairy Sci 77: 2008-2030.<\/p>\n<p>\t\t\tProhibiciones y restricciones de productos agroqu\u00edmicos y veterinarios \u2013 SENASA Informe final de la misi\u00f3n de la UE sobre residuos y contaminantes en animales vivos y productos de origen animal<\/p>\n<p>\t\t\tVelagati, R. (1997). Behavior of pharmaceutical drugs (human and animal health) in the environment. Drug Informations Journal, 31:715-722<\/p>\n<p>\t\t\tViglizzo, E.F. , Roberto, Z.E. (1997). El componente ambiental en la intensificaci\u00f3n ganadera. Rev. Arg. Prod. Anim. 17: 271-295.<\/p>\n<p>\t\t\tViglizzo, E.F.; Pordomingo, A.J.; Castro, M.G.; L\u00e9rtora, F. (2002). La sustentabilidad ambiental del agro pampeano -Programa Nacional de Gesti\u00f3n Ambiental Agropecuaria. INTA, pp. 84.<\/p><\/div>\n<div class=\"col-sm-1\">\n\t\t\t&nbsp;<\/div>\n<\/p><\/div>\n<p>\n\t&nbsp;<\/div>\n<div class=\"mision\">\n<div class=\"titulo-secciones\">\n\t\tCronograma de Clases<a class=\"ancla\" id=\"crono_clases\">&nbsp;<\/a><\/div>\n<p>\t&nbsp;<\/p>\n<div class=\"row\">\n<div class=\"col-sm-1\">\n\t\t\t&nbsp;<\/div>\n<div class=\"col-sm-10\">\n<p>\n\t\t\tN\u00ba &#8212;&#8211; Temas lunes<br \/>\n\t\t\t1 &#8212;&#8211; Introducci\u00f3n &#8211; Sistemas de Producci\u00f3n &#8211; Suelos &#8211; Regiones Productivas<\/p>\n<p>\t\t\t2 &#8212;&#8211; Erosi\u00f3n &#8211; Maquinarias &#8211; Sistemas de Labranza<\/p>\n<p>\t\t\t3 &#8212;&#8211; Agua de bebida animal &#8211; Carencias minerales<\/p>\n<p>\t\t\t4 &#8212;&#8211; Bot\u00e1nica Agricola &#8211; Morfofisiolog\u00eda de Especies Forrajeras &#8211; Clasificaci\u00f3n Forrajes &#8211; Semillas<\/p>\n<p>\t\t\t5 &#8212;&#8211; M\u00e9todos de Pastoreo &#8211; Verdeos &#8211; Campos Naturales<\/p>\n<p>\t\t\t6 &#8212;&#8211; Pasturas &#8211; Meteorismo &#8211; Cadena Forrajera<\/p>\n<p>\t\t\t7 &#8212;&#8211; 1er. PARCIAL<\/p>\n<p>\t\t\t8 &#8212;&#8211; Alimentaci\u00f3n Suplementaria. Henificaci\u00f3n, ensilaje, henolaje<\/p>\n<p>\t\t\t9 &#8212;&#8211; Rastrojos &#8211; Diferidos &#8211; Granos Forrajeros &#8211; Subproductos Plantas Da\u00f1inas<\/p>\n<p>\t\t\t10 &#8212;&#8211; Introd. Plantas T\u00f3xicas &#8211; Saponinas &#8211; Alcaloides &#8211; Enteque Seco<\/p>\n<p>\t\t\t11 &#8212;&#8211; Nitratos &#8211; Gluc\u00f3sidos Cianogen\u00e9ticos &#8211; Oxalatos &#8211; Ornamentales T\u00f3xicas<\/p>\n<p>\t\t\t12 &#8212;&#8211; Micotoxicosis &#8211; Festucosis &#8211; Tembleque del Raigr\u00e1s &#8211; Fotosensibilizaci\u00f3n<\/p>\n<p>\t\t\t13 &#8212;&#8211; 2\u00ba PARCIAL<\/p>\n<p>\t\t\t14 &#8212;&#8211; Evaluaci\u00f3n de Actividades Pr\u00e1cticas &#8211; PROMOCI\u00d3N<\/p>\n<p>\t\t\t15 &#8212;&#8211; RECUP. 1\u00ba Y 2\u00ba PARCIAL Y DE ACTIVIDADES PR\u00c1CTICAS<\/p>\n<p>\t\t\t16 &#8212;&#8211; ACTIVIDAD PROMOCI\u00d3N<\/p>\n<p>\t\t\t17 &#8212;&#8211; ENTREGA ACTIVIDADES PROMOCI\u00d3N. FIRMA DE LIBRETAS<\/p>\n<p>\n\t\t\tLas Modificaciones Anuales de los Cronogramas se Publicar\u00e1n V\u00eda Cartelera Web y Ser\u00e1n Publicadas en el Diario Editado a Principio de Cada Cuatrimestre.<\/div>\n<div class=\"col-sm-1\">\n\t\t\t&nbsp;<\/div>\n<\/p><\/div>\n<p>\n\t&nbsp;<\/div>\n<div class=\"decano\">\n<div class=\"titulo-secciones\">\n\t\tIngresantes<a class=\"ancla\" id=\"ingresantes\">&nbsp;<\/a><\/div>\n<p>\t&nbsp;<\/p>\n<div class=\"row\">\n<div class=\"col-sm-1\">\n\t\t\t&nbsp;<\/div>\n<div class=\"col-sm-10\">\n<p>\t\t\tNovedades 2007<\/p>\n<p>\t\t\tSeminarios Integradores: Mi\u00e9rcoles de 15 a 17 hs.<br \/>\n\t\t\tFechas : 05\/09, 12\/09, 19\/09, 26\/09, 10\/10 y 17\/10<br \/>\n\t\t\tSer\u00e1n dictados en los anfiteatros.<\/p>\n<p>\t\t\tFECHAS Y HORARIOS &#8212;&#8212;&#8212;&#8212;&#8212;&#8212;&#8212;&#8212;&#8212;&#8212;&#8212;&#8212;&#8212;&#8212;&#8212;&#8212;&#8211; NECESIDAD DE AULA<br \/>\n\t\t\t====================================================================================<br \/>\n\t\t\tSeminarios Integradores:<br \/>\n\t\t\tMi\u00e9rcoles de 15 a 17 hs.<\/p>\n<p>\t\t\tMI\u00c9RCOLES 05\/09, 12\/09, 19\/09, 26\/09, 10\/10 y 17\/10 &#8212;&#8211; ANFITEATRO<br \/>\n\t\t\tCLASES COMPLEMENTARIAS:<br \/>\n\t\t\tSe realizar\u00e1n durante las semanas 15, 16 y 17 &#8212;&#8212;&#8212;&#8212;&#8212;- AULAS ASIGNADAS PARA EL DICTADO DEL CURSO<br \/>\n\t\t\t====================================================================================<br \/>\n\t\t\tFECHAS Y HORARIOS &#8212;&#8212;&#8212;&#8212;&#8212;&#8212;&#8212;&#8212;&#8212;&#8212;&#8212;&#8212;&#8212;&#8212;&#8212;&#8212;&#8211; NECESIDAD DE AULA<br \/>\n\t\t\t====================================================================================<br \/>\n\t\t\t1\u00ba Parcial Semana 8<br \/>\n\t\t\tS\u00e1bado 30 de Septiembre &#8212;&#8212;&#8212;&#8212;&#8212;&#8212;&#8212;&#8212;&#8212;&#8212;&#8212;&#8212;&#8212;&#8212;&#8211; Ambos Anfiteatros y<br \/>\n\t\t\tde 13:00 a 16 hs. &#8212;&#8212;&#8212;&#8212;&#8212;&#8212;&#8212;&#8212;&#8212;&#8212;&#8212;&#8212;&#8212;&#8212;&#8212;&#8212;&#8212;&#8212;&#8212;- aulas de morfolog\u00eda 8, 1, 5, 14 y M\u00f3dulo Biblioteca<\/p>\n<p>\t\t\t2\u00ba Parcial Semana 14 &#8212; Evaluaci\u00f3n de actividades pr\u00e1cticas &#8212; AULAS ASIGNADAS PARA EL<br \/>\n\t\t\ten el horario de cada comisi\u00f3n &#8212;&#8212;&#8212;- DICTADO DEL CURSO<\/p>\n<p>\t\t\t&#8212; Evaluaci\u00f3n de actividades te\u00f3ricas. &#8212; Ambos Anfiteatros y<br \/>\n\t\t\tS\u00e1bado 11 de noviembre aulas de morfolog\u00eda 8, 1, 5, 14 y<br \/>\n\t\t\tde 13:00 a 16 hs. M\u00f3dulo Biblioteca<\/p>\n<p>\t\t\tRecuperatorios<br \/>\n\t\t\t1\u00ba y 2\u00ba parcial y de &#8212;&#8212; Todos los turnos en sus &#8212;&#8212;&#8212;&#8212;&#8212;&#8212;&#8211; AULAS ASIGNADAS PARA EL DICTADO<br \/>\n\t\t\tactividad pr\u00e1ctica. comisiones y horarios. DEL CURSO<br \/>\n\t\t\tSemana 16<\/div>\n<div class=\"col-sm-1\">\n\t\t\t&nbsp;<\/div>\n<\/p><\/div>\n<p>\n\t&nbsp;<\/div>\n<div class=\"autoridades\">\n<div class=\"titulo-secciones\">\n\t\tNovedades 2007<a class=\"ancla\" id=\"noved_2007\">&nbsp;<\/a><\/div>\n<p>\t&nbsp;<\/p>\n<div class=\"row\">\n<div class=\"col-sm-1\">\n\t\t\t&nbsp;<\/div>\n<div class=\"col-sm-10\">\n<p>\n\t\t\tSeminarios Integradores: Mi\u00e9rcoles de 15 a 17 hs.<br \/>\n\t\t\tFechas : 05\/09, 12\/09, 19\/09, 26\/09, 10\/10 y 17\/10<br \/>\n\t\t\tSer\u00e1n dictados en los anfiteatros.<\/p>\n<p>\t\t\t&#8212;&#8212;- FECHAS Y HORARIOS &#8212;&#8212;&#8212;&#8212;&#8212;&#8212;&#8212;&#8212;&#8212;&#8212;&#8212;&#8212;&#8212;&#8212;- NECESIDAD DE AULA<br \/>\n\t\t\tSeminarios Integradores:<br \/>\n\t\t\tMi\u00e9rcoles de 15 a 17 hs. &#8212;&#8212;&#8212;&#8212;&#8212;&#8212;&#8212;&#8212;&#8212;&#8212;&#8212;&#8212;&#8212;&#8212;&#8212;&#8212;&#8211; ANFITEATRO<\/p>\n<p>\t\t\tMI\u00c9RCOLES 05\/09, 12\/09, 19\/09, 26\/09, 10\/10 y 17\/10<br \/>\n\t\t\t&#8212;&#8212;&#8212;&#8212;&#8212;&#8212;&#8212;&#8212;&#8212;&#8212;&#8212;&#8212;&#8212;&#8212;&#8212;&#8212;&#8212;&#8212;&#8212;&#8212;&#8212;&#8212;&#8212;&#8212;&#8212;&#8212;&#8212;&#8212;&#8212;&#8212;&#8212;&#8212;&#8212;&#8211;<br \/>\n\t\t\tCLASES COMPLEMENTARIAS<br \/>\n\t\t\tSe realizar\u00e1n durante &#8212;&#8212;&#8212; AULAS ASIGNADAS PARA EL DICTADO DEL CURSO<br \/>\n\t\t\tlas semanas 15, 16 y 17<br \/>\n\t\t\t==============================================================<\/p>\n<p>\t\t\t&#8212;&#8212;&#8212;&#8212;&#8212;&#8212;&#8212;&#8212;&#8212;&#8212;&#8211; FECHAS Y HORARIOS &#8212;&#8212;&#8212;&#8212;&#8212;&#8212;&#8212;&#8212;&#8212;- NECESIDAD DE AULA &#8212;&#8212;&#8212;&#8212;&#8212;&#8212;&#8212;&#8212;&#8212;&#8212;&#8212;&#8212;&#8211;<br \/>\n\t\t\t1\u00ba Parcial Semana 8 &#8212;&#8211; S\u00e1bado 30 de Septiembre &#8212;&#8212;&#8212;&#8212;&#8212;&#8212;&#8212; Ambos Anfiteatros y<br \/>\n\t\t\t&#8212;&#8212;&#8212;&#8212;&#8212;&#8212;&#8212;&#8212;&#8212;&#8212;&#8211; de 13:00 a 16 hs. &#8212;&#8212;&#8212;&#8212;&#8212;&#8212;&#8212;&#8212;&#8212;&#8212;&#8211; aulas de morfolog\u00eda 8, 1, 5, 14 y M\u00f3dulo Biblioteca<br \/>\n\t\t\t==============================================================<br \/>\n\t\t\t&#8212;&#8212;&#8212;&#8212;&#8212;&#8212;&#8212;&#8212;&#8212;&#8212;&#8211;<br \/>\n\t\t\t2\u00ba Parcial Semana 14 &#8212; Evaluaci\u00f3n de actividades pr\u00e1cticas en el horario de cada comisi\u00f3n<br \/>\n\t\t\tAULAS ASIGNADAS PARA EL DICTADO DEL CURSO<\/p>\n<p>\t\t\tEvaluaci\u00f3n de actividades te\u00f3ricas. S\u00e1bado 11 de noviembre de 13:00 a 16 hs.<br \/>\n\t\t\t&#8212;&#8212;&#8212;&#8212;&#8212;&#8212;&#8212;&#8212;&#8212;&#8212;&#8212;&#8212;-=&#8212;&#8212;&#8212;&#8212;&#8212;&#8212;&#8212;&#8212;&#8212;&#8212;&#8212;&#8212;&#8212;&#8212;&#8212;&#8212;&#8212;&#8212;&#8212;&#8212;&#8212;<\/p>\n<p>\t\t\tAmbos Anfiteatros y<br \/>\n\t\t\taulas de morfolog\u00eda 8, 1, 5, 14 y M\u00f3dulo Biblioteca<\/p>\n<p>\t\t\tRecuperatorios<br \/>\n\t\t\t1\u00ba y 2\u00ba parcial y de actividad pr\u00e1ctica. Semana 16<\/p>\n<p>\t\t\tTodos los turnos en sus comisiones y horarios.<br \/>\n\t\t\tAULAS ASIGNADAS PARA EL DICTADO DEL CURSO<\/div>\n<div class=\"col-sm-1\">\n\t\t\t&nbsp;<\/div>\n<\/p><\/div>\n<p>\n\t&nbsp;<\/div>\n<div class=\"consejo\">\n<div class=\"titulo-secciones\">\n\t\tHorarios de Consultas<a class=\"ancla\" id=\"hora_consul\">&nbsp;<\/a><\/div>\n<p>\t&nbsp;<\/p>\n<div class=\"row\">\n<div class=\"col-sm-1\">\n\t\t\t&nbsp;<\/div>\n<div class=\"col-sm-10\">\n<p>\n\t\t\tD\u00eda &#8212;&#8212;&#8212;&#8212;&#8212;&#8212;&#8212;&#8212;&#8212;- Horario<br \/>\n\t\t\t&#8212;&#8212;&#8212;&#8212;&#8212;&#8212;&#8212;&#8212;&#8212;&#8212;&#8212; &#8212;&#8212;&#8212;&#8212;&#8212;&#8212;&#8212;&#8212;<br \/>\n\t\t\tMartes &#8212;&#8212;&#8212;&#8212;&#8212;&#8212;&#8212;&#8211; 10 &#8211; 12 hs.<br \/>\n\t\t\t&#8212;&#8212;&#8212;&#8212;&#8212;&#8212;&#8212;&#8212;&#8212;&#8212;&#8212; 15 &#8211; 17 hs.<br \/>\n\t\t\t====================================<br \/>\n\t\t\tMi\u00e9rcoles &#8212;&#8212;&#8212;&#8212;&#8212;&#8212;- 9 &#8211; 11 hs.<br \/>\n\t\t\t&#8212;&#8212;&#8212;&#8212;&#8212;&#8212;&#8212;&#8212;&#8212;&#8212;&#8212; 14 &#8211; 16 hs.<br \/>\n\t\t\t&#8212;&#8212;&#8212;&#8212;&#8212;&#8212;&#8212;&#8212;&#8212;&#8212;&#8212; 17:30 &#8211; 19:30 hs.<br \/>\n\t\t\t====================================<br \/>\n\t\t\tJueves &#8212;&#8212;&#8212;&#8212;&#8212;&#8212;&#8212;&#8211; 12 &#8211; 15 hs.<br \/>\n\t\t\t===================================<\/div>\n<div class=\"col-sm-1\">\n\t\t\t&nbsp;<\/div>\n<\/p><\/div>\n<p>\n\t&nbsp;<\/div>\n<div class=\"mision\">\n<div class=\"titulo-secciones\">\n\t\tCronograma Curso Vocacional de Capacitaci\u00f3n en Bases Agr\u00edcolas para la Producci\u00f3n Animal &#8211; Escuela de Ayudantes<a class=\"ancla\" id=\"cronog_vocac\">&nbsp;<\/a><\/div>\n<p>\t&nbsp;<\/p>\n<div class=\"row\">\n<div class=\"col-sm-1\">\n\t\t\t&nbsp;<\/div>\n<div class=\"col-sm-10\">\n<p>\n\t\t\t=======================================================================================<br \/>\n\t\t\t&#8212; Clase &#8212;&#8212;- Contenidos &#8212;&#8212;&#8212;&#8212;&#8212;&#8212;&#8212;&#8212;&#8212;&#8212;&#8212;&#8212;&#8212;&#8212;&#8212;&#8212;&#8212;&#8212;&#8212;&#8212;&#8212;&#8212;&#8212;&#8212;&#8212;&#8212;&#8212;&#8212;&#8212;&#8212;&#8211;<br \/>\n\t\t\t&#8212;&#8212;&#8212;&#8212;&#8212;&#8212;&#8212;&#8212;&#8212;&#8212;&#8212;&#8212;&#8212;&#8212;&#8212;&#8212;&#8212;&#8212;&#8212;&#8212;&#8212;&#8212;&#8212;&#8212;&#8212;&#8212;&#8212;&#8212;&#8212;&#8212;&#8212;&#8212;&#8212;&#8212;&#8212;&#8212;&#8212;&#8212;&#8212;&#8212;&#8212;&#8212;<br \/>\n\t\t\t&#8212; Clase 1 &#8212;&#8211; Reuni\u00f3n Informativa &#8211; Trabajo Sobre Expectativas Personales<br \/>\n\t\t\t&#8212;&#8212;&#8212;&#8212;&#8212;&#8212;&#8212;&#8212;&#8212;&#8212;&#8212;&#8212;&#8212;&#8212;&#8212;&#8212;&#8212;&#8212;&#8212;&#8212;&#8212;&#8212;&#8212;&#8212;&#8212;&#8212;&#8212;&#8212;&#8212;&#8212;&#8212;&#8212;&#8212;&#8212;&#8212;&#8212;&#8212;&#8212;&#8212;&#8212;&#8212;&#8212;<br \/>\n\t\t\t&#8212; Clase 2 &#8212;&#8211; Suelos, experimentaci\u00f3n en calicata &#8211; Desarrollo de Bandejas para Evaluaci\u00f3n de<br \/>\n\t\t\t&#8212;&#8212;&#8212;&#8212;&#8212;&#8212; Erosi\u00f3n y de Infiltraci\u00f3n &#8211; Conceptos de Materia Org\u00e1nica<br \/>\n\t\t\t&#8212;&#8212;&#8212;&#8212;&#8212;&#8212;&#8212;&#8212;&#8212;&#8212;&#8212;&#8212;&#8212;&#8212;&#8212;&#8212;&#8212;&#8212;&#8212;&#8212;&#8212;&#8212;&#8212;&#8212;&#8212;&#8212;&#8212;&#8212;&#8212;&#8212;&#8212;&#8212;&#8212;&#8212;&#8212;&#8212;&#8212;&#8212;&#8212;&#8212;&#8212;&#8212;<br \/>\n\t\t\t&#8212; Clase 3 &#8212;&#8211; Maquinaria Agr\u00edcola<br \/>\n\t\t\t&#8212;&#8212;&#8212;&#8212;&#8212;&#8212; Visita al museo de maquinaria Agr\u00edcola de FAUBA o INTA Castelar<br \/>\n\t\t\t&#8212;&#8212;&#8212;&#8212;&#8212;&#8212; Siembra Directa: Discusi\u00f3n sobre trabajos de investigaci\u00f3n &#8211; Erosi\u00f3n<br \/>\n\t\t\t&#8212;&#8212;&#8212;&#8212;&#8212;&#8212;&#8212;&#8212;&#8212;&#8212;&#8212;&#8212;&#8212;&#8212;&#8212;&#8212;&#8212;&#8212;&#8212;&#8212;&#8212;&#8212;&#8212;&#8212;&#8212;&#8212;&#8212;&#8212;&#8212;&#8212;&#8212;&#8212;&#8212;&#8212;&#8212;&#8212;&#8212;&#8212;&#8212;&#8212;&#8212;&#8212;<br \/>\n\t\t\t&#8212; Clase 4 &#8212;&#8211; Morfofisiolog\u00eda de Recursos Forrajeros<br \/>\n\t\t\t&#8212;&#8212;&#8212;&#8212;&#8212;&#8212; Recursos<br \/>\n\t\t\t&#8212;&#8212;&#8212;&#8212;&#8212;&#8212; Concepto de Eficiencia de Cosecha<br \/>\n\t\t\t&#8212;&#8212;&#8212;&#8212;&#8212;&#8212;&#8212;&#8212;&#8212;&#8212;&#8212;&#8212;&#8212;&#8212;&#8212;&#8212;&#8212;&#8212;&#8212;&#8212;&#8212;&#8212;&#8212;&#8212;&#8212;&#8212;&#8212;&#8212;&#8212;&#8212;&#8212;&#8212;&#8212;&#8212;&#8212;&#8212;&#8212;&#8212;&#8212;&#8212;&#8212;&#8212;<br \/>\n\t\t\t&#8212; Clase 5 &#8212;&#8211; Trabajo de Campo en los Lotes de Pasturas Implantados en la Facultad evaluaci\u00f3n<br \/>\n\t\t\t&#8212;&#8212;&#8212;&#8212;&#8212;&#8212; de las pasturas y observaci\u00f3n de comportamiento en pastoreo.<br \/>\n\t\t\t&#8212;&#8212;&#8212;&#8212;&#8212;&#8212;&#8212;&#8212;&#8212;&#8212;&#8212;&#8212;&#8212;&#8212;&#8212;&#8212;&#8212;&#8212;&#8212;&#8212;&#8212;&#8212;&#8212;&#8212;&#8212;&#8212;&#8212;&#8212;&#8212;&#8212;&#8212;&#8212;&#8212;&#8212;&#8212;&#8212;&#8212;&#8212;&#8212;&#8212;&#8212;&#8212;<br \/>\n\t\t\t&#8212; Clase 6 &#8212;&#8211; Calidad de Agua &#8211; An\u00e1lisis de Muestras de<br \/>\n\t\t\t&#8212;&#8212;&#8212;&#8212;&#8212;&#8212; Establecimientos Agropecuarios<br \/>\n\t\t\t&#8212;&#8212;&#8212;&#8212;&#8212;&#8212;&#8212;&#8212;&#8212;&#8212;&#8212;&#8212;&#8212;&#8212;&#8212;&#8212;&#8212;&#8212;&#8212;&#8212;&#8212;&#8212;&#8212;&#8212;&#8212;&#8212;&#8212;&#8212;&#8212;&#8212;&#8212;&#8212;&#8212;&#8212;&#8212;&#8212;&#8212;&#8212;&#8212;&#8212;&#8212;&#8212;<br \/>\n\t\t\t&#8212; Clase 7 &#8212;&#8211; Forrajes Recorrida y Manejo de Especies Forrajeras, Rotaciones<br \/>\n\t\t\t&#8212;&#8212;&#8212;&#8212;&#8212;&#8212;&#8212;&#8212;&#8212;&#8212;&#8212;&#8212;&#8212;&#8212;&#8212;&#8212;&#8212;&#8212;&#8212;&#8212;&#8212;&#8212;&#8212;&#8212;&#8212;&#8212;&#8212;&#8212;&#8212;&#8212;&#8212;&#8212;&#8212;&#8212;&#8212;&#8212;&#8212;&#8212;&#8212;&#8212;&#8212;&#8212;<br \/>\n\t\t\t&#8212; Clase 8 &#8212;&#8211; Conservaci\u00f3n de Forrajes: An\u00e1lisis de trabajos de investigaci\u00f3n.<br \/>\n\t\t\t&#8212;&#8212;&#8212;&#8212;&#8212;&#8212;&#8212;&#8212;&#8212;&#8212;&#8212;&#8212;&#8212;&#8212;&#8212;&#8212;&#8212;&#8212;&#8212;&#8212;&#8212;&#8212;&#8212;&#8212;&#8212;&#8212;&#8212;&#8212;&#8212;&#8212;&#8212;&#8212;&#8212;&#8212;&#8212;&#8212;&#8212;&#8212;&#8212;&#8212;&#8212;&#8212;<br \/>\n\t\t\t&#8212; Clase 9 &#8212;&#8211; Busqueda Bibliogr\u00e1fica en Biblioteca(Med. Vet. Marcela Curzel) Biblioteca<br \/>\n\t\t\t&#8212;&#8212;&#8212;&#8212;&#8212;&#8212;&#8212;&#8212;&#8212;&#8212;&#8212;&#8212;&#8212;&#8212;&#8212;&#8212;&#8212;&#8212;&#8212;&#8212;&#8212;&#8212;&#8212;&#8212;&#8212;&#8212;&#8212;&#8212;&#8212;&#8212;&#8212;&#8212;&#8212;&#8212;&#8212;&#8212;&#8212;&#8212;&#8212;&#8212;&#8212;&#8212;<br \/>\n\t\t\t&#8212; Clase 10 &#8212; Carencias Minerales, Micotoxicosis &#8211; Ambos temas a ser preparados por los<br \/>\n\t\t\t&#8212;&#8212;&#8212;&#8212;&#8212;&#8212; alumnos.<br \/>\n\t\t\t&#8212;&#8212;&#8212;&#8212;&#8212;&#8212;&#8212;&#8212;&#8212;&#8212;&#8212;&#8212;&#8212;&#8212;&#8212;&#8212;&#8212;&#8212;&#8212;&#8212;&#8212;&#8212;&#8212;&#8212;&#8212;&#8212;&#8212;&#8212;&#8212;&#8212;&#8212;&#8212;&#8212;&#8212;&#8212;&#8212;&#8212;&#8212;&#8212;&#8212;&#8212;&#8212;<br \/>\n\t\t\t&#8212; Clase 11 &#8212; Instrumentos para la Interpretaci\u00f3n de Contenidos y Exposici\u00f3n Oral<br \/>\n\t\t\t&#8212;&#8212;&#8212;&#8212;&#8212;&#8212; (Lic. Cristina Vicente)<br \/>\n\t\t\t&#8212;&#8212;&#8212;&#8212;&#8212;&#8212;&#8212;&#8212;&#8212;&#8212;&#8212;&#8212;&#8212;&#8212;&#8212;&#8212;&#8212;&#8212;&#8212;&#8212;&#8212;&#8212;&#8212;&#8212;&#8212;&#8212;&#8212;&#8212;&#8212;&#8212;&#8212;&#8212;&#8212;&#8212;&#8212;&#8212;&#8212;&#8212;&#8212;&#8212;&#8212;&#8212;<br \/>\n\t\t\t&#8212; Clase 12 &#8212; Plantas Da\u00f1inas y Toxicas &#8211; Ambas clases se estructurar\u00e1n bas\u00e1ndose en clases<br \/>\n\t\t\t&#8212; y 13 &#8212;&#8212;&#8211; preparadas por los alumnos asistentes incluyendo la discusi\u00f3n sobre trabajos de<br \/>\n\t\t\t&#8212;&#8212;&#8212;&#8212;&#8212;&#8211; investigaci\u00f3n.<br \/>\n\t\t\t&#8212;&#8212;&#8212;&#8212;&#8212;&#8212;&#8212;&#8212;&#8212;&#8212;&#8212;&#8212;&#8212;&#8212;&#8212;&#8212;&#8212;&#8212;&#8212;&#8212;&#8212;&#8212;&#8212;&#8212;&#8212;&#8212;&#8212;&#8212;&#8212;&#8212;&#8212;&#8212;&#8212;&#8212;&#8212;&#8212;&#8212;&#8212;&#8212;&#8212;&#8212;&#8212;<br \/>\n\t\t\tT\u00e9cnicas de herborizaci\u00f3n y trabajos de implantaci\u00f3n de especies en el jard\u00edn de t\u00f3xicas &#8211; Discusi\u00f3n General<\/p>\n<p>\t\t\tViaje Integrador con el Grupo de Forrajes Identificaci\u00f3n y Medici\u00f3n en Sistemas Forrajeros.<br \/>\n\t\t\t=======================================================================================<\/div>\n<div class=\"col-sm-1\">\n\t\t\t&nbsp;<\/div>\n<\/p><\/div>\n<p>\n\t&nbsp;<\/div>\n<div class=\"decano\">\n<div class=\"titulo-secciones\">\n\t\t\u00c1rea Capacitaci\u00f3n T\u00e9cnica<a class=\"ancla\" id=\"cap_tec\">&nbsp;<\/a><\/div>\n<p>\t&nbsp;<\/p>\n<div class=\"row\">\n<div class=\"col-sm-1\">\n\t\t\t&nbsp;<\/div>\n<div class=\"col-sm-10\">\n<p>\n\t\t\tObjetivos:<br \/>\n\t\t\tProfundizar los conocimientos te\u00f3ricos y pr\u00e1cticos de la materia<\/p>\n<p>\t\t\tActividades Programadas:<\/p>\n<p>\t\t\t1. <a href=\"http:\/\/www.fvet.uba.ar\/?q=basesAgricolas#curso_vocac\">CURSO VOCACIONAL DE CAPACITACION EN BASES AGR\u00cdCOLAS PARA LA PRODUCCI\u00d3N ANIMAL<\/a> El objetivo del curso es la fundamentaci\u00f3n de los contenidos de la materia de grado con una mayor profundizaci\u00f3n e integraci\u00f3n de los mismos.<\/p>\n<p>\t\t\t2. Clases de Actualizaci\u00f3n en temas de inter\u00e9s dictados durante el primer y segundo semestre.<\/p>\n<p>\t\t\t3. Participaci\u00f3n en las comisiones de trabajos pr\u00e1cticos.<\/p><\/div>\n<div class=\"col-sm-1\">\n\t\t\t&nbsp;<\/div>\n<\/p><\/div>\n<p>\n\t&nbsp;<\/div>\n<div class=\"autoridades\">\n<div class=\"titulo-secciones\">\n\t\tCurso Vocacional de Capacitaci\u00f3n en Bases Agr\u00edcolas para la Producci\u00f3n Animal<a class=\"ancla\" id=\"curso_vocac\">&nbsp;<\/a><\/div>\n<p>\t&nbsp;<\/p>\n<div class=\"row\">\n<div class=\"col-sm-1\">\n\t\t\t&nbsp;<\/div>\n<div class=\"col-sm-10\">\n<p>\n\t\t\t\u00bfEn qu\u00e9 consiste?<br \/>\n\t\t\tEs un espacio creado por la c\u00e1tedra con el fin de formar a los alumnos en docencia. Los alumnos tienen la posibilidad de profundizar aquellos temas que hayan sido estudiados a lo largo de la cursada as\u00ed como incorporar herramientas pedag\u00f3gicas para la transmisi\u00f3n de los mismos.<\/p>\n<p>\t\t\t\u00bfQui\u00e9nes pueden participar?<br \/>\n\t\t\tEst\u00e1n dirigidos a los alumnos que hayan aprobado la materia (promocionados o regulares).<\/p>\n<p>\t\t\tRequisitos: tener aprobado el curso de Bases Agr\u00edcolas para la Producci\u00f3n Animal.<\/p>\n<p>\t\t\tCupo: 30 alumnos<\/p>\n<p>\t\t\tAula: Aula 16 (Planta baja del Departamento de Producci\u00f3n Animal).<\/p>\n<p>\t\t\tInscripci\u00f3n: en el \u00c1rea Agr\u00edcola (Dpto. Producci\u00f3n Animal), en el mes de marzo. Fecha a confirmar por cartelera de la c\u00e1tedra, carteleras de alumnos y del centro de estudiantes.<\/p>\n<p>\t\t\tHorario tentativo: Jueves de 13:00 a 15:00 hs.<\/p>\n<p>\t\t\tAprobaci\u00f3n del curso: el alumno tendr\u00e1 que tener el 75% de la asistencia al curso. Y deber\u00e1 aprobar el trabajo pr\u00e1ctico encomendado en la cursada. Ante la no aprobaci\u00f3n, su certificaci\u00f3n ser\u00e1 en calidad de asistente al curso.<\/p>\n<p>\t\t\t<a href=\"http:\/\/www.fvet.uba.ar\/?q=basesAgricolas#cronog_vocac\">Programa de Actividades<\/a><\/div>\n<div class=\"col-sm-1\">\n\t\t\t&nbsp;<\/div>\n<\/p><\/div>\n<p>\n\t&nbsp;<\/div>\n<div class=\"consejo\">\n<div class=\"titulo-secciones\">\n\t\t\u00c1rea de Especies Forrajeras y T\u00f3xicas<a class=\"ancla\" id=\"espec_forr_tox\">&nbsp;<\/a><\/div>\n<p>\t&nbsp;<\/p>\n<div class=\"row\">\n<div class=\"col-sm-1\">\n\t\t\t&nbsp;<\/div>\n<div class=\"col-sm-10\">\n<p>\n\t\t\tObjetivos:<br \/>\n\t\t\tAdquirir conocimientos y destrezas en el manejo del material vegetal para la identificaci\u00f3n de las especies vegetales con inter\u00e9s veterinario y para la producci\u00f3n animal.<\/p>\n<p>\t\t\tActividades Programadas:<\/p>\n<p>\t\t\t1. Plan de recorridas para la identificaci\u00f3n de plantas de inter\u00e9s.<\/p>\n<p>\t\t\t2. Gu\u00eda de identificaci\u00f3n por clave bot\u00e1nica.<\/p>\n<p>\t\t\t3. Elaboraci\u00f3n y manejo de los herbarios para la utilizaci\u00f3n en los turnos de trabajos pr\u00e1cticos.<\/p>\n<p>\t\t\t4. Herbarios &#8211; <a href=\"http:\/\/www.fvet.uba.ar\/?q=basesAgricolas#area_agricola\">Jard\u00edn T\u00f3xicas.<\/a><\/p>\n<p>\t\t\t5. VIAJES.<\/p>\n<p>\t\t\tEstas actividades se realizan durante todo el a\u00f1o.<\/p><\/div>\n<div class=\"col-sm-1\">\n\t\t\t&nbsp;<\/div>\n<\/p><\/div>\n<p>\n\t&nbsp;<\/div>\n<div class=\"mision\">\n<div class=\"titulo-secciones\">\n\t\t\u00c1rea de Formaci\u00f3n Pedag\u00f3gica<a class=\"ancla\" id=\"form_pedag\">&nbsp;<\/a><\/div>\n<p>\t&nbsp;<\/p>\n<div class=\"row\">\n<div class=\"col-sm-1\">\n\t\t\t&nbsp;<\/div>\n<div class=\"col-sm-10\">\n<p>\n\t\t\tObjetivos:<br \/>\n\t\t\tIncorporar los conocimientos y conductas que capacitan al ayudante para su desenvolvimiento en el trabajo pr\u00e1ctico, como generador de situaciones y gu\u00eda del aprendizaje.<\/p>\n<p>\t\t\tActividades Programadas:<\/p>\n<p>\t\t\t1 &#8211; Seminarios de exposici\u00f3n oral y relacionados a la comunicaci\u00f3n docente, otros temas de inter\u00e9s organizados en conjunto con la coordinadora Lic. Cristina Vicente del \u00c1rea de Orientaci\u00f3n al Alumno de esta Facultad.<\/p>\n<p>\t\t\t2 &#8211; Participaci\u00f3n en la discusi\u00f3n de las modificaciones de las Gu\u00edas de trabajos pr\u00e1cticos.<\/p>\n<p>\t\t\t3 &#8211; Aportes de materiales did\u00e1cticos para la utilizaci\u00f3n en los trabajos pr\u00e1cticos. Ejemplos material fotogr\u00e1fico, maquetas de acu\u00edferos, etc.<\/p>\n<p>\t\t\t4 &#8211; Reuniones de discusi\u00f3n sobre la problem\u00e1tica del aula.<\/p>\n<p>\t\t\t5 &#8211; Micro-Experiencia en el aula<\/p><\/div>\n<div class=\"col-sm-1\">\n\t\t\t&nbsp;<\/div>\n<\/p><\/div>\n<p>\n\t&nbsp;<\/div>\n<div class=\"decano\">\n<div class=\"titulo-secciones\">\n\t\t\u00c1rea de Formaci\u00f3n en Investigaci\u00f3n<a class=\"ancla\" id=\"form_invest\">&nbsp;<\/a><\/div>\n<p>\t&nbsp;<\/p>\n<div class=\"row\">\n<div class=\"col-sm-1\">\n\t\t\t&nbsp;<\/div>\n<div class=\"col-sm-10\">\n<p>\n\t\t\tObjetivos:<br \/>\n\t\t\tTransmitir nociones b\u00e1sicas sobre el desarrollo de la investigaci\u00f3n cient\u00edfica y participar en la realizaci\u00f3n de trabajos cient\u00edficos.<\/p>\n<p>\t\t\tActividades Programadas:<\/p>\n<p>\t\t\t1 &#8211; Introducci\u00f3n a la Metodolog\u00eda de la Investigaci\u00f3n.<\/p>\n<p>\t\t\t2 &#8211; Monograf\u00eda. Iniciaci\u00f3n a la b\u00fasqueda bibliogr\u00e1fica.<\/p>\n<p>\t\t\t3 &#8211; <a href=\"http:\/\/www.fvet.uba.ar\/?q=basesAgricolas#investig\"><b>Participaci\u00f3n en los proyectos de investigaci\u00f3n y ensayos a campo del \u00e1rea.<\/b><\/a><\/p>\n<p>\t\t\t4 &#8211; Asistencia a Congresos &#8211; Jornadas &#8211; Exposiciones Cient\u00edficas.<\/p>\n<p>\t\t\t5 &#8211; <a href=\"http:\/\/www.fvet.uba.ar\/?q=basesAgricolas#integ_socio_product\"><b>PROYECTO Fondo De las Am\u00e9ricas.<\/b><\/a><\/p>\n<p>\t\t\t6 &#8211; <a href=\"http:\/\/www.fvet.uba.ar\/?q=basesAgricolas#Galer\u00eda\"><b>Galer\u00eda de fotos<\/b><\/a><\/div>\n<div class=\"col-sm-1\">\n\t\t\t&nbsp;<\/div>\n<\/p><\/div>\n<p>\n\t&nbsp;<\/div>\n<div class=\"autoridades\">\n<div class=\"titulo-secciones\">\n\t\tCurso de Bases Agr\u00edcolas para la Producci\u00f3n Animal<a class=\"ancla\" id=\"area_agricola\">&nbsp;<\/a><\/div>\n<p>\t&nbsp;<\/p>\n<div class=\"row\">\n<div class=\"col-sm-1\">\n\t\t\t&nbsp;<\/div>\n<div class=\"col-sm-10\">\n<p>\t\t\t\u00c1rea: Agr\u00edcola &#8211; C\u00f3digo 401<\/p>\n<p>\t\t\tEl <a href=\"http:\/\/www.fvet.uba.ar\/?q=basesAgricolas#ptoxicas\">Jard\u00edn de Plantas Toxicas<\/a> y <a href=\"http:\/\/www.fvet.uba.ar\/?q=basesAgricolas#forrajetum\">Forrajetum<\/a> de la Facultad de Ciencias Veterinarias de la Universidad de Buenos Aires tiene como objetivo principal familiarizar al estudiante y a profesionales del quehacer veterinario con aquellas plantas que se presentan como potencialmente peligrosas para diversos animales dom\u00e9sticos, incluyendo al hombre.<\/p>\n<p>\t\t\tEl Jard\u00edn est\u00e1 localizado en el ala sur del <a href=\"https:\/\/www.google.com\/maps\/place\/Facultad+de+Ciencias+Veterinarias\/@-34.5947519,-58.4847441,1355m\/data=!3m1!1e3!4m5!3m4!1s0x95bcb61a4c3ac503:0x199f5761e533f939!8m2!3d-34.5945677!4d-58.4785447?hl=es-ES\">Pabell\u00f3n de Producci\u00f3n Animal<\/a>. El mismo fue creado por iniciativa de un grupo de estudiantes y docentes del \u00c1rea Agr\u00edcola en 1998, para facilitar el reconocimiento a campo de las especies vegetales consideradas t\u00f3xicas en diferentes estadios de crecimiento.<\/p>\n<p>\t\t\tActualmente incluye unas 16 especies vegetales de relevancia en la producci\u00f3n animal (dependiendo de su \u00e9poca y ciclo de crecimiento).<\/p>\n<p>\t\t\tEn el 2003 se cre\u00f3 el jard\u00edn de Plantas Ornamentales T\u00f3xicas, que cuenta hasta el momento con 12 especies ornamentales que resultan toxicas para animales peque\u00f1os. Este \u00faltimo esta localizado dentro del \u00c1rea Agr\u00edcola dado que el h\u00e1bitat de crecimiento de estas especies es el de interior.<\/p>\n<p>\t\t\tEl Jard\u00edn puede ser observado por la comunidad que visita las instalaciones de la Facultad.<\/p>\n<p>\t\t\tPersonal responsable del Jard\u00edn de Plantas T\u00f3xicas y Da\u00f1inas:<\/p>\n<p>\t\t\tIng. Agr. Maria Alejandra Herrero<br \/>\n\t\t\tVeterinaria Mar\u00eda Soledad<\/p>\n<p>\t\t\tColaboradores:<\/p>\n<p>\t\t\tNadia Ayel\u00e9n Troller, Manuela Mieres, Veterinaria Lorna Carb\u00f3, Veterinaria Guadalupe Gutierrez, Ing. Agr. Juan J. Ormaz\u00e1bal, Lic. Susana Volpe.<\/p>\n<p>\t\t\tEstudiantes responsables del proyecto \u201cJard\u00edn en la Web\u201d:<\/p>\n<p>\t\t\tAna Valeria Gonz\u00e1lez Pereyra, Carlos Catracchia, Ver\u00f3nica Gamb\u00edn, Clara Lamoureux, Ver\u00f3nica Bur\u00f3n Alfano, Diana Blanco<\/p><\/div>\n<div class=\"col-sm-1\">\n\t\t\t&nbsp;<\/div>\n<\/p><\/div>\n<p>\n\t&nbsp;<\/div>\n<div class=\"consejo\">\n<div class=\"titulo-secciones\">\n\t\tGaler\u00eda de Fotos<a class=\"ancla\" id=\"Galer\u00eda\">&nbsp;<\/a><\/div>\n<p>\t&nbsp;<\/p>\n<div class=\"row\">\n<div class=\"col-sm-1\">\n\t\t\t&nbsp;<\/div>\n<div class=\"col-sm-10\">\n<p>\n\t\t\t\t<a class=\"ancla\" id=\"publicaciones\">&nbsp;<\/a><\/p>\n<table align=\"center\" border=\"0\" cellpadding=\"0\" cellspacing=\"0\" width=\"100%\">\n<tbody>\n<tr align=\"center\">\n<td>\n\t\t\t\t\t\t\t<img loading=\"lazy\" decoding=\"async\" alt=\"Imagen 1\" class=\"img-responsive\" height=\"400\" src=\"http:\/\/www.fvet.uba.ar\/archivos\/catedras\/arch_bases_agric\/foto10.jpg\" width=\"300\" \/>FOTO 1: Estudiantes participando de ensayos<br \/>\n\t\t\t\t\t\t\tde productividad de raigr\u00e1s bajo diferentes<br \/>\n\t\t\t\t\t\t\talternativas de fertilizaci\u00f3n en el<br \/>\n\t\t\t\t\t\t\tpredio de la FCV.<\/td>\n<td>\n\t\t\t\t\t\t\t<img loading=\"lazy\" decoding=\"async\" class=\"img-responsive\" height=\"400\" src=\"http:\/\/www.fvet.uba.ar\/archivos\/catedras\/arch_bases_agric\/foto9.jpg\" width=\"294\" \/>FOTO 2: Estudiantes participando de ensayos<br \/>\n\t\t\t\t\t\t\tde balances de nutrientes en tambos de<br \/>\n\t\t\t\t\t\t\tproductores de Castelli(Buenos Aires)<\/td>\n<td>\n\t\t\t\t\t\t\t<img loading=\"lazy\" decoding=\"async\" class=\"img-responsive\" height=\"400\" src=\"http:\/\/www.fvet.uba.ar\/archivos\/catedras\/arch_bases_agric\/foto1.jpg\" width=\"294\" \/>FOTO 3: Estudiantes participando de ensayo<br \/>\n\t\t\t\t\t\t\ts de productividad de pasturas<\/td>\n<\/tr>\n<\/tbody>\n<\/table>\n<p>\n\t\t\t\t&nbsp;<\/p>\n<p>\n\t\t\t\t&nbsp;<\/p>\n<p>\n\t\t\t\t<a class=\"ancla\" id=\"publicaciones\">&nbsp;<\/a><\/p>\n<table align=\"center\" border=\"0\" cellpadding=\"0\" cellspacing=\"0\" width=\"100%\">\n<tbody>\n<tr align=\"center\">\n<td>\n\t\t\t\t\t\t\t<img loading=\"lazy\" decoding=\"async\" alt=\"Imagen 1\" class=\"img-responsive\" height=\"400\" src=\"http:\/\/www.fvet.uba.ar\/archivos\/catedras\/arch_bases_agric\/foto2.jpg\" width=\"300\" \/>FOTO 4: Estudiante durante un ensayo de<br \/>\n\t\t\t\t\t\t\tincidencia de agua contaminada en calidad de leche<\/td>\n<td>\n\t\t\t\t\t\t\t<img loading=\"lazy\" decoding=\"async\" class=\"img-responsive\" height=\"400\" src=\"http:\/\/www.fvet.uba.ar\/archivos\/catedras\/arch_bases_agric\/foto3.jpg\" width=\"294\" \/>FOTO 5: Estudiantes durante un ensayo de<br \/>\n\t\t\t\t\t\t\tincidencia de agua contaminada en calidad de leche<\/td>\n<td>\n\t\t\t\t\t\t\t<img loading=\"lazy\" decoding=\"async\" class=\"img-responsive\" height=\"400\" src=\"http:\/\/www.fvet.uba.ar\/archivos\/catedras\/arch_bases_agric\/foto4.jpg\" width=\"294\" \/>FOTO 6: Mediciones de comportamiento<br \/>\n\t\t\t\t\t\t\tanimal en pastoreo<\/td>\n<\/tr>\n<\/tbody>\n<\/table>\n<p>\n\t\t\t\t&nbsp;<\/p>\n<p>\n\t\t\t\t&nbsp;<\/p>\n<p>\n\t\t\t\t<a class=\"ancla\" id=\"publicaciones\">&nbsp;<\/a><\/p>\n<table align=\"center\" border=\"0\" cellpadding=\"0\" cellspacing=\"0\" width=\"100%\">\n<tbody>\n<tr align=\"center\">\n<td>\n\t\t\t\t\t\t\t<img loading=\"lazy\" decoding=\"async\" alt=\"Imagen 1\" class=\"img-responsive\" height=\"400\" src=\"http:\/\/www.fvet.uba.ar\/archivos\/catedras\/arch_bases_agric\/foto5.jpg\" width=\"300\" \/>FOTO 7: Muestreo de aguas superficiales<\/td>\n<td>\n\t\t\t\t\t\t\t<img loading=\"lazy\" decoding=\"async\" class=\"img-responsive\" height=\"400\" src=\"http:\/\/www.fvet.uba.ar\/archivos\/catedras\/arch_bases_agric\/foto6.jpg\" width=\"294\" \/>FOTO 8: Estudiantes participando<br \/>\n\t\t\t\t\t\t\ten un muestreo en el r\u00edo Arrecifes<\/td>\n<td>\n\t\t\t\t\t\t\t<img loading=\"lazy\" decoding=\"async\" class=\"img-responsive\" height=\"400\" src=\"http:\/\/www.fvet.uba.ar\/archivos\/catedras\/arch_bases_agric\/foto7.jpg\" width=\"294\" \/>FOTO 9: Participaci\u00f3n de estudiantes en el<br \/>\n\t\t\t\t\t\t\tdesarrollo de una tecnolog\u00eda de riego con<br \/>\n\t\t\t\t\t\t\tefluentes para peque\u00f1os productores<\/td>\n<\/tr>\n<\/tbody>\n<\/table>\n<p>\n\t\t\t\t&nbsp;<\/p>\n<p>\n\t\t\t\t&nbsp;<\/p>\n<p>\n\t\t\t\t<a class=\"ancla\" id=\"publicaciones\">&nbsp;<\/a><\/p>\n<table align=\"center\" border=\"0\" cellpadding=\"0\" cellspacing=\"0\" width=\"100%\">\n<tbody>\n<tr align=\"center\">\n<td>\n\t\t\t\t\t\t\t<img loading=\"lazy\" decoding=\"async\" class=\"img-responsive\" height=\"400\" src=\"http:\/\/www.fvet.uba.ar\/archivos\/catedras\/arch_bases_agric\/foto8.jpg\" width=\"294\" \/>FOTO 10: Participaci\u00f3n de estudiantes en el<br \/>\n\t\t\t\t\t\t\tdesarrollo de material educativo y en<br \/>\n\t\t\t\t\t\t\ttalleres para escuelas agrot\u00e9cnicas<\/td>\n<\/tr>\n<\/tbody>\n<\/table>\n<\/div>\n<div class=\"col-sm-1\">\n\t\t\t&nbsp;<\/div>\n<\/p><\/div>\n<p>\n\t&nbsp;<\/div>\n<div class=\"mision\">\n<div class=\"titulo-secciones\">Jard\u00edn de Plantas Toxicas Grandes Animales &#8211; Cardo Asnal<a class=\"ancla\" id=\"cardoa\">&nbsp;<\/a><\/div>\n<div class=\"row\">\n<div class=\"col-sm-1\">\n\t\t\t&nbsp;<\/div>\n<div class=\"col-sm-10\">\n<table align=\"center\" border=\"0\" cellpadding=\"2\" cellspacing=\"2\" width=\"81%\" style=\"color:white\">\n<tbody>\n<tr>\n<td colspan=\"2\">\n<p>\n\t\t\t\t\t\t\t\t<strong>Nombre cient\u00edfico: <\/strong><i>Silybum marianum<\/i><\/u><\/p>\n<p class=\"MsoNormal\">\n\t\t\t\t\t\t\t\t<span class=\"a-marron-12\"><strong><u>Familia<\/u>: <\/strong><\/span><i class=\"a-marronoscuro-12\"><u><span lang=\"ES-TRAD\" style=\"mso-fareast-font-family: Times New Roman; mso-bidi-font-family: Times New Roman; mso-ansi-language: ES-TRAD; mso-fareast-language: ES; mso-bidi-language: AR-SA\">Compuestas<\/span><\/u><\/i><\/p>\n<p class=\"MsoNormal\">\n\t\t\t\t\t\t\t\t<span class=\"a-marron-12\"><strong><u>Principio t\u00f3xico:<\/u><\/strong><\/span><span lang=\"ES-TRAD\" style=\"mso-ansi-language: ES-TRAD\"><span class=\"a-marronoscuro-12\"><u><i> Nitratos-nitritos<\/i><\/u><i>.<\/i><\/span><span style=\"mso-bidi-font-family: Times New Roman; mso-ansi-language: ES-TRAD\"> Existen fundamentos para pensar que la variaci\u00f3n estacional de la toxicidad <\/span>(mayor durante el invierno) podr\u00eda deberse a un aumento potencial de actividad enzim\u00e1tica m\u00e1s que a una variaci\u00f3n en el contenido <span style=\"mso-bidi-font-family: Times New Roman; mso-ansi-language: ES-TRAD\">de nitrato.<\/span><\/span><\/p>\n<p class=\"MsoNormal\">\n\t\t\t\t\t\t\t\t<u><span lang=\"ES-TRAD\" style=\"mso-ansi-language:ES-TRAD;layout-grid-mode: line\"><\/span><\/u><br \/>\n\t\t\t\t\t\t\t\t<span lang=\"ES-TRAD\" style=\"mso-ansi-language: ES-TRAD; layout-grid-mode: line; mso-fareast-font-family: Times New Roman; mso-bidi-font-family: Times New Roman; mso-fareast-language: ES; mso-bidi-language: AR-SA; mso-bidi-font-weight: normal\"><strong><span class=\"Estilo31\"><u>Caracter\u00edsticas de la planta:<\/u><\/span><\/strong><\/span><span lang=\"ES-TRAD\" style=\"mso-bidi-font-family: Times New Roman; mso-ansi-language: ES-TRAD\"> planta<span style=\"mso-spacerun: yes; mso-bidi-font-family: Times New Roman; mso-ansi-language: ES-TRAD\">&nbsp; <\/span>anual, de 1 a 2,20 mts. de altura, hojas verdes, marmoreadas de blanco, con espinas aceradas en los m\u00e1rgenes. Flores<span style=\"mso-spacerun: yes; mso-bidi-font-family: Times New Roman; mso-ansi-language: ES-TRAD\">&nbsp;<\/span>viol\u00e1ceas en cap\u00edtulos terminales.<span style=\"mso-spacerun: yes; mso-bidi-font-family: Times New Roman; mso-ansi-language: ES-TRAD\">&nbsp;<\/span>Se propaga por semillas. Vegeta desde fines del verano, oto\u00f1o e invierno. <span style=\"mso-fareast-font-family: Times New Roman; mso-bidi-font-family: Times New Roman; mso-ansi-language: ES-TRAD; mso-fareast-language: ES; mso-bidi-language: AR-SA\">Florecen en primavera, fructificando desde mediados de esta estaci\u00f3n.<\/span><\/span><\/p>\n<p class=\"MsoNormal\">\n\t\t\t\t\t\t\t\t<span lang=\"EN-US\" style=\"mso-fareast-font-family: Times New Roman; mso-bidi-font-family: Times New Roman; mso-ansi-language: EN-US; mso-fareast-language: ES; mso-bidi-language: AR-SA\"><span class=\"a-marron-12\"><strong><u>Animales susceptibles:<\/u><\/strong><\/span><\/span><span lang=\"ES-TRAD\" style=\"mso-fareast-font-family: Times New Roman; mso-bidi-font-family: Times New Roman; mso-ansi-language: ES-TRAD; mso-fareast-language: ES; mso-bidi-language: AR-SA\"> bovinos principalmente, tambi\u00e9n puede afectar a<span style=\"mso-spacerun: yes; mso-fareast-font-family: Times New Roman; mso-bidi-font-family: Times New Roman; mso-fareast-language: ES; mso-bidi-language: AR-SA\">&nbsp;<\/span>ovinos y equinos.<\/span><\/p>\n<p class=\"MsoNormal\">\n\t\t\t\t\t\t\t\t<span class=\"a-marron-12\" lang=\"EN-US\" style=\"mso-fareast-font-family: Times New Roman; mso-bidi-font-family: Times New Roman; mso-ansi-language: EN-US; mso-fareast-language: ES; mso-bidi-language: AR-SA\"><strong><u>Signos cl\u00ednicos:<\/u><\/strong><\/span><span lang=\"ES-TRAD\" style=\"mso-bidi-font-family: Times New Roman; mso-ansi-language: ES-TRAD\"> debilidad, paso tambaleante, incoordinaci\u00f3n, colapso. Cianosis de las membranas mucosas. Coloraci\u00f3n de la sangre, de oscura a marr\u00f3n clara, caracter\u00edstica de metahemoglobina. Gastroenteritis acompa\u00f1ada de salivaci\u00f3n, diarreas de color variable. Poliuria al principio para luego terminar en anuria. Disnea y taquipnea. Pulso r\u00e1pido e irregular. El animal muere en un tiempo relativamente corto entre 3 a 10 horas. <\/span><span lang=\"ES-TRAD\" style=\"mso-fareast-font-family: Times New Roman; mso-bidi-font-family: Times New Roman; mso-ansi-language: ES-TRAD; mso-fareast-language: ES; mso-bidi-language: AR-SA\">En hembras pre\u00f1adas puede producir abortos.<\/span><\/p>\n<p class=\"MsoNormal\">\n\t\t\t\t\t\t\t\t<span style=\"mso-bidi-font-family: Times New Roman\"><span class=\"a-marron-12\" lang=\"EN-US\" style=\"mso-fareast-font-family: Times New Roman; mso-bidi-font-family: Times New Roman; mso-ansi-language: EN-US; mso-fareast-language: ES; mso-bidi-language: AR-SA\"><strong><u>Profilaxis:<\/u><\/strong><\/span><span lang=\"ES-TRAD\" style=\"mso-bidi-font-family: Times New Roman; mso-ansi-language: ES-TRAD\"> cambiar de potrero a los animales. Destruir plantas j\u00f3venes antes de que fructifiquen. Evitar pisoteo del potrero que macera las espinas y entonces son comidas. Evitar el pastoreo de potreros en los que se cort\u00f3<span style=\"mso-spacerun: yes; mso-bidi-font-family: Times New Roman\">&nbsp;<\/span>y no se ore\u00f3 bien el cardo. No pastorear en potreros con escasez de forraje y enmalezados con esta especie.<\/span><\/span><span lang=\"ES-TRAD\" style=\"mso-bidi-font-family: &quot;Times New Roman&quot;;mso-ansi-language:ES-TRAD\"> <o:p> <\/o:p> <\/span><\/p>\n<\/td>\n<\/tr>\n<tr>\n<td width=\"49%\">\n\t\t\t\t\t\t\t<a href=\"cardoasnal.jpg\"><img decoding=\"async\" alt=\"\" border=\"0\" src=\"http:\/\/www.fvet.uba.ar\/archivos\/catedras\/arch_bases_agric\/cardoasnal.jpg\" \/><\/a><\/td>\n<td width=\"51%\">\n\t\t\t\t\t\t\t<a href=\"cardoasnal2.jpg\"><img decoding=\"async\" alt=\"\" border=\"0\" src=\"http:\/\/www.fvet.uba.ar\/archivos\/catedras\/arch_bases_agric\/cardoasnal2.jpg\" \/><\/a><\/td>\n<\/tr>\n<\/tbody>\n<\/table>\n<\/div>\n<div class=\"col-sm-1\">\n\t\t\t&nbsp;<\/div>\n<\/p><\/div>\n<p>\n\t&nbsp;<\/div>\n<div class=\"decano\">\n<div class=\"titulo-secciones\">\n\t\tJard\u00edn de Plantas Toxicas Grandes Animales &#8211; Chamico<a class=\"ancla\" id=\"chamico\">&nbsp;<\/a><\/div>\n<p>\t&nbsp;<\/p>\n<div class=\"row\">\n<div class=\"col-sm-1\">\n\t\t\t&nbsp;<\/div>\n<div class=\"col-sm-10\">\n<table width=\"81%\" border=\"0\" align=\"center\" cellpadding=\"2\" cellspacing=\"2\" bordercolor=\"#996666\">\n<tr>\n<td>\n<p style=\"margin-left:0cm;text-indent:0cm;mso-list:l0 level1 lfo1\"><span class=\"a-marron-12\"><strong><u>Nombre cient&iacute;fico<\/u>:<\/strong><\/span><span class=\"a-marronoscuro-12\" lang=\"ES-AR\"><strong> <i style=\"mso-bidi-font-style:normal\"><u>Datura ferox<\/u> <o:p> <\/o:p> <\/i><u><i style=\"mso-bidi-font-style:normal\"> <o:p><\/o:p> <\/i><\/u><\/strong><\/span><\/p>\n<p><span class=\"a-marron-12\"><strong><u>Familia<\/u>:<\/strong><\/span><span class=\"a-marron-12\" lang=\"ES-AR\"><\/span> <i class=\"a-marronoscuro-12\"><strong><span style=\"mso-fareast-font-family: Times New Roman; mso-bidi-font-family: Times New Roman; mso-ansi-language: EN-US; mso-fareast-language: ES; mso-bidi-language: AR-SA\" lang=\"EN-US\"><u>Solan&aacute;ceas<\/u><\/span><\/strong><\/i><\/p>\n<p><span class=\"a-marron-12\"><strong><u>Principio t&oacute;xico:<\/u><\/strong><\/span> <span lang=\"EN-US\" style=\"mso-bidi-font-family: &quot;Times New Roman&quot;\"><u><i class=\"a-marronoscuro-12\"><strong>Alcaloides<\/strong><\/i><\/u> como la atropina, hiosciamina, hioscina y escopolamina. Los alcaloides se encuentran en toda la planta, hojas y semillas.<\/span><\/p>\n<p><span class=\"a-marron-12\" style=\"mso-ansi-language: ES-TRAD; layout-grid-mode: line; mso-fareast-font-family: Times New Roman; mso-bidi-font-family: Times New Roman; mso-fareast-language: ES; mso-bidi-language: AR-SA; mso-bidi-font-weight: normal\" lang=\"ES-TRAD\"><strong><u>Caracter&iacute;sticas de la planta:<\/u><\/strong><\/span><span style=\"mso-bidi-font-weight: normal; mso-fareast-font-family: Times New Roman; mso-bidi-font-family: Times New Roman; mso-fareast-language: ES; mso-bidi-language: AR-SA; layout-grid-mode: line; mso-ansi-language: ES-TRAD\"> <span style=\"mso-bidi-font-family: Times New Roman; mso-ansi-language: ES-TRAD; layout-grid-mode: line; mso-fareast-font-family: Times New Roman; mso-fareast-language: ES; mso-bidi-language: AR-SA; mso-bidi-font-weight: normal\">maleza de cultivos de verano ( ma&iacute;z, sorgo, etc&#8230;). Planta anual. Tallos erectos como ramificaci&oacute;n dicot&oacute;mica.<\/span><\/span><\/p>\n<p>                    <span style=\"mso-bidi-font-family: Times New Roman; mso-ansi-language: ES-TRAD; layout-grid-mode: line; mso-fareast-font-family: Times New Roman; mso-fareast-language: ES; mso-bidi-language: AR-SA; mso-bidi-font-weight: normal\">Hojas verde p&aacute;lido, dentadas y anchas.<span style=\"mso-spacerun: yes; mso-ansi-language: ES-TRAD; layout-grid-mode: line; mso-fareast-font-family: Times New Roman; mso-bidi-font-family: Times New Roman; mso-fareast-language: ES; mso-bidi-language: AR-SA; mso-bidi-font-weight: normal\">&nbsp;<\/span>Flores blancas, en bifurcaci&oacute;n con el tallo. El fruto es una c&aacute;psula ovoide con fuertes espinas.<span style=\"mso-spacerun: yes; mso-ansi-language: ES-TRAD; layout-grid-mode: line; mso-fareast-font-family: Times New Roman; mso-bidi-font-family: Times New Roman; mso-fareast-language: ES; mso-bidi-language: AR-SA; mso-bidi-font-weight: normal\">&nbsp;<\/span>Semillas de color pardo a negruzco.<\/span><span style=\"mso-fareast-font-family: Times New Roman; mso-bidi-font-family: Times New Roman; mso-ansi-language: ES-TRAD; mso-fareast-language: ES; mso-bidi-language: AR-SA; layout-grid-mode: line; mso-bidi-font-weight: normal\"><span style=\"mso-spacerun: yes; mso-ansi-language: ES-TRAD; layout-grid-mode: line; mso-fareast-font-family: Times New Roman; mso-bidi-font-family: Times New Roman; mso-fareast-language: ES; mso-bidi-language: AR-SA; mso-bidi-font-weight: normal\">&nbsp;<\/span>Florece en verano y fructifica en oto&ntilde;o.<\/span><\/p>\n<p><u class=\"a-marron-12\"><strong>Animales susceptibles:<\/strong><\/u> porcinos, aves, equinos y rumiantes.<\/p>\n<p><span class=\"a-marron-12\" style=\"mso-bidi-font-family: Times New Roman\"><strong><u>Signos cl&iacute;nicos: <\/u><\/strong><\/span><span style=\"mso-bidi-font-family: Times New Roman\" lang=\"EN-US\">par&aacute;lisis, dilataci&oacute;n de pupilas, piel seca y ardiente.<span style=\"mso-spacerun: yes; mso-bidi-font-family: Times New Roman\">&nbsp;<\/span>Aumento de la frecuencia respiratoria.<span style=\"mso-spacerun: yes; mso-bidi-font-family: Times New Roman\">&nbsp;<\/span>Contracciones y contracturas musculares.<span style=\"mso-fareast-font-family: Times New Roman; mso-bidi-font-family: Times New Roman; mso-ansi-language: EN-US; mso-fareast-language: ES; mso-bidi-language: AR-SA\"> Convulsiones y muerte.<\/span><\/span><\/p>\n<p><span class=\"a-marron-12\" style=\"mso-bidi-font-family: Times New Roman\"><strong><u>Profilaxis: <\/u><\/strong><\/span><span style=\"mso-bidi-font-family: Times New Roman\" lang=\"EN-US\">control de la presencia de semillas en la siembra y en fardos. <span style=\"mso-fareast-font-family: Times New Roman; mso-bidi-font-family: Times New Roman; mso-ansi-language: EN-US; mso-fareast-language: ES; mso-bidi-language: AR-SA\">Desmalezar.<\/span><\/span><span lang=\"ES-TRAD\" style=\"mso-bidi-font-family: &quot;Times New Roman&quot;;mso-ansi-language:ES-TRAD\"><\/p>\n<p>                    <\/span><\/p>\n<\/td>\n<\/tr>\n<tr>\n<td>\n<div align=\"center\"><a href=\"chamico.jpg\"><img decoding=\"async\" src=\"http:\/\/www.fvet.uba.ar\/archivos\/catedras\/arch_bases_agric\/chamico.jpg\" alt=\"\" border=\"0\" \/><\/a><\/div>\n<\/td>\n<\/tr>\n<\/table>\n<\/div>\n<div class=\"col-sm-1\">\n\t\t\t&nbsp;<\/div>\n<\/p><\/div>\n<p>\n\t&nbsp;<\/div>\n<div class=\"autoridades\">\n<div class=\"titulo-secciones\">\n\t\tJard\u00edn de Plantas Toxicas Grandes Animales &#8211; Cicuta<a class=\"ancla\" id=\"cicuta\">&nbsp;<\/a><\/div>\n<p>\t&nbsp;<\/p>\n<div class=\"row\">\n<div class=\"col-sm-1\">\n\t\t\t&nbsp;<\/div>\n<div class=\"col-sm-10\">\n<table width=\"81%\" border=\"0\" align=\"center\" cellpadding=\"2\" cellspacing=\"2\" bordercolor=\"#996666\">\n<tr>\n<td colspan=\"3\">\n<p style=\"margin-left:0cm;text-indent:0cm;mso-list:l0 level1 lfo1\"><span class=\"a-marron-12\"><strong><u>Nombre cient&iacute;fico<\/u>:<\/strong><\/span><span class=\"a-marron-12\" lang=\"ES-AR\"><\/span> <u><span class=\"a-marronoscuro-12\" style=\"mso-fareast-font-family: Times New Roman; mso-bidi-font-family: Times New Roman; mso-ansi-language: EN-US; mso-fareast-language: ES; mso-bidi-language: AR-SA; mso-bidi-font-style: normal; mso-bidi-font-weight: normal\" lang=\"EN-US\"><strong><i style=\"mso-bidi-font-style: normal; mso-fareast-font-family: Times New Roman; mso-bidi-font-family: Times New Roman; mso-ansi-language: EN-US; mso-fareast-language: ES; mso-bidi-language: AR-SA; mso-bidi-font-weight: normal\">Conium<\/i> <i style=\"mso-bidi-font-style: normal; mso-fareast-font-family: Times New Roman; mso-bidi-font-family: Times New Roman; mso-ansi-language: EN-US; mso-fareast-language: ES; mso-bidi-language: AR-SA; mso-bidi-font-weight: normal\">maculatum<\/i><\/strong><\/span><\/u><\/p>\n<p><span class=\"a-marron-12\"><strong><u>Familia<\/u>:<\/strong><\/span><span class=\"a-marron-12\" lang=\"ES-AR\"><\/span> <u><i class=\"a-marronoscuro-12\"><strong><span style=\"mso-fareast-font-family: Times New Roman; mso-bidi-font-family: Times New Roman; mso-ansi-language: EN-US; mso-fareast-language: ES; mso-bidi-language: AR-SA\" lang=\"EN-US\">Umbel&iacute;feras<\/span><\/strong><\/i><\/u><\/p>\n<p><span class=\"a-marron-12\"><strong><u>Principio t&oacute;xico:<\/u><\/strong><\/span><span lang=\"ES-AR\"> <span class=\"a-marronoscuro-12\"><strong><i>alcaloides (Gama-Coniceina, Coniina y N metil Coniina)<\/i><\/strong><\/span><i>.<\/i><\/span>Los causantes de esta intoxicaci&oacute;n son 3 alcaloides:<span style=\"mso-spacerun: yes\">&nbsp; <\/span>Gama-Coniceina, Coniina y N metil Coniina. Estas sustancias var&iacute;an su concentraci&oacute;n a medida que avanza el estado vegetativo de la cicuta ( la Gama &ndash;Coniceina disminuye, mientras que la Coniina y la N-metil<span style=\"mso-spacerun: yes\">&nbsp; <\/span>Coniina aumentan). Si comparamos la toxicidad de estos productos, la Gama Conice&iacute;na es siete u ocho veces m&aacute;s t&oacute;xica que la Coni&iacute;na, siendo la N-metil coni&iacute;na a&uacute;n menos t&oacute;xica (Cromwell 1956, Fairbairn and Suwal 1961, Panter and Keeler 1989). Por lo tanto en l&iacute;neas generales podemos decir que las plantas j&oacute;venes son comparativamente m&aacute;s t&oacute;xicas que las plantas maduras.<\/p>\n<p><span style=\"mso-ansi-language: ES-TRAD; layout-grid-mode: line; mso-fareast-font-family: Times New Roman; mso-bidi-font-family: Times New Roman; mso-fareast-language: ES; mso-bidi-language: AR-SA; mso-bidi-font-weight: normal\" lang=\"ES-TRAD\"><u><span lang=\"EN-US\" style=\"mso-fareast-font-family: Times New Roman; mso-bidi-font-family: Times New Roman; mso-ansi-language: EN-US; mso-fareast-language: ES; mso-bidi-language: AR-SA; layout-grid-mode: line; mso-bidi-font-weight: normal\"><span class=\"a-marron-12\"><strong>Caracter&iacute;sticas de la planta<\/strong><\/span><\/span><span class=\"a-marron-12\" style=\"mso-fareast-font-family: Times New Roman; mso-bidi-font-family: Times New Roman; mso-ansi-language: ES-TRAD; mso-fareast-language: ES; mso-bidi-language: AR-SA; layout-grid-mode: line; mso-bidi-font-weight: normal\" lang=\"ES-TRAD\"><strong>:<\/strong><\/span><\/u><\/span><span style=\"mso-bidi-font-weight: normal; mso-fareast-font-family: Times New Roman; mso-bidi-font-family: Times New Roman; mso-fareast-language: ES; mso-bidi-language: AR-SA; layout-grid-mode: line; mso-ansi-language: ES-TRAD\"><span style=\"mso-fareast-font-family: Times New Roman; mso-bidi-font-family: Times New Roman; mso-ansi-language: ES-TRAD; mso-fareast-language: ES; mso-bidi-language: AR-SA; layout-grid-mode: line; mso-bidi-font-weight: normal\" lang=\"ES-TRAD\">&nbsp;<\/span><\/span> es una maleza que pertenece a la familia de las Umbel&iacute;feras. Su ciclo es anual. Puede presentar una altura m&aacute;xima de 2 metros. Su tallo no contiene pubescencias. Una caracter&iacute;stica f&aacute;cilmente de observar es la presencia de manchas rojas ( maculatum = mancha) en la base del tallo. La misma permite diferenciar r&aacute;pidamente a campo la cicuta de otras especies muy parecidas ( <i style=\"mso-bidi-font-style:normal\">Ammi majus<\/i>) quien no poseen dichas manchas. Las hojas son alternas y pinnaticompuestas. Sus flores est&aacute;n dispuestas en umbelas de color blanco;<span style=\"mso-spacerun: yes\">&nbsp; <\/span>florece en primavera &#8211; verano y el fruto es un diaquenio. Es muy frecuente en suelos h&uacute;medos y sombr&iacute;os donde se removi&oacute; la tierra como por ejemplo<span style=\"mso-spacerun: yes\">&nbsp; <\/span>terrenos bald&iacute;os, v&iacute;as f&eacute;rreas, zanjas, alrededor de alambrados, cerca de las casas. Estos datos son importantes a tener en cuenta al momento de decidir donde colocar la guachera, ya que los terneros podr&aacute;n consumir la especie t&oacute;xica si estuviera presente. <span style=\"mso-bidi-font-size: 10.0pt; mso-fareast-font-family: Times New Roman; mso-bidi-font-family: Times New Roman; mso-ansi-language: ES; mso-fareast-language: ES; mso-bidi-language: AR-SA\">Esta especie es nativa de Europa, encontr&aacute;ndose en nuestro pa&iacute;s en Buenos Aires, Entre R&iacute;os, Santa Fe, Santiago del Estero, Chaco y Tucum&aacute;n<\/span><\/p>\n<p><u class=\"a-marron-12\"><strong><a href=\"\/fcvanterior\/areas\/arch_bases_agric\/cicuta_1.JPG\"><\/a>Animales susceptibles:<\/strong><\/u> bovinos, equinos, ovinos, caprinos, porcinos y el hombre.<\/p>\n<p><span class=\"a-marron-12\" style=\"mso-fareast-font-family: Times New Roman; mso-bidi-font-family: Times New Roman; mso-ansi-language: EN-US; mso-fareast-language: ES; mso-bidi-language: AR-SA\" lang=\"EN-US\"><strong><u>Signos cl&iacute;nicos: <\/u><\/strong><\/span>la sintomatolog&iacute;a depender&aacute; de la cantidad ingerida. Presenta 2 cursos: agudo y cr&oacute;nico.<span style=\"mso-spacerun: yes\">&nbsp; <\/span>El curso agudo se caracteriza por temblores musculares e incoordinaci&oacute;n en la marcha, aumento de la frecuencia card&iacute;aca, pulso d&eacute;bil, cianosis( coloraci&oacute;n azulada en las mucosas). La muerte se produce por falla respiratoria (par&aacute;lisis del diafragma y m&uacute;sculos intercostales) luego de 2-3 horas de ingerida la planta. No suelen aparecer convulsiones. Previamente pueden aparecer signos gastroent&eacute;ricos (diarrea y salivaci&oacute;n intensa, c&oacute;licos en el equino y aton&iacute;a ruminal en los rumiantes).Todos estos efectos son el resultado de la acci&oacute;n t&oacute;xica sobre el Sistema Nervioso. <span style=\"mso-bidi-font-size: 10.0pt; mso-fareast-font-family: Times New Roman; mso-bidi-font-family: Times New Roman; mso-ansi-language: ES; mso-fareast-language: ES; mso-bidi-language: AR-SA\">El curso cr&oacute;nico se presenta en hembras pre&ntilde;adas que estuvieron consumiendo bajas dosis de los t&oacute;xicos a partir de los 60 d&iacute;as de gestaci&oacute;n. Esto provoca malformaciones en los fetos en desarrollo, apareciendo al parto terneros defectuosos, con escoliosis( deformaci&oacute;n de la columna vertebral), artrogrifosis (deformaci&oacute;n a nivel de las articulaciones), paladar hendido y espina b&iacute;fida.<\/span><\/p>\n<p><span class=\"a-marron-12\" style=\"mso-bidi-font-family: Times New Roman\"><strong><u>Profilaxis: <\/u><\/strong><\/span>controlar los lugares donde hay cicuta mediante labores mec&aacute;nicas o herbicidas. Seleccionar adecuadamente los sectores de las guacheras, teniendo en cuenta que a su alrededor no crezca cicuta ya que podr&aacute;n consumirla.<\/p>\n<p style=\"margin-left:0cm;text-indent:0cm;mso-list:l0 level1 lfo1\"><span lang=\"ES-TRAD\" style=\"mso-bidi-font-family: &quot;Times New Roman&quot;;mso-ansi-language:ES-TRAD\"><br \/>\n                <\/span><\/p>\n<\/td>\n<\/tr>\n<tr>\n<td>\n<div align=\"center\"><img loading=\"lazy\" decoding=\"async\" src=\"http:\/\/www.fvet.uba.ar\/archivos\/catedras\/arch_bases_agric\/cicuta.jpg\" alt=\"\" width=\"300\" height=\"256\" border=\"0\" \/><\/div>\n<\/td>\n<td><img loading=\"lazy\" decoding=\"async\" src=\"http:\/\/www.fvet.uba.ar\/archivos\/catedras\/arch_bases_agric\/cicuta_0_b.jpg\" alt=\"\" width=\"300\" height=\"225\" border=\"0\" \/><\/td>\n<td><img loading=\"lazy\" decoding=\"async\" src=\"http:\/\/www.fvet.uba.ar\/archivos\/catedras\/arch_bases_agric\/cicuta_1_b.jpg\" alt=\"\" width=\"225\" height=\"300\" border=\"0\" \/><\/td>\n<\/tr>\n<\/table>\n<\/div>\n<div class=\"col-sm-1\">\n\t\t\t&nbsp;<\/div>\n<\/p><\/div>\n<p>\n\t&nbsp;<\/div>\n<div class=\"consejo\">\n<div class=\"titulo-secciones\">\n\t\tJard&iacute;n de Plantas Toxicas Grandes Animales &#8211; Cortadera<a class=\"ancla\" id=\"cortadera\">&nbsp;<\/a><\/div>\n<div class=\"row\">\n<div class=\"col-sm-1\">\n\t\t\t&nbsp;<\/div>\n<div class=\"col-sm-10\">\n<td colspan=\"3\">\n<p align=\"center\" class=\"a-violetaoscuro-11 Estilo2\"><span class=\"a-marronoscuro-12\"><\/strong><\/span><\/p>\n<p>&nbsp;<\/p>\n<table width=\"81%\" border=\"0\" align=\"center\" cellpadding=\"2\" cellspacing=\"2\" bordercolor=\"#996666\">\n<tr>\n<td>\n<p style=\"margin-left:0cm;text-indent:0cm;mso-list:l0 level1 lfo1\"><span class=\"a-marron-12\"><strong><u>Nombre cient&iacute;fico<\/u>:<\/strong><\/span> <span class=\"a-marronoscuro-12\"><em><strong><u>Cortaderia selloana<\/u><br \/>\n                <o:p> <\/o:p> <u> <o:p><\/o:p> <\/u><\/strong><\/em><\/span><\/p>\n<p><span class=\"a-marron-12\"><strong><u>Familia<\/u>:<\/strong><\/span><span class=\"a-marron-12\" lang=\"ES-AR\"><\/span> <i class=\"a-marronoscuro-12\"><strong><u><span style=\"mso-fareast-font-family: Times New Roman; mso-bidi-font-family: Times New Roman; mso-ansi-language: EN-US; mso-fareast-language: ES; mso-bidi-language: AR-SA\" lang=\"EN-US\">Gram&iacute;neas<\/span><\/u><\/strong><\/i><\/p>\n<p><u class=\"a-marron-12\"><strong>Principio t&oacute;xico:<\/strong><\/u> <span class=\"a-marronoscuro-12\"><strong><u><i>Gluc&oacute;sidos cianogen&eacute;ticos<\/i><\/u>.<\/strong><\/span><span class=\"a-marronoscuro-12\" style=\"mso-bidi-font-family:&quot;Times New Roman&quot;\" lang=\"EN-US\"><\/span><span lang=\"EN-US\" style=\"mso-bidi-font-family:&quot;Times New Roman&quot;\"> En ocasiones la espiga puede ser parasitada por <i style=\"mso-bidi-font-style:normal\">Claviceps purpurea<\/i> cuyo esclorotes contienen ergotoxina, ergotinina y ergotamina. <u>(<i class=\"a-marronoscuro-12\"><strong>Alcaloides<\/strong><\/i>)<\/u> <o:p> <\/o:p> <\/span><\/p>\n<p><span style=\"mso-ansi-language: ES-TRAD; layout-grid-mode: line; mso-fareast-font-family: Times New Roman; mso-bidi-font-family: Times New Roman; mso-fareast-language: ES; mso-bidi-language: AR-SA; mso-bidi-font-weight: normal\" lang=\"ES-TRAD\"><strong><u>Caracter&iacute;sticas de la planta:<\/u><\/strong><\/span> <span style=\"mso-bidi-font-family: Times New Roman\" lang=\"EN-US\">hierba gigante que posee espinas sobre el borde de las hojas. Llega<span style=\"mso-spacerun: yes; mso-bidi-font-family: Times New Roman\">&nbsp;<\/span>a medir tres metros. Grandes inflorescencias plumosas de diversos tonos que aparecen desde fines de verano a mediados del invierno. <span style=\"mso-fareast-font-family: Times New Roman; mso-bidi-font-family: Times New Roman; mso-ansi-language: EN-US; mso-fareast-language: ES; mso-bidi-language: AR-SA\">Es resistente a la humedad y diferentes suelos.<\/span><\/span><\/p>\n<p><span style=\"mso-fareast-font-family: Times New Roman; mso-bidi-font-family: Times New Roman; mso-ansi-language: EN-US; mso-fareast-language: ES; mso-bidi-language: AR-SA\" lang=\"EN-US\"><u><strong>Animales susceptibles:<\/strong><\/u> bovinos y ovinos. Equinos<\/span>. Es consumida durante el per&iacute;odo de brotaci&oacute;n, sobre todo luego de la utilizaci&oacute;n de fuego para la eliminaci&oacute;n de malezas en campos naturales.<\/span><\/p>\n<p><span style=\"mso-fareast-font-family: Times New Roman; mso-bidi-font-family: Times New Roman; mso-ansi-language: EN-US; mso-fareast-language: ES; mso-bidi-language: AR-SA\" lang=\"EN-US\"><strong><u>Signos cl&iacute;nicos: <\/u><\/strong><\/span><span style=\"mso-bidi-font-size: 10.0pt; mso-bidi-font-family: Times New Roman\">midriasis. Sialorrea. Disnea. Taquipnea. Tambaleo. Convulsiones.<span style=\"mso-spacerun: yes; mso-bidi-font-family: Times New Roman\">&nbsp;<\/span>Olor a almendras amargas en el aliento del animal. Las mucosas al principio se presentan congestionadas y luego cian&oacute;ticas (de color azulado). <\/span><span lang=\"EN-US\" style=\"mso-fareast-font-family: Times New Roman; mso-bidi-font-family: Times New Roman; mso-ansi-language: EN-US; mso-fareast-language: ES; mso-bidi-language: AR-SA\">El color de la sangre es rojo rutilante.<\/span><\/p>\n<p><span style=\"mso-bidi-font-family: Times New Roman\"><strong><u>Profilaxis: <\/u><\/strong><\/span><span style=\"mso-bidi-font-family: Times New Roman\" lang=\"EN-US\">evitar pastorear potreros donde existan la maleza durante la &eacute;poca de rebrote. <span style=\"mso-fareast-font-family: Times New Roman; mso-bidi-font-family: Times New Roman; mso-ansi-language: EN-US; mso-fareast-language: ES; mso-bidi-language: AR-SA\">No sobrepastorear en aquellos lotes donde se encuentre la cortadera.<\/span><\/span><\/p>\n<p style=\"margin-left:0cm;text-indent:0cm;mso-list:l0 level1 lfo1\"><span lang=\"ES-TRAD\" style=\"mso-bidi-font-family: &quot;Times New Roman&quot;;mso-ansi-language:ES-TRAD\"><\/p>\n<p>              <\/span><\/p>\n<\/td>\n<\/tr>\n<tr>\n<td>\n<div align=\"center\"><img loading=\"lazy\" decoding=\"async\" src=\"http:\/\/www.fvet.uba.ar\/archivos\/catedras\/arch_bases_agric\/cortadera2.jpg\" alt=\"\" width=\"300\" height=\"400\" border=\"0\" \/><\/div>\n<\/td>\n<\/tr>\n<\/table>\n<\/div>\n<div class=\"col-sm-1\">\n\t\t\t&nbsp;<\/div>\n<\/p><\/div>\n<p>\n\t&nbsp;<\/div>\n<div class=\"mision\">\n<div class=\"titulo-secciones\">\n\t\tJard\u00edn de Plantas Toxicas Grandes Animales &#8211; Duraznillo negro<a class=\"ancla\" id=\"dur-negro\">&nbsp;<\/a><\/div>\n<p>\t&nbsp;<\/p>\n<div class=\"row\">\n<div class=\"col-sm-1\">\n\t\t\t&nbsp;<\/div>\n<div class=\"col-sm-10\">\n<td>\n<p style=\"margin-left:0cm;text-indent:0cm;mso-list:l0 level1 lfo1\"><span class=\"a-marron-12\"><strong><u>Nombre cient&iacute;fico<\/u>:<\/strong><\/span> <span class=\"a-marronoscuro-12\"><strong><u><i style=\"mso-bidi-font-style: normal; mso-fareast-font-family: Times New Roman; mso-bidi-font-family: Times New Roman; mso-ansi-language: EN-US; mso-fareast-language: ES; mso-bidi-language: AR-SA; mso-bidi-font-weight: normal\">Cestrum parqui<\/i><\/u><i style=\"mso-bidi-font-style:normal\"> <o:p> <\/o:p> <\/i><u><i style=\"mso-bidi-font-style:normal\"> <o:p><\/o:p> <\/i><\/u><\/strong><\/span><\/p>\n<p><span class=\"a-marron-12\"><strong><u>Familia<\/u>:<\/strong><\/span> <span class=\"a-marronoscuro-12\"><strong><em><u>Solan&aacute;ceas<\/u><\/em><\/strong><\/span><\/p>\n<p><span class=\"a-marron-12\"><strong><u>Principio t&oacute;xico:<\/u><\/strong><\/span> <span style=\"mso-bidi-font-size: 10.0pt; mso-fareast-font-family: Times New Roman; mso-bidi-font-family: Times New Roman; mso-ansi-language: ES; mso-fareast-language: ES; mso-bidi-language: AR-SA\" lang=\"EN-US\">posee un alcaloide denominado parquina y un gluc&oacute;sido llamado parquin&oacute;sido (hepatot&oacute;xicos) los cu&aacute;les var&iacute;an en concentraci&oacute;n a lo largo del a&ntilde;o. Toda la planta es t&oacute;xica, inclusive las hojas secas. Esto es importante<span style=\"mso-spacerun: yes\">&nbsp; <\/span>ya que si se administra forraje conservado que pudiera tener hojas de duraznillo negro, la intoxicaci&oacute;n podr&aacute; presentarse. Esto compromete al productor en el control de la calidad del forraje<span style=\"mso-spacerun: yes\">&nbsp; <\/span>que administra, y al Veterinario en el reconocimiento de la presencia de plantas t&oacute;xicas.<\/span><span lang=\"EN-US\" style=\"mso-bidi-font-family: &quot;Times New Roman&quot;\"> <o:p> <\/span><br \/> <span style=\"mso-ansi-language: ES-TRAD; layout-grid-mode: line; mso-fareast-font-family: Times New Roman; mso-bidi-font-family: Times New Roman; mso-fareast-language: ES; mso-bidi-language: AR-SA; mso-bidi-font-weight: normal\" lang=\"ES-TRAD\"><u><span lang=\"EN-US\" style=\"mso-fareast-font-family: Times New Roman; mso-bidi-font-family: Times New Roman; mso-ansi-language: EN-US; mso-fareast-language: ES; mso-bidi-language: AR-SA; layout-grid-mode: line; mso-bidi-font-weight: normal\"><br \/> <span class=\"a-marron-12\"><strong>Caracter&iacute;sticas de la planta<\/strong><\/span><\/span><span class=\"a-marron-12\" style=\"mso-fareast-font-family: Times New Roman; mso-bidi-font-family: Times New Roman; mso-ansi-language: ES-TRAD; mso-fareast-language: ES; mso-bidi-language: AR-SA; layout-grid-mode: line; mso-bidi-font-weight: normal\" lang=\"ES-TRAD\"><strong>:<\/strong><\/span><\/u><\/span> es una maleza arbustiva perteneciente a la familia de las Solan&aacute;ceas. Su ciclo es perenne. El tallo es rizomatoso, caracter&iacute;stica que dificulta el control de su expansi&oacute;n. Sin pubescencias. Tiene una altura m&aacute;xima de tres metros. Sus hojas son de forma lanceolada, simples y alternas, que al romperlas despiden un olor muy desagradable ( de all&iacute; su nombre vulgar Hediondilla). Sus flores tienen forma de campana, son amarillas, y se las puede ver desde octubre hasta abril, fructificando en verano &#8211; oto&ntilde;o. Su fruto es ovoide de color negro, y es la parte del vegetal donde la concentraci&oacute;n del t&oacute;xico es mayor. Es originario de las regiones templadas y c&aacute;lidas de Am&eacute;rica. En nuestro pa&iacute;s crece en Buenos Aires, C&oacute;rdoba, Santa F&eacute;, San Luis, Tucum&aacute;n, Salta, Chaco, Formosa, Santiago del Estero, Catamarca, San Juan, Jujuy, Corrientes, Entre R&iacute;os, Mendoza, La Rioja y R&iacute;o Negro.<\/p>\n<p>                    <u class=\"a-marron-12\"><strong>Animales susceptibles:<\/strong><\/u> rumiantes, cerdos y equinos.<\/p>\n<p>                    <span class=\"a-marron-12\" style=\"mso-fareast-font-family: Times New Roman; mso-bidi-font-family: Times New Roman; mso-ansi-language: EN-US; mso-fareast-language: ES; mso-bidi-language: AR-SA\" lang=\"EN-US\"><strong><u>Signos cl&iacute;nicos:<\/u><\/strong><\/span><span style=\"mso-bidi-font-size: 10.0pt; mso-fareast-font-family: Times New Roman; mso-bidi-font-family: Times New Roman; mso-ansi-language: EN-US; mso-fareast-language: ES; mso-bidi-language: AR-SA\" lang=\"EN-US\"> l<\/span><span lang=\"EN-US\" style=\"mso-fareast-font-family: Times New Roman; mso-bidi-font-family: Times New Roman; mso-ansi-language: EN-US; mso-fareast-language: ES; mso-bidi-language: AR-SA; mso-bidi-font-size: 10.0pt\"><span style=\"mso-bidi-font-size: 10.0pt; mso-fareast-font-family: Times New Roman; mso-bidi-font-family: Times New Roman; mso-ansi-language: ES; mso-fareast-language: ES; mso-bidi-language: AR-SA\">os signos (que aparecen a las <\/span><span style=\"mso-bidi-font-size: 10.0pt; mso-fareast-font-family: Times New Roman; mso-bidi-font-family: Times New Roman; mso-ansi-language: ES-TRAD; mso-fareast-language: ES; mso-bidi-language: AR-SA\">24-48 hs de ingerida la planta) son causados por la insuficiencia hep&aacute;tica grave que se produce. Aparece dolor a la palpaci&oacute;n en la zona hep&aacute;tica y un marcado embotamiento de la conciencia (mareo). Los animales dejan de comer en forma repentina. Aparecen signos nerviosos (cambios de la conducta, generalmente agresiva) con par&aacute;lisis de los miembros traseros. Tambi&eacute;n se observa depresi&oacute;n,<span style=\"mso-spacerun: yes; mso-bidi-font-size: 10.0pt; mso-fareast-font-family: Times New Roman; mso-bidi-font-family: Times New Roman; mso-fareast-language: ES; mso-bidi-language: AR-SA\">&nbsp; <\/span>salivaci&oacute;n abundante y posterior postraci&oacute;n. Una vez que adoptan el dec&uacute;bito (se acuestan) la muerte se produce en 1 a 3 d&iacute;as.<\/span><\/span><\/p>\n<p>                    <span class=\"a-marron-12\" style=\"mso-bidi-font-family: Times New Roman\"><strong><u>Profilaxis: <\/u><\/strong><\/span>Identificar el arbusto en el establecimiento. Suele ser pr&aacute;ctico realizar un control con herbicidas.<span lang=\"ES-TRAD\" style=\"mso-bidi-font-size: 10.0pt; mso-fareast-font-family: Times New Roman; mso-bidi-font-family: Times New Roman; mso-ansi-language: ES-TRAD; mso-fareast-language: ES; mso-bidi-language: AR-SA\"> No dejar animales hambreados en potreros o caminos en los cuales pueda crecer el Duraznillo Negro.<\/span><span lang=\"ES-TRAD\" style=\"mso-bidi-font-family: &quot;Times New Roman&quot;;mso-ansi-language:ES-TRAD\"><\/p>\n<p>                  <\/span><\/p>\n<\/td>\n<\/tr>\n<tr>\n<td>\n<div align=\"center\"><img loading=\"lazy\" decoding=\"async\" src=\"http:\/\/www.fvet.uba.ar\/archivos\/catedras\/arch_bases_agric\/duraznillonegro.jpg\" alt=\"\" width=\"300\" height=\"283\" border=\"0\" \/><\/div>\n<\/td>\n<\/div>\n<div class=\"col-sm-1\">\n\t\t\t&nbsp;<\/div>\n<\/p><\/div>\n<p>\n\t&nbsp;<\/div>\n<div class=\"decano\">\n<div class=\"titulo-secciones\">\n\t\tJard\u00edn de Plantas Toxicas Grandes Animales &#8211; Duraznillo Blanco<a class=\"ancla\" id=\"dur-blanco\">&nbsp;<\/a><\/div>\n<p>\t&nbsp;<\/p>\n<div class=\"row\">\n<div class=\"col-sm-1\">\n\t\t\t&nbsp;<\/div>\n<div class=\"col-sm-10\">\n<td>\n<p style=\"margin-left:0cm;text-indent:0cm;mso-list:l0 level1 lfo1\"><span class=\"a-marron-12\" style=\"font-weight: bold\"><u>Nombre cient&iacute;fico<\/u>:<\/span> <i class=\"a-marronoscuro-12\" style=\"mso-bidi-font-style: normal; mso-fareast-font-family: Times New Roman; mso-bidi-font-family: Times New Roman; mso-ansi-language: EN-US; mso-fareast-language: ES; mso-bidi-language: AR-SA; mso-bidi-font-weight: normal\"><strong><u>Solanum glaucophyllum<\/u><\/strong><\/i><\/p>\n<p><span class=\"a-marron-12\"><strong><u><span lang=\"ES-AR\">Familia<\/span><\/u><span lang=\"ES-AR\">:<\/span><\/strong><\/span> <i class=\"a-marronoscuro-12\"><strong><span style=\"mso-fareast-font-family: Times New Roman; mso-bidi-font-family: Times New Roman; mso-ansi-language: EN-US; mso-fareast-language: ES; mso-bidi-language: AR-SA; layout-grid-mode: line\" lang=\"EN-US\"><u>Solan&aacute;ceas<\/u><\/span><\/strong><\/i><\/p>\n<p><span class=\"a-marron-12\"><strong><u>Principio t&oacute;xico<\/u>:<\/strong><\/span><span class=\"a-marron-12\" lang=\"ES-AR\"><\/span> <span style=\"mso-fareast-font-family: Times New Roman; mso-ansi-language: EN-US; mso-fareast-language: ES; mso-bidi-language: AR-SA\" lang=\"EN-US\"><span style=\"mso-fareast-font-family: Times New Roman; mso-bidi-font-family: Times New Roman; mso-ansi-language: EN-US; mso-fareast-language: ES; mso-bidi-language: AR-SA\">Es el <em class=\"a-marronoscuro-12\"><strong><u>Principio calcinog&eacute;nico<\/u><\/strong><\/em> 1,25-dihidroxicolecalciferol, un componente semejante a la vitamina D3. Este metabolito es activado por los rayos ultravioletas del sol en las hojas mismas de la planta<\/span>.<\/span><\/p>\n<p>                      <span class=\"a-marron-12\" style=\"mso-fareast-font-family: Times New Roman; mso-bidi-font-family: Times New Roman; mso-ansi-language: EN-US; mso-fareast-language: ES; mso-bidi-language: AR-SA\" lang=\"EN-US\"><strong><u>Caracter&iacute;sticas de la planta<\/u><\/strong><\/span><span class=\"a-marron-12\" style=\"mso-ansi-language:ES-TRAD; layout-grid-mode:line\" lang=\"ES-TRAD\"><strong>:<\/strong><\/span> <span style=\"mso-bidi-font-family: Times New Roman\" lang=\"EN-US\">arbusto de tipo perenne, rizomatoso. Tallos son de 1.5 a 2 mts. de altura. Hojas de 8 a 12 cm. de largo, present&aacute;ndose en n&uacute;mero variable por tallo (5 a 30). <span style=\"mso-fareast-font-family: Times New Roman; mso-bidi-font-family: Times New Roman; mso-ansi-language: EN-US; mso-fareast-language: ES; mso-bidi-language: AR-SA\">Crece en zonas anegadizas, con subsuelo arcilloso.<\/span><\/span><br \/>\n                        <span class=\"a-marron-12 Estilo2\" style=\"mso-fareast-font-family: Times New Roman; mso-bidi-font-family: Times New Roman; mso-ansi-language: EN-US; mso-fareast-language: ES; mso-bidi-language: AR-SA\" lang=\"EN-US\"><strong><u><\/u><\/strong><\/span><span class=\"a-marron-12\" style=\"mso-fareast-font-family: Times New Roman; mso-bidi-font-family: Times New Roman; mso-ansi-language: EN-US; mso-fareast-language: ES; mso-bidi-language: AR-SA\" lang=\"EN-US\"><strong><u><br \/>\n                    Animales susceptibles<\/u><\/strong><\/span><span class=\"a-marron-12\" style=\"mso-ansi-language:ES-TRAD;layout-grid-mode: line\" lang=\"ES-TRAD\"><strong>:<\/strong><\/span> <span style=\"mso-fareast-font-family: Times New Roman; mso-bidi-font-family: Times New Roman; mso-ansi-language: ES-TRAD; mso-fareast-language: ES; mso-bidi-language: AR-SA; layout-grid-mode: line\" lang=\"EN-US\">bovino, Ovino y Equino.<\/span><\/p>\n<p>                      <span class=\"a-marron-12\"><strong><u>Signos cl&iacute;nicos<\/u>:<\/strong><\/span> <span style=\"mso-bidi-font-family: Times New Roman\" lang=\"EN-US\">enfermedad de curso cr&oacute;nico. Hay adelgazamiento progresivo y marcado envaramiento (xifosis).<\/span> <\/p>\n<p><span class=\"a-marron-12\" style=\"mso-fareast-font-family: Times New Roman; mso-bidi-font-family: Times New Roman; mso-ansi-language: EN-US; mso-fareast-language: ES; mso-bidi-language: AR-SA\" lang=\"EN-US\"><strong><u> Profilaxis<\/u>: <\/strong><\/span><span lang=\"EN-US\" style=\"mso-bidi-font-family: Times New Roman\">esta es importante ya que una vez detectados los s&iacute;ntomas la enfermedad es irreversible debi&eacute;ndose destinar los animales a faena. Manejo de Pastoreo: naturalmente las hojas no son consumidas por los animales. Sin embargo pueden llegar a consumirlas involuntariamente junto a otros forrajes cuando estas se caen (oto&ntilde;o y verano), y en primavera (epoca de brotaci&oacute;n). Control mec&aacute;nico: labranza profunda para deshacernos de la planta destacando que suele habitar suelos anegadizos donde es dif&iacute;cil el ingreso con maquinaria. Control Qu&iacute;mico: utilizacion de Glifosfato en plena fructificaci&oacute;n.<\/span><\/p>\n<p style=\"margin-left:0cm;text-indent:0cm;mso-list:l0 level1 lfo1\"><span lang=\"ES-TRAD\" style=\"mso-bidi-font-family: &quot;Times New Roman&quot;;mso-ansi-language:ES-TRAD\"><\/p>\n<p>                  <\/span><\/p>\n<\/td>\n<\/tr>\n<tr>\n<td>\n<div align=\"center\"><img loading=\"lazy\" decoding=\"async\" src=\"http:\/\/www.fvet.uba.ar\/archivos\/catedras\/arch_bases_agric\/duraznilloblanco.jpg\" alt=\"\" width=\"300\" height=\"231\" border=\"0\" \/><\/div>\n<\/td>\n<\/div>\n<div class=\"col-sm-1\">\n\t\t\t&nbsp;<\/div>\n<\/p><\/div>\n<p>\n\t&nbsp;<\/div>\n<div class=\"autoridades\">\n<div class=\"titulo-secciones\">\n\t\tJard\u00edn de Plantas Toxicas Grandes Animales &#8211; Falsa Viznaga<a class=\"ancla\" id=\"falsav\">&nbsp;<\/a><\/div>\n<p>\t&nbsp;<\/p>\n<div class=\"row\">\n<div class=\"col-sm-1\">\n\t\t\t&nbsp;<\/div>\n<div class=\"col-sm-10\">\n<td>\n<p style=\"margin-left:0cm;text-indent:0cm;mso-list:l0 level1 lfo1\"><span class=\"a-marron-12\" lang=\"ES-AR\"><strong><u>Nombre cient&iacute;fico: <\/u><\/strong><\/span><i class=\"a-marronoscuro-12\"><strong><u>Ammi Majus<\/u><\/strong><\/i><\/p>\n<p><span class=\"a-marron-12\"><strong><u>Familia<\/u>:<\/strong><\/span> <i class=\"a-marronoscuro-12\"><strong><u><span style=\"mso-fareast-font-family: Times New Roman; mso-bidi-font-family: Times New Roman; mso-ansi-language: EN-US; mso-fareast-language: ES; mso-bidi-language: AR-SA\" lang=\"EN-US\">Umbil&iacute;fera<\/span><\/u><\/strong><\/i><\/p>\n<p><span class=\"a-marron-12\"><strong><u>Principio t&oacute;xico:<\/u><\/strong><\/span> <span style=\"mso-fareast-font-family: Times New Roman; mso-bidi-font-family: Times New Roman; mso-ansi-language: EN-US; mso-fareast-language: ES; mso-bidi-language: AR-SA\" lang=\"EN-US\"><i class=\"a-marronoscuro-12\"><strong><u>Agentes fotosensibilizantes. <\/u><\/strong><\/i>El agente fostosensibilizante es la furocumarina.<\/span><\/p>\n<p><span class=\"a-marron-12\" style=\"mso-ansi-language: ES-TRAD; layout-grid-mode: line; mso-fareast-font-family: Times New Roman; mso-bidi-font-family: Times New Roman; mso-fareast-language: ES; mso-bidi-language: AR-SA; mso-bidi-font-weight: normal\" lang=\"ES-TRAD\"><strong><u>Caracter&iacute;sticas de la planta:<\/u><\/strong><\/span> <span style=\"mso-bidi-font-family: Times New Roman\" lang=\"EN-US\">planta anual, erecta de tallos cil&iacute;ndricos. Hojas largamente pecioladas con fol&iacute;culos ovalados o lineales. Flores dispuestas en umbelas, plur&iacute;foras densas.<span style=\"mso-fareast-font-family: Times New Roman; mso-bidi-font-family: Times New Roman; mso-ansi-language: EN-US; mso-fareast-language: ES; mso-bidi-language: AR-SA\"><span style=\"mso-spacerun: yes; mso-bidi-font-family: Times New Roman\">&nbsp;<\/span>Fruto oval.<\/span><\/span><\/p>\n<p><strong><u>Animales susceptibles:<\/u><\/strong> bovinos, ovinos, aves, porcinos y equinos.<\/p>\n<p><span class=\"a-marron-12\" style=\"mso-fareast-font-family: Times New Roman; mso-bidi-font-family: Times New Roman; mso-ansi-language: EN-US; mso-fareast-language: ES; mso-bidi-language: AR-SA\" lang=\"EN-US\"><strong><u><span class=\"Estilo7\"><br class=\"Estilo22\"><\/span><\/u><\/strong><\/span> <span class=\"a-marron-12\"><strong><u>Signos cl&iacute;nicos<\/u>:<\/strong><\/span> <span style=\"mso-bidi-font-family: Times New Roman\" lang=\"EN-US\"><\/span><span style=\"mso-bidi-font-family: Times New Roman\" lang=\"EN-US\">lesiones intensamente pruriginosas que asientan sobre las zonas despigmentadas de piel o escasa cobertura pilosa. En las zonas afectadas hay gran exudaci&oacute;n y necrosis intensa. La piel afectada se seca y cae en forma de l&aacute;minas desecadas. Hay necrosis de punta de orejas. <span style=\"mso-fareast-font-family: Times New Roman; mso-bidi-font-family: Times New Roman; mso-ansi-language: EN-US; mso-fareast-language: ES; mso-bidi-language: AR-SA\">Puede haber<span style=\"mso-spacerun: yes; mso-bidi-font-family: Times New Roman\">&nbsp; <\/span>inflamaci&oacute;n de p&aacute;rpados y lagrimeos.<\/span><\/span><\/p>\n<p><strong><u>Profilaxis:<\/u><\/strong> identificaci&oacute;n y control de la planta. Ofrecer zonas de reparo a los animales.<span lang=\"ES-TRAD\" style=\"mso-bidi-font-family: &quot;Times New Roman&quot;;mso-ansi-language:ES-TRAD\"><\/p>\n<p>                  <\/span><\/td>\n<\/tr>\n<tr>\n<td>\n<div align=\"center\"><img loading=\"lazy\" decoding=\"async\" src=\"http:\/\/www.fvet.uba.ar\/archivos\/catedras\/arch_bases_agric\/viznaga1.jpg\" alt=\"\" width=\"300\" height=\"235\" border=\"0\" \/><\/div>\n<\/td>\n<\/div>\n<div class=\"col-sm-1\">\n\t\t\t&nbsp;<\/div>\n<\/p><\/div>\n<p>\n\t&nbsp;<\/div>\n<div class=\"consejo\">\n<div class=\"titulo-secciones\">\n\t\tJard\u00edn de Plantas Toxicas Grandes Animales &#8211; Lantana<a class=\"ancla\" id=\"lantana\">&nbsp;<\/a><\/div>\n<p>\t&nbsp;<\/p>\n<div class=\"row\">\n<div class=\"col-sm-1\">\n\t\t\t&nbsp;<\/div>\n<div class=\"col-sm-10\">\n<table width=\"81%\" border=\"0\" align=\"center\" cellpadding=\"2\" cellspacing=\"2\" bordercolor=\"#996666\">\n<tr>\n<td colspan=\"2\">\n<p style=\"margin-left:0cm;text-indent:0cm;mso-list:l0 level1 lfo1\"><span class=\"a-marron-12\"><strong><u>Nombre cient&iacute;fico<\/u>:<\/strong><\/span><span lang=\"ES-AR\"> <u><i class=\"a-marronoscuro-12\" style=\"mso-bidi-font-style: normal; mso-bidi-font-size: 10.0pt; mso-fareast-font-family: Times New Roman; mso-bidi-font-family: Times New Roman; mso-ansi-language: ES-AR; mso-fareast-language: ES; mso-bidi-language: AR-SA; mso-bidi-font-weight: normal\"><strong><span style=\"mso-bidi-font-size: 10.0pt; mso-fareast-font-family: Times New Roman; mso-bidi-font-family: Times New Roman; mso-ansi-language: ES-AR; mso-fareast-language: ES; mso-bidi-language: AR-SA; mso-bidi-font-style: normal; mso-bidi-font-weight: normal\" lang=\"ES-AR\">Lantana camara<\/span><\/strong><\/i><i style=\"mso-bidi-font-style:normal\"> <o:p><\/o:p> <\/i><\/u><\/span><\/p>\n<p><span class=\"a-marron-12\"><strong><u>Familia<\/u>:<\/strong><\/span><span class=\"a-marronoscuro-12\" lang=\"ES-AR\"><strong> <i><u>Verben&aacute;ceas<\/u><\/i><\/strong><\/span><\/p>\n<p><span class=\"a-marron-12\"><strong><u>Principio t&oacute;xico:<\/u><\/strong><\/span><span lang=\"ES-AR\"> <span style=\"mso-bidi-font-size: 10.0pt; mso-fareast-font-family: Times New Roman; mso-bidi-font-family: Times New Roman; mso-ansi-language: ES-AR; mso-fareast-language: ES; mso-bidi-language: AR-SA\">t<\/span><\/span><span lang=\"ES-AR\" style=\"mso-bidi-font-size: 10.0pt; mso-fareast-font-family: Times New Roman; mso-bidi-font-family: Times New Roman; mso-ansi-language: ES-AR; mso-fareast-language: ES; mso-bidi-language: AR-SA\">oxina hepatot&oacute;xica, triterpenoides: lantadena A y B. <u><i class=\"a-marronoscuro-12\"><strong>Fotosensibilizaci&oacute;n<\/strong><\/i><\/u><\/span><\/p>\n<p><span style=\"mso-ansi-language: ES-TRAD; layout-grid-mode: line; mso-fareast-font-family: Times New Roman; mso-bidi-font-family: Times New Roman; mso-fareast-language: ES; mso-bidi-language: AR-SA; mso-bidi-font-weight: normal\" lang=\"ES-TRAD\"><strong><span class=\"Estilo31\"><u>Caracter&iacute;sticas de la planta:<\/u><\/span><\/strong><\/span> <span lang=\"ES-AR\">arbusto de 0,50 a 2 metros.<\/span> <span lang=\"ES-AR\">Hojas pecioladas, ovaladas, agudas, dentadas, rugosas en la cara superior.<\/span> <span lang=\"ES-AR\">Flores amarillas, anaranjadas o rojas en la misma inflorescencia.<\/span> <span lang=\"ES-AR\">Fruto negro de 5 a 7 mil&iacute;metros.<\/span> <span lang=\"ES-AR\" style=\"mso-bidi-font-size: 10.0pt; mso-fareast-font-family: Times New Roman; mso-bidi-font-family: Times New Roman; mso-ansi-language: ES-AR; mso-fareast-language: ES; mso-bidi-language: AR-SA\">Muy utilizada como planta ornamental.<\/span><\/p>\n<p><span class=\"a-marron-12\" style=\"mso-fareast-font-family: Times New Roman; mso-bidi-font-family: Times New Roman; mso-ansi-language: EN-US; mso-fareast-language: ES; mso-bidi-language: AR-SA\" lang=\"EN-US\"><strong><u><span class=\"a-marron-12\" style=\"mso-fareast-font-family: Times New Roman; mso-bidi-font-family: Times New Roman; mso-ansi-language: EN-US; mso-fareast-language: ES; mso-bidi-language: AR-SA\" lang=\"EN-US\"><strong><u>Animales susceptibles:<\/u><\/strong><\/span><\/u><\/strong><\/span> ovinos y bovinos.<\/p>\n<p>                      Signos cl&iacute;nicos:<\/u><\/strong><\/span><span style=\"mso-bidi-font-size: 10.0pt; mso-bidi-font-family: Times New Roman\">gastroenteritis. Heces sanguinolentas. Debilidad y muerte al t&eacute;rmino de 3 o 4 d&iacute;as. En el curso cr&oacute;nico: fotosensibilizaci&oacute;n, ulceraciones, desprendimientos de mucosa de las membranas bucales en bovinos. Ictericia. <span lang=\"ES-AR\" style=\"mso-bidi-font-size: 10.0pt; mso-fareast-font-family: Times New Roman; mso-bidi-font-family: Times New Roman; mso-ansi-language: ES-AR; mso-fareast-language: ES; mso-bidi-language: AR-SA\">Materia fecal y orina de color oscuro.<\/span><\/span><\/p>\n<p><span class=\"a-marron-12\" style=\"mso-bidi-font-family: Times New Roman\"><strong><u>Profilaxis:<\/u><\/strong><\/span><span lang=\"ES-AR\">evitar el consumo de la planta por parte de los animales.<\/span> <span lang=\"ES-AR\" style=\"mso-bidi-font-size: 10.0pt; mso-fareast-font-family: Times New Roman; mso-bidi-font-family: Times New Roman; mso-ansi-language: ES-AR; mso-fareast-language: ES; mso-bidi-language: AR-SA\">Identificaci&oacute;n y control de la planta.<\/span><\/p>\n<p style=\"margin-left:0cm;text-indent:0cm;mso-list:l0 level1 lfo1\"><span lang=\"ES-TRAD\" style=\"mso-bidi-font-family: &quot;Times New Roman&quot;;mso-ansi-language:ES-TRAD\"><br \/> <\/span><\/p>\n<\/td>\n<\/tr>\n<tr>\n<td>\n<div align=\"center\"><img loading=\"lazy\" decoding=\"async\" src=\"http:\/\/www.fvet.uba.ar\/archivos\/catedras\/arch_bases_agric\/lantana.jpg\" alt=\"\" width=\"300\" height=\"225\" border=\"0\" \/><\/div>\n<\/td>\n<td>\n<div align=\"center\"><img loading=\"lazy\" decoding=\"async\" src=\"http:\/\/www.fvet.uba.ar\/archivos\/catedras\/arch_bases_agric\/lantana3.jpg\" alt=\"\" width=\"200\" height=\"267\" border=\"0\" \/><\/div>\n<\/td>\n<\/tr>\n<\/table>\n<p><\/td>\n<\/p><\/div>\n<div class=\"col-sm-1\">\n\t\t\t&nbsp;<\/div>\n<\/p><\/div>\n<p>\n\t&nbsp;<\/div>\n<div class=\"mision\">\n<div class=\"titulo-secciones\">Jard\u00edn de Plantas Toxicas Grandes Animales &#8211; Morenita<a class=\"ancla\" id=\"morenita\">&nbsp;<\/a><\/div>\n<p>    &nbsp;<\/p>\n<div class=\"row\">\n<div class=\"col-sm-1\">\n            &nbsp;<\/div>\n<div class=\"col-sm-10\">\n<td width=\"100%\" bgcolor=\"#DDDDD0\">\n<p style=\"margin-left:0cm;text-indent:0cm;mso-list:l0 level1 lfo1\"> <span class=\"a-marron-12\"><strong><u>Nombre cient&iacute;fico<\/u>:<\/strong><\/span> <u><i class=\"a-marronoscuro-12\" style=\"mso-bidi-font-style: normal; mso-bidi-font-size: 10.0pt; mso-fareast-font-family: Times New Roman; mso-bidi-font-family: Times New Roman; mso-ansi-language: ES-AR; mso-fareast-language: ES; mso-bidi-language: AR-SA; mso-bidi-font-weight: normal\"><strong><span style=\"mso-bidi-font-size: 10.0pt; mso-fareast-font-family: Times New Roman; mso-bidi-font-family: Times New Roman; mso-ansi-language: ES-AR; mso-fareast-language: ES; mso-bidi-language: AR-SA; mso-bidi-font-style: normal; mso-bidi-font-weight: normal\" lang=\"ES-AR\">Kochia scoparia<\/span><\/strong><\/i><\/u><\/p>\n<p><span class=\"a-marron-12\"><strong><u>Familia<\/u>:<\/strong><\/span><span class=\"a-marronoscuro-12\" lang=\"ES-AR\"><strong> <i><u>Chenopodiaceas<\/u><\/i><\/strong><\/span><\/p>\n<p><span class=\"a-marron-12\"><strong><u>Principio t&oacute;xico:<\/u><\/strong><\/span><span lang=\"ES-AR\"> <span class=\"a-marronoscuro-12\"><strong><u><i>Saponinas<\/i><\/u>.<\/strong><\/span> Es principalmente t&oacute;xica en los &uacute;ltimos estad&iacute;os de su crecimiento. La toxicidad disminuye cuando la planta es ensilada. <i class=\"a-marronoscuro-12\"><strong><u>Agentes fotosensibilizantes<\/u> <\/strong><\/i>y es discutida la presencia de <u><i class=\"a-marronoscuro-12\"><strong>Alcaloides.<\/strong><\/i><\/u><\/span><\/p>\n<p><span style=\"mso-ansi-language: ES-TRAD; layout-grid-mode: line; mso-fareast-font-family: Times New Roman; mso-bidi-font-family: Times New Roman; mso-fareast-language: ES; mso-bidi-language: AR-SA; mso-bidi-font-weight: normal\" lang=\"ES-TRAD\"><strong><span class=\"Estilo3\"><u>Caracter&iacute;sticas de la planta:<\/u><\/span><\/strong><\/span> <span lang=\"ES-AR\">planta herb&aacute;cea, anual, muy ramificada, pubescente de hasta 1 metro o m&aacute;s de altura. Hojas alternas, lanceoladas de 1 a 5 cent&iacute;metros de largo con nervaduras. Flores peque&ntilde;as y fruto seco, rodeada por el c&aacute;liz que forma cinco alas. <span style=\"mso-bidi-font-size: 10.0pt; mso-fareast-font-family: Times New Roman; mso-bidi-font-family: Times New Roman; mso-ansi-language: ES-AR; mso-fareast-language: ES; mso-bidi-language: AR-SA\">Vegeta en verano, y una vez que la planta se seca, el tallo se corta y es arrastrado por el viento, favoreciendo asi la dispersion de los frutos.<\/span><\/span><\/p>\n<p><span class=\"a-marron-12\" style=\"mso-fareast-font-family: Times New Roman; mso-bidi-font-family: Times New Roman; mso-ansi-language: EN-US; mso-fareast-language: ES; mso-bidi-language: AR-SA\" lang=\"EN-US\"><strong><u>Animales<br \/>\n                  susceptibles:<\/u> <\/strong><\/span><span style=\"mso-bidi-font-size: 10.0pt; mso-fareast-font-family: Times New Roman; mso-bidi-font-family: Times New Roman; mso-ansi-language: ES-AR; mso-fareast-language: ES; mso-bidi-language: AR-SA\" lang=\"ES-AR\">bovinos, ovinos y caprinos.<\/span><\/p>\n<p><span class=\"a-marron-12\" style=\"mso-fareast-font-family: Times New Roman; mso-bidi-font-family: Times New Roman; mso-ansi-language: EN-US; mso-fareast-language: ES; mso-bidi-language: AR-SA\" lang=\"EN-US\"><strong><u>Signos<br \/>\n                  cl&iacute;nicos:<\/u> <\/strong><\/span><span style=\"mso-bidi-font-size: 10.0pt; mso-bidi-font-family: Times New Roman\">signos gastrointestinales. Par&aacute;lisis, convulsiones. <span lang=\"ES-AR\" style=\"mso-bidi-font-size: 10.0pt; mso-fareast-font-family: Times New Roman; mso-bidi-font-family: Times New Roman; mso-ansi-language: ES-AR; mso-fareast-language: ES; mso-bidi-language: AR-SA\">Hemoglobinuria (orina amarronada).<\/span><\/span><\/p>\n<p><span class=\"a-marron-12\" style=\"mso-bidi-font-family: Times New Roman\"><strong><u>Profilaxis:<\/u> <\/strong><\/span><span lang=\"ES-AR\">cambiar los animales de potrero<\/span>. <span lang=\"ES-AR\" style=\"mso-bidi-font-size: 10.0pt; mso-fareast-font-family: Times New Roman; mso-bidi-font-family: Times New Roman; mso-ansi-language: ES-AR; mso-fareast-language: ES; mso-bidi-language: AR-SA\">Evitar el consumo de morenita en los per&iacute;odos de alta toxicidad.<\/span><\/p>\n<\/td><\/div>\n<div class=\"col-sm-1\">\n            &nbsp;\n        <\/div>\n<\/p><\/div>\n<p>\n    &nbsp;\n<\/div>\n<div class=\"decano\">\n<div class=\"titulo-secciones\">\n        Jard\u00edn de Plantas Toxicas Grandes Animales &#8211; Nabo<a class=\"ancla\" id=\"nabo\">&nbsp;<\/a><\/div>\n<p>    &nbsp;<\/p>\n<div class=\"row\">\n<div class=\"col-sm-1\">\n            &nbsp;<\/div>\n<div class=\"col-sm-10\">\n<td>\n<p style=\"margin-left:0cm;text-indent:0cm;mso-list:l0 level1 lfo1\"><span class=\"a-marron-12\"><strong><u>Nombre cient&iacute;fico<\/u>:<\/strong><\/span><span class=\"a-marron-12\" lang=\"ES-AR\"><\/span> <u> <span class=\"a-marronoscuro-12\"><strong><i>Brassica campestris<\/i><i style=\"mso-bidi-font-style:normal\"> <o:p><\/o:p><\/i><\/strong><\/span><\/u><\/p>\n<p><span class=\"a-marron-12\"><u><span lang=\"ES-AR\"><strong>Familia<\/strong><\/span><\/u><span lang=\"ES-AR\"><strong>:<\/strong><\/span><\/span> <i class=\"a-marronoscuro-12\"><strong><u><span style=\"mso-fareast-font-family: Times New Roman; mso-bidi-font-family: Times New Roman; mso-ansi-language: EN-US; mso-fareast-language: ES; mso-bidi-language: AR-SA\" lang=\"EN-US\">Chenopodiaceas<\/span><\/u><\/strong><\/i><\/p>\n<p><span class=\"a-marron-12\"><strong><u>Principio t&oacute;xico:<\/u><\/strong><\/span> <u><i class=\"a-marronoscuro-12\"><strong><span style=\"mso-fareast-font-family: Times New Roman; mso-bidi-font-family: Times New Roman; mso-ansi-language: EN-US; mso-fareast-language: ES; mso-bidi-language: AR-SA; mso-bidi-font-weight: normal\" lang=\"EN-US\">Nitratos<\/span><\/strong><\/i><\/u><\/p>\n<p><span style=\"mso-ansi-language: ES-TRAD; layout-grid-mode: line; mso-fareast-font-family: Times New Roman; mso-bidi-font-family: Times New Roman; mso-fareast-language: ES; mso-bidi-language: AR-SA; mso-bidi-font-weight: normal\" lang=\"ES-TRAD\"><strong><span class=\"Estilo31\"><u>Caracter&iacute;sticas de la planta:<\/u><\/span><\/strong><\/span> <span style=\"mso-bidi-font-family: Times New Roman\" lang=\"EN-US\">hierba anual, erecta, que puede llegar a medir 1 metro. Las hojas de la parte inferior abrazan el tallo. Las flores son amarillas. Semillas globosas. <span style=\"mso-fareast-font-family: Times New Roman; mso-bidi-font-family: Times New Roman; mso-ansi-language: EN-US; mso-fareast-language: ES; mso-bidi-language: AR-SA\">Es una maleza de pasturas y campos naturales.<\/span><\/span><\/p>\n<p><u class=\"a-marron-12\"><strong>Animales susceptibles:<\/strong><\/u> polig&aacute;stricos y monog&aacute;stricos (por nitritos preformados).<\/p>\n<p><span class=\"a-marron-12\" style=\"mso-fareast-font-family: Times New Roman; mso-bidi-font-family: Times New Roman; mso-ansi-language: EN-US; mso-fareast-language: ES; mso-bidi-language: AR-SA\" lang=\"EN-US\"><strong><u>Signos<br \/>\n                    cl&iacute;nicos:<\/u><\/strong><\/span><span style=\"mso-bidi-font-size: 10.0pt; mso-bidi-font-family: Times New Roman\">diarrea. Incordinacion de movimientos. Convulsiones. Taquicardea.<\/span><span style=\"mso-bidi-font-family: Times New Roman\"> Disnea. Cianosis progresiva. En hembras pre&ntilde;adas se producen abortos. <span lang=\"EN-US\" style=\"mso-fareast-font-family: Times New Roman; mso-bidi-font-family: Times New Roman; mso-ansi-language: EN-US; mso-fareast-language: ES; mso-bidi-language: AR-SA\">En cerdos los s&iacute;ntomas no son tan importantes.<\/span><\/span><\/p>\n<p><span class=\"a-marron-12\" style=\"mso-fareast-font-family: Times New Roman; mso-bidi-font-family: Times New Roman; mso-ansi-language: EN-US; mso-fareast-language: ES; mso-bidi-language: AR-SA\" lang=\"EN-US\"><strong><u>Profilaxis:<\/u><\/strong><\/span><span style=\"mso-bidi-font-family: Times New Roman\" lang=\"EN-US\">identificaci&oacute;n y control de la maleza. Suplementaci&oacute;n con granos. <span style=\"mso-fareast-font-family: Times New Roman; mso-bidi-font-family: Times New Roman; mso-ansi-language: EN-US; mso-fareast-language: ES; mso-bidi-language: AR-SA\">La concentraci&oacute;n de nitratos disminuye al ser cortadas las plantas por lo cual se recomienda esta t&eacute;cnica.<\/span><\/span>                  <\/p>\n<p style=\"margin-left:0cm;text-indent:0cm;mso-list:l0 level1 lfo1\"><span lang=\"ES-TRAD\" style=\"mso-bidi-font-family: &quot;Times New Roman&quot;;mso-ansi-language:ES-TRAD\"><\/p>\n<p>              <\/span><\/p>\n<\/td>\n<\/tr>\n<tr>\n<td>\n<div align=\"center\"><img loading=\"lazy\" decoding=\"async\" src=\"http:\/\/www.fvet.uba.ar\/archivos\/catedras\/arch_bases_agric\/nabo.jpg\" alt=\"\" width=\"300\" height=\"266\" border=\"0\" \/><\/div>\n<div align=\"center\"><\/div>\n<\/td><\/div>\n<div class=\"col-sm-1\">\n            &nbsp;\n        <\/div>\n<\/p><\/div>\n<p>\n    &nbsp;\n<\/div>\n<div class=\"autoridades\">\n<div class=\"titulo-secciones\">\n        Jard\u00edn de Plantas Toxicas Grandes Animales &#8211; Nab\u00f3n<a class=\"ancla\" id=\"nabon\">&nbsp;<\/a><\/div>\n<p>    &nbsp;<\/p>\n<div class=\"row\">\n<div class=\"col-sm-1\">\n            &nbsp;<\/div>\n<div class=\"col-sm-10\">\n<table width=\"81%\" border=\"0\" align=\"center\" cellpadding=\"2\" cellspacing=\"2\" bordercolor=\"#996666\">\n<tr>\n<td colspan=\"2\">\n<p style=\"margin-left:0cm;text-indent:0cm;mso-list:l0 level1 lfo1\"><span class=\"a-marron-12\" lang=\"ES-AR\"><strong><u>Nombre cient&iacute;fico:<\/u><\/strong><\/span><span class=\"a-marronoscuro-12\"><strong><u><i> Rafhanus sativus<i style=\"mso-bidi-font-style:normal\"><o:p><\/o:p><\/i><\/i><\/u><\/strong><\/span><\/p>\n<p><span class=\"a-marron-12\"><strong><u>Familia<\/u>:<\/strong><\/span><span class=\"a-marronoscuro-12\" lang=\"ES-AR\"><strong> <i><u>Cruc&iacute;feras<\/u><\/i><\/strong><\/span><\/p>\n<p><span class=\"a-marron-12\"><strong><u>Principio t&oacute;xico:<\/u><\/strong><\/span> <u><i class=\"a-marronoscuro-12\"><strong><span style=\"mso-fareast-font-family: Times New Roman; mso-bidi-font-family: Times New Roman; mso-ansi-language: EN-US; mso-fareast-language: ES; mso-bidi-language: AR-SA; mso-bidi-font-weight: normal\" lang=\"EN-US\">Nitratos<\/span><\/strong><\/i><\/u><\/p>\n<p><span style=\"mso-ansi-language: ES-TRAD; layout-grid-mode: line; mso-fareast-font-family: Times New Roman; mso-bidi-font-family: Times New Roman; mso-fareast-language: ES; mso-bidi-language: AR-SA; mso-bidi-font-weight: normal\" lang=\"ES-TRAD\"><strong><span class=\"Estilo31\"><u>Caracter&iacute;sticas de la planta:<\/u><\/span><\/strong><\/span> <span lang=\"ES-AR\">hierba anual, erecta. Hojas pubescentes de borde irregular, color verde oscuro. Flores viol&aacute;ceas. Fruto alargada. <span style=\"mso-bidi-font-size: 10.0pt; mso-fareast-font-family: Times New Roman; mso-bidi-font-family: Times New Roman; mso-ansi-language: ES-AR; mso-fareast-language: ES; mso-bidi-language: AR-SA\">Es maleza en pasturas y campos naturales.<\/span><\/span><\/p>\n<p><span class=\"a-marron-12\" style=\"mso-fareast-font-family: Times New Roman; mso-bidi-font-family: Times New Roman; mso-ansi-language: EN-US; mso-fareast-language: ES; mso-bidi-language: AR-SA\" lang=\"EN-US\"><strong><u>Animales susceptibles:<\/u><\/strong><\/span><span style=\"mso-bidi-font-size: 10.0pt; mso-fareast-font-family: Times New Roman; mso-bidi-font-family: Times New Roman; mso-ansi-language: ES-AR; mso-fareast-language: ES; mso-bidi-language: AR-SA\" lang=\"ES-AR\"> polig&aacute;stricos (bovinos y ovinos) y monog&aacute;stricos(equinos) (por nitritos preformados).<\/span><\/p>\n<p><span class=\"a-marron-12\" style=\"mso-fareast-font-family: Times New Roman; mso-bidi-font-family: Times New Roman; mso-ansi-language: EN-US; mso-fareast-language: ES; mso-bidi-language: AR-SA\" lang=\"EN-US\"><strong><u>Signos<br \/>\n                    cl&iacute;nicos:<\/u><\/strong><\/span><span style=\"mso-bidi-font-size: 10.0pt; mso-bidi-font-family: Times New Roman\"> diarrea. Incordinacion de movimientos. Convulsiones. Taquicardia. Disnea. Cianosis progresiva. En hembras pre&ntilde;adas se producen abortos. <span lang=\"ES-AR\" style=\"mso-bidi-font-size: 10.0pt; mso-fareast-font-family: Times New Roman; mso-bidi-font-family: Times New Roman; mso-ansi-language: ES-AR; mso-fareast-language: ES; mso-bidi-language: AR-SA\">En cerdos los s&iacute;ntomas no son tan importantes.<\/span><\/span><\/p>\n<p><span class=\"a-marron-12\" style=\"mso-fareast-font-family: Times New Roman; mso-bidi-font-family: Times New Roman; mso-ansi-language: EN-US; mso-fareast-language: ES; mso-bidi-language: AR-SA\" lang=\"EN-US\"><strong><u>Profilaxis:<\/u><\/strong><\/span><span lang=\"ES-AR\"> Identificaci&oacute;n y control de la maleza.<\/span> <span lang=\"ES-AR\">Suplementaci&oacute;n con granos.<\/span> <span lang=\"ES-AR\" style=\"mso-bidi-font-size: 10.0pt; mso-fareast-font-family: Times New Roman; mso-bidi-font-family: Times New Roman; mso-ansi-language: ES-AR; mso-fareast-language: ES; mso-bidi-language: AR-SA\">La concentraci&oacute;n de nitratos disminuye al ser cortadas las plantas por lo cual se recomienda esta t&eacute;cnica.<\/span><\/p>\n<p style=\"margin-left:0cm;text-indent:0cm;mso-list:l0 level1 lfo1\"><span lang=\"ES-TRAD\" style=\"mso-bidi-font-family: &quot;Times New Roman&quot;;mso-ansi-language:ES-TRAD\"><br \/>\n              <\/span><\/p>\n<\/td>\n<\/tr>\n<tr>\n<td>\n<div align=\"center\"><img loading=\"lazy\" decoding=\"async\" src=\"http:\/\/www.fvet.uba.ar\/archivos\/catedras\/arch_bases_agric\/nabon_b.jpg\" alt=\"\" width=\"300\" height=\"225\" border=\"0\" \/><\/div>\n<\/td>\n<td>\n<div align=\"center\"><img loading=\"lazy\" decoding=\"async\" src=\"http:\/\/www.fvet.uba.ar\/archivos\/catedras\/arch_bases_agric\/nabon_0_b.jpg\" alt=\"\" width=\"300\" height=\"225\" border=\"0\" \/><\/div>\n<\/td>\n<\/tr>\n<\/table><\/div>\n<div class=\"col-sm-1\">\n            &nbsp;\n        <\/div>\n<\/p><\/div>\n<p>\n    &nbsp;\n<\/div>\n<div class=\"consejo\">\n<div class=\"titulo-secciones\">\n        Jard\u00edn de Plantas Toxicas Grandes Animales &#8211; Para\u00edso<a class=\"ancla\" id=\"paraiso\">&nbsp;<\/a><\/div>\n<p>    &nbsp;<\/p>\n<div class=\"row\">\n<div class=\"col-sm-1\">\n            &nbsp;<\/div>\n<div class=\"col-sm-10\">\n<td>\n<p style=\"margin-left:0cm;text-indent:0cm;mso-list:l0 level1 lfo1\"><span style=\"font-weight: bold\"><span class=\"Estilo23\"><u>Nombre cient&iacute;fico<\/u>:<\/span><\/span><u><i class=\"a-marronoscuro-12\" style=\"mso-bidi-font-style: normal; mso-bidi-font-size: 10.0pt; mso-fareast-font-family: Times New Roman; mso-bidi-font-family: Times New Roman; mso-ansi-language: ES-AR; mso-fareast-language: ES; mso-bidi-language: AR-SA; mso-bidi-font-weight: normal\"><strong><span style=\"mso-bidi-font-size: 10.0pt; mso-fareast-font-family: Times New Roman; mso-bidi-font-family: Times New Roman; mso-ansi-language: ES-AR; mso-fareast-language: ES; mso-bidi-language: AR-SA; mso-bidi-font-weight: normal; mso-bidi-font-style: normal\"> Melia azedarach<\/span><\/strong><\/i><\/u><\/p>\n<p><span class=\"Estilo41\"><u>Familia<\/u>:<\/span> <span class=\"a-marronoscuro-12\" style=\"mso-bidi-font-size: 10.0pt; mso-fareast-font-family: Times New Roman; mso-bidi-font-family: Times New Roman; mso-ansi-language: ES-AR; mso-fareast-language: ES; mso-bidi-language: AR-SA\" lang=\"ES-AR\"><strong><i><u>Meli&aacute;ceas<\/u><\/i><\/strong><\/span><\/p>\n<p><span class=\"a-marron-12\"><strong><u>Principio t&oacute;xico:<\/u> <\/strong><\/span><i class=\"a-marronoscuro-12\"><strong><span lang=\"ES-AR\">Saponinas<\/span><\/strong><\/i><span lang=\"ES-AR\"><i><span style=\"mso-spacerun: yes\">&nbsp;<\/span><\/i>y <u><i class=\"a-marronoscuro-12\"><strong>Alcaloides<\/strong><\/i><\/u><\/span><strong><span lang=\"ES-AR\">(Azedarina). <\/span><\/strong><span lang=\"ES-AR\">Todas las partes se consideran t&oacute;xicas, principalmente los frutos y las ra&iacute;ces.<\/span><\/p>\n<p><span style=\"mso-ansi-language: ES-TRAD; layout-grid-mode: line; mso-fareast-font-family: Times New Roman; mso-bidi-font-family: Times New Roman; mso-fareast-language: ES; mso-bidi-language: AR-SA; mso-bidi-font-weight: normal\" lang=\"ES-TRAD\"><strong><span class=\"Estilo23\"><u>Caracter&iacute;sticas de la planta:<\/u><\/span><\/strong><\/span><span lang=\"ES-AR\"> &aacute;rbol de gran porte y de corteza rugosa.<\/span> <span lang=\"ES-AR\">Hojas caducas, con foliolos ovalados, agudos y aserrados de 2 a 5 cent&iacute;metros <de largo.<\/span> <span lang=\"ES-AR\">Flores viol&aacute;ceas.<\/span> <span lang=\"ES-AR\" style=\"mso-bidi-font-size: 10.0pt; mso-fareast-font-family: Times New Roman; mso-bidi-font-family: Times New Roman; mso-ansi-language: ES-AR; mso-fareast-language: ES; mso-bidi-language: AR-SA\">Fruto (drupa) globoso, amarillo, de 1 a 2 cent&iacute;metros de di&aacute;metro.<\/span><\/p>\n<p><span class=\"a-marron-12\" style=\"mso-fareast-font-family: Times New Roman; mso-bidi-font-family: Times New Roman; mso-ansi-language: EN-US; mso-fareast-language: ES; mso-bidi-language: AR-SA\" lang=\"EN-US\"><strong><u>Animales<br \/>\n                    susceptibles:<\/u><\/strong> <\/span><span style=\"mso-bidi-font-size: 10.0pt; mso-fareast-font-family: Times New Roman; mso-bidi-font-family: Times New Roman; mso-ansi-language: ES-AR; mso-fareast-language: ES; mso-bidi-language: AR-SA\" lang=\"ES-AR\">bovinos y<span style=\"mso-spacerun: yes; mso-bidi-font-size: 10.0pt; mso-fareast-font-family: Times New Roman; mso-bidi-font-family: Times New Roman; mso-ansi-language: ES-AR; mso-fareast-language: ES; mso-bidi-language: AR-SA\">&nbsp;<\/span>porcinos.<\/span><\/p>\n<p><span class=\"a-marron-12\" style=\"mso-fareast-font-family: Times New Roman; mso-bidi-font-family: Times New Roman; mso-ansi-language: EN-US; mso-fareast-language: ES; mso-bidi-language: AR-SA\" lang=\"EN-US\"><strong><u>Signos cl&iacute;nicos:<\/u><\/strong><\/span><span style=\"mso-bidi-font-size: 10.0pt; mso-bidi-font-family: Times New Roman\"> c&oacute;licos violentos. Timpanismo. Diarrea. Presencia de espuma en la boca. Dificultad en la locomoci&oacute;n. Temblores en los cuatro miembros. El animal puede caer abruptamente. <span lang=\"ES-AR\" style=\"mso-bidi-font-size: 10.0pt; mso-fareast-font-family: Times New Roman; mso-bidi-font-family: Times New Roman; mso-ansi-language: ES-AR; mso-fareast-language: ES; mso-bidi-language: AR-SA\">Muerte por par&aacute;lisis card&iacute;aca.<\/span><\/span><\/p>\n<p><span class=\"a-marron-12\" style=\"mso-bidi-font-family: Times New Roman\"><strong><u>Profilaxis:<\/u><\/strong><\/span><span lang=\"ES-AR\"> evitar que los animales, especialmente los porcinos tengan al alcance esta planta.<\/span> <span lang=\"ES-AR\" style=\"mso-bidi-font-size: 10.0pt; mso-fareast-font-family: Times New Roman; mso-bidi-font-family: Times New Roman; mso-ansi-language: ES-AR; mso-fareast-language: ES; mso-bidi-language: AR-SA\">El para&iacute;so muy utilizado para sombra en nuestro pa&iacute;s.<\/span><span lang=\"ES-TRAD\" style=\"mso-bidi-font-family: &quot;Times New Roman&quot;;mso-ansi-language:ES-TRAD\"><br \/>\n                  <\/span><\/p>\n<\/td>\n<\/tr>\n<tr>\n<td>\n<div align=\"center\"><img loading=\"lazy\" decoding=\"async\" src=\"http:\/\/www.fvet.uba.ar\/archivos\/catedras\/arch_bases_agric\/paraiso.jpg\" alt=\"\" width=\"300\" height=\"225\" border=\"0\" \/><\/div>\n<\/td><\/div>\n<div class=\"col-sm-1\">\n            &nbsp;\n        <\/div>\n<\/p><\/div>\n<p>\n    &nbsp;\n<\/div>\n<div class=\"mision\">\n<div class=\"titulo-secciones\">Jard\u00edn de Plantas Toxicas Grandes Animales &#8211; Quinoa<a class=\"ancla\" id=\"quinoa\">&nbsp;<\/a><\/div>\n<p>\t&nbsp;<\/p>\n<div class=\"row\">\n<div class=\"col-sm-1\">\n\t\t\t&nbsp;<\/div>\n<div class=\"col-sm-10\">\n<td>\n<p style=\"margin-left:0cm;text-indent:0cm;mso-list:l0 level1 lfo1\"><span class=\"a-marron-12\" lang=\"ES-AR\"><strong><u>Nombre cient&iacute;fico:<\/u><\/strong><\/span><span class=\"a-marronoscuro-12\"><strong><u><i> Chenopodium album<\/i><\/u><\/strong><\/span><u><i><i style=\"mso-bidi-font-style:normal\"> <o:p><\/o:p> <\/i><\/i><\/u><\/p>\n<p><span class=\"a-marron-12\"><strong><u>Familia<\/u>:<\/strong><\/span><span class=\"a-marron-12\" lang=\"ES-AR\"><\/span> <span class=\"a-marronoscuro-12\" style=\"mso-bidi-font-family: &quot;Times New Roman&quot;\" lang=\"EN-US\"><strong><i><u>Chenopodi&aacute;ceas<\/u><\/i> <o:p><\/o:p> <\/strong><\/span><\/p>\n<p><span class=\"a-marron-12\"><strong><u>Principio  t&oacute;xico<\/u>:<\/strong><\/span><span lang=\"EN-US\" style=\"mso-bidi-font-family: &quot;Times New Roman&quot;\"> <span class=\"a-marronoscuro-12\"><strong><u><i>Nitratos-Nitritos<\/i><\/u>, <i><u>Oxalatos<\/u><\/i><\/strong><\/span>(10%), <u><i class=\"a-marronoscuro-12\"><strong>Saponinas<\/strong><\/i><\/u><\/span><\/p>\n<p><span style=\"mso-ansi-language: ES-TRAD; layout-grid-mode: line; mso-fareast-font-family: Times New Roman; mso-bidi-font-family: Times New Roman; mso-fareast-language: ES; mso-bidi-language: AR-SA; mso-bidi-font-weight: normal\" lang=\"ES-TRAD\"><strong><span class=\"Estilo31\"><u>Caracter&iacute;sticas de la planta:<\/u><\/span><\/strong><\/span> <span lang=\"EN-US\" style=\"mso-bidi-font-family: Times New Roman\">planta anual, erguida, de 40 cm a 1,6 mts. de altura. Tallo grueso muy ramificado desde la base, rosado o purp&uacute;reo. Hojas alternas, m&aacute;s angostas y lanceoladas hasta casi lineales hacia el &aacute;pice.<span style=\"mso-spacerun: yes\">&nbsp;<\/span>Flores peque&ntilde;as, verdosas, con tintes rojizos al madurar, axilares y terminales. Se propaga por semillas, comienza a vegetar al finalizar el oto&ntilde;o, florece en verano y fructifica a mediados oto&ntilde;o.<\/span><span lang=\"EN-US\" style=\"mso-bidi-font-family: &quot;Times New Roman&quot;\"> <o:p><\/o:p> <\/span><\/p>\n<p><u class=\"a-marron-12\"><strong>Animales susceptibles:<\/strong><\/u> bovinos y ovinos.<\/p>\n<p><span class=\"a-marron-12\" style=\"mso-fareast-font-family: Times New Roman; mso-bidi-font-family: Times New Roman; mso-ansi-language: EN-US; mso-fareast-language: ES; mso-bidi-language: AR-SA\" lang=\"EN-US\"><strong><u>Signos cl&iacute;nicos:<\/u><\/strong><\/span><span style=\"mso-bidi-font-family: Times New Roman\" lang=\"EN-US\"> debilidad muscular,opist&oacute;tono y depresi&oacute;n. C&oacute;licos, descarga sanguinolenta por boca. Postraci&oacute;n y muerte a las 12 hs. de la ingesti&oacute;n de las plantas. <span style=\"mso-fareast-font-family: Times New Roman; mso-bidi-font-family: Times New Roman; mso-ansi-language: EN-US; mso-fareast-language: ES; mso-bidi-language: AR-SA\">En sangre: hiperfosfatemia, hipernatremia e hiperkalemia. GOT, GPT, LDH, urea y creatinina aumentadas.<\/span><\/span><\/p>\n<p><span class=\"a-marron-12\" style=\"mso-fareast-font-family: Times New Roman; mso-bidi-font-family: Times New Roman; mso-ansi-language: EN-US; mso-fareast-language: ES; mso-bidi-language: AR-SA\" lang=\"EN-US\"><strong><u>Profilaxis: <\/u><\/strong><\/span> <span style=\"mso-fareast-font-family: Times New Roman; mso-bidi-font-family: Times New Roman; mso-ansi-language: EN-US; mso-fareast-language: ES; mso-bidi-language: AR-SA\" lang=\"EN-US\">identificaci&oacute;n y control de esta maleza.<\/span><span lang=\"ES-TRAD\" style=\"mso-bidi-font-family: &quot;Times New Roman&quot;;mso-ansi-language:ES-TRAD\"><\/p>\n<p>                  <\/span><\/td>\n<\/tr>\n<tr>\n<td>\n<div align=\"center\"><img loading=\"lazy\" decoding=\"async\" src=\"http:\/\/www.fvet.uba.ar\/archivos\/catedras\/arch_bases_agric\/quinoa.jpg\" alt=\"\" width=\"300\" height=\"272\" border=\"0\" \/><\/div>\n<\/td>\n<\/div><\/div>\n<p>\n\t&nbsp;<\/div>\n<div class=\"decano\">\n<div class=\"titulo-secciones\">\n\t\tJard\u00edn de Plantas Toxicas Grandes Animales &#8211; Romerillo<a class=\"ancla\" id=\"romerillo\">&nbsp;<\/a><\/div>\n<p>\t&nbsp;<\/p>\n<div class=\"row\">\n<div class=\"col-sm-1\">\n\t\t\t&nbsp;<\/div>\n<div class=\"col-sm-10\">\n<table width=\"81%\" border=\"0\" align=\"center\" cellpadding=\"2\" cellspacing=\"2\" bordercolor=\"#996666\">\n<tr>\n<td colspan=\"2\">\n<p align=\"left\" style=\"margin-left:0cm;text-indent:0cm;mso-list:l0 level1 lfo1\"><span class=\"a-marron-12\" lang=\"ES-AR\"><strong><u>Nombre cient&iacute;fico:<\/u><\/strong><\/span><u><i class=\"a-marronoscuro-12\"><strong> Baccharis coridifolia<\/strong><\/i><\/u><\/p>\n<p><span class=\"a-marron-12\"><strong><u>Familia<\/u>:<\/strong><\/span> <span class=\"a-marronoscuro-12\"><strong><i><u>Compuestas<\/u><\/i><\/strong><\/span><\/p>\n<p><span class=\"a-marron-12\"><strong><u>Principio t&oacute;xico:<\/u><\/strong><\/span> <span lang=\"EN-US\" style=\"mso-bidi-font-family: &quot;Times New Roman&quot;\"><span style=\"mso-fareast-font-family: Times New Roman; mso-bidi-font-family: Times New Roman; mso-ansi-language: EN-US; mso-fareast-language: ES; mso-bidi-language: AR-SA\" lang=\"EN-US\">toxinas del grupo de los <u><i class=\"a-marronoscuro-12\"><strong>Trichothecenos<\/strong><\/i><\/u>, las principales son la roridina A y la roridina E, producidas por un hongo del g&eacute;nero Myrothecium, en estrecha simbiosis con la Baccharis, que luego son absorbidas y transformadas por esta planta. Posee tambi&eacute;n una resina,<span style=\"mso-spacerun: yes; mso-fareast-font-family: Times New Roman; mso-bidi-font-family: Times New Roman; mso-ansi-language: EN-US; mso-fareast-language: ES; mso-bidi-language: AR-SA\">&nbsp;<\/span><u><i class=\"a-marronoscuro-12\"><strong>Alcaloides<\/strong><\/i><\/u>(bacarina) y un aceite esencial de color amarillo verdoso. Mayor toxicidad al final de la fructificaci&oacute;n (abril -mayo). Toxicidad: hojas, tallos verdes y corteza.<\/span><\/span><\/p>\n<p><span style=\"mso-ansi-language: ES-TRAD; layout-grid-mode: line; mso-fareast-font-family: Times New Roman; mso-bidi-font-family: Times New Roman; mso-fareast-language: ES; mso-bidi-language: AR-SA; mso-bidi-font-weight: normal\" lang=\"ES-TRAD\"><strong><span class=\"Estilo31\"><u>Caracter&iacute;sticas de la planta:<\/u><\/span><\/strong><\/span> <span style=\"mso-bidi-font-family: Times New Roman\" lang=\"EN-US\">subarbusto de tallo ramificado, de 20 a 80 cm. de altura. Hojas lineales, alternadas, de 1 a 3 cm de ancho, sin nervaduras y lisas, m&aacute;rgenes provistos de dientes diminutos. Flor peque&ntilde;a de color anaranjado. Resistente a la sequ&iacute;a y a los calores fuertes. Florece fructifica en verano.<\/span><\/p>\n<p><u><span class=\"a-marron-12\"><strong>Animales susceptibles:<\/strong><\/span><\/u> bovinos, equinos, suinos y ovinos en orden creciente de resistencia.<\/p>\n<p><span class=\"a-marron-12\" style=\"mso-fareast-font-family: Times New Roman; mso-bidi-font-family: Times New Roman; mso-ansi-language: EN-US; mso-fareast-language: ES; mso-bidi-language: AR-SA\" lang=\"EN-US\"><strong><u>Signos cl&iacute;nicos:<\/u><\/strong><\/span><span style=\"mso-bidi-font-family: Times New Roman\" lang=\"EN-US\"> intoxicaci&oacute;n sobreaguda. Astenia, anorexia, y necesidad de tomar agua que favorecer&iacute;a la disoluci&oacute;n del alcaloide.<span style=\"mso-spacerun: yes; mso-bidi-font-family: Times New Roman\">&nbsp;<\/span>Hiperestesia de la columna vertebral, incordinaci&oacute;n del tren posterior. Ptialsmo intenso, saliva color verdoso. C&oacute;licos gastrointestinales, diarreas l&iacute;quidas, de color verde.<span style=\"mso-spacerun: yes; mso-bidi-font-family: Times New Roman\">&nbsp;<\/span>Disnea intensa, dificultosa con ollares dilatados.<span style=\"mso-spacerun: yes; mso-bidi-font-family: Times New Roman\">&nbsp;<\/span>Latidos card&iacute;acos irregulares, acompa&ntilde;ados de pulso d&eacute;bil. Micciones repetidas. Intensa midriasis. <span style=\"mso-fareast-font-family: Times New Roman; mso-bidi-font-family: Times New Roman; mso-ansi-language: EN-US; mso-fareast-language: ES; mso-bidi-language: AR-SA\">Hay un signo premonitorio de la muerte, que es la salida de la lengua y la ca&iacute;da del labio superior e inferior.<\/span><\/span><\/p>\n<p><span class=\"a-marron-12\" style=\"mso-fareast-font-family: Times New Roman; mso-bidi-font-family: Times New Roman; mso-ansi-language: EN-US; mso-fareast-language: ES; mso-bidi-language: AR-SA\" lang=\"EN-US\"><strong><u>Profilaxis:<\/u><\/strong><\/span> <span style=\"mso-bidi-font-family: Times New Roman\" lang=\"EN-US\">en enc&iacute;as y labios con plantas frescas. Eficiente en equinos. Sahumado de la planta para que los animales aspiren el humo. No permitir la entrada de animales hambreados a aquellos lotes con Romerillo. <span style=\"mso-fareast-font-family: Times New Roman; mso-bidi-font-family: Times New Roman; mso-ansi-language: EN-US; mso-fareast-language: ES; mso-bidi-language: AR-SA\">Roturaci&oacute;n de campos y corte de las plantas antes de la floraci&oacute;n.<\/span><\/span>                                    <\/p>\n<p style=\"margin-left:0cm;text-indent:0cm;mso-list:l0 level1 lfo1\"><span lang=\"ES-TRAD\" style=\"mso-bidi-font-family: &quot;Times New Roman&quot;;mso-ansi-language:ES-TRAD\"><br \/>\n                <\/span><\/p>\n<\/td>\n<\/tr>\n<tr>\n<td>\n<div align=\"center\"><img loading=\"lazy\" decoding=\"async\" src=\"http:\/\/www.fvet.uba.ar\/archivos\/catedras\/arch_bases_agric\/romerillo.jpg\" alt=\"\" width=\"300\" height=\"342\" border=\"0\" \/><\/div>\n<\/td>\n<td>\n<div align=\"center\"><img loading=\"lazy\" decoding=\"async\" src=\"http:\/\/www.fvet.uba.ar\/archivos\/catedras\/arch_bases_agric\/romerillo2.jpg\" alt=\"\" width=\"300\" height=\"381\" border=\"0\" \/><\/div>\n<\/td>\n<\/tr>\n<\/table>\n<\/div>\n<div class=\"col-sm-1\">\n\t\t\t&nbsp;<\/div>\n<\/p><\/div>\n<p>\n\t&nbsp;<\/div>\n<div class=\"autoridades\">\n<div class=\"titulo-secciones\">\n\t\tJard\u00edn de Plantas Toxicas Grandes Animales &#8211; Senecio<a class=\"ancla\" id=\"senecio\"><\/a><\/div>\n<p>\t&nbsp;<\/p>\n<div class=\"row\">\n<div class=\"col-sm-1\">\n\t\t\t&nbsp;<\/div>\n<div class=\"col-sm-10\">\n<table width=\"81%\" border=\"0\" align=\"center\" cellpadding=\"2\" cellspacing=\"2\" bordercolor=\"#996666\">\n<tr>\n<td colspan=\"2\">\n<p style=\"margin-left:0cm;text-indent:0cm;mso-list:l0 level1 lfo1\"><span class=\"a-marron-12\" lang=\"ES-AR\"><strong><u>Nombre cient&iacute;fico:<\/u><\/strong><\/span><span class=\"a-marronoscuro-12\"><strong><u><i> Senecio spp<\/i><\/u><\/strong><\/span><u><i><i style=\"mso-bidi-font-style:normal\"> <o:p><\/o:p> <\/i><\/i><\/u><\/p>\n<p><span class=\"a-marron-12\"><strong><u>Familia<\/u>:<\/strong><\/span> <span class=\"a-marronoscuro-12\"><strong><i><u>Compuestas<\/u><\/i><\/strong><\/span><\/p>\n<p><span class=\"a-marron-12\"><strong><u>Principio t&oacute;xico:<\/u><\/strong><\/span> <span style=\"mso-fareast-font-family: Times New Roman; mso-ansi-language: EN-US; mso-fareast-language: ES; mso-bidi-language: AR-SA\" lang=\"EN-US\"><span class=\"a-marronoscuro-12\"><strong><u><i>Alcaloides<\/i><\/u><\/strong><\/span><span style=\"mso-fareast-font-family: Times New Roman; mso-bidi-font-family: Times New Roman; mso-ansi-language: EN-US; mso-fareast-language: ES; mso-bidi-language: AR-SA\"> pirrolizid&iacute;nicos<\/span>.<\/span><\/p>\n<p><span style=\"mso-ansi-language: ES-TRAD; layout-grid-mode: line; mso-fareast-font-family: Times New Roman; mso-bidi-font-family: Times New Roman; mso-fareast-language: ES; mso-bidi-language: AR-SA; mso-bidi-font-weight: normal\" lang=\"ES-TRAD\"><strong><span class=\"Estilo31\"><u>Caracter&iacute;sticas de la planta:<\/u><\/span><\/strong><\/span> <span style=\"mso-fareast-font-family: Times New Roman; mso-bidi-font-family: Times New Roman; mso-ansi-language: EN-US; mso-fareast-language: ES; mso-bidi-language: AR-SA\" lang=\"EN-US\">existen alrededor de 300 especies entre las que mas problemas han presentado, se puede citar: S. tweediei, S. madagascarensis, S. pampeanus, S. bonaerensis.<span style=\"mso-spacerun: yes; mso-fareast-font-family: Times New Roman; mso-bidi-font-family: Times New Roman; mso-ansi-language: EN-US; mso-fareast-language: ES; mso-bidi-language: AR-SA\">&nbsp; <\/span>Es una maleza perenne de una altura aproximada de 1 a 1.5 mts. Porta numerosas ramas en la parte superior, con flores reunidas en cap&iacute;tulos (margaritas), de color amarillo (S. madagascarensis, S. pampeanus) y blancas (S. tweediei, S. bonaerensis).<\/span><\/p>\n<p><u class=\"a-marron-12\"><strong>Animales susceptibles:<\/strong><\/u> en orden decreciente: Equinos, Bovinos y Ovinos.<\/p>\n<p><u class=\"a-marron-12\"><strong>Signos cl&iacute;nicos:<\/strong><\/u> lesiones hep&aacute;ticas y renales.<\/p>\n<p><u class=\"a-marron-12\"><strong>Profilaxis:<\/strong><\/u> hay que tener presente que se puede transmitir a trav&eacute;s de la leche y miel al hombre.  Como es una maleza se podr&igrave;a controlar con Herbicidas, aunque resulta dificultoso por los costos y por la dificultad de desarraigar malezas perennes. Por eso el control m&aacute;s conveniente consiste en la simple identificacion de la especie y evitar su consumo. Por otro lado sus caracteristicas hepatot&oacute;xicas hay que tenerla presente para evitar que genere enfermedades secundarias como la Fotosensebilizaci&oacute;n. <span lang=\"ES-TRAD\" style=\"mso-bidi-font-family: &quot;Times New Roman&quot;;mso-ansi-language:ES-TRAD\"><\/p>\n<p>                  <\/span><\/td>\n<\/tr>\n<tr>\n<td><img loading=\"lazy\" decoding=\"async\" src=\"http:\/\/www.fvet.uba.ar\/archivos\/catedras\/arch_bases_agric\/senecio3.jpg\" alt=\"\" width=\"300\" height=\"226\" hspace=\"10\" vspace=\"5\" border=\"0\"><\/td>\n<td><img loading=\"lazy\" decoding=\"async\" src=\"http:\/\/www.fvet.uba.ar\/archivos\/catedras\/arch_bases_agric\/senecio2.jpg\" alt=\"\" width=\"300\" height=\"226\" hspace=\"10\" vspace=\"5\" border=\"0\"><\/td>\n<\/tr>\n<tr>\n<td><img loading=\"lazy\" decoding=\"async\" src=\"http:\/\/www.fvet.uba.ar\/archivos\/catedras\/arch_bases_agric\/senecio_0_b.jpg\" alt=\"\" width=\"300\" height=\"225\" hspace=\"10\" vspace=\"5\" border=\"0\"><\/td>\n<td><img loading=\"lazy\" decoding=\"async\" src=\"http:\/\/www.fvet.uba.ar\/archivos\/catedras\/arch_bases_agric\/senecio_1_b.jpg\" alt=\"\" width=\"300\" height=\"225\" hspace=\"10\" vspace=\"5\" border=\"0\"><\/td>\n<\/tr>\n<\/table>\n<\/div>\n<div class=\"col-sm-1\">\n\t\t\t&nbsp;<\/div>\n<\/p><\/div>\n<p>\n\t&nbsp;<\/div>\n<div class=\"consejo\">\n<div class=\"titulo-secciones\">Jard\u00edn de Plantas Toxicas Grandes Animales &#8211; Sorgo de Alepo<a class=\"ancla\" id=\"sorgo\">&nbsp;<\/a><\/div>\n<p>\t&nbsp;<\/p>\n<div class=\"row\">\n<div class=\"col-sm-1\">\n\t\t\t&nbsp;<\/div>\n<div class=\"col-sm-10\">\n<table width=\"81%\" border=\"0\" align=\"center\" cellpadding=\"2\" cellspacing=\"2\" bordercolor=\"#996666\">\n<tr>\n<td colspan=\"2\">\n<p class=\"MsoNormal\" style=\"margin-left:0cm;text-indent:0cm;mso-list:l0 level1 lfo1\"><span class=\"a-marron-12\" style=\"font-weight: bold\"><u>Nombre cient&iacute;fico<\/u>:<\/span> <u><i class=\"a-marronoscuro-12\" style=\"mso-bidi-font-style: normal; mso-bidi-font-size: 10.0pt; mso-fareast-font-family: Times New Roman; mso-bidi-font-family: Times New Roman; mso-ansi-language: ES-AR; mso-fareast-language: ES; mso-bidi-language: AR-SA; mso-bidi-font-weight: normal\"><strong>Sorghum halepense<\/strong><\/i><\/u><\/p>\n<p class=\"MsoNormal\"><span class=\"a-marron-12\"><strong><u>Familia<\/u>:<\/strong><\/span><span class=\"a-marron-12\" lang=\"ES-AR\"><\/span> <span class=\"a-marronoscuro-12\" style=\"mso-bidi-font-size: 10.0pt; mso-fareast-font-family: Times New Roman; mso-bidi-font-family: Times New Roman; mso-ansi-language: ES-AR; mso-fareast-language: ES; mso-bidi-language: AR-SA\" lang=\"ES-AR\"><strong><i><u>Gram&iacute;neas<\/u><\/i><\/strong><\/span><\/p>\n<p class=\"MsoNormal\"><span class=\"a-marron-12\"><strong><u>Principio t&oacute;xico:<\/u><\/strong><\/span> <u><i class=\"a-marronoscuro-12\"><strong>Gluc&oacute;sidos cianogen&eacute;ticos<\/strong><\/i><\/u><\/p>\n<p class=\"MsoNormal\"><span class=\"a-marron-12\" style=\"mso-ansi-language: ES-TRAD; layout-grid-mode: line; mso-fareast-font-family: Times New Roman; mso-bidi-font-family: Times New Roman; mso-fareast-language: ES; mso-bidi-language: AR-SA; mso-bidi-font-weight: normal\" lang=\"ES-TRAD\"><strong><u>Caracter&iacute;sticas de la planta:<\/u><\/strong><\/span><span class=\"a-marron-12\" lang=\"ES-AR\"><\/span><span lang=\"ES-AR\"> planta perenne de 0,80 a 1,50 metros.<\/span> <span lang=\"ES-AR\">Rizomatosa e invasiva.<\/span> <span lang=\"ES-AR\">Ca&ntilde;a hueca de hasta 2 cent&iacute;metros de di&aacute;metro.<\/span> <span lang=\"ES-AR\">Panoja laxa.<\/span> <span lang=\"ES-AR\">Se encuentra comunmente en los caminos o invadiendo cultivos.<\/span> <span lang=\"ES-AR\" style=\"mso-bidi-font-size: 10.0pt; mso-fareast-font-family: Times New Roman; mso-bidi-font-family: Times New Roman; mso-ansi-language: ES-AR; mso-fareast-language: ES; mso-bidi-language: AR-SA\">Considerada plaga nacional.<\/span><\/p>\n<p class=\"MsoNormal\"><span class=\"a-marron-12\" style=\"mso-fareast-font-family: Times New Roman; mso-bidi-font-family: Times New Roman; mso-ansi-language: EN-US; mso-fareast-language: ES; mso-bidi-language: AR-SA\" lang=\"EN-US\"><strong><u>Animales susceptibles:<\/u><\/strong><\/span><span style=\"mso-bidi-font-size: 10.0pt; mso-fareast-font-family: Times New Roman; mso-bidi-font-family: Times New Roman; mso-ansi-language: ES-AR; mso-fareast-language: ES; mso-bidi-language: AR-SA\" lang=\"ES-AR\"> bovinos y ovinos y equinos.<\/span><\/p>\n<p class=\"MsoNormal\"><span class=\"a-marron-12\" style=\"mso-fareast-font-family: Times New Roman; mso-bidi-font-family: Times New Roman; mso-ansi-language: EN-US; mso-fareast-language: ES; mso-bidi-language: AR-SA\" lang=\"EN-US\"><strong><u><br \/> Signos cl&iacute;nicos:<\/u><\/strong><\/span><span style=\"mso-bidi-font-size: 10.0pt\"><span style=\"mso-bidi-font-size: 10.0pt; mso-bidi-font-family: Times New Roman\"> fascie ansiosa. Mucosas de color rojo brillante para encontrarse cian&oacute;ticas en las etapas finales. Taquicardia. Taquipnea<\/span>. <span style=\"mso-bidi-font-size: 10.0pt; mso-bidi-font-family: Times New Roman\">Temblores musculares. Inquietud. Convulsiones y muerte. En casos subagudos: disnea, temblores musculares y taquicardia.<\/span><\/span><span style=\"mso-bidi-font-size:10.0pt;mso-bidi-font-family:&quot;Times New Roman&quot;\"><o:p><\/o:p><\/span><\/p>\n<p class=\"a-marron-11\"><span class=\"a-marron-12\" style=\"mso-bidi-font-family: Times New Roman\"><strong><u>Profilaxis:<\/u><\/strong><\/span><span lang=\"ES-AR\"> no pastorear brotes j&oacute;venes de menos de 70 cent&iacute;metros.<\/span> <span lang=\"ES-AR\">No pastorear<span style=\"mso-spacerun: yes\">&nbsp; <\/span>luego de heladas y sequ&iacute;as.<\/span> <span lang=\"ES-AR\">Dar azufre 15 d&iacute;as antes del pastoreo del sorgo.<\/span> <span lang=\"ES-AR\">Acostumbrar progresivamente al ganado a pastorear sorgo.<\/span> <span lang=\"ES-AR\" style=\"mso-bidi-font-size: 10.0pt; mso-fareast-font-family: Times New Roman; mso-bidi-font-family: Times New Roman; mso-ansi-language: ES-AR; mso-fareast-language: ES; mso-bidi-language: AR-SA\">La henificaci&oacute;n y el ensilaje disminuyen su toxicidad.<\/p>\n<p><\/span><\/p>\n<\/td>\n<\/tr>\n<tr>\n<td>\n<div align=\"center\"><img loading=\"lazy\" decoding=\"async\" src=\"http:\/\/www.fvet.uba.ar\/archivos\/catedras\/arch_bases_agric\/sorgodealepo.jpg\" alt=\"\" width=\"300\" height=\"228\" hspace=\"10\" vspace=\"5\" border=\"0\"><\/div>\n<\/td>\n<\/tr>\n<\/table>\n<\/div>\n<div class=\"col-sm-1\">\n\t\t\t&nbsp;<\/div>\n<\/p><\/div>\n<p>\n\t&nbsp;<\/div>\n<div class=\"mision\">\n<div class=\"titulo-secciones\">Jard\u00edn de Plantas Toxicas Grandes Animales &#8211; Sunchillo<a class=\"ancla\" id=\"sunchillo\">&nbsp;<\/a><\/div>\n<p>\t&nbsp;<\/p>\n<div class=\"row\">\n<div class=\"col-sm-1\">\n\t\t\t&nbsp;<\/div>\n<div class=\"col-sm-10\">\n<table width=\"81%\" border=\"0\" align=\"center\" cellpadding=\"2\" cellspacing=\"2\" bordercolor=\"#996666\">\n<tr>\n<td colspan=\"2\">\n<p style=\"margin-left:0cm;text-indent:0cm;mso-list:l0 level1 lfo1\"><span class=\"a-marron-12\" lang=\"ES-AR\"><strong><u>Nombre cient&iacute;fico:<\/u><\/strong><\/span><u><i class=\"a-marronoscuro-12\" style=\"mso-bidi-font-style: normal; mso-fareast-font-family: Times New Roman; mso-bidi-font-family: Times New Roman; mso-ansi-language: EN-US; mso-fareast-language: ES; mso-bidi-language: AR-SA; mso-bidi-font-weight: normal\"><strong><span style=\"mso-fareast-font-family: Times New Roman; mso-bidi-font-family: Times New Roman; mso-ansi-language: EN-US; mso-fareast-language: ES; mso-bidi-language: AR-SA; mso-bidi-font-style: normal; mso-bidi-font-weight: normal\" lang=\"EN-US\"> Wedelia glauca<\/span><\/strong><\/i><i><i style=\"mso-bidi-font-style:normal\"><o:p><\/o:p><\/i><\/i><\/u><\/p>\n<p><span class=\"a-marron-12\"><strong><u>Familia<\/u>:<\/strong><\/span> <span class=\"a-marronoscuro-12\"><strong><i><u>Compuestas<\/u><\/i><\/strong><\/span><\/p>\n<p><span class=\"a-marron-12\"><strong><u>Principio t&oacute;xico:<\/u><\/strong><\/span> <span class=\"a-marronoscuro-12\"><strong><u><i>Saponinas<\/i><\/u>.<\/strong><\/span><span class=\"a-marronoscuro-12\" style=\"mso-bidi-font-family:&quot;Times New Roman&quot;\" lang=\"EN-US\"><\/span><span lang=\"EN-US\" style=\"mso-bidi-font-family:&quot;Times New Roman&quot;\"> Conserva su toxicidad en el material henificado.<\/span><\/p>\n<p><span style=\"mso-ansi-language: ES-TRAD; layout-grid-mode: line; mso-fareast-font-family: Times New Roman; mso-bidi-font-family: Times New Roman; mso-fareast-language: ES; mso-bidi-language: AR-SA; mso-bidi-font-weight: normal\" lang=\"ES-TRAD\"><strong><span class=\"Estilo31\"><u>Caracter&iacute;sticas de la planta:<\/u><\/span><\/strong><\/span> <span style=\"mso-bidi-font-family: Times New Roman\" lang=\"EN-US\">planta perenne, herb&aacute;cea, de 30-80 cm. de altura, rizomatosa, tallos erectos y simples o poco ramificados, hojas puestas, lanceoladas, flores en cap&iacute;tulos terminales, amarillos, pocos por planta y solitarios en cada ramificaci&oacute;n. Se propaga por semillas y rizomas, vegeta a fines de invierno, florece en verano y fructifica en oto&ntilde;o, los meses restantes vive solo la parte subterr&aacute;nea. <span style=\"mso-fareast-font-family: Times New Roman; mso-bidi-font-family: Times New Roman; mso-ansi-language: EN-US; mso-fareast-language: ES; mso-bidi-language: AR-SA\">Toxicidad: hojas, tallos verdes y corteza.<\/span><\/span><\/p>\n<p><u class=\"a-marron-12\"><strong>Animales susceptibles:<\/strong><\/u> equinos, bovinos, porcinos y caprinos.<\/p>\n<p><span class=\"a-marron-12\" style=\"mso-fareast-font-family: Times New Roman; mso-bidi-font-family: Times New Roman; mso-ansi-language: EN-US; mso-fareast-language: ES; mso-bidi-language: AR-SA\" lang=\"EN-US\"><strong><u>Signos cl&iacute;nicos:<\/u><\/strong><\/span><span style=\"mso-bidi-font-family: Times New Roman\"><span lang=\"EN-US\" style=\"mso-bidi-font-family: Times New Roman\"> gastroenteritis, diarreas, incordinaci&oacute;n de movimientos y perdida de la sensibilidad (son estupefacientes-paraliticas). Decaimiento, somnolencia, disnea y taquicardia. <\/span><span lang=\"ES-AR\" style=\"mso-bidi-font-family: Times New Roman\">En equinos aparecen temblores musculares, aumento de la temperatura, micci&oacute;n abundante y convulsiones generalizadas. <\/span><span lang=\"EN-US\" style=\"mso-bidi-font-family: Times New Roman\">Los bovinos comen voluntariamente sin sufrir trastornos graves, salvo estre&ntilde;imiento marcado y deshidrataci&oacute;n de materia fecal. En otras ocasiones se produce muerte en forma aguda con s&iacute;ntomas similares a los equinos. <\/span><span lang=\"EN-US\" style=\"mso-fareast-font-family: Times New Roman; mso-bidi-font-family: Times New Roman; mso-ansi-language: EN-US; mso-fareast-language: ES; mso-bidi-language: AR-SA\">La especie m&aacute;s afectada es la porcina, en la mayor&iacute;a de los casos provocando muerte dentro de las 24 hs. Los s&iacute;ntomas previos a la muerte son, anorexia, astenia, tristeza, y algunos individuos, diarrea.<\/span><\/span><\/p>\n<p><span class=\"a-marron-12\" style=\"mso-fareast-font-family: Times New Roman; mso-bidi-font-family: Times New Roman; mso-ansi-language: EN-US; mso-fareast-language: ES; mso-bidi-language: AR-SA\" lang=\"EN-US\"><strong><u>Profilaxis:<\/u><\/strong><\/span> <span lang=\"ES-AR\" style=\"mso-bidi-font-family: Times New Roman\">cambio de potreros a otros no invadidos. <\/span><span lang=\"EN-US\" style=\"mso-fareast-font-family: Times New Roman; mso-bidi-font-family: Times New Roman; mso-ansi-language: EN-US; mso-fareast-language: ES; mso-bidi-language: AR-SA\">Evitar que los animales pasten en oto&ntilde;o que es cuando fructifica y posee mayor toxicidad<\/span><span lang=\"EN-US\">.<\/span><br \/> <span lang=\"ES-AR\" style=\"mso-bidi-font-size: 10.0pt; mso-fareast-font-family: Times New Roman; mso-bidi-font-family: Times New Roman; mso-ansi-language: ES-AR; mso-fareast-language: ES; mso-bidi-language: AR-SA\"><br \/>\n                  <\/span><\/td>\n<\/tr>\n<tr>\n<td>\n<div align=\"center\"><img loading=\"lazy\" decoding=\"async\" src=\"http:\/\/www.fvet.uba.ar\/archivos\/catedras\/arch_bases_agric\/sunchillo2.jpg\" alt=\"\" width=\"300\" height=\"225\" hspace=\"10\" vspace=\"5\" border=\"0\"><\/div>\n<\/td>\n<\/tr>\n<\/table>\n<\/div>\n<div class=\"col-sm-1\">\n\t\t\t&nbsp;<\/div>\n<\/p><\/div>\n<p>\n\t&nbsp;<\/div>\n<div class=\"decano\">\n<div class=\"titulo-secciones\">Jard\u00edn de Plantas Toxicas Grandes Animales &#8211; Transparente<a class=\"ancla\" id=\"transparente\">&nbsp;<\/a><\/div>\n<p>\t&nbsp;<\/p>\n<div class=\"row\">\n<div class=\"col-sm-1\">\n\t\t\t&nbsp;<\/div>\n<div class=\"col-sm-10\">\n<table width=\"81%\" border=\"0\" align=\"center\" cellpadding=\"2\" cellspacing=\"2\" bordercolor=\"#996666\">\n<tr>\n<td colspan=\"2\">\n<p style=\"margin-left:0cm;text-indent:0cm;mso-list:l0 level1 lfo1\"><span class=\"a-marron-12\"><strong><u>Nombre cient&iacute;fico<\/u>:<\/strong><\/span> <u><i class=\"a-marronoscuro-12\" style=\"mso-bidi-font-style: normal; mso-bidi-font-size: 10.0pt; mso-fareast-font-family: Times New Roman; mso-bidi-font-family: Times New Roman; mso-ansi-language: ES-AR; mso-fareast-language: ES; mso-bidi-language: AR-SA; mso-bidi-font-weight: normal\"><strong>Myoporum laetum<\/strong><\/i><\/u><\/p>\n<p><u><span class=\"a-marron-12\" lang=\"ES-AR\"><strong>Familia<\/strong><\/span><\/u><span lang=\"ES-AR\">: <\/span><i class=\"a-marronoscuro-12\"><strong><u><span style=\"mso-bidi-font-size: 10.0pt; mso-fareast-font-family: Times New Roman; mso-bidi-font-family: Times New Roman; mso-ansi-language: ES-AR; mso-fareast-language: ES; mso-bidi-language: AR-SA\" lang=\"ES-AR\">Miopor&agrave;ceas<\/span><\/u><\/strong><\/i><\/p>\n<p><span class=\"a-marron-12\"><strong><u>Principio t&oacute;xico:<\/u><\/strong><\/span><span lang=\"ES-AR\"> <u><i class=\"a-marronoscuro-12\"><strong>Aceites esenciales.<\/strong><\/i><\/u> El aceite escencial es la Ngaiona.<i><u class=\"a-marronoscuro-12\"><strong>Fotosensibilizaci&oacute;n<\/strong><\/u>.<\/i><\/span><\/p>\n<p><span style=\"mso-ansi-language: ES-TRAD; layout-grid-mode: line; mso-fareast-font-family: Times New Roman; mso-bidi-font-family: Times New Roman; mso-fareast-language: ES; mso-bidi-language: AR-SA; mso-bidi-font-weight: normal\" lang=\"ES-TRAD\"><strong><span class=\"Estilo16\"><u>Caracter&iacute;sticas de la planta:<\/u><\/span><\/strong><\/span><span lang=\"ES-AR\"> maleza de rastrojos de cereales finos como Lino y Trigo. Se la usa como cerco ornamental y tambien como recurso forrajero previo a la floraci&oacute;n. Florece desde principios del verano hasta<span style=\"mso-spacerun:yes\">&nbsp;<\/span>entrado el oto&ntilde;o.<\/p>\n<p>                      <\/span><span class=\"a-marron-12\" style=\"mso-fareast-font-family: Times New Roman; mso-bidi-font-family: Times New Roman; mso-ansi-language: EN-US; mso-fareast-language: ES; mso-bidi-language: AR-SA\" lang=\"EN-US\"><strong><u>Animales susceptibles:<\/u><\/strong><\/span><span style=\"mso-bidi-font-size: 10.0pt; mso-fareast-font-family: Times New Roman; mso-bidi-font-family: Times New Roman; mso-ansi-language: ES-AR; mso-fareast-language: ES; mso-bidi-language: AR-SA\" lang=\"ES-AR\"> todos. Ovinos, Bovinos, Porcinos, Equinos.<\/span><\/p>\n<p>                    <span class=\"a-marron-12\" style=\"mso-fareast-font-family: Times New Roman; mso-bidi-font-family: Times New Roman; mso-ansi-language: EN-US; mso-fareast-language: ES; mso-bidi-language: AR-SA\" lang=\"EN-US\"><strong><u>Signos cl&iacute;nicos:<\/u><\/strong><\/span><span lang=\"ES-AR\"> se notan lesiones en la piel (Dermatitis), efecto de la patolog&iacute;a secundaria que genera (Fotosensibilizaci&oacute;n), principalmente en aquellas zonas que se encuentran deprovistas de pelos y\/o con poca pigmentaci&oacute;n. <span style=\"mso-bidi-font-size: 10.0pt; mso-fareast-font-family: Times New Roman; mso-bidi-font-family: Times New Roman; mso-ansi-language: ES-AR; mso-fareast-language: ES; mso-bidi-language: AR-SA\">Por otro lado por los da&ntilde;os hep&aacute;ticos producidos se pueden encontrar s&iacute;ntomas relacionados con disfunciones a este nivel.<\/span><\/span><\/p>\n<p><span class=\"a-marron-12\" style=\"mso-bidi-font-family: Times New Roman\"><strong><u>Profilaxis:<\/u><\/strong><\/span><span lang=\"ES-AR\"> hay que evitar los tres factores determinantes de la fotosensibilizaci&oacute;n:<\/span><\/p>\n<ol start=\"1\" type=\"1\" style=\"margin-top:0cm\">\n<li style=\"mso-list:l0 level1 lfo1;tab-stops:list 36.0pt\">Exposici&oacute;n al sol: otorgar reparos<\/li>\n<li style=\"mso-list:l0 level1 lfo1;tab-stops:list 36.0pt\">Presencia de sustancia fotodin&aacute;mica: evitar pastorear la especie a partir de su floraci&oacute;n (principios de verano hasta oto&ntilde;o). Corte y oreo de forrajes con alto contenido de clorofila.<\/li>\n<li style=\"mso-list:l0 level1 lfo1;tab-stops:list 36.0pt\">Piel desprotejida: Seleccionar animales con genotipo pigmentado. Cubrir la piel con sustancias opacas como azul de metileno.\n                  <\/li>\n<\/ol>\n<\/td>\n<\/tr>\n<tr>\n<td>\n<div align=\"center\"><img loading=\"lazy\" decoding=\"async\" src=\"http:\/\/www.fvet.uba.ar\/archivos\/catedras\/arch_bases_agric\/transparente.jpg\" alt=\"\" width=\"300\" height=\"376\" hspace=\"10\" vspace=\"5\" border=\"0\"><\/div>\n<\/td>\n<\/tr>\n<\/table>\n<\/div>\n<div class=\"col-sm-1\">\n\t\t\t&nbsp;<\/div>\n<\/p><\/div>\n<p>\n\t&nbsp;<\/div>\n<div class=\"autoridades\">\n<div class=\"titulo-secciones\">Jard\u00edn de Plantas Toxicas Grandes Animales &#8211; Yuyo Colorado<a class=\"ancla\" id=\"yuyo-colo\">&nbsp;<\/a><\/div>\n<p>\t&nbsp;<\/p>\n<div class=\"row\">\n<div class=\"col-sm-1\">\n\t\t\t&nbsp;<\/div>\n<div class=\"col-sm-10\">\n<table width=\"81%\" border=\"0\" align=\"center\" cellpadding=\"2\" cellspacing=\"2\" bordercolor=\"#996666\">\n<tr>\n<td colspan=\"2\">\n<p style=\"margin-left:0cm;text-indent:0cm;mso-list:l0 level1 lfo1\"><span class=\"a-marron-12\" lang=\"ES-AR\"><strong><u>Nombre cient&iacute;fico:<\/u><\/strong><\/span><i class=\"a-marronoscuro-12\"><strong><u> Amaranthus<br \/>\n                  quitensis<\/u><\/strong><\/i><u><i><i style=\"mso-bidi-font-style:normal\"><o:p><\/o:p><\/i><\/i><\/u><\/p>\n<p><span class=\"a-marron-12\"><strong><u>Familia<\/u>:<\/strong><\/span><span class=\"a-marron-12\" lang=\"ES-AR\"><\/span> <i class=\"a-marronoscuro-12\"><strong><span lang=\"ES-AR\" style=\"mso-bidi-font-size: 10.0pt; mso-fareast-font-family: Times New Roman; mso-bidi-font-family: Times New Roman; mso-ansi-language: ES-AR; mso-fareast-language: ES; mso-bidi-language: AR-SA\"><u>Amarante&aacute;ceas<\/u><\/span><\/strong><\/i><\/p>\n<p><span class=\"a-marron-12\"><strong><u>Principio t&oacute;xico:<\/u><\/strong><\/span><span lang=\"ES-AR\"> vestigios de <u><i class=\"a-marronoscuro-12\"><strong>Alcaloides<\/strong><\/i><\/u> en el fruto. <i><u class=\"a-marronoscuro-12\"><strong>Saponinas<\/strong><\/u>.<\/i> La acci&oacute;n t&oacute;xica se debe a la acci&oacute;n de <i class=\"a-marronoscuro-12\"><strong><u>Nitratos<\/u><\/strong><\/i> en condiciones especiales. <u><i class=\"a-marronoscuro-12\"><strong>Oxalatos.<\/strong><\/i><\/u><\/span><\/p>\n<p><span class=\"a-marron-12\" style=\"mso-ansi-language: ES-TRAD; layout-grid-mode: line; mso-fareast-font-family: Times New Roman; mso-bidi-font-family: Times New Roman; mso-fareast-language: ES; mso-bidi-language: AR-SA; mso-bidi-font-weight: normal\" lang=\"ES-TRAD\"><strong><u>Caracter&iacute;sticas de la planta:<\/u><\/strong><\/span> <span lang=\"ES-AR\">hierba anual de hasta 1,80 metros de altura.<\/span> <span lang=\"ES-AR\">Hojas alternas, pecioladas.<\/span> <span lang=\"ES-AR\" style=\"mso-bidi-font-size: 10.0pt; mso-fareast-font-family: Times New Roman; mso-bidi-font-family: Times New Roman; mso-ansi-language: ES-AR; mso-fareast-language: ES; mso-bidi-language: AR-SA\">Flores en espigas o panojas terminales.<\/span><\/p>\n<p><span class=\"a-marron-12\" style=\"mso-fareast-font-family: Times New Roman; mso-bidi-font-family: Times New Roman; mso-ansi-language: EN-US; mso-fareast-language: ES; mso-bidi-language: AR-SA\" lang=\"EN-US\"><strong><u>Animales susceptibles:<\/u><\/strong><\/span><span lang=\"ES-AR\"><span style=\"mso-bidi-font-size: 10.0pt; mso-fareast-font-family: Times New Roman; mso-bidi-font-family: Times New Roman; mso-ansi-language: ES-AR; mso-fareast-language: ES; mso-bidi-language: AR-SA\"><\/span><\/span><span style=\"mso-bidi-font-size: 10.0pt; mso-fareast-font-family: Times New Roman; mso-bidi-font-family: Times New Roman; mso-ansi-language: ES-AR; mso-fareast-language: ES; mso-bidi-language: AR-SA\" lang=\"ES-AR\"> ovinos y porcinos.<\/span><\/p>\n<p><span class=\"a-marron-12\" style=\"mso-fareast-font-family: Times New Roman; mso-bidi-font-family: Times New Roman; mso-ansi-language: EN-US; mso-fareast-language: ES; mso-bidi-language: AR-SA\" lang=\"EN-US\"><strong><u>Signos cl&iacute;nicos:<\/u><\/strong><\/span><span style=\"mso-bidi-font-size: 10.0pt; mso-bidi-font-family: Times New Roman\"> edemas generalizados. Diarreas sanguinolentas. Hepatomegalia.<o:p><\/o:p><\/span><\/p>\n<p><span class=\"a-marron-12\" style=\"mso-fareast-font-family: Times New Roman; mso-bidi-font-family: Times New Roman; mso-ansi-language: EN-US; mso-fareast-language: ES; mso-bidi-language: AR-SA\" lang=\"EN-US\"><strong><u>Profilaxis:<\/u><\/strong><\/span><span style=\"mso-bidi-font-size: 10.0pt; mso-fareast-font-family: Times New Roman; mso-bidi-font-family: Times New Roman; mso-ansi-language: ES-AR; mso-fareast-language: ES; mso-bidi-language: AR-SA\" lang=\"ES-AR\"> identificaci&oacute;n y control con herbicidas en rastrojos de la planta.<\/span><\/p>\n<p style=\"margin-left:0cm;text-indent:0cm;mso-list:l0 level1 lfo1\">\n                  <\/p>\n<\/td>\n<\/tr>\n<tr>\n<td>\n<div align=\"center\"><img loading=\"lazy\" decoding=\"async\" src=\"http:\/\/www.fvet.uba.ar\/archivos\/catedras\/arch_bases_agric\/yuyocolorado.jpg\" width=\"300\" height=\"376\" hspace=\"10\" vspace=\"5\" border=\"0\"><\/div>\n<\/td>\n<\/tr>\n<\/table>\n<\/div>\n<div class=\"col-sm-1\">\n\t\t\t&nbsp;<\/div>\n<\/p><\/div>\n<p>\n\t&nbsp;<\/div>\n<div class=\"consejo\"><a class=\"ancla\" id=\"mas-fotos\">&nbsp;<\/a><\/p>\n<div class=\"titulo-secciones\">\n<td width=\"100%>\n<p align=\"center\" class=\"a-marronoscuro-12\">Jard&iacute;n de Plantas Toxicas y Da&ntilde;inas Grandes Animales<strong> &#8211; M&aacute;s fotos <\/strong><a class=\"ancla\" id=\"ingresantes\">&nbsp;<\/a><\/td>\n<\/div>\n<p>\t&nbsp;<\/p>\n<div class=\"row\">\n<div class=\"col-sm-1\">\n\t\t\t&nbsp;<\/div>\n<div class=\"col-sm-10\">\n<tr>\n<td width=\"100%>\n<table border=\"0\" width=\"100%\">\n<tr>\n<td bgcolor=\"#DDDDD0\">\n<p>\n                          <font face=\"Arial\" size=\"2\"><b style=\"mso-bidi-font-weight:normal\"><u><img loading=\"lazy\" decoding=\"async\" src=\"http:\/\/www.fvet.uba.ar\/archivos\/catedras\/arch_bases_agric\/abrojochico.jpg\" width=\"300\" height=\"225\" style=\"border: 1 solid #000000\" hspace=\"10\" vspace=\"5\" border=\"3\"><\/u><\/b><\/font><br \/>\n                              <span class=\"a-marron-12\"><strong>Abrojo Chico(<\/strong><\/span><span class=\"a-marronoscuro-12\"><strong><i>Xanthium spinosum<\/i><\/strong><\/span><span class=\"a-marron-12\"><strong>)<\/strong><\/span><\/p>\n<\/td>\n<td bgcolor=\"#DDDDD0\">\n<p>\n                          <font face=\"Arial\" size=\"2\"><b style=\"mso-bidi-font-weight:normal\"><u><img loading=\"lazy\" decoding=\"async\" src=\"http:\/\/www.fvet.uba.ar\/archivos\/catedras\/arch_bases_agric\/abrojogrande.jpg\" width=\"300\" height=\"225\" style=\"border: 1 solid #000000\" hspace=\"10\" vspace=\"5\" border=\"3\"><\/u><\/b><\/font><br \/>\n                              <span class=\"a-marron-12\"><strong>Abrojo Grande(<\/strong><\/span><i class=\"a-marronoscuro-12\"><strong>Xanthium cavanillesii<\/strong><\/i><span class=\"a-marron-12\"><strong>)<\/strong><\/span><\/p>\n<\/td>\n<\/tr>\n<tr>\n<td width=\"50%\" bgcolor=\"#DDDDD0\">\n<p>\n                              <font face=\"Arial\" size=\"2\"><b style=\"mso-bidi-font-weight:normal\"><u><img loading=\"lazy\" decoding=\"async\" src=\"http:\/\/www.fvet.uba.ar\/archivos\/catedras\/arch_bases_agric\/alfilerillo.jpg\" width=\"300\" height=\"225\" style=\"border: 1 solid #000000\" hspace=\"10\" vspace=\"5\" border=\"3\"><\/u><\/b><\/font><br \/>\n                              <span class=\"a-marron-12\"><strong>Alfilerillo(<\/strong><\/span><i class=\"a-marronoscuro-12\"><strong>Geranium molle<\/strong><\/i><span class=\"a-marron-12\"><strong>)<\/strong><\/span><\/p>\n<\/td>\n<td width=\"50%\" bgcolor=\"#DDDDD0\">\n                              <font face=\"Arial\" size=\"2\"><b style=\"mso-bidi-font-weight:normal\"><u><img loading=\"lazy\" decoding=\"async\" src=\"http:\/\/www.fvet.uba.ar\/archivos\/catedras\/arch_bases_agric\/ortiga.jpg\" width=\"300\" height=\"225\" style=\"border: 1 solid #000000\" hspace=\"10\" vspace=\"5\" border=\"3\"><\/u><\/b><\/font><br \/>\n                              <span class=\"a-marron-12\"><strong>Ortiga(<\/strong><\/span><span class=\"a-marronoscuro-12\"><strong><i>Urtica urens<\/i><\/strong><\/span><span class=\"a-marron-12\"><strong>)<\/strong><\/span><\/p>\n<\/td>\n<\/tr>\n<tr>\n<td colspan=\"2\" bgcolor=\"#DDDDD0\">\n<p>\n                              <font face=\"Arial\" size=\"2\"><b style=\"mso-bidi-font-weight:normal\"><u><img loading=\"lazy\" decoding=\"async\" src=\"http:\/\/www.fvet.uba.ar\/archivos\/catedras\/arch_bases_agric\/ortiga2.jpg\" width=\"300\" height=\"281\" style=\"border: 1 solid #000000\" hspace=\"10\" vspace=\"5\" border=\"3\"><\/u><\/b><\/font><br \/>\n                              <span class=\"a-marron-12\"><strong>Ortiga(<\/strong><\/span><i class=\"a-marronoscuro-12\"><strong>Urtica urens<\/strong><\/i><span class=\"a-marron-12\"><strong>)<\/strong><\/span><\/p>\n<\/td>\n<\/tr>\n<\/table><\/div>\n<\/p><\/div>\n<\/p><\/div>\n<div class=\"mision\"><a class=\"ancla\" id=\"abrojo-ch\"><\/a><\/p>\n<div class=\"titulo-secciones\">Jard\u00edn de Plantas Toxicas Grandes Animales &#8211; Abrojo Chico<\/div>\n<p><\/p>\n<div class=\"row\">\n<div class=\"col-sm-1\">\n\t\t\t&nbsp;<\/div>\n<div class=\"col-sm-10\">\n<table width=\"81%\" border=\"0\" align=\"center\" cellpadding=\"2\" cellspacing=\"2\" bordercolor=\"#996666\">\n<tr>\n<td colspan=\"2\">\n<p style=\"margin-left:0cm;text-indent:0cm;mso-list:l0 level1 lfo1\"><span class=\"a-marron-12\" lang=\"ES-AR\"><strong><u>Nombre com&uacute;n<\/u><\/strong>:<\/span><i class=\"a-marronoscuro-12\"><strong> Abrojo Chico<\/strong><\/i><u><i><i style=\"mso-bidi-font-style:normal\"><o:p><\/o:p><\/i><\/i><\/u><\/p>\n<p style=\"margin-left:0cm;text-indent:0cm;mso-list:l0 level1 lfo1\"><span class=\"a-marron-12\" lang=\"ES-AR\"><strong><u>Nombre cient&iacute;fico:<\/u><\/strong> <\/span><i class=\"a-marronoscuro-12\"><strong> Xanthium spinosum<\/strong><\/i><u><i><i style=\"mso-bidi-font-style:normal\"><o:p><\/o:p><\/i><\/i><\/u><\/p>\n<p><span class=\"a-marron-12\"><strong><u>Familia<\/u>:<\/strong><\/span><span class=\"a-marron-12\" lang=\"ES-AR\"><\/span> <i class=\"a-marronoscuro-12\"><strong><span lang=\"ES-AR\" style=\"mso-bidi-font-size: 10.0pt; mso-fareast-font-family: Times New Roman; mso-bidi-font-family: Times New Roman; mso-ansi-language: ES-AR; mso-fareast-language: ES; mso-bidi-language: AR-SA\">Compuestas<\/span><\/strong><\/i><\/p>\n<p><span class=\"a-marron-12\"><strong><u>Da\u00f1o que produce:<\/u><\/strong><\/span><span lang=\"ES-AR\"> Lanas semilludas.<\/span><\/p>\n<p><span class=\"a-marron-12\" style=\"mso-ansi-language: ES-TRAD; layout-grid-mode: line; mso-fareast-font-family: Times New Roman; mso-bidi-font-family: Times New Roman; mso-fareast-language: ES; mso-bidi-language: AR-SA; mso-bidi-font-weight: normal\" lang=\"ES-TRAD\"><strong><u>Caracter&iacute;sticas de la planta:<\/u><\/strong><\/span> <span lang=\"ES-AR\">Es una planta anual, que se propaga por semillas que comienzan a germinar a fines del invierno, florece en primavera y fructifica desde el verano hasta mediados de oto\u00f1o. Es espinosa y herb&aacute;cea, de 25 a 50 cm. de altura, con tallos glabros, erectos y ramificados, quienes presentan espinas tr&iacute;fidas amarillentas, de 2,5 cm de largo en la base de los pec&iacute;olos de las hojas, las cuales son lanceoladas, enteras, con la cara superior verde oscuro y en el env&eacute;s blanquecino.<\/span><\/p>\n<p><span class=\"a-marron-12\" style=\"mso-fareast-font-family: Times New Roman; mso-bidi-font-family: Times New Roman; mso-ansi-language: EN-US; mso-fareast-language: ES; mso-bidi-language: AR-SA\" lang=\"EN-US\"><strong><u>Parte de la planta que produce el da\u00f1o:<\/u><\/strong><\/span><span lang=\"ES-AR\"><span style=\"mso-bidi-font-size: 10.0pt; mso-fareast-font-family: Times New Roman; mso-bidi-font-family: Times New Roman; mso-ansi-language: ES-AR; mso-fareast-language: ES; mso-bidi-language: AR-SA\"><\/span><\/span><span style=\"mso-bidi-font-size: 10.0pt; mso-fareast-font-family: Times New Roman; mso-bidi-font-family: Times New Roman; mso-ansi-language: ES-AR; mso-fareast-language: ES; mso-bidi-language: AR-SA\" lang=\"ES-AR\"><b> Fruto.<\/b><\/span><\/p>\n<p><span class=\"a-marron-12\" style=\"mso-fareast-font-family: Times New Roman; mso-bidi-font-family: Times New Roman; mso-ansi-language: EN-US; mso-fareast-language: ES; mso-bidi-language: AR-SA\" lang=\"EN-US\"><strong><u>Animales susceptibles:<\/u><\/strong><\/span><span lang=\"ES-AR\"><span style=\"mso-bidi-font-size: 10.0pt; mso-fareast-font-family: Times New Roman; mso-bidi-font-family: Times New Roman; mso-ansi-language: ES-AR; mso-fareast-language: ES; mso-bidi-language: AR-SA\"><\/span><\/span><span style=\"mso-bidi-font-size: 10.0pt; mso-fareast-font-family: Times New Roman; mso-bidi-font-family: Times New Roman; mso-ansi-language: ES-AR; mso-fareast-language: ES; mso-bidi-language: AR-SA\" lang=\"ES-AR\"><strong> Ovinos, Bovinos.<\/strong><\/span><\/p>\n<p><span class=\"a-marron-12\" style=\"mso-fareast-font-family: Times New Roman; mso-bidi-font-family: Times New Roman; mso-ansi-language: EN-US; mso-fareast-language: ES; mso-bidi-language: AR-SA\" lang=\"EN-US\"><strong><u>Profilaxis:<\/u><\/strong><\/span><span style=\"mso-bidi-font-size: 10.0pt; mso-fareast-font-family: Times New Roman; mso-bidi-font-family: Times New Roman; mso-ansi-language: ES-AR; mso-fareast-language: ES; mso-bidi-language: AR-SA\" lang=\"ES-AR\"> Realizar la siembra con semilla limpia, haciendo un control temprano de las malezas. En caso de su presencia en el potrero evitar la floraci\u00f3n y fructificaci\u00f3n e impedir el acceso de lanares a los mismos.<\/span><\/p>\n<p style=\"margin-left:0cm;text-indent:0cm;mso-list:l0 level1 lfo1\">\n                  <\/p>\n<\/td>\n<\/tr>\n<tr>\n<td>\n<div align=\"center\"><img loading=\"lazy\" decoding=\"async\" src=\"http:\/\/www.fvet.uba.ar\/archivos\/catedras\/arch_bases_agric\/abrojochico2.jpg\" width=\"376\" height=\"300\" hspace=\"10\" vspace=\"5\" border=\"0\"><\/div>\n<\/td>\n<\/tr>\n<p>\n            <\/table>\n<\/p><\/div>\n<\/div>\n<\/div>\n<div class=\"autoridades\"><a class=\"ancla\" id=\"abrojo-gr\"><\/a><\/p>\n<div class=\"titulo-secciones\"> Jard\u00edn de Plantas Toxicas Grandes Animales &#8211; Abrojo Grande<\/div>\n<p><\/p>\n<div class=\"row\">\n<div class=\"col-sm-1\">\n\t\t\t&nbsp;<\/div>\n<div class=\"col-sm-10\">\n<table width=\"81%\" border=\"0\" align=\"center\" cellpadding=\"2\" cellspacing=\"2\" bordercolor=\"#996666\">\n<tr>\n<td colspan=\"2\">\n<p style=\"margin-left:0cm;text-indent:0cm;mso-list:l0 level1 lfo1\"><span class=\"a-marron-12\" lang=\"ES-AR\"><strong><u>Nombre com&uacute;n<\/u><\/strong>:<\/span><i class=\"a-marronoscuro-12\"><strong> Abrojo Grande.<\/strong><\/i><u><i><i style=\"mso-bidi-font-style:normal\"><o:p><\/o:p><\/i><\/i><\/u><\/p>\n<p style=\"margin-left:0cm;text-indent:0cm;mso-list:l0 level1 lfo1\"><span class=\"a-marron-12\" lang=\"ES-AR\"><strong><u>Nombre cient&iacute;fico:<\/u><\/strong> <\/span><i class=\"a-marronoscuro-12\"><strong> Xanthium cavanillesii<\/strong><\/i><u><i><i style=\"mso-bidi-font-style:normal\"><o:p><\/o:p><\/i><\/i><\/u><\/p>\n<p><span class=\"a-marron-12\"><strong><u>Familia<\/u>:<\/strong><\/span><span class=\"a-marron-12\" lang=\"ES-AR\"><\/span> <i class=\"a-marronoscuro-12\"><strong><span lang=\"ES-AR\" style=\"mso-bidi-font-size: 10.0pt; mso-fareast-font-family: Times New Roman; mso-bidi-font-family: Times New Roman; mso-ansi-language: ES-AR; mso-fareast-language: ES; mso-bidi-language: AR-SA\">Compuestas<\/span><\/strong><\/i><\/p>\n<p><span class=\"a-marron-12\"><strong><u>Da\u00f1o que produce:<\/u><\/strong><\/span><span lang=\"ES-AR\"> Lanas semilludas. En muy raras ocasiones puede producir intoxicaciones similares a las producidas por Cestrumparqui (Duraznillo Negro) y Wedeliaglauca (Sunchillo) debido a un compuesto llamado carboxytractil&oacute;sido contenido en la semilla.<\/span><\/p>\n<p><span class=\"a-marron-12\" style=\"mso-ansi-language: ES-TRAD; layout-grid-mode: line; mso-fareast-font-family: Times New Roman; mso-bidi-font-family: Times New Roman; mso-fareast-language: ES; mso-bidi-language: AR-SA; mso-bidi-font-weight: normal\" lang=\"ES-TRAD\"><strong><u>Caracter&iacute;sticas de la planta:<\/u><\/strong><\/span> <span lang=\"ES-AR\"> Posee tallos \u00e1speros, hojas alternas, pecioladas y cordiformes, sus flores est\u00e1n dispuestas en cap\u00edtulos. Puede alcanzar 1,2 metros de altura. Los frutos, provistos de ganchos y espinas en su parte apical, tienen un di\u00e1metro de 2 cm. Germina en primavera, florece en verano, fructifica en oto\u00f1o y luego muere, aunque el poder germinativo de sus frutos se mantiene durante varios a\u00f1os, siendo diseminados por los animales a quienes se adhieren con gran facilidad. Es muy invasora.<\/span><\/p>\n<p><span class=\"a-marron-12\" style=\"mso-fareast-font-family: Times New Roman; mso-bidi-font-family: Times New Roman; mso-ansi-language: EN-US; mso-fareast-language: ES; mso-bidi-language: AR-SA\" lang=\"EN-US\"><strong><u>Parte de la planta que produce el da\u00f1o:<\/u><\/strong><\/span><span lang=\"ES-AR\"><span style=\"mso-bidi-font-size: 10.0pt; mso-fareast-font-family: Times New Roman; mso-bidi-font-family: Times New Roman; mso-ansi-language: ES-AR; mso-fareast-language: ES; mso-bidi-language: AR-SA\"><\/span><\/span><span style=\"mso-bidi-font-size: 10.0pt; mso-fareast-font-family: Times New Roman; mso-bidi-font-family: Times New Roman; mso-ansi-language: ES-AR; mso-fareast-language: ES; mso-bidi-language: AR-SA\" lang=\"ES-AR\"><b> Fruto.<\/b><\/span><\/p>\n<p><span class=\"a-marron-12\" style=\"mso-fareast-font-family: Times New Roman; mso-bidi-font-family: Times New Roman; mso-ansi-language: EN-US; mso-fareast-language: ES; mso-bidi-language: AR-SA\" lang=\"EN-US\"><strong><u>Animales susceptibles:<\/u><\/strong><\/span><span lang=\"ES-AR\"><span style=\"mso-bidi-font-size: 10.0pt; mso-fareast-font-family: Times New Roman; mso-bidi-font-family: Times New Roman; mso-ansi-language: ES-AR; mso-fareast-language: ES; mso-bidi-language: AR-SA\"><\/span><\/span><span style=\"mso-bidi-font-size: 10.0pt; mso-fareast-font-family: Times New Roman; mso-bidi-font-family: Times New Roman; mso-ansi-language: ES-AR; mso-fareast-language: ES; mso-bidi-language: AR-SA\" lang=\"ES-AR\"><strong> Ovinos.<\/strong><\/span><\/p>\n<p><span class=\"a-marron-12\" style=\"mso-fareast-font-family: Times New Roman; mso-bidi-font-family: Times New Roman; mso-ansi-language: EN-US; mso-fareast-language: ES; mso-bidi-language: AR-SA\" lang=\"EN-US\"><strong><u>Profilaxis:<\/u><\/strong><\/span><span style=\"mso-bidi-font-size: 10.0pt; mso-fareast-font-family: Times New Roman; mso-bidi-font-family: Times New Roman; mso-ansi-language: ES-AR; mso-fareast-language: ES; mso-bidi-language: AR-SA\" lang=\"ES-AR\"> Realizar la siembra con semilla limpia, haciendo un control temprano de las malezas. En caso de su presencia en el potrero evitar la floraci\u00f3n y fructificaci\u00f3n e impedir el acceso de lanares a los mismos.<\/span><\/p>\n<p style=\"margin-left:0cm;text-indent:0cm;mso-list:l0 level1 lfo1\">\n                  <\/p>\n<\/td>\n<\/tr>\n<tr>\n<td>\n<div align=\"center\"><img loading=\"lazy\" decoding=\"async\" src=\"http:\/\/www.fvet.uba.ar\/archivos\/catedras\/arch_bases_agric\/abrojogrande2.jpg\" width=\"300\" height=\"376\" hspace=\"10\" vspace=\"5\" border=\"0\"><\/div>\n<\/td>\n<\/tr>\n<\/table>\n<\/div>\n<div class=\"col-sm-1\">\n            &nbsp;\n        <\/div>\n<\/p><\/div>\n<p>\n    &nbsp;\n<\/div>\n<div class=\"consejo\">\n<div class=\"titulo-secciones\">\n\t\tJard\u00edn de Plantas Toxicas Grandes Animales &#8211; Alfilerillo<a class=\"ancla\" id=\"alfilerillo\">&nbsp;<\/a><\/div>\n<p><\/p>\n<div class=\"row\">\n<div class=\"col-sm-1\">\n\t\t\t&nbsp;<\/div>\n<table width=\"81%\" border=\"0\" align=\"center\" cellpadding=\"2\" cellspacing=\"2\" bordercolor=\"#DDDDD0\">\n<tr>\n<td colspan=\"2\">\n<p style=\"margin-left:0cm;text-indent:0cm;mso-list:l0 level1 lfo1\"><span class=\"a-marron-12\" lang=\"ES-AR\"><strong><u>Nombre com&uacute;n<\/u><\/strong>:<\/span><i class=\"a-marronoscuro-12\"><strong> Alfilerillo.<\/strong><\/i><u><i><i style=\"mso-bidi-font-style:normal\"><o:p><\/o:p><\/i><\/i><\/u><\/p>\n<p style=\"margin-left:0cm;text-indent:0cm;mso-list:l0 level1 lfo1\"><span class=\"a-marron-12\" lang=\"ES-AR\"><strong><u>Nombre cient&iacute;fico:<\/u><\/strong> <\/span><i class=\"a-marronoscuro-12\"><strong> Geranium molle.<\/strong><\/i><u><i><i style=\"mso-bidi-font-style:normal\"><o:p><\/o:p><\/i><\/i><\/u><\/p>\n<p><span class=\"a-marron-12\"><strong><u>Familia<\/u>:<\/strong><\/span><span class=\"a-marron-12\" lang=\"ES-AR\"><\/span> <i class=\"a-marronoscuro-12\"><strong><span lang=\"ES-AR\" style=\"mso-bidi-font-size: 10.0pt; mso-fareast-font-family: Times New Roman; mso-bidi-font-family: Times New Roman; mso-ansi-language: ES-AR; mso-fareast-language: ES; mso-bidi-language: AR-SA\">Gerani\u00e1ceas<\/span><\/strong><\/i><\/p>\n<p><span class=\"a-marron-12\"><strong><u>Da\u00f1o que produce:<\/u><\/strong><\/span><span lang=\"ES-AR\"> Lanas semilludas.<\/span><\/p>\n<p><span class=\"a-marron-12\" style=\"mso-ansi-language: ES-TRAD; layout-grid-mode: line; mso-fareast-font-family: Times New Roman; mso-bidi-font-family: Times New Roman; mso-fareast-language: ES; mso-bidi-language: AR-SA; mso-bidi-font-weight: normal\" lang=\"ES-TRAD\"><strong><u>Caracter&iacute;sticas de la planta:<\/u><\/strong><\/span> <span lang=\"ES-AR\"> Es una planta anual que florece en primavera y fructifica en verano y oto\u00f1o. Puede medir hasta 30 cm. de altura. Es pilosa, posee nudos engrosados, hojas opuestas largamente pecioladas y flores de color rosado-viol&aacute;ceo agrupadas en umbelas.<\/span><\/p>\n<p><span class=\"a-marron-12\" style=\"mso-fareast-font-family: Times New Roman; mso-bidi-font-family: Times New Roman; mso-ansi-language: EN-US; mso-fareast-language: ES; mso-bidi-language: AR-SA\" lang=\"EN-US\"><strong><u>Parte de la planta que produce el da\u00f1o:<\/u><\/strong><\/span><span lang=\"ES-AR\"><span style=\"mso-bidi-font-size: 10.0pt; mso-fareast-font-family: Times New Roman; mso-bidi-font-family: Times New Roman; mso-ansi-language: ES-AR; mso-fareast-language: ES; mso-bidi-language: AR-SA\"><\/span><\/span><span style=\"mso-bidi-font-size: 10.0pt; mso-fareast-font-family: Times New Roman; mso-bidi-font-family: Times New Roman; mso-ansi-language: ES-AR; mso-fareast-language: ES; mso-bidi-language: AR-SA\" lang=\"ES-AR\"><b> Fruto.<\/b><\/span><\/p>\n<p><span class=\"a-marron-12\" style=\"mso-fareast-font-family: Times New Roman; mso-bidi-font-family: Times New Roman; mso-ansi-language: EN-US; mso-fareast-language: ES; mso-bidi-language: AR-SA\" lang=\"EN-US\"><strong><u>Animales susceptibles:<\/u><\/strong><\/span><span lang=\"ES-AR\"><span style=\"mso-bidi-font-size: 10.0pt; mso-fareast-font-family: Times New Roman; mso-bidi-font-family: Times New Roman; mso-ansi-language: ES-AR; mso-fareast-language: ES; mso-bidi-language: AR-SA\"><\/span><\/span><span style=\"mso-bidi-font-size: 10.0pt; mso-fareast-font-family: Times New Roman; mso-bidi-font-family: Times New Roman; mso-ansi-language: ES-AR; mso-fareast-language: ES; mso-bidi-language: AR-SA\" lang=\"ES-AR\"><strong> Ovinos.<\/strong><\/span><\/p>\n<p><span class=\"a-marron-12\" style=\"mso-fareast-font-family: Times New Roman; mso-bidi-font-family: Times New Roman; mso-ansi-language: EN-US; mso-fareast-language: ES; mso-bidi-language: AR-SA\" lang=\"EN-US\"><strong><u>Profilaxis:<\/u><\/strong><\/span><span style=\"mso-bidi-font-size: 10.0pt; mso-fareast-font-family: Times New Roman; mso-bidi-font-family: Times New Roman; mso-ansi-language: ES-AR; mso-fareast-language: ES; mso-bidi-language: AR-SA\" lang=\"ES-AR\"> Realizar la siembra con semilla limpia, haciendo uncontrol temprano de las malezas. En caso de su presencia en el potrero evitar la floraci\u00f3n y fructificaci\u00f3n e impedir el accesode lanares a los mismos.<\/span><\/p>\n<p style=\"margin-left:0cm;text-indent:0cm;mso-list:l0 level1 lfo1\">\n                  <\/p>\n<\/td>\n<\/tr>\n<tr>\n<td>\n<div align=\"center\"><img loading=\"lazy\" decoding=\"async\" src=\"http:\/\/www.fvet.uba.ar\/archivos\/catedras\/arch_bases_agric\/alfilerillo2.jpg\" width=\"376\" height=\"300\" hspace=\"10\" vspace=\"5\" border=\"0\"><\/div>\n<\/td>\n<\/tr>\n<\/table>\n<div class=\"col-sm-10\">\n        <\/div>\n<div class=\"col-sm-1\">\n            &nbsp;\n        <\/div>\n<\/p><\/div>\n<p>\n    &nbsp;\n<\/div>\n<div class=\"mision\">\n<div class=\"titulo-secciones\">\n\t\tJard\u00edn de Plantas Toxicas Grandes Animales &#8211; Cuerno del Diablo<a class=\"ancla\" id=\"cuerno-diablo\"><\/a><\/div>\n<p><\/p>\n<div class=\"row\">\n<div class=\"col-sm-1\">\n\t\t\t&nbsp;<\/div>\n<table width=\"81%\" border=\"0\" align=\"center\" cellpadding=\"2\" cellspacing=\"2\" bordercolor=\"#DDDDD0\">\n<tr>\n<td colspan=\"2\">\n<p style=\"margin-left:0cm;text-indent:0cm;mso-list:l0 level1 lfo1\"><span class=\"a-marron-12\" lang=\"ES-AR\"><strong><u>Nombre com&uacute;n<\/u><\/strong>:<\/span><i class=\"a-marronoscuro-12\"><strong> Cuerno del Diablo.<\/strong><\/i><u><i><i style=\"mso-bidi-font-style:normal\"><o:p><\/o:p><\/i><\/i><\/u><\/p>\n<p style=\"margin-left:0cm;text-indent:0cm;mso-list:l0 level1 lfo1\"><span class=\"a-marron-12\" lang=\"ES-AR\"><strong><u>Nombre cient&iacute;fico:<\/u><\/strong> <\/span><i class=\"a-marronoscuro-12\"><strong> Ibicella lutea.<\/strong><\/i><u><i><i style=\"mso-bidi-font-style:normal\"><o:p><\/o:p><\/i><\/i><\/u><\/p>\n<p><span class=\"a-marron-12\"><strong><u>Familia<\/u>:<\/strong><\/span><span class=\"a-marron-12\" lang=\"ES-AR\"><\/span> <i class=\"a-marronoscuro-12\"><strong><span lang=\"ES-AR\" style=\"mso-bidi-font-size: 10.0pt; mso-fareast-font-family: Times New Roman; mso-bidi-font-family: Times New Roman; mso-ansi-language: ES-AR; mso-fareast-language: ES; mso-bidi-language: AR-SA\">Martiniaceas<\/span><\/strong><\/i><\/p>\n<p><span class=\"a-marron-12\"><strong><u>Da\u00f1o que produce:<\/u><\/strong><\/span><span lang=\"ES-AR\"> Lanas semilludas y heridas a los animales que se recuestan sobre los frutos secos.<\/span><\/p>\n<p><span class=\"a-marron-12\" style=\"mso-ansi-language: ES-TRAD; layout-grid-mode: line; mso-fareast-font-family: Times New Roman; mso-bidi-font-family: Times New Roman; mso-fareast-language: ES; mso-bidi-language: AR-SA; mso-bidi-font-weight: normal\" lang=\"ES-TRAD\"><strong><u>Caracter&iacute;sticas de la planta:<\/u><\/strong><\/span> <span lang=\"ES-AR\"> Es una planta anual que florece y fructifica en verano y oto\u00f1o. El fruto es carnoso al estado juvenil y luego se lignifica con la maduraci\u00f3n torn\u00e1ndose espinoso y terminando en dos cuernos largos y encorvados.<\/span><\/p>\n<p><span class=\"a-marron-12\" style=\"mso-fareast-font-family: Times New Roman; mso-bidi-font-family: Times New Roman; mso-ansi-language: EN-US; mso-fareast-language: ES; mso-bidi-language: AR-SA\" lang=\"EN-US\"><strong><u>Parte de la planta que produce el da\u00f1o:<\/u><\/strong><\/span><span lang=\"ES-AR\"><span style=\"mso-bidi-font-size: 10.0pt; mso-fareast-font-family: Times New Roman; mso-bidi-font-family: Times New Roman; mso-ansi-language: ES-AR; mso-fareast-language: ES; mso-bidi-language: AR-SA\"><\/span><\/span><span style=\"mso-bidi-font-size: 10.0pt; mso-fareast-font-family: Times New Roman; mso-bidi-font-family: Times New Roman; mso-ansi-language: ES-AR; mso-fareast-language: ES; mso-bidi-language: AR-SA\" lang=\"ES-AR\"><b> Fruto.<\/b><\/span><\/p>\n<p><span class=\"a-marron-12\" style=\"mso-fareast-font-family: Times New Roman; mso-bidi-font-family: Times New Roman; mso-ansi-language: EN-US; mso-fareast-language: ES; mso-bidi-language: AR-SA\" lang=\"EN-US\"><strong><u>Animales susceptibles:<\/u><\/strong><\/span><span lang=\"ES-AR\"><span style=\"mso-bidi-font-size: 10.0pt; mso-fareast-font-family: Times New Roman; mso-bidi-font-family: Times New Roman; mso-ansi-language: ES-AR; mso-fareast-language: ES; mso-bidi-language: AR-SA\"><\/span><\/span><span style=\"mso-bidi-font-size: 10.0pt; mso-fareast-font-family: Times New Roman; mso-bidi-font-family: Times New Roman; mso-ansi-language: ES-AR; mso-fareast-language: ES; mso-bidi-language: AR-SA\" lang=\"ES-AR\"><strong> Ovino, bovino.<\/strong><\/span><\/p>\n<p><span class=\"a-marron-12\" style=\"mso-fareast-font-family: Times New Roman; mso-bidi-font-family: Times New Roman; mso-ansi-language: EN-US; mso-fareast-language: ES; mso-bidi-language: AR-SA\" lang=\"EN-US\"><strong><u>Profilaxis:<\/u><\/strong><\/span><span style=\"mso-bidi-font-size: 10.0pt; mso-fareast-font-family: Times New Roman; mso-bidi-font-family: Times New Roman; mso-ansi-language: ES-AR; mso-fareast-language: ES; mso-bidi-language: AR-SA\" lang=\"ES-AR\"> Realizar la siembra con semilla limpia, haciendo uncontrol temprano de lasmalezas. En caso de su presencia en el potrero evitar la floraci\u00f3n e impedir el accesode lanares a los mismos.<\/span><\/p>\n<p style=\"margin-left:0cm;text-indent:0cm;mso-list:l0 level1 lfo1\">\n                  <\/p>\n<\/td>\n<\/tr>\n<\/table>\n<div class=\"col-sm-10\">\n\t\t\t&nbsp;<\/div>\n<\/p><\/div>\n<p>\n\t&nbsp;<\/div>\n<div class=\"decano\">\n<div class=\"titulo-secciones\">\n\t\tJard\u00edn de Plantas Toxicas Grandes Animales &#8211; Flechilla Brava<a class=\"ancla\" id=\"flech-brava\"><\/a><\/div>\n<p>\t&nbsp;<\/p>\n<div class=\"row\">\n<div class=\"col-sm-1\">\n\t\t\t&nbsp;<\/div>\n<table width=\"81%\" border=\"0\" align=\"center\" cellpadding=\"2\" cellspacing=\"2\" bordercolor=\"#DDDDD0\">\n<tr>\n<td colspan=\"2\">\n<p style=\"margin-left:0cm;text-indent:0cm;mso-list:l0 level1 lfo1\"><span class=\"a-marron-12\" lang=\"ES-AR\"><strong><u>Nombre com&uacute;n<\/u><\/strong>:<\/span><i class=\"a-marronoscuro-12\"><strong> Flechilla brava.<\/strong><\/i><u><i><i style=\"mso-bidi-font-style:normal\"><o:p><\/o:p><\/i><\/i><\/u><\/p>\n<p style=\"margin-left:0cm;text-indent:0cm;mso-list:l0 level1 lfo1\"><span class=\"a-marron-12\" lang=\"ES-AR\"><strong><u>Nombre cient&iacute;fico:<\/u><\/strong> <\/span><i class=\"a-marronoscuro-12\"><strong> Stipa neesiana.<\/strong><\/i><u><i><i style=\"mso-bidi-font-style:normal\"><o:p><\/o:p><\/i><\/i><\/u><\/p>\n<p><span class=\"a-marron-12\"><strong><u>Familia<\/u>:<\/strong><\/span><span class=\"a-marron-12\" lang=\"ES-AR\"><\/span> <i class=\"a-marronoscuro-12\"><strong><span lang=\"ES-AR\" style=\"mso-bidi-font-size: 10.0pt; mso-fareast-font-family: Times New Roman; mso-bidi-font-family: Times New Roman; mso-ansi-language: ES-AR; mso-fareast-language: ES; mso-bidi-language: AR-SA\"> Gram\u00edneas<\/span><\/strong><\/i><\/p>\n<p><span class=\"a-marron-12\"><strong><u>Da\u00f1o que produce:<\/u><\/strong><\/span><span lang=\"ES-AR\"> Lanas semilludas y puede herir el cuero de los animales, especialmente de los corderos.<\/span><\/p>\n<p><span class=\"a-marron-12\" style=\"mso-ansi-language: ES-TRAD; layout-grid-mode: line; mso-fareast-font-family: Times New Roman; mso-bidi-font-family: Times New Roman; mso-fareast-language: ES; mso-bidi-language: AR-SA; mso-bidi-font-weight: normal\" lang=\"ES-TRAD\"><strong><u>Caracter&iacute;sticas de la planta:<\/u><\/strong><\/span> <span lang=\"ES-AR\"> Es una especie perenne y rizomatosa. Posee hojas planas y glabras; la panoja es m\u00e1s bien laxa pero angosta, la cual esta formada por numerosas espiguillas. Vegeta desde la primavera hasta el oto\u00f1o. Se propaga por semillas.<\/span><\/p>\n<p><span class=\"a-marron-12\" style=\"mso-fareast-font-family: Times New Roman; mso-bidi-font-family: Times New Roman; mso-ansi-language: EN-US; mso-fareast-language: ES; mso-bidi-language: AR-SA\" lang=\"EN-US\"><strong><u>Parte de la planta que produce el da\u00f1o:<\/u><\/strong><\/span><span lang=\"ES-AR\"><span style=\"mso-bidi-font-size: 10.0pt; mso-fareast-font-family: Times New Roman; mso-bidi-font-family: Times New Roman; mso-ansi-language: ES-AR; mso-fareast-language: ES; mso-bidi-language: AR-SA\"><\/span><\/span><span style=\"mso-bidi-font-size: 10.0pt; mso-fareast-font-family: Times New Roman; mso-bidi-font-family: Times New Roman; mso-ansi-language: ES-AR; mso-fareast-language: ES; mso-bidi-language: AR-SA\" lang=\"ES-AR\"><b> La base punzante de las espiguillas.<\/b><\/span><\/p>\n<p><span class=\"a-marron-12\" style=\"mso-fareast-font-family: Times New Roman; mso-bidi-font-family: Times New Roman; mso-ansi-language: EN-US; mso-fareast-language: ES; mso-bidi-language: AR-SA\" lang=\"EN-US\"><strong><u>Animales susceptibles:<\/u><\/strong><\/span><span lang=\"ES-AR\"><span style=\"mso-bidi-font-size: 10.0pt; mso-fareast-font-family: Times New Roman; mso-bidi-font-family: Times New Roman; mso-ansi-language: ES-AR; mso-fareast-language: ES; mso-bidi-language: AR-SA\"><\/span><\/span><span style=\"mso-bidi-font-size: 10.0pt; mso-fareast-font-family: Times New Roman; mso-bidi-font-family: Times New Roman; mso-ansi-language: ES-AR; mso-fareast-language: ES; mso-bidi-language: AR-SA\" lang=\"ES-AR\"><strong> Ovinos.<\/strong><\/span><\/p>\n<p><span class=\"a-marron-12\" style=\"mso-fareast-font-family: Times New Roman; mso-bidi-font-family: Times New Roman; mso-ansi-language: EN-US; mso-fareast-language: ES; mso-bidi-language: AR-SA\" lang=\"EN-US\"><strong><u>Profilaxis:<\/u><\/strong><\/span><span style=\"mso-bidi-font-size: 10.0pt; mso-fareast-font-family: Times New Roman; mso-bidi-font-family: Times New Roman; mso-ansi-language: ES-AR; mso-fareast-language: ES; mso-bidi-language: AR-SA\" lang=\"ES-AR\"> Retirar los lanares de los potreros con flechilla, sobre todo en \u00e9poca de floraci\u00f3n, cuando se desprenden los frutos. Sembrar semilla limpia.<\/span><\/p>\n<p style=\"margin-left:0cm;text-indent:0cm;mso-list:l0 level1 lfo1\">\n                  <\/p>\n<\/td>\n<\/tr>\n<\/table>\n<div class=\"col-sm-10\">\n\t\t\t&nbsp;<\/div>\n<div class=\"col-sm-1\">\n\t\t\t&nbsp;<\/div>\n<\/p><\/div>\n<p>\n\t&nbsp;<\/div>\n<div class=\"autoridades\">\n<div class=\"titulo-secciones\"><a class=\"ancla\" id=\"manzan-med\"><\/a><br \/>\n\t\tJard\u00edn de Plantas Toxicas Grandes Animales &#8211; Manzanilla Medicinal<\/div>\n<p>\t&nbsp;<\/p>\n<div class=\"row\">\n<div class=\"col-sm-1\">\n\t\t\t&nbsp;<\/div>\n<table width=\"81%\" border=\"0\" align=\"center\" cellpadding=\"2\" cellspacing=\"2\" bordercolor=\"#DDDDD0\">\n<tr>\n<td colspan=\"2\">\n<p style=\"margin-left:0cm;text-indent:0cm;mso-list:l0 level1 lfo1\"><span class=\"a-marron-12\" lang=\"ES-AR\"><strong><u>Nombre com&uacute;n<\/u><\/strong>:<\/span><i class=\"a-marronoscuro-12\"><strong> Manzanilla Medicinal.<\/strong><\/i><u><i><i style=\"mso-bidi-font-style:normal\"><o:p><\/o:p><\/i><\/i><\/u><\/p>\n<p style=\"margin-left:0cm;text-indent:0cm;mso-list:l0 level1 lfo1\"><span class=\"a-marron-12\" lang=\"ES-AR\"><strong><u>Nombre cient&iacute;fico:<\/u><\/strong> <\/span><i class=\"a-marronoscuro-12\"><strong> Matricaria chamomilla.<\/strong><\/i><u><i><i style=\"mso-bidi-font-style:normal\"><o:p><\/o:p><\/i><\/i><\/u><\/p>\n<p><span class=\"a-marron-12\"><strong><u>Familia<\/u>:<\/strong><\/span><span class=\"a-marron-12\" lang=\"ES-AR\"><\/span> <i class=\"a-marronoscuro-12\"><strong><span lang=\"ES-AR\" style=\"mso-bidi-font-size: 10.0pt; mso-fareast-font-family: Times New Roman; mso-bidi-font-family: Times New Roman; mso-ansi-language: ES-AR; mso-fareast-language: ES; mso-bidi-language: AR-SA\"> Compuestas<\/span><\/strong><\/i><\/p>\n<p><span class=\"a-marron-12\"><strong><u>Da\u00f1o que produce:<\/u><\/strong><\/span><span lang=\"ES-AR\"> Afecta la productividad y transmite olor a la leche.<\/span><\/p>\n<p><span class=\"a-marron-12\" style=\"mso-ansi-language: ES-TRAD; layout-grid-mode: line; mso-fareast-font-family: Times New Roman; mso-bidi-font-family: Times New Roman; mso-fareast-language: ES; mso-bidi-language: AR-SA; mso-bidi-font-weight: normal\" lang=\"ES-TRAD\"><strong><u>Caracter&iacute;sticas de la planta:<\/u><\/strong><\/span> <span lang=\"ES-AR\"> Es una planta anual, glabra, con l\u00edgula blanca y flores agrupadas en cap\u00edtulos largamente pedunculados, con recept\u00e1culo c\u00f3nico y hueco de color amarillo. Alcanza una altura de 60 cm. Florece y fructifica en primavera. Esta especie es utilizada como planta medicinal y se caracteriza por poseer un olor agradable.<\/span><\/p>\n<p><span class=\"a-marron-12\" style=\"mso-fareast-font-family: Times New Roman; mso-bidi-font-family: Times New Roman; mso-ansi-language: EN-US; mso-fareast-language: ES; mso-bidi-language: AR-SA\" lang=\"EN-US\"><strong><u>Parte de la planta que produce el da\u00f1o:<\/u><\/strong><\/span><span lang=\"ES-AR\"><span style=\"mso-bidi-font-size: 10.0pt; mso-fareast-font-family: Times New Roman; mso-bidi-font-family: Times New Roman; mso-ansi-language: ES-AR; mso-fareast-language: ES; mso-bidi-language: AR-SA\"><\/span><\/span><span style=\"mso-bidi-font-size: 10.0pt; mso-fareast-font-family: Times New Roman; mso-bidi-font-family: Times New Roman; mso-ansi-language: ES-AR; mso-fareast-language: ES; mso-bidi-language: AR-SA\" lang=\"ES-AR\"><b> Toda la planta.<\/b><\/span><\/p>\n<p><span class=\"a-marron-12\" style=\"mso-fareast-font-family: Times New Roman; mso-bidi-font-family: Times New Roman; mso-ansi-language: EN-US; mso-fareast-language: ES; mso-bidi-language: AR-SA\" lang=\"EN-US\"><strong><u>Profilaxis:<\/u><\/strong><\/span><span style=\"mso-bidi-font-size: 10.0pt; mso-fareast-font-family: Times New Roman; mso-bidi-font-family: Times New Roman; mso-ansi-language: ES-AR; mso-fareast-language: ES; mso-bidi-language: AR-SA\" lang=\"ES-AR\"> Controlar que los animales tengan forraje en cantidad y calidad en el potrero. Evitar el pastoreo inmediatamente antes del orde\u00f1e. Sembrar semilla limpia.<\/span><\/p>\n<p style=\"margin-left:0cm;text-indent:0cm;mso-list:l0 level1 lfo1\">\n                  <\/p>\n<\/td>\n<\/tr>\n<\/table>\n<div class=\"col-sm-10\">\n\t\t\t&nbsp;<\/div>\n<div class=\"col-sm-1\">\n\t\t\t&nbsp;<\/div>\n<\/p><\/div>\n<p>\n\t&nbsp;<\/div>\n<div class=\"consejo\">\n<div class=\"titulo-secciones\">\n\t\tJard\u00edn de Plantas Toxicas Grandes Animales &#8211; Manzanilla Cimarrona<a class=\"ancla\" id=\"manzan-cim\"><\/a><\/div>\n<p>\t&nbsp;<\/p>\n<div class=\"row\">\n<div class=\"col-sm-1\">\n\t\t\t&nbsp;<\/div>\n<table width=\"81%\" border=\"0\" align=\"center\" cellpadding=\"2\" cellspacing=\"2\" bordercolor=\"#DDDDD0\">\n<tr>\n<td colspan=\"2\">\n<p style=\"margin-left:0cm;text-indent:0cm;mso-list:l0 level1 lfo1\"><span class=\"a-marron-12\" lang=\"ES-AR\"><strong><u>Nombre com&uacute;n<\/u><\/strong>:<\/span><i class=\"a-marronoscuro-12\"><strong> Manzanilla Cimarrona.<\/strong><\/i><u><i><i style=\"mso-bidi-font-style:normal\"><o:p><\/o:p><\/i><\/i><\/u><\/p>\n<p style=\"margin-left:0cm;text-indent:0cm;mso-list:l0 level1 lfo1\"><span class=\"a-marron-12\" lang=\"ES-AR\"><strong><u>Nombre cient&iacute;fico:<\/u><\/strong> <\/span><i class=\"a-marronoscuro-12\"><strong> Anthemis Cotula.<\/strong><\/i><u><i><i style=\"mso-bidi-font-style:normal\"><o:p><\/o:p><\/i><\/i><\/u><\/p>\n<p><span class=\"a-marron-12\"><strong><u>Familia<\/u>:<\/strong><\/span><span class=\"a-marron-12\" lang=\"ES-AR\"><\/span> <i class=\"a-marronoscuro-12\"><strong><span lang=\"ES-AR\" style=\"mso-bidi-font-size: 10.0pt; mso-fareast-font-family: Times New Roman; mso-bidi-font-family: Times New Roman; mso-ansi-language: ES-AR; mso-fareast-language: ES; mso-bidi-language: AR-SA\"> Compuestas<\/span><\/strong><\/i><\/p>\n<p><span class=\"a-marron-12\"><strong><u>Da\u00f1o que produce:<\/u><\/strong><\/span><span lang=\"ES-AR\"> Afecta la productividad y transmite olor a la leche.<\/span><\/p>\n<p><span class=\"a-marron-12\" style=\"mso-ansi-language: ES-TRAD; layout-grid-mode: line; mso-fareast-font-family: Times New Roman; mso-bidi-font-family: Times New Roman; mso-fareast-language: ES; mso-bidi-language: AR-SA; mso-bidi-font-weight: normal\" lang=\"ES-TRAD\"><strong><u>Caracter&iacute;sticas de la planta:<\/u><\/strong><\/span> <span lang=\"ES-AR\"> No se la debe confundir con la manzanilla medicinal, ya que esta no presenta olor agradable y caracter\u00edstico a manzanilla. Posee hojas pinnat\u00edfidas, l\u00edgulas blancas, flores centrales amarillas y su inflorescencia dispuesta en cap\u00edtulos.<\/span><\/p>\n<p><span class=\"a-marron-12\" style=\"mso-fareast-font-family: Times New Roman; mso-bidi-font-family: Times New Roman; mso-ansi-language: EN-US; mso-fareast-language: ES; mso-bidi-language: AR-SA\" lang=\"EN-US\"><strong><u>Parte de la planta que produce el da\u00f1o:<\/u><\/strong><\/span><span lang=\"ES-AR\"><span style=\"mso-bidi-font-size: 10.0pt; mso-fareast-font-family: Times New Roman; mso-bidi-font-family: Times New Roman; mso-ansi-language: ES-AR; mso-fareast-language: ES; mso-bidi-language: AR-SA\"><\/span><\/span><span style=\"mso-bidi-font-size: 10.0pt; mso-fareast-font-family: Times New Roman; mso-bidi-font-family: Times New Roman; mso-ansi-language: ES-AR; mso-fareast-language: ES; mso-bidi-language: AR-SA\" lang=\"ES-AR\"><b> Toda la planta.<\/b><\/span><\/p>\n<p><span class=\"a-marron-12\" style=\"mso-fareast-font-family: Times New Roman; mso-bidi-font-family: Times New Roman; mso-ansi-language: EN-US; mso-fareast-language: ES; mso-bidi-language: AR-SA\" lang=\"EN-US\"><strong><u>Animales susceptibles:<\/u><\/strong><\/span><span style=\"mso-bidi-font-size: 10.0pt; mso-fareast-font-family: Times New Roman; mso-bidi-font-family: Times New Roman; mso-ansi-language: ES-AR; mso-fareast-language: ES; mso-bidi-language: AR-SA\" lang=\"ES-AR\"> Ovinos.<\/span><\/p>\n<p><span class=\"a-marron-12\" style=\"mso-fareast-font-family: Times New Roman; mso-bidi-font-family: Times New Roman; mso-ansi-language: EN-US; mso-fareast-language: ES; mso-bidi-language: AR-SA\" lang=\"EN-US\"><strong><u>Profilaxis:<\/u><\/strong><\/span><span style=\"mso-bidi-font-size: 10.0pt; mso-fareast-font-family: Times New Roman; mso-bidi-font-family: Times New Roman; mso-ansi-language: ES-AR; mso-fareast-language: ES; mso-bidi-language: AR-SA\" lang=\"ES-AR\"> Controlar que los animales tengan forraje en cantidad y calidad en el potrero. Sembrar semilla limpia. No dejar florecer a las malezas. Evitar el pastoreo inmediatamente antes del orde\u00f1e<\/span><\/p>\n<p style=\"margin-left:0cm;text-indent:0cm;mso-list:l0 level1 lfo1\">\n                  <\/p>\n<\/td>\n<\/tr>\n<tr>\n<td>\n<div align=\"center\"><img loading=\"lazy\" decoding=\"async\" src=\"http:\/\/www.fvet.uba.ar\/archivos\/catedras\/arch_bases_agric\/anthemiscotula.jpg\" width=\"300\" height=\"376\" hspace=\"10\" vspace=\"5\" border=\"0\"><\/div>\n<\/td>\n<\/tr>\n<\/table>\n<div class=\"col-sm-10\">\n\t\t\t&nbsp;<\/div>\n<div class=\"col-sm-1\">\n\t\t\t&nbsp;<\/div>\n<\/p><\/div>\n<p>\n\t&nbsp;<\/div>\n<div class=\"mision\">\n<div class=\"titulo-secciones\"><a class=\"ancla\" id=\"neneo\"><\/a><br \/>\n\t\tJard\u00edn de Plantas Toxicas Grandes Animales &#8211; Neneo<\/div>\n<div class=\"row\">\n<div class=\"col-sm-1\">\n\t\t\t&nbsp;<\/div>\n<table width=\"81%\" border=\"0\" align=\"center\" cellpadding=\"2\" cellspacing=\"2\" bordercolor=\"#DDDDD0\">\n<tr>\n<td colspan=\"2\">\n<p style=\"margin-left:0cm;text-indent:0cm;mso-list:l0 level1 lfo1\"><span class=\"a-marron-12\" lang=\"ES-AR\"><strong><u>Nombre com&uacute;n<\/u><\/strong>:<\/span><i class=\"a-marronoscuro-12\"><strong> Neneo.<\/strong><\/i><u><i><i style=\"mso-bidi-font-style:normal\"><o:p><\/o:p><\/i><\/i><\/u><\/p>\n<p style=\"margin-left:0cm;text-indent:0cm;mso-list:l0 level1 lfo1\"><span class=\"a-marron-12\" lang=\"ES-AR\"><strong><u>Nombre cient&iacute;fico:<\/u><\/strong> <\/span><i class=\"a-marronoscuro-12\"><strong> Mulinum Spinosum.<\/strong><\/i><u><i><i style=\"mso-bidi-font-style:normal\"><o:p><\/o:p><\/i><\/i><\/u><\/p>\n<p><span class=\"a-marron-12\"><strong><u>Familia<\/u>:<\/strong><\/span><span class=\"a-marron-12\" lang=\"ES-AR\"><\/span> <i class=\"a-marronoscuro-12\"><strong><span lang=\"ES-AR\" style=\"mso-bidi-font-size: 10.0pt; mso-fareast-font-family: Times New Roman; mso-bidi-font-family: Times New Roman; mso-ansi-language: ES-AR; mso-fareast-language: ES; mso-bidi-language: AR-SA\"> Umbel&iacute;feras<\/span><\/strong><\/i><\/p>\n<p><span class=\"a-marron-12\"><strong><u>Da\u00f1o que produce:<\/u><\/strong><\/span><span lang=\"ES-AR\"> Altera el sabor de la carne.<\/span><\/p>\n<p><span class=\"a-marron-12\" style=\"mso-ansi-language: ES-TRAD; layout-grid-mode: line; mso-fareast-font-family: Times New Roman; mso-bidi-font-family: Times New Roman; mso-fareast-language: ES; mso-bidi-language: AR-SA; mso-bidi-font-weight: normal\" lang=\"ES-TRAD\"><strong><u>Caracter&iacute;sticas de la planta:<\/u><\/strong><\/span> <span lang=\"ES-AR\"> Es un subarbusto hemisf&eacute;rico blando y espinoso, que alcanza una altura de 60-120cm. Tiene hojas alternas, tr&iacute;fidas y punzantes. Las flores est&aacute;n agrupadas en umbelas simples y poseen p&eacute;talos amarillos. A fines de oto\u00f1o emite brotes que permanecen en estado de latencia hasta que en primavera desarrollan dando hojas tiernas. Florece desde mediados de Diciembre y fructifica en verano. Las hojas se vuelven duras, punzantes y, por &Uacute;ltimo, se secan para entrar en reposo en oto\u00f1o. Es una especie muy com&uacute;n en la estepa patag&oacute;nica y en algunas &aacute;reas ingresa en la zona de los bosques, acentuando las condiciones de degradaci&oacute;n de estos &uacute;ltimos.<\/span><\/p>\n<p><span class=\"a-marron-12\" style=\"mso-fareast-font-family: Times New Roman; mso-bidi-font-family: Times New Roman; mso-ansi-language: EN-US; mso-fareast-language: ES; mso-bidi-language: AR-SA\" lang=\"EN-US\"><strong><u>Parte de la planta que produce el da\u00f1o:<\/u><\/strong><\/span><span lang=\"ES-AR\"><span style=\"mso-bidi-font-size: 10.0pt; mso-fareast-font-family: Times New Roman; mso-bidi-font-family: Times New Roman; mso-ansi-language: ES-AR; mso-fareast-language: ES; mso-bidi-language: AR-SA\"><\/span><\/span><span style=\"mso-bidi-font-size: 10.0pt; mso-fareast-font-family: Times New Roman; mso-bidi-font-family: Times New Roman; mso-ansi-language: ES-AR; mso-fareast-language: ES; mso-bidi-language: AR-SA\" lang=\"ES-AR\"><b> La planta contiene aceites esenciales que no son metabolizados en el h&iacute;gado, llegando a acumularse en los m&uacute;sculos.<\/b><\/span><\/p>\n<p><span class=\"a-marron-12\" style=\"mso-fareast-font-family: Times New Roman; mso-bidi-font-family: Times New Roman; mso-ansi-language: EN-US; mso-fareast-language: ES; mso-bidi-language: AR-SA\" lang=\"EN-US\"><strong><u>Animales susceptibles:<\/u><\/strong><\/span><span style=\"mso-bidi-font-size: 10.0pt; mso-fareast-font-family: Times New Roman; mso-bidi-font-family: Times New Roman; mso-ansi-language: ES-AR; mso-fareast-language: ES; mso-bidi-language: AR-SA\" lang=\"ES-AR\"> Ovino, caprino y bovino.<\/span><\/p>\n<p><span class=\"a-marron-12\" style=\"mso-fareast-font-family: Times New Roman; mso-bidi-font-family: Times New Roman; mso-ansi-language: EN-US; mso-fareast-language: ES; mso-bidi-language: AR-SA\" lang=\"EN-US\"><strong><u>Profilaxis:<\/u><\/strong><\/span><span style=\"mso-bidi-font-size: 10.0pt; mso-fareast-font-family: Times New Roman; mso-bidi-font-family: Times New Roman; mso-ansi-language: ES-AR; mso-fareast-language: ES; mso-bidi-language: AR-SA\" lang=\"ES-AR\"> Si los animales se encuentran en potreros con neneo deber\u00e1n ser trasladados a potreros libres de este diez d\u00edas antes del sacrificio con el fin de eliminar el sabor amargo de la carne.<\/span><\/p>\n<p style=\"margin-left:0cm;text-indent:0cm;mso-list:l0 level1 lfo1\">\n                  <\/p>\n<\/td>\n<\/tr>\n<\/table>\n<div class=\"col-sm-10\">\n\t\t\t&nbsp;<\/div>\n<div class=\"col-sm-1\">\n\t\t\t&nbsp;<\/div>\n<\/p><\/div>\n<\/p><\/div>\n<div class=\"decano\">\n<div class=\"titulo-secciones\">\n\t\t<a class=\"ancla\" id=\"ortiga\"><\/a><br \/>\n\t\tJard\u00edn de Plantas Toxicas Grandes Animales &#8211; Ortiga<\/div>\n<div class=\"row\">\n<div class=\"col-sm-1\">\n\t\t\t&nbsp;<\/div>\n<table width=\"81%\" border=\"0\" align=\"center\" cellpadding=\"2\" cellspacing=\"2\" bordercolor=\"#DDDDD0\">\n<tr>\n<td colspan=\"2\">\n<p style=\"margin-left:0cm;text-indent:0cm;mso-list:l0 level1 lfo1\"><span class=\"a-marron-12\" lang=\"ES-AR\"><strong><u>Nombre com&uacute;n<\/u><\/strong>:<\/span><i class=\"a-marronoscuro-12\"><strong> Ortiga.<\/strong><\/i><u><i><i style=\"mso-bidi-font-style:normal\"><o:p><\/o:p><\/i><\/i><\/u><\/p>\n<p style=\"margin-left:0cm;text-indent:0cm;mso-list:l0 level1 lfo1\"><span class=\"a-marron-12\" lang=\"ES-AR\"><strong><u>Nombre cient&iacute;fico:<\/u><\/strong> <\/span><i class=\"a-marronoscuro-12\"><strong> Urtica urens.<\/strong><\/i><u><i><i style=\"mso-bidi-font-style:normal\"><o:p><\/o:p><\/i><\/i><\/u><\/p>\n<p><span class=\"a-marron-12\"><strong><u>Familia<\/u>:<\/strong><\/span><span class=\"a-marron-12\" lang=\"ES-AR\"><\/span> <i class=\"a-marronoscuro-12\"><strong><span lang=\"ES-AR\" style=\"mso-bidi-font-size: 10.0pt; mso-fareast-font-family: Times New Roman; mso-bidi-font-family: Times New Roman; mso-ansi-language: ES-AR; mso-fareast-language: ES; mso-bidi-language: AR-SA\"> Urtic&aacute;ceas<\/span><\/strong><\/i><\/p>\n<p><span class=\"a-marron-12\"><strong><u>Da\u00f1o que produce:<\/u><\/strong><\/span><span lang=\"ES-AR\">  Irritaci\u00f3n, ardor o picaz\u00f3n.<\/span><\/p>\n<p><span class=\"a-marron-12\" style=\"mso-ansi-language: ES-TRAD; layout-grid-mode: line; mso-fareast-font-family: Times New Roman; mso-bidi-font-family: Times New Roman; mso-fareast-language: ES; mso-bidi-language: AR-SA; mso-bidi-font-weight: normal\" lang=\"ES-TRAD\"><strong><u>Caracter&iacute;sticas de la planta:<\/u><\/strong><\/span> <span lang=\"ES-AR\"> Es una planta anual, erguida, de 15 a 50 cm. de altura, provista de pelos urticantes que act&uacute;an como verdaderas agujas hipod&eacute;rmicas, que contienen sustancias farmacol&oacute;gicamente activas, responsables del efecto urticante. Las flores son verdosas, peque\u00f1as y est&aacute;n dispuestas en las axilas de las hojas que son opuestas con bordes aserrados.Comienza a vegetar en el oto\u00f1o, florece en el invierno y primavera. Se propaga por semillas.<\/span><\/p>\n<p><span class=\"a-marron-12\" style=\"mso-fareast-font-family: Times New Roman; mso-bidi-font-family: Times New Roman; mso-ansi-language: EN-US; mso-fareast-language: ES; mso-bidi-language: AR-SA\" lang=\"EN-US\"><strong><u>Parte de la planta que produce el da\u00f1o:<\/u><\/strong><\/span><span lang=\"ES-AR\"><span style=\"mso-bidi-font-size: 10.0pt; mso-fareast-font-family: Times New Roman; mso-bidi-font-family: Times New Roman; mso-ansi-language: ES-AR; mso-fareast-language: ES; mso-bidi-language: AR-SA\"><\/span><\/span><span style=\"mso-bidi-font-size: 10.0pt; mso-fareast-font-family: Times New Roman; mso-bidi-font-family: Times New Roman; mso-ansi-language: ES-AR; mso-fareast-language: ES; mso-bidi-language: AR-SA\" lang=\"ES-AR\"><b> Posee pelos urticantes en tallos y hojas.<\/b><\/span><\/p>\n<p><span class=\"a-marron-12\" style=\"mso-fareast-font-family: Times New Roman; mso-bidi-font-family: Times New Roman; mso-ansi-language: EN-US; mso-fareast-language: ES; mso-bidi-language: AR-SA\" lang=\"EN-US\"><strong><u>Animales susceptibles:<\/u><\/strong><\/span><span style=\"mso-bidi-font-size: 10.0pt; mso-fareast-font-family: Times New Roman; mso-bidi-font-family: Times New Roman; mso-ansi-language: ES-AR; mso-fareast-language: ES; mso-bidi-language: AR-SA\" lang=\"ES-AR\"> Todos,inclusive el hombre.<\/span><\/p>\n<p><span class=\"a-marron-12\" style=\"mso-fareast-font-family: Times New Roman; mso-bidi-font-family: Times New Roman; mso-ansi-language: EN-US; mso-fareast-language: ES; mso-bidi-language: AR-SA\" lang=\"EN-US\"><strong><u>Profilaxis:<\/u><\/strong><\/span><span style=\"mso-bidi-font-size: 10.0pt; mso-fareast-font-family: Times New Roman; mso-bidi-font-family: Times New Roman; mso-ansi-language: ES-AR; mso-fareast-language: ES; mso-bidi-language: AR-SA\" lang=\"ES-AR\"> Sembrar semilla limpia. Realizar cortes de limpieza y controles qu\u00edmicos.<\/span><\/p>\n<p style=\"margin-left:0cm;text-indent:0cm;mso-list:l0 level1 lfo1\">\n                  <\/p>\n<\/td>\n<\/tr>\n<tr>\n<td>\n<div align=\"center\"><img loading=\"lazy\" decoding=\"async\" src=\"http:\/\/www.fvet.uba.ar\/archivos\/catedras\/arch_bases_agric\/ortiga.jpg\" alt=\"\" width=\"300\" height=\"225\" border=\"0\" \/><\/div>\n<\/td>\n<td>\n<div align=\"center\"><img loading=\"lazy\" decoding=\"async\" src=\"http:\/\/www.fvet.uba.ar\/archivos\/catedras\/arch_bases_agric\/ortiga2.jpg\" alt=\"\" width=\"300\" height=\"267\" border=\"0\" \/><\/div>\n<\/td>\n<\/tr>\n<\/table>\n<div class=\"col-sm-10\">\n\t\t\t&nbsp;<\/div>\n<div class=\"col-sm-1\">\n\t\t\t&nbsp;<\/div>\n<\/p><\/div>\n<p>\n\t&nbsp;<\/div>\n<div class=\"autoridades\">\n<div class=\"titulo-secciones\"><a class=\"ancla\" id=\"vinal\"><\/a><br \/>\n\t\tJard\u00edn de Plantas Toxicas Grandes Animales &#8211; Vinal<\/div>\n<div class=\"row\">\n<div class=\"col-sm-1\">\n\t\t\t&nbsp;<\/div>\n<table width=\"81%\" border=\"0\" align=\"center\" cellpadding=\"2\" cellspacing=\"2\" bordercolor=\"#DDDDD0\">\n<tr>\n<td colspan=\"2\">\n<p style=\"margin-left:0cm;text-indent:0cm;mso-list:l0 level1 lfo1\"><span class=\"a-marron-12\" lang=\"ES-AR\"><strong><u>Nombre com&uacute;n<\/u><\/strong>:<\/span><i class=\"a-marronoscuro-12\"><strong> Vinal.<\/strong><\/i><u><i><i style=\"mso-bidi-font-style:normal\"><o:p><\/o:p><\/i><\/i><\/u><\/p>\n<p style=\"margin-left:0cm;text-indent:0cm;mso-list:l0 level1 lfo1\"><span class=\"a-marron-12\" lang=\"ES-AR\"><strong><u>Nombre cient&iacute;fico:<\/u><\/strong> <\/span><i class=\"a-marronoscuro-12\"><strong> Prosopis ruscifolia.<\/strong><\/i><u><i><i style=\"mso-bidi-font-style:normal\"><o:p><\/o:p><\/i><\/i><\/u><\/p>\n<p><span class=\"a-marron-12\"><strong><u>Familia<\/u>:<\/strong><\/span><span class=\"a-marron-12\" lang=\"ES-AR\"><\/span> <i class=\"a-marronoscuro-12\"><strong><span lang=\"ES-AR\" style=\"mso-bidi-font-size: 10.0pt; mso-fareast-font-family: Times New Roman; mso-bidi-font-family: Times New Roman; mso-ansi-language: ES-AR; mso-fareast-language: ES; mso-bidi-language: AR-SA\"> Leguminosas.<\/span><\/strong><\/i><\/p>\n<p><span class=\"a-marron-12\"><strong><u>Da\u00f1o que produce:<\/u><\/strong><\/span><span lang=\"ES-AR\">  Heridas en la piel y en el cuero de los animales.<\/span><\/p>\n<p><span class=\"a-marron-12\" style=\"mso-ansi-language: ES-TRAD; layout-grid-mode: line; mso-fareast-font-family: Times New Roman; mso-bidi-font-family: Times New Roman; mso-fareast-language: ES; mso-bidi-language: AR-SA; mso-bidi-font-weight: normal\" lang=\"ES-TRAD\"><strong><u>Caracter&iacute;sticas de la planta:<\/u><\/strong><\/span> <span lang=\"ES-AR\"> Es un arbusto en espacios reducidos o un \u00e1rbol, que puede alcanzar los 3 metros de altura y formar bosques. Esta provisto de espinas vigorosas y solitarias, que pueden llegar a alcanzar una longitud de 30 cm. Se distribuye en el norte de Argentina, principalmente en Formosa y Chaco, donde fue declarada Plaga de la Agricultura..<\/span><\/p>\n<p><span class=\"a-marron-12\" style=\"mso-fareast-font-family: Times New Roman; mso-bidi-font-family: Times New Roman; mso-ansi-language: EN-US; mso-fareast-language: ES; mso-bidi-language: AR-SA\" lang=\"EN-US\"><strong><u>Parte de la planta que produce el da\u00f1o:<\/u><\/strong><\/span><span lang=\"ES-AR\"><span style=\"mso-bidi-font-size: 10.0pt; mso-fareast-font-family: Times New Roman; mso-bidi-font-family: Times New Roman; mso-ansi-language: ES-AR; mso-fareast-language: ES; mso-bidi-language: AR-SA\"><\/span><\/span><span style=\"mso-bidi-font-size: 10.0pt; mso-fareast-font-family: Times New Roman; mso-bidi-font-family: Times New Roman; mso-ansi-language: ES-AR; mso-fareast-language: ES; mso-bidi-language: AR-SA\" lang=\"ES-AR\"><b> Espinas.<\/b><\/span><\/p>\n<p><span class=\"a-marron-12\" style=\"mso-fareast-font-family: Times New Roman; mso-bidi-font-family: Times New Roman; mso-ansi-language: EN-US; mso-fareast-language: ES; mso-bidi-language: AR-SA\" lang=\"EN-US\"><strong><u>Animales susceptibles:<\/u><\/strong><\/span><span style=\"mso-bidi-font-size: 10.0pt; mso-fareast-font-family: Times New Roman; mso-bidi-font-family: Times New Roman; mso-ansi-language: ES-AR; mso-fareast-language: ES; mso-bidi-language: AR-SA\" lang=\"ES-AR\"> Todos.<\/span><\/p>\n<p><span class=\"a-marron-12\" style=\"mso-fareast-font-family: Times New Roman; mso-bidi-font-family: Times New Roman; mso-ansi-language: EN-US; mso-fareast-language: ES; mso-bidi-language: AR-SA\" lang=\"EN-US\"><strong><u>Profilaxis:<\/u><\/strong><\/span><span style=\"mso-bidi-font-size: 10.0pt; mso-fareast-font-family: Times New Roman; mso-bidi-font-family: Times New Roman; mso-ansi-language: ES-AR; mso-fareast-language: ES; mso-bidi-language: AR-SA\" lang=\"ES-AR\"> No pastorea animales en potreros con vinal. Evitar los arreos de animales desde zonas infectadas con vinal a zonas libres de la especie, ya que \u00e9sta se propaga mediante la eliminaci\u00f3n de las semillas en las deyecciones de los animales. Utilizar herbicidas. <\/span><\/p>\n<p style=\"margin-left:0cm;text-indent:0cm;mso-list:l0 level1 lfo1\">\n                  <\/p>\n<\/td>\n<\/tr>\n<tr>\n<td>\n<div align=\"center\"><img loading=\"lazy\" decoding=\"async\" src=\"http:\/\/www.fvet.uba.ar\/archivos\/catedras\/arch_bases_agric\/vinaluno.jpg\" alt=\"\" width=\"300\" height=\"225\" border=\"0\" \/><\/div>\n<\/td>\n<td>\n<div align=\"center\"><img loading=\"lazy\" decoding=\"async\" src=\"http:\/\/www.fvet.uba.ar\/archivos\/catedras\/arch_bases_agric\/vinaldos.jpg\" alt=\"\" width=\"300\" height=\"267\" border=\"0\" \/><\/div>\n<\/td>\n<\/tr>\n<\/table>\n<div class=\"col-sm-10\">\n\t\t\t&nbsp;<\/div>\n<div class=\"col-sm-1\">\n\t\t\t&nbsp;<\/div>\n<\/p><\/div>\n<p>\n\t<\/div>\n","protected":false},"excerpt":{"rendered":"<p>Bases Agr\u00edcolas &nbsp;&nbsp; &nbsp; Cursos de Grado &#8211; Bases Agr\u00edcolas &#8211; Pr\u00e1cticas Profesionales Supervisadas de Forrajes &#8211; Pr\u00e1cticas Profesionales Supervisadas de Producci\u00f3n Animal y Medio ambiente &#8211; Curso Vocacional &#8211; Viajes &#8211; Finales y Firma de Libretas &#8211; Horarios y Consultas &#8211; Asistencia Cumplida Cursos de Posgrado: &#8211; Ambiente, Producci\u00f3n y Utilizaci\u00f3n de Alimentos &#8211; [&hellip;]<\/p>\n","protected":false},"author":1,"featured_media":0,"comment_status":"open","ping_status":"open","sticky":false,"template":"","format":"standard","meta":{"_acf_changed":false,"footnotes":""},"categories":[1],"tags":[],"class_list":["post-2015","post","type-post","status-publish","format-standard","hentry","category-sin-categoria"],"acf":[],"publishpress_future_action":{"enabled":false,"date":"2026-09-09 02:02:43","action":"change-status","newStatus":"draft","terms":[],"taxonomy":"category","extraData":[]},"publishpress_future_workflow_manual_trigger":{"enabledWorkflows":[]},"_links":{"self":[{"href":"https:\/\/dev.sitios.fvet.uba.ar\/index.php\/wp-json\/wp\/v2\/posts\/2015","targetHints":{"allow":["GET"]}}],"collection":[{"href":"https:\/\/dev.sitios.fvet.uba.ar\/index.php\/wp-json\/wp\/v2\/posts"}],"about":[{"href":"https:\/\/dev.sitios.fvet.uba.ar\/index.php\/wp-json\/wp\/v2\/types\/post"}],"author":[{"embeddable":true,"href":"https:\/\/dev.sitios.fvet.uba.ar\/index.php\/wp-json\/wp\/v2\/users\/1"}],"replies":[{"embeddable":true,"href":"https:\/\/dev.sitios.fvet.uba.ar\/index.php\/wp-json\/wp\/v2\/comments?post=2015"}],"version-history":[{"count":0,"href":"https:\/\/dev.sitios.fvet.uba.ar\/index.php\/wp-json\/wp\/v2\/posts\/2015\/revisions"}],"wp:attachment":[{"href":"https:\/\/dev.sitios.fvet.uba.ar\/index.php\/wp-json\/wp\/v2\/media?parent=2015"}],"wp:term":[{"taxonomy":"category","embeddable":true,"href":"https:\/\/dev.sitios.fvet.uba.ar\/index.php\/wp-json\/wp\/v2\/categories?post=2015"},{"taxonomy":"post_tag","embeddable":true,"href":"https:\/\/dev.sitios.fvet.uba.ar\/index.php\/wp-json\/wp\/v2\/tags?post=2015"}],"curies":[{"name":"wp","href":"https:\/\/api.w.org\/{rel}","templated":true}]}}