{"id":2017,"date":"2022-04-28T13:37:18","date_gmt":"2022-04-28T16:37:18","guid":{"rendered":"https:\/\/dev.sitios.fvet.uba.ar\/index.php\/galeriapps\/"},"modified":"2022-04-28T13:37:18","modified_gmt":"2022-04-28T16:37:18","slug":"galeriapps","status":"publish","type":"post","link":"https:\/\/dev.sitios.fvet.uba.ar\/index.php\/galeriapps\/","title":{"rendered":"Galeria de Practica Profesionales Supervisadas | Abril 2022"},"content":{"rendered":"<h3 class=\"titulo-insti\">\n    Galer\u00eda de Pr\u00e1cticas Profesionales Supervisadas | Abril 2022<\/h3>\n<div class=\"decano\">\n<div class=\"row\">\n<div class=\"col-sm-1\">\n            &nbsp;<\/div>\n<div class=\"col-sm-10\">\n<table class=\"table table-hover table-condensed\">\n<thead>\n<tr style=\"background-color: #1D2554; font-size: larger; color: white\">\n<th style=\"width: 25%\"><\/th>\n<th style=\"width: 50%\">T\u00edtulo<\/th>\n<th style=\"width: 25%\">Autor<\/th>\n<\/tr>\n<\/thead>\n<tbody>\n<tr>\n<td class=\"row first\">\n                            <a href=\"<?= fileurl('archivos\/galeriaPPS\/001.png') ?>\u00ab><br \/>\n                                <img decoding=\"async\" alt=\"\" class=\"img-responsive\" src=\"<?= fileurl('archivos\/galeriaPPS\/001.png') ?>\u00bb \/><br \/>\n                            <\/a>\n                        <\/td>\n<td style=\"font-size: large; vertical-align: inherit; font-weight: bold\">\n                            Amputaci\u00f3n total de pene y uretrostom\u00eda escrotal por automutilaci\u00f3n en canino de un a\u00f1o\n                        <\/td>\n<td style=\"font-size: large; vertical-align: inherit\">\n                            Pasquette, Mar\u00eda Clara<br \/>Tutora: Ruidiaz, Viviana\n                        <\/td>\n<\/tr>\n<tr>\n<td class=\"row first\">\n                            <a href=\"<?= fileurl('archivos\/galeriaPPS\/002.png') ?>\u00ab><br \/>\n                                <img decoding=\"async\" alt=\"\" class=\"img-responsive\" src=\"<?= fileurl('archivos\/galeriaPPS\/002.png') ?>\u00bb \/><br \/>\n                            <\/a>\n                        <\/td>\n<td style=\"font-size: large; vertical-align: inherit; font-weight: bold\">\n                            Anestesia en OVH en un canino con m\u00faltiples patolog\u00edas preexistentes (ASA IV)\n                        <\/td>\n<td style=\"font-size: large; vertical-align: inherit\">\n                            Quattrocchi, Teo Javier<br \/>Tutora: Espina, Claudia\n                        <\/td>\n<\/tr>\n<tr>\n<td class=\"row first\">\n                            <a href=\"<?= fileurl('archivos\/galeriaPPS\/003.png') ?>\u00ab><br \/>\n                                <img decoding=\"async\" alt=\"\" class=\"img-responsive\" src=\"<?= fileurl('archivos\/galeriaPPS\/003.png') ?>\u00bb \/><br \/>\n                            <\/a>\n                        <\/td>\n<td style=\"font-size: large; vertical-align: inherit; font-weight: bold\">\n                            C\u00e1lculo uretral en un canino macho\n                        <\/td>\n<td style=\"font-size: large; vertical-align: inherit\">\n                            Napoli, Julian Esteban<br \/>Tutora: Blanco Toledo, Marina\n                        <\/td>\n<\/tr>\n<tr>\n<td class=\"row first\">\n                            <a href=\"<?= fileurl('archivos\/galeriaPPS\/004.png') ?>\u00ab><br \/>\n                                <img decoding=\"async\" alt=\"\" class=\"img-responsive\" src=\"<?= fileurl('archivos\/galeriaPPS\/004.png') ?>\u00bb \/><br \/>\n                            <\/a>\n                        <\/td>\n<td style=\"font-size: large; vertical-align: inherit; font-weight: bold\">\n                            Caso cl\u00ednico: Leucemia mieloide cr\u00f3nica\n                        <\/td>\n<td style=\"font-size: large; vertical-align: inherit\">\n                            Doval, Germ\u00e1n Ezequiel<br \/>Tutora: Passeri, Carina\n                        <\/td>\n<\/tr>\n<tr>\n<td class=\"row first\">\n                            <a href=\"<?= fileurl('archivos\/galeriaPPS\/005.png') ?>\u00ab><br \/>\n                                <img decoding=\"async\" alt=\"\" class=\"img-responsive\" src=\"<?= fileurl('archivos\/galeriaPPS\/005.png') ?>\u00bb \/><br \/>\n                            <\/a>\n                        <\/td>\n<td style=\"font-size: large; vertical-align: inherit; font-weight: bold\">\n                            Caso cl\u00ednico: Utilizaci\u00f3n de doxorrubicina y ciclofosfamida en adenocarcinoma nasal canino\n                        <\/td>\n<td style=\"font-size: large; vertical-align: inherit\">\n                            Portillo, Franco Alberto<br \/>Tutora: Lin, Daniela\n                        <\/td>\n<\/tr>\n<tr>\n<td class=\"row first\">\n                            <a href=\"<?= fileurl('archivos\/galeriaPPS\/006.png') ?>\u00ab><br \/>\n                                <img decoding=\"async\" alt=\"\" class=\"img-responsive\" src=\"<?= fileurl('archivos\/galeriaPPS\/006.png') ?>\u00bb \/><br \/>\n                            <\/a>\n                        <\/td>\n<td style=\"font-size: large; vertical-align: inherit; font-weight: bold\">\n                            Ces\u00e1rea, misi\u00f3n evitar distocia. Uso preventivo de la revisaci\u00f3n obst\u00e9trica\n                        <\/td>\n<td style=\"font-size: large; vertical-align: inherit\">\n                            Miori Pereira G\u00f3mez, Alma Mar\u00eda Florencia<br \/>Tutora: Diaz, Maura\n                        <\/td>\n<\/tr>\n<tr>\n<td class=\"row first\">\n                            <a href=\"<?= fileurl('archivos\/galeriaPPS\/007.png') ?>\u00ab><br \/>\n                                <img decoding=\"async\" alt=\"\" class=\"img-responsive\" src=\"<?= fileurl('archivos\/galeriaPPS\/007.png') ?>\u00bb \/><br \/>\n                            <\/a>\n                        <\/td>\n<td style=\"font-size: large; vertical-align: inherit; font-weight: bold\">\n                            Cirrosis Hep\u00e1tica en caninos. Reporte de un caso\n                        <\/td>\n<td style=\"font-size: large; vertical-align: inherit\">\n                            Nieva, Mar\u00eda Laura<br \/>Tutora: Andino, Justina\n                        <\/td>\n<\/tr>\n<tr>\n<td class=\"row first\">\n                            <a href=\"<?= fileurl('archivos\/galeriaPPS\/008.png') ?>\u00ab><br \/>\n                                <img decoding=\"async\" alt=\"\" class=\"img-responsive\" src=\"<?= fileurl('archivos\/galeriaPPS\/008.png') ?>\u00bb \/><br \/>\n                            <\/a>\n                        <\/td>\n<td style=\"font-size: large; vertical-align: inherit; font-weight: bold\">\n                            Cuando el FLUTD es m\u00e1s complicado de lo que parece: Cistitis pseudomembranosa\n                        <\/td>\n<td style=\"font-size: large; vertical-align: inherit\">\n                            Bernabei Cornejo, Sofia Gala<br \/>Tutora: Passeri, Carina\n                        <\/td>\n<\/tr>\n<tr>\n<td class=\"row first\">\n                            <a href=\"<?= fileurl('archivos\/galeriaPPS\/009.png') ?>\u00ab><br \/>\n                                <img decoding=\"async\" alt=\"\" class=\"img-responsive\" src=\"<?= fileurl('archivos\/galeriaPPS\/009.png') ?>\u00bb \/><br \/>\n                            <\/a>\n                        <\/td>\n<td style=\"font-size: large; vertical-align: inherit; font-weight: bold\">\n                            Diagn\u00f3stico de lupus eritomatoso sist\u00e9mico (LES)\n                        <\/td>\n<td style=\"font-size: large; vertical-align: inherit\">\n                            Lezcano, Cristina Virginia<br \/>Tutora: Suraniti, Adriana\n                        <\/td>\n<\/tr>\n<tr>\n<td class=\"row first\">\n                            <a href=\"<?= fileurl('archivos\/galeriaPPS\/010.png') ?>\u00ab><br \/>\n                                <img decoding=\"async\" alt=\"\" class=\"img-responsive\" src=\"<?= fileurl('archivos\/galeriaPPS\/010.png') ?>\u00bb \/><br \/>\n                            <\/a>\n                        <\/td>\n<td style=\"font-size: large; vertical-align: inherit; font-weight: bold\">\n                            Diagn\u00f3stico de un canino con mastocitoma\n                        <\/td>\n<td style=\"font-size: large; vertical-align: inherit\">\n                            L\u00f3pez Danese, Silvina Gabriela<br \/>Tutora: Suraniti Adriana\n                        <\/td>\n<\/tr>\n<tr>\n<td class=\"row first\">\n                            <a href=\"<?= fileurl('archivos\/galeriaPPS\/011.png') ?>\u00ab><br \/>\n                                <img decoding=\"async\" alt=\"\" class=\"img-responsive\" src=\"<?= fileurl('archivos\/galeriaPPS\/011.png') ?>\u00bb \/><br \/>\n                            <\/a>\n                        <\/td>\n<td style=\"font-size: large; vertical-align: inherit; font-weight: bold\">\n                            Dilatando al dilatado\n                        <\/td>\n<td style=\"font-size: large; vertical-align: inherit\">\n                            Melchiorre, Diego Antonio<br \/>Tutora: Pereyra, Ana\n                        <\/td>\n<\/tr>\n<tr>\n<td class=\"row first\">\n                            <a href=\"<?= fileurl('archivos\/galeriaPPS\/012.png') ?>\u00ab><br \/>\n                                <img decoding=\"async\" alt=\"\" class=\"img-responsive\" src=\"<?= fileurl('archivos\/galeriaPPS\/012.png') ?>\u00bb \/><br \/>\n                            <\/a>\n                        <\/td>\n<td style=\"font-size: large; vertical-align: inherit; font-weight: bold\">\n                            Distocia \u00abS\u00edndrome del cachorro \u00fanico\u00bb\n                        <\/td>\n<td style=\"font-size: large; vertical-align: inherit\">\n                            Mentzel, Noelia Alexia<br \/>Tutora: Ontiveros, Laura\n                        <\/td>\n<\/tr>\n<tr>\n<td class=\"row first\">\n                            <a href=\"<?= fileurl('archivos\/galeriaPPS\/013.png') ?>\u00ab><br \/>\n                                <img decoding=\"async\" alt=\"\" class=\"img-responsive\" src=\"<?= fileurl('archivos\/galeriaPPS\/013.png') ?>\u00bb \/><br \/>\n                            <\/a>\n                        <\/td>\n<td style=\"font-size: large; vertical-align: inherit; font-weight: bold\">\n                            Ehrlichia canis: anemia, trombocitopenia, \u00bfalgo m\u00e1s?\n                        <\/td>\n<td style=\"font-size: large; vertical-align: inherit\">\n                            Cupayolo, Julieta Magali<br \/>Tutora: Bosetti, Fernanda\n                        <\/td>\n<\/tr>\n<tr>\n<td class=\"row first\">\n                            <a href=\"<?= fileurl('archivos\/galeriaPPS\/014.png') ?>\u00ab><br \/>\n                                <img decoding=\"async\" alt=\"\" class=\"img-responsive\" src=\"<?= fileurl('archivos\/galeriaPPS\/014.png') ?>\u00bb \/><br \/>\n                            <\/a>\n                        <\/td>\n<td style=\"font-size: large; vertical-align: inherit; font-weight: bold\">\n                            Ehrlichiosis monoc\u00edtica canina<br \/>Reporte de caso cl\u00ednico\n                        <\/td>\n<td style=\"font-size: large; vertical-align: inherit\">\n                            Ciarlitto, Natalia Elizabeth<br \/>Tutora: Semichuch, Gabriela\n                        <\/td>\n<\/tr>\n<tr>\n<td class=\"row first\">\n                            <a href=\"<?= fileurl('archivos\/galeriaPPS\/015.png') ?>\u00ab><br \/>\n                                <img decoding=\"async\" alt=\"\" class=\"img-responsive\" src=\"<?= fileurl('archivos\/galeriaPPS\/015.png') ?>\u00bb \/><br \/>\n                            <\/a>\n                        <\/td>\n<td style=\"font-size: large; vertical-align: inherit; font-weight: bold\">\n                            Eventraci\u00f3n en canino macho producido por causa traum\u00e1tica\n                        <\/td>\n<td style=\"font-size: large; vertical-align: inherit\">\n                            Calvetti, Camila<br \/>Tutor: Di Ciano, Luis\n                        <\/td>\n<\/tr>\n<tr>\n<td class=\"row first\">\n                            <a href=\"<?= fileurl('archivos\/galeriaPPS\/016.png') ?>\u00ab><br \/>\n                                <img decoding=\"async\" alt=\"\" class=\"img-responsive\" src=\"<?= fileurl('archivos\/galeriaPPS\/016.png') ?>\u00bb \/><br \/>\n                            <\/a>\n                        <\/td>\n<td style=\"font-size: large; vertical-align: inherit; font-weight: bold\">\n                            Fibrosis Pulmonar Idiop\u00e1tica: Reporte de caso en felinos\n                        <\/td>\n<td style=\"font-size: large; vertical-align: inherit\">\n                            Codeluppi, Gabriela Laura<br \/>Tutor: Rigazzi, Adri\u00e1n\n                        <\/td>\n<\/tr>\n<tr>\n<td class=\"row first\">\n                            <a href=\"<?= fileurl('archivos\/galeriaPPS\/017.png') ?>\u00ab><br \/>\n                                <img decoding=\"async\" alt=\"\" class=\"img-responsive\" src=\"<?= fileurl('archivos\/galeriaPPS\/017.png') ?>\u00bb \/><br \/>\n                            <\/a>\n                        <\/td>\n<td style=\"font-size: large; vertical-align: inherit; font-weight: bold\">\n                            FLUTD (Enfermedad del tracto urinario inferior en felinos)\n                        <\/td>\n<td style=\"font-size: large; vertical-align: inherit\">\n                            Ferreri, Agostina<br \/>Tutora: Ruidiaz, Viviana\n                        <\/td>\n<\/tr>\n<tr>\n<td class=\"row first\">\n                            <a href=\"<?= fileurl('archivos\/galeriaPPS\/018.png') ?>\u00ab><br \/>\n                                <img decoding=\"async\" alt=\"\" class=\"img-responsive\" src=\"<?= fileurl('archivos\/galeriaPPS\/018.png') ?>\u00bb \/><br \/>\n                            <\/a>\n                        <\/td>\n<td style=\"font-size: large; vertical-align: inherit; font-weight: bold\">\n                            Fractura bilateral distal de radio y ulna\n                        <\/td>\n<td style=\"font-size: large; vertical-align: inherit\">\n                            Marim\u00f3n Braico, Florencia<br \/>Tutora: Savan, Claudia\n                        <\/td>\n<\/tr>\n<tr>\n<td class=\"row first\">\n                            <a href=\"<?= fileurl('archivos\/galeriaPPS\/019.png') ?>\u00ab><br \/>\n                                <img decoding=\"async\" alt=\"\" class=\"img-responsive\" src=\"<?= fileurl('archivos\/galeriaPPS\/019.png') ?>\u00bb \/><br \/>\n                            <\/a>\n                        <\/td>\n<td style=\"font-size: large; vertical-align: inherit; font-weight: bold\">\n                            Gingivoestomatitis cr\u00f3nica felina\n                        <\/td>\n<td style=\"font-size: large; vertical-align: inherit\">\n                            L\u00f3pez, Ivana Nair<br \/>Tutora: Andino, Justina\n                        <\/td>\n<\/tr>\n<tr>\n<td class=\"row first\">\n                            <a href=\"<?= fileurl('archivos\/galeriaPPS\/020.png') ?>\u00ab><br \/>\n                                <img decoding=\"async\" alt=\"\" class=\"img-responsive\" src=\"<?= fileurl('archivos\/galeriaPPS\/020.png') ?>\u00bb \/><br \/>\n                            <\/a>\n                        <\/td>\n<td style=\"font-size: large; vertical-align: inherit; font-weight: bold\">\n                            Hemoabdomen felino por linfoma espl\u00e9nico\n                        <\/td>\n<td style=\"font-size: large; vertical-align: inherit\">\n                            Latricchina, Lucio Daniel<br \/>Tutora: S\u00e1nchez, Fernanda\n                        <\/td>\n<\/tr>\n<tr>\n<td class=\"row first\">\n                            <a href=\"<?= fileurl('archivos\/galeriaPPS\/021.png') ?>\u00ab><br \/>\n                                <img decoding=\"async\" alt=\"\" class=\"img-responsive\" src=\"<?= fileurl('archivos\/galeriaPPS\/021.png') ?>\u00bb \/><br \/>\n                            <\/a>\n                        <\/td>\n<td style=\"font-size: large; vertical-align: inherit; font-weight: bold\">\n                            Hiperadrenocorticismo hipofisario en caninos\n                        <\/td>\n<td style=\"font-size: large; vertical-align: inherit\">\n                            Apesteguia, Lucia Andrea<br \/>Tutora: Semenic, Adriana\n                        <\/td>\n<\/tr>\n<tr>\n<td class=\"row first\">\n                            <a href=\"<?= fileurl('archivos\/galeriaPPS\/022.png') ?>\u00ab><br \/>\n                                <img decoding=\"async\" alt=\"\" class=\"img-responsive\" src=\"<?= fileurl('archivos\/galeriaPPS\/022.png') ?>\u00bb \/><br \/>\n                            <\/a>\n                        <\/td>\n<td style=\"font-size: large; vertical-align: inherit; font-weight: bold\">\n                            Hiperparatiroidismo secundario nutricional en un canino caniche toy de 5 meses de edad\n                        <\/td>\n<td style=\"font-size: large; vertical-align: inherit\">\n                            Garc\u00eda Sanz, Guadalupe<br \/>Tutora: Espina, Claudia\n                        <\/td>\n<\/tr>\n<tr>\n<td class=\"row first\">\n                            <a href=\"<?= fileurl('archivos\/galeriaPPS\/023.png') ?>\u00ab><br \/>\n                                <img decoding=\"async\" alt=\"\" class=\"img-responsive\" src=\"<?= fileurl('archivos\/galeriaPPS\/023.png') ?>\u00bb \/><br \/>\n                            <\/a>\n                        <\/td>\n<td style=\"font-size: large; vertical-align: inherit; font-weight: bold\">\n                            Hipertiroidismo felino con hipertensi\u00f3n asociada\n                        <\/td>\n<td style=\"font-size: large; vertical-align: inherit\">\n                            Fernandez Paz, Ana<br \/>Tutora: Diaz, Maura\n                        <\/td>\n<\/tr>\n<tr>\n<td class=\"row first\">\n                            <a href=\"<?= fileurl('archivos\/galeriaPPS\/024.png') ?>\u00ab><br \/>\n                                <img decoding=\"async\" alt=\"\" class=\"img-responsive\" src=\"<?= fileurl('archivos\/galeriaPPS\/024.png') ?>\u00bb \/><br \/>\n                            <\/a>\n                        <\/td>\n<td style=\"font-size: large; vertical-align: inherit; font-weight: bold\">\n                            Hipoadrenocorticismo con policitemia relativa asociada\n                        <\/td>\n<td style=\"font-size: large; vertical-align: inherit\">\n                            Granzotto, Julieta Paola<br \/>Tutora: Diaz, Maura\n                        <\/td>\n<\/tr>\n<tr>\n<td class=\"row first\">\n                            <a href=\"<?= fileurl('archivos\/galeriaPPS\/025.png') ?>\u00ab><br \/>\n                                <img decoding=\"async\" alt=\"\" class=\"img-responsive\" src=\"<?= fileurl('archivos\/galeriaPPS\/025.png') ?>\u00bb \/><br \/>\n                            <\/a>\n                        <\/td>\n<td style=\"font-size: large; vertical-align: inherit; font-weight: bold\">\n                            Linfoma intestinal felino\n                        <\/td>\n<td style=\"font-size: large; vertical-align: inherit\">\n                            Gonz\u00e1lez, Mar\u00eda Carolina<br \/>Tutor: Bottini, Manuel\n                        <\/td>\n<\/tr>\n<tr>\n<td class=\"row first\">\n                            <a href=\"<?= fileurl('archivos\/galeriaPPS\/026.png') ?>\u00ab><br \/>\n                                <img decoding=\"async\" alt=\"\" class=\"img-responsive\" src=\"<?= fileurl('archivos\/galeriaPPS\/026.png') ?>\u00bb \/><br \/>\n                            <\/a>\n                        <\/td>\n<td style=\"font-size: large; vertical-align: inherit; font-weight: bold\">\n                            Linfoma mediast\u00ednico en felino\n                        <\/td>\n<td style=\"font-size: large; vertical-align: inherit\">\n                            Spika, Maria Laura<br \/>Tutora: Doxandabarat, Ximena\n                        <\/td>\n<\/tr>\n<tr>\n<td class=\"row first\">\n                            <a href=\"<?= fileurl('archivos\/galeriaPPS\/027.png') ?>\u00ab><br \/>\n                                <img decoding=\"async\" alt=\"\" class=\"img-responsive\" src=\"<?= fileurl('archivos\/galeriaPPS\/027.png') ?>\u00bb \/><br \/>\n                            <\/a>\n                        <\/td>\n<td style=\"font-size: large; vertical-align: inherit; font-weight: bold\">\n                            Mastocitoma canino\n                        <\/td>\n<td style=\"font-size: large; vertical-align: inherit\">\n                            Castro, Guadalupe Soledad<br \/>Tutor: Di Ciano, Luis\n                        <\/td>\n<\/tr>\n<tr>\n<td class=\"row first\">\n                            <a href=\"<?= fileurl('archivos\/galeriaPPS\/028.png') ?>\u00ab><br \/>\n                                <img decoding=\"async\" alt=\"\" class=\"img-responsive\" src=\"<?= fileurl('archivos\/galeriaPPS\/028.png') ?>\u00bb \/><br \/>\n                            <\/a>\n                        <\/td>\n<td style=\"font-size: large; vertical-align: inherit; font-weight: bold\">\n                            Retenci\u00f3n de huevo en Amazona Aestiva\n                        <\/td>\n<td style=\"font-size: large; vertical-align: inherit\">\n                            Taborda, Silvina Haydee<br \/>Tutora: Gallardo, Daniela\n                        <\/td>\n<\/tr>\n<tr>\n<td class=\"row first\">\n                            <a href=\"<?= fileurl('archivos\/galeriaPPS\/029.png') ?>\u00ab><br \/>\n                                <img decoding=\"async\" alt=\"\" class=\"img-responsive\" src=\"<?= fileurl('archivos\/galeriaPPS\/029.png') ?>\u00bb \/><br \/>\n                            <\/a>\n                        <\/td>\n<td style=\"font-size: large; vertical-align: inherit; font-weight: bold\">\n                            Tenencia animal responsable y comportamiento.\n                        <\/td>\n<td style=\"font-size: large; vertical-align: inherit\">\n                            Palmieri, Valeria Sabrina<br \/>Tutora: Pidal, Gabriela\n                        <\/td>\n<\/tr>\n<tr>\n<td class=\"row first\">\n                            <a href=\"<?= fileurl('archivos\/galeriaPPS\/030.png') ?>\u00ab><br \/>\n                                <img decoding=\"async\" alt=\"\" class=\"img-responsive\" src=\"<?= fileurl('archivos\/galeriaPPS\/030.png') ?>\u00bb \/><br \/>\n                            <\/a>\n                        <\/td>\n<td style=\"font-size: large; vertical-align: inherit; font-weight: bold\">\n                            Teratoma ov\u00e1rico en hembra felina Com\u00fan Europea. Caso cl\u00ednico Lul\u00fa\n                        <\/td>\n<td style=\"font-size: large; vertical-align: inherit\">\n                            Ramos, Silvia Beatriz<br \/>Tutora: Gallardo, Daniela\n                        <\/td>\n<\/tr>\n<tr>\n<td class=\"row first\">\n                            <a href=\"<?= fileurl('archivos\/galeriaPPS\/031.png') ?>\u00ab><br \/>\n                                <img decoding=\"async\" alt=\"\" class=\"img-responsive\" src=\"<?= fileurl('archivos\/galeriaPPS\/031.png') ?>\u00bb \/><br \/>\n                            <\/a>\n                        <\/td>\n<td style=\"font-size: large; vertical-align: inherit; font-weight: bold\">\n                            Torsi\u00f3n mesent\u00e9rica en canino\n                        <\/td>\n<td style=\"font-size: large; vertical-align: inherit\">\n                            Campodonico, Anal\u00eda Ver\u00f3nica<br \/>Tutor: Bottini, Manuel\n                        <\/td>\n<\/tr>\n<tr>\n<td class=\"row first\">\n                            <a href=\"<?= fileurl('archivos\/galeriaPPS\/032.png') ?>\u00ab><br \/>\n                                <img decoding=\"async\" alt=\"\" class=\"img-responsive\" src=\"<?= fileurl('archivos\/galeriaPPS\/032.png') ?>\u00bb \/><br \/>\n                            <\/a>\n                        <\/td>\n<td style=\"font-size: large; vertical-align: inherit; font-weight: bold\">\n                            Traqueostom\u00eda como alternativa terap\u00e9utica de urgencia de una par\u00e1lisis lar\u00edngea. Reporte de un caso\n                        <\/td>\n<td style=\"font-size: large; vertical-align: inherit\">\n                            Tonelli, Mar\u00eda Florencia<br \/>Tutora: Pidal, Gabriela\n                        <\/td>\n<\/tr>\n<tr>\n<td class=\"row first\">\n                            <a href=\"<?= fileurl('archivos\/galeriaPPS\/033.png') ?>\u00ab><br \/>\n                                <img decoding=\"async\" alt=\"\" class=\"img-responsive\" src=\"<?= fileurl('archivos\/galeriaPPS\/033.png') ?>\u00bb \/><br \/>\n                            <\/a>\n                        <\/td>\n<td style=\"font-size: large; vertical-align: inherit; font-weight: bold\">\n                            Tumor ven\u00e9reo transmisible en una hembra canina. Reporte de caso\n                        <\/td>\n<td style=\"font-size: large; vertical-align: inherit\">\n                            Battro, Ana<br \/>Tutora: S\u00e1nchez, Fernanda\n                        <\/td>\n<\/tr>\n<tr>\n<td class=\"row first\">\n                            <a href=\"<?= fileurl('archivos\/galeriaPPS\/034.png') ?>\u00ab><br \/>\n                                <img decoding=\"async\" alt=\"\" class=\"img-responsive\" src=\"<?= fileurl('archivos\/galeriaPPS\/034.png') ?>\u00bb \/><br \/>\n                            <\/a>\n                        <\/td>\n<td style=\"font-size: large; vertical-align: inherit; font-weight: bold\">\n                            Uraco persistente\n                        <\/td>\n<td style=\"font-size: large; vertical-align: inherit\">\n                            Perez Seijal, Florencia Magali<br \/>Tutora: Bruzzone, Cristina\n                        <\/td>\n<\/tr>\n<tr>\n<td class=\"row first\">\n                            <a href=\"<?= fileurl('archivos\/galeriaPPS\/035.png') ?>\u00ab><br \/>\n                                <img decoding=\"async\" alt=\"\" class=\"img-responsive\" src=\"<?= fileurl('archivos\/galeriaPPS\/035.png') ?>\u00bb \/><br \/>\n                            <\/a>\n                        <\/td>\n<td style=\"font-size: large; vertical-align: inherit; font-weight: bold\">\n                            Uve\u00edtis anterior en cachorro\n                        <\/td>\n<td style=\"font-size: large; vertical-align: inherit\">\n                            Venturin, Cynthia Lorena<br \/>Tutora: Bruzzone, Cristina\n                        <\/td>\n<\/tr>\n<tr>\n<td class=\"row first\">\n                            <a href=\"<?= fileurl('archivos\/galeriaPPS\/036.png') ?>\u00ab><br \/>\n                                <img decoding=\"async\" alt=\"\" class=\"img-responsive\" src=\"<?= fileurl('archivos\/galeriaPPS\/036.png') ?>\u00bb \/><br \/>\n                            <\/a>\n                        <\/td>\n<td style=\"font-size: large; vertical-align: inherit; font-weight: bold\">\n                            Diagn\u00f3stico de renguera en toro\n                        <\/td>\n<td style=\"font-size: large; vertical-align: inherit\">\n                            Martin, Mercedes<br \/>Tutor: Forti, Adrian\n                        <\/td>\n<\/tr>\n<tr>\n<td class=\"row first\">\n                            <a href=\"<?= fileurl('archivos\/galeriaPPS\/037.png') ?>\u00ab><br \/>\n                                <img decoding=\"async\" alt=\"\" class=\"img-responsive\" src=\"<?= fileurl('archivos\/galeriaPPS\/037.png') ?>\u00bb \/><br \/>\n                            <\/a>\n                        <\/td>\n<td style=\"font-size: large; vertical-align: inherit; font-weight: bold\">\n                            Diarrea cr\u00f3nica en vaca adulta\n                        <\/td>\n<td style=\"font-size: large; vertical-align: inherit\">\n                            Bucca, Mar\u00eda Josefina<br \/>Tutor: Brynkier, Javier\n                        <\/td>\n<\/tr>\n<tr>\n<td class=\"row first\">\n                            <a href=\"<?= fileurl('archivos\/galeriaPPS\/038.png') ?>\u00ab><br \/>\n                                <img decoding=\"async\" alt=\"\" class=\"img-responsive\" src=\"<?= fileurl('archivos\/galeriaPPS\/038.png') ?>\u00bb \/><br \/>\n                            <\/a>\n                        <\/td>\n<td style=\"font-size: large; vertical-align: inherit; font-weight: bold\">\n                            Distocia en bovinos: la importancia del manejo postparto en melliceras\n                        <\/td>\n<td style=\"font-size: large; vertical-align: inherit\">\n                            Otero, Julieta Camila<br \/>Tutor: Olchovick, Adrian\n                        <\/td>\n<\/tr>\n<tr>\n<td class=\"row first\">\n                            <a href=\"<?= fileurl('archivos\/galeriaPPS\/039.png') ?>\u00ab><br \/>\n                                <img decoding=\"async\" alt=\"\" class=\"img-responsive\" src=\"<?= fileurl('archivos\/galeriaPPS\/039.png') ?>\u00bb \/><br \/>\n                            <\/a>\n                        <\/td>\n<td style=\"font-size: large; vertical-align: inherit; font-weight: bold\">\n                            Fibrilaci\u00f3n atrial en el equino. Reporte de caso cl\u00ednico\n                        <\/td>\n<td style=\"font-size: large; vertical-align: inherit\">\n                            Caceres Monie D`amico, Iara<br \/>Tutor: Ferrante, Alejandro\n                        <\/td>\n<\/tr>\n<tr>\n<td class=\"row first\">\n                            <a href=\"<?= fileurl('archivos\/galeriaPPS\/040.png') ?>\u00ab><br \/>\n                                <img decoding=\"async\" alt=\"\" class=\"img-responsive\" src=\"<?= fileurl('archivos\/galeriaPPS\/040.png') ?>\u00bb \/><br \/>\n                            <\/a>\n                        <\/td>\n<td style=\"font-size: large; vertical-align: inherit; font-weight: bold\">\n                            Hernia umbilical en potranca\n                        <\/td>\n<td style=\"font-size: large; vertical-align: inherit\">\n                            Brendel, Sofia Cristina<br \/>Tutora: Estrada, Mariana\n                        <\/td>\n<\/tr>\n<tr>\n<td class=\"row first\">\n                            <a href=\"<?= fileurl('archivos\/galeriaPPS\/041.png') ?>\u00ab><br \/>\n                                <img decoding=\"async\" alt=\"\" class=\"img-responsive\" src=\"<?= fileurl('archivos\/galeriaPPS\/041.png') ?>\u00bb \/><br \/>\n                            <\/a>\n                        <\/td>\n<td style=\"font-size: large; vertical-align: inherit; font-weight: bold\">\n                            Ti\u00f1a en lote de terneras debido a d\u00e9ficit nutricional\n                        <\/td>\n<td style=\"font-size: large; vertical-align: inherit\">\n                            Boull\u00f3n, Gloria<br \/>Tutora: Arraztoa, Cecilia\n                        <\/td>\n<\/tr>\n<tr>\n<td class=\"row first\">\n                            <a href=\"<?= fileurl('archivos\/galeriaPPS\/042.png') ?>\u00ab><br \/>\n                                <img decoding=\"async\" alt=\"\" class=\"img-responsive\" src=\"<?= fileurl('archivos\/galeriaPPS\/042.png') ?>\u00bb \/><br \/>\n                            <\/a>\n                        <\/td>\n<td style=\"font-size: large; vertical-align: inherit; font-weight: bold\">\n                            Tos en rodeo de cria\n                        <\/td>\n<td style=\"font-size: large; vertical-align: inherit\">\n                            de Igarzabal, Sofia<br \/>Tutora: Monserrat, Masia\n                        <\/td>\n<\/tr>\n<tr>\n<td class=\"row first\">\n                            <a href=\"<?= fileurl('archivos\/galeriaPPS\/043.png') ?>\u00ab><br \/>\n                                <img decoding=\"async\" alt=\"\" class=\"img-responsive\" src=\"<?= fileurl('archivos\/galeriaPPS\/043.png') ?>\u00bb \/><br \/>\n                            <\/a>\n                        <\/td>\n<td style=\"font-size: large; vertical-align: inherit; font-weight: bold\">\n                            Vaca ca\u00edda: subestimaci\u00f3n de la Leucosis en rodeos lecheros\n                        <\/td>\n<td style=\"font-size: large; vertical-align: inherit\">\n                            Morlet, Nahili Pauline<br \/>Tutor: Olchovick, Adrian\n                        <\/td>\n<\/tr>\n<\/tbody>\n<\/table><\/div>\n<\/p><\/div>\n<\/div>\n","protected":false},"excerpt":{"rendered":"<p>Galer\u00eda de Pr\u00e1cticas Profesionales Supervisadas | Abril 2022 &nbsp; T\u00edtulo Autor<\/p>\n","protected":false},"author":1,"featured_media":0,"comment_status":"open","ping_status":"open","sticky":false,"template":"","format":"standard","meta":{"_acf_changed":false,"footnotes":""},"categories":[1],"tags":[],"class_list":["post-2017","post","type-post","status-publish","format-standard","hentry","category-sin-categoria"],"acf":[],"publishpress_future_action":{"enabled":false,"date":"2026-09-09 02:17:17","action":"change-status","newStatus":"draft","terms":[],"taxonomy":"category","extraData":[]},"publishpress_future_workflow_manual_trigger":{"enabledWorkflows":[]},"_links":{"self":[{"href":"https:\/\/dev.sitios.fvet.uba.ar\/index.php\/wp-json\/wp\/v2\/posts\/2017","targetHints":{"allow":["GET"]}}],"collection":[{"href":"https:\/\/dev.sitios.fvet.uba.ar\/index.php\/wp-json\/wp\/v2\/posts"}],"about":[{"href":"https:\/\/dev.sitios.fvet.uba.ar\/index.php\/wp-json\/wp\/v2\/types\/post"}],"author":[{"embeddable":true,"href":"https:\/\/dev.sitios.fvet.uba.ar\/index.php\/wp-json\/wp\/v2\/users\/1"}],"replies":[{"embeddable":true,"href":"https:\/\/dev.sitios.fvet.uba.ar\/index.php\/wp-json\/wp\/v2\/comments?post=2017"}],"version-history":[{"count":0,"href":"https:\/\/dev.sitios.fvet.uba.ar\/index.php\/wp-json\/wp\/v2\/posts\/2017\/revisions"}],"wp:attachment":[{"href":"https:\/\/dev.sitios.fvet.uba.ar\/index.php\/wp-json\/wp\/v2\/media?parent=2017"}],"wp:term":[{"taxonomy":"category","embeddable":true,"href":"https:\/\/dev.sitios.fvet.uba.ar\/index.php\/wp-json\/wp\/v2\/categories?post=2017"},{"taxonomy":"post_tag","embeddable":true,"href":"https:\/\/dev.sitios.fvet.uba.ar\/index.php\/wp-json\/wp\/v2\/tags?post=2017"}],"curies":[{"name":"wp","href":"https:\/\/api.w.org\/{rel}","templated":true}]}}