{"id":2020,"date":"2022-05-19T14:22:30","date_gmt":"2022-05-19T17:22:30","guid":{"rendered":"https:\/\/dev.sitios.fvet.uba.ar\/index.php\/ptodosaprendemos\/"},"modified":"2022-05-19T14:22:30","modified_gmt":"2022-05-19T17:22:30","slug":"ptodosaprendemos","status":"publish","type":"post","link":"https:\/\/dev.sitios.fvet.uba.ar\/index.php\/ptodosaprendemos\/","title":{"rendered":"Extensi\u00f3n\/Programa todos aprendemos"},"content":{"rendered":"<h3 class=\"titulo-insti\">\n\tPrograma Todos aprendemos<\/h3>\n<div class=\"mision\">\n<div class=\"titulo-secciones\">\n\t\t<a class=\"ancla\" id=\"inicio\">&nbsp;<\/a>\n\t<\/div>\n<div class=\"row\">\n<div class=\"col-sm-1\">\n\t\t\t&nbsp;<\/div>\n<div class=\"col-sm-10\">\n\t\t\tEl Programa \u201cTodos aprendemos\u201d. Articulaci\u00f3n de contenidos con las Ciencias Veterinarias &#8211; Intercambios con<br \/>\n\t\t\tEspacios Educativos fue creado por RES CD-2021-535-E-UBA-DCT FVET el 30 de septiembre de 2021.<br \/>\n\t\t\tEl Programa busca establecer nuevos canales de comunicaci\u00f3n con la comunidad educativa en general<br \/>\n\t\t\tcontemplando todos sus niveles. Este espacio resulta un lugar de encuentro compartido, con la finalidad de<br \/>\n\t\t\tconstruir nuevas formas de interacci\u00f3n colectivas y nuevos saberes, teniendo en cuenta las necesidades<br \/>\n\t\t\trelevadas que surgen del di\u00e1logo entre los actores de cada una de las partes.<br \/>\n\t\t\tDentro de ese marco y con una mirada de trabajo interdisciplinario e interinstitucional es que desde la<br \/>\n\t\t\tSecretar\u00eda de Extensi\u00f3n se vienen realizando actividades en las cuales articulan distintas escuelas,<br \/>\n\t\t\tc\u00e1tedras y voluntariados de la FCV UBA.<br \/>\n\t\t\t&nbsp;<\/p>\n<p>\n\t\t\t\tEl objetivo del programa es articular entre los distintos niveles educativos y de esta manera construir<br \/>\n\t\t\t\tun espacio de interacci\u00f3n entre estudiantes de varios niveles y actores universitarios (estudiantes,<br \/>\n\t\t\t\tdocentes y nodocentes) vinculados a una c\u00e1tedra de la FCV UBA.<\/p>\n<p>\t\t\t\tLa idea es que los temas curriculares que deseen ampliar los docentes de las Escuelas puedan ser<br \/>\n\t\t\t\tcompartidos con los docentes de la FCV UBA o que desde las C\u00e1tedras podamos ofrecer tem\u00e1ticas que sean<br \/>\n\t\t\t\tde su inter\u00e9s, para abordar con otros destinatarios.<\/p>\n<p>\t\t\t\tNuestro inter\u00e9s es que luego de realizado el intercambio, los estudiantes puedan elaborar una pieza de<br \/>\n\t\t\t\tdifusi\u00f3n sobre el tema tratado, para que se transformen en un eslab\u00f3n fundamental en la cadena de<br \/>\n\t\t\t\tcirculaci\u00f3n de la informaci\u00f3n.<\/p>\n<p>\t\t\t\tA modo de ejemplo, les dejamos alguno de los temas que nos reunieron con distintas Escuelas: Virus,<br \/>\n\t\t\t\tBacterias, Hongos; Propiedades del agua; Prevenci\u00f3n del Dengue; Taller de manipulador de alimentos;<br \/>\n\t\t\t\tSistemas productivos; Reproducci\u00f3n Animal y Pautas de Tenencia Animal Responsable, entre otros.<br \/>\n\t\t\t\tParticiparon del Programa las C\u00e1tedras de Microbiolog\u00eda, Sociolog\u00eda, Histolog\u00eda, Qu\u00edmica Org\u00e1nica,<br \/>\n\t\t\t\tEnfermedades Infecciosas, Tecnolog\u00eda, Protecci\u00f3n e Inspecci\u00f3n Veterinaria de Alimentos y el Programa<br \/>\n\t\t\t\tComunidad de la Secretar\u00eda de Extensi\u00f3n FCV UBA.\n\t\t\t<\/p>\n<p>\n\t\t\tQui\u00e9nes pueden participar:<br \/>\n\t\t\t1. Docentes FCV UBA con especialidad en docencia universitaria. La presentaci\u00f3n de la actividad deber\u00e1 tener<br \/>\n\t\t\tel aval del Profesor\/a a cargo de la C\u00e1tedra que representan.<br \/>\n\t\t\t2. Equipos de Voluntariados de la FCV UBA. La presentaci\u00f3n de la actividad deber\u00e1 contar con el aval del<br \/>\n\t\t\tDirector o de la Directora del Proyecto.<br \/>\n\t\t\t3. Instituciones educativas de todo el pa\u00eds, previa comunicaci\u00f3n y aprobaci\u00f3n por parte de la Secretar\u00eda de<br \/>\n\t\t\tExtensi\u00f3n de la FCV UBA.<\/p>\n<p>\t\t\tEn todos los casos, la Secretar\u00eda de Extensi\u00f3n ser\u00e1 responsable de dar conformidad a la inclusi\u00f3n de la<br \/>\n\t\t\tactividad propuesta en el marco del programa y emitir\u00e1 el correspondiente certificado de<br \/>\n\t\t\tparticipaci\u00f3n.<br \/>\n\t\t\tCabe aclarar, que las actividades pueden realizarse tanto en modalidad virtual como presencial.<\/p>\n<p>\t\t\tLas personas interesadas pueden contactarnos en <a href=\"mailto:todosaprendemos@fvet.uba.ar .\"><b>mail:<br \/>\n\t\t\t\t\ttodosaprendemos@fvet.uba.ar .<\/b><\/a> Asunto del mail: Programa Todos Aprendemos.<\/p>\n<p>\t\t\tAlgunos intercambios:<\/p>\n<ul>\n<li>\n\t\t\t\t\t&#8211;<a a=\"\" contra=\"\" de=\"\" el=\"\"\n\t\t\t\t\t\thref=\"https:\/\/www.instagram.com\/p\/Cb70r1ChFr9\/?utm_source=ig_web_copy_link\" n=\"\"\n\t\t\t\t\t\ttaller=\"\">&#8211;<\/a><a href=\"https:\/\/www.instagram.com\/p\/CcS6p0WpCyN\/?utm_source=ig_web_copy_link\" target=\"_blank\" rel=\"noopener\"><b>Enfermedades transmitidas por alimentos<\/b><\/a><\/li>\n<li>\n\t\t\t\t\t&#8211;<a href=\"https:\/\/www.instagram.com\/p\/CdWFZSLBHNj\/?utm_source=ig_web_copy_link\" target=\"_blank\" rel=\"noopener\"><b>Taller de manipuladores de alimentos<\/b><\/a><\/li>\n<li>\n\t\t\t\t\t&#8211;<a href=\"https:\/\/www.instagram.com\/p\/Cd6Gtq0BZjK\/?utm_source=ig_web_copy_link\" target=\"_blank\" rel=\"noopener\"><b>Meliponicultura, abeja nativa sin aguij\u00f3n<\/b><\/a><\/li>\n<li>\n\t\t\t\t\t&#8211;<a href=\"https:\/\/www.instagram.com\/p\/CclTDsLB0MX\/?utm_source=ig_web_copy_link\" target=\"_blank\" rel=\"noopener\"><b>El agua como recurso vital, escaso; su importancia para los seres vivos;<br \/>\n\t\t\t\t\t\t\tdistribuci\u00f3n de agua dulce. Experiencias de laboratorio interactiva<\/b><\/a><\/li>\n<li>\n\t\t\t\t\t&#8211;<a href=\"https:\/\/www.instagram.com\/p\/CdI-Lzqt9Zb\/\" target=\"_blank\" rel=\"noopener\"><b>Taller de prevenci\u00f3n contra<br \/>\n\t\t\t\t\t\t\tel Dengue<\/b><\/a><\/li>\n<li>\n\t\t\t\t\t&#8211;<a href=\"https:\/\/www.instagram.com\/p\/CVD-5C7r2aU\/\" target=\"_blank\" rel=\"noopener\"><b>Animales nocturnos de Buenos<br \/>\n\t\t\t\t\t\t\tAires<\/b><\/a><\/li>\n<li>\n\t\t\t\t\t&#8211;<a href=\"https:\/\/www.instagram.com\/p\/CUN1fl-rHu6\/\" target=\"_blank\" rel=\"noopener\"><b>Particularidades de los<br \/>\n\t\t\t\t\t\t\tanimales de la selva misionera<\/b><\/a><\/li>\n<li>\n\t\t\t\t\t&#8211;<a href=\"https:\/\/www.instagram.com\/p\/CTUnQ-HNh6f\/\" target=\"_blank\" rel=\"noopener\"><b>Formas celulares | T\u00e9cnicas<br \/>\n\t\t\t\t\t\t\tde tinci\u00f3n | Partes celulares.<\/b><\/a><\/li>\n<li>\n\t\t\t\t\t&#8211;<a href=\"https:\/\/www.instagram.com\/p\/CQbS5rItvb5\/\" target=\"_blank\" rel=\"noopener\"><b>C\u00e9lula. (Unicelulares ,<br \/>\n\t\t\t\t\t\t\torganismos pluricelulares. Eucariota, procariota) componentes celulares. Interpretaci\u00f3n de<br \/>\n\t\t\t\t\t\t\tcorte. Formas celulares.<\/b><\/a><\/li>\n<li>\n\t\t\t\t\t&#8211;<a href=\"https:\/\/www.instagram.com\/p\/CQJOgX5tTAx\/\" target=\"_blank\" rel=\"noopener\"><b>\u00bfQu\u00e9 es un microscopio?<br \/>\n\t\t\t\t\t\t\tUnidades de medida. Procedimientos para ver un preparado histol\u00f3gico.<\/b><\/a><\/li>\n<li>\n\t\t\t\t\t&#8211;<a href=\"https:\/\/www.instagram.com\/p\/COTZJuDFBZc\/\" target=\"_blank\" rel=\"noopener\"><b>Tenencia Animal Responsable.<br \/>\n\t\t\t\t\t\t\tA trav\u00e9s de juegos participativos abordamos temas como: alimentaci\u00f3n de perros y gatos,<br \/>\n\t\t\t\t\t\t\tpaseo controlado, visita a la veterinaria, recolecci\u00f3n de materia fecal, entre<br \/>\n\t\t\t\t\t\t\totros.<\/b><\/a><\/li>\n<li>\n\t\t\t\t\t&#8211;<a href=\"https:\/\/www.instagram.com\/p\/CjGhJsQMEkz\/\" target=\"_blank\" rel=\"noopener\"><b>Taller \u00abCaminando entre grandes huellas: vacas, ovejas y equinos.\u00bb<\/b><\/a><\/li>\n<li>\n\t\t\t\t\t&#8211;<a href=\"https:\/\/www.instagram.com\/p\/CiaUMsYrVib\/?igshid=YmMyMTA2M2Y%3D\" target=\"_blank\" rel=\"noopener\"><b>Taller de observaci\u00f3n de aves<\/b><\/a><\/li>\n<\/ul><\/div>\n<\/p><\/div>\n<\/div>\n","protected":false},"excerpt":{"rendered":"<p>Programa Todos aprendemos &nbsp; &nbsp; El Programa \u201cTodos aprendemos\u201d. Articulaci\u00f3n de contenidos con las Ciencias Veterinarias &#8211; Intercambios con Espacios Educativos fue creado por RES CD-2021-535-E-UBA-DCT FVET el 30 de septiembre de 2021. El Programa busca establecer nuevos canales de comunicaci\u00f3n con la comunidad educativa en general contemplando todos sus niveles. Este espacio resulta un [&hellip;]<\/p>\n","protected":false},"author":1,"featured_media":0,"comment_status":"open","ping_status":"open","sticky":false,"template":"","format":"standard","meta":{"_acf_changed":false,"footnotes":""},"categories":[1],"tags":[],"class_list":["post-2020","post","type-post","status-publish","format-standard","hentry","category-sin-categoria"],"acf":[],"publishpress_future_action":{"enabled":false,"date":"2026-09-09 05:53:19","action":"change-status","newStatus":"draft","terms":[],"taxonomy":"category","extraData":[]},"publishpress_future_workflow_manual_trigger":{"enabledWorkflows":[]},"_links":{"self":[{"href":"https:\/\/dev.sitios.fvet.uba.ar\/index.php\/wp-json\/wp\/v2\/posts\/2020","targetHints":{"allow":["GET"]}}],"collection":[{"href":"https:\/\/dev.sitios.fvet.uba.ar\/index.php\/wp-json\/wp\/v2\/posts"}],"about":[{"href":"https:\/\/dev.sitios.fvet.uba.ar\/index.php\/wp-json\/wp\/v2\/types\/post"}],"author":[{"embeddable":true,"href":"https:\/\/dev.sitios.fvet.uba.ar\/index.php\/wp-json\/wp\/v2\/users\/1"}],"replies":[{"embeddable":true,"href":"https:\/\/dev.sitios.fvet.uba.ar\/index.php\/wp-json\/wp\/v2\/comments?post=2020"}],"version-history":[{"count":0,"href":"https:\/\/dev.sitios.fvet.uba.ar\/index.php\/wp-json\/wp\/v2\/posts\/2020\/revisions"}],"wp:attachment":[{"href":"https:\/\/dev.sitios.fvet.uba.ar\/index.php\/wp-json\/wp\/v2\/media?parent=2020"}],"wp:term":[{"taxonomy":"category","embeddable":true,"href":"https:\/\/dev.sitios.fvet.uba.ar\/index.php\/wp-json\/wp\/v2\/categories?post=2020"},{"taxonomy":"post_tag","embeddable":true,"href":"https:\/\/dev.sitios.fvet.uba.ar\/index.php\/wp-json\/wp\/v2\/tags?post=2020"}],"curies":[{"name":"wp","href":"https:\/\/api.w.org\/{rel}","templated":true}]}}