{"id":2022,"date":"2022-06-24T13:36:42","date_gmt":"2022-06-24T16:36:42","guid":{"rendered":"https:\/\/dev.sitios.fvet.uba.ar\/index.php\/galeriappsjunio2022\/"},"modified":"2022-06-24T13:36:42","modified_gmt":"2022-06-24T16:36:42","slug":"galeriappsjunio2022","status":"publish","type":"post","link":"https:\/\/dev.sitios.fvet.uba.ar\/index.php\/galeriappsjunio2022\/","title":{"rendered":"Galeria de Practica Profesionales Supervisadas | Junio 2022"},"content":{"rendered":"<h3 class=\"titulo-insti\">\n    Galer\u00eda de Pr\u00e1cticas Profesionales Supervisadas | Junio 2022<\/h3>\n<div class=\"decano\">\n<div class=\"row\">\n<div class=\"col-sm-1\">\n            &nbsp;<\/div>\n<div class=\"col-sm-10\">\n<table class=\"table table-hover table-condensed\">\n<thead>\n<tr style=\"background-color: #1D2554; font-size: larger; color: white\">\n<th style=\"width: 25%\"><\/th>\n<th style=\"width: 50%\">T\u00edtulo<\/th>\n<th style=\"width: 25%\">Autor<\/th>\n<\/tr>\n<\/thead>\n<tbody>\n<tr>\n<td class=\"row first\">\n                            <a href=\"<?= fileurl('archivos\/galeriaPPS\/junio2022\/001.png') ?>\u00ab><br \/>\n                                <img decoding=\"async\" alt=\"\" class=\"img-responsive\" src=\"<?= fileurl('archivos\/galeriaPPS\/junio2022\/001.png') ?>\u00bb \/><br \/>\n                            <\/a>\n                        <\/td>\n<td style=\"font-size: large; vertical-align: inherit; font-weight: bold\">\n                            Accidentes por mordedura y profilaxis postexposici\u00f3n antirr\u00e1bica\n                        <\/td>\n<td style=\"font-size: large; vertical-align: inherit\">\n                            Barrios, Juliana Elizabeth<br \/>Tutora: Zunino, Sandra\n                        <\/td>\n<\/tr>\n<tr>\n<td class=\"row first\">\n                            <a href=\"<?= fileurl('archivos\/galeriaPPS\/junio2022\/002.png') ?>\u00ab><br \/>\n                                <img decoding=\"async\" alt=\"\" class=\"img-responsive\" src=\"<?= fileurl('archivos\/galeriaPPS\/junio2022\/002.png') ?>\u00bb \/><br \/>\n                            <\/a>\n                        <\/td>\n<td style=\"font-size: large; vertical-align: inherit; font-weight: bold\">\n                            Agenesia renal y poliquistosis renal contralateral en canino\n                        <\/td>\n<td style=\"font-size: large; vertical-align: inherit\">\n                            Andrade, Juan Ignacio<br \/>Tutora: Suraniti, Adriana\n                        <\/td>\n<\/tr>\n<tr>\n<td class=\"row first\">\n                            <a href=\"<?= fileurl('archivos\/galeriaPPS\/junio2022\/003.png') ?>\u00ab><br \/>\n                                <img decoding=\"async\" alt=\"\" class=\"img-responsive\" src=\"<?= fileurl('archivos\/galeriaPPS\/junio2022\/003.png') ?>\u00bb \/><br \/>\n                            <\/a>\n                        <\/td>\n<td style=\"font-size: large; vertical-align: inherit; font-weight: bold\">\n                            Asma equino en una yegua de salto\n                        <\/td>\n<td style=\"font-size: large; vertical-align: inherit\">\n                            Michia, Martina<br \/>\n                            <br \/>Tutor: Cruz, Pablo\n                        <\/td>\n<\/tr>\n<tr>\n<td class=\"row first\">\n                            <a href=\"<?= fileurl('archivos\/galeriaPPS\/junio2022\/004.png') ?>\u00ab><br \/>\n                                <img decoding=\"async\" alt=\"\" class=\"img-responsive\" src=\"<?= fileurl('archivos\/galeriaPPS\/junio2022\/004.png') ?>\u00bb \/><br \/>\n                            <\/a>\n                        <\/td>\n<td style=\"font-size: large; vertical-align: inherit; font-weight: bold\">\n                            Cardiomiopat\u00eda dilatada en paciente felino\n                        <\/td>\n<td style=\"font-size: large; vertical-align: inherit\">\n                            Pittaro, Mariana Daniela<br \/>\n                            <br \/>Tutora: Ontiveros Laura\n                        <\/td>\n<\/tr>\n<tr>\n<td class=\"row first\">\n                            <a href=\"<?= fileurl('archivos\/galeriaPPS\/junio2022\/005.png') ?>\u00ab><br \/>\n                                <img decoding=\"async\" alt=\"\" class=\"img-responsive\" src=\"<?= fileurl('archivos\/galeriaPPS\/junio2022\/005.png') ?>\u00bb \/><br \/>\n                            <\/a>\n                        <\/td>\n<td style=\"font-size: large; vertical-align: inherit; font-weight: bold\">\n                            Caso cl\u00ednico: migraci\u00f3n err\u00e1tica sin compromiso renal de Dioctophyma renale en canino\n                        <\/td>\n<td style=\"font-size: large; vertical-align: inherit\">\n                            B\u00e1ez, Ver\u00f3nica Micaela<br \/>\n                            <br \/>Tutora: Savan, Claudia\n                        <\/td>\n<\/tr>\n<tr>\n<td class=\"row first\">\n                            <a href=\"<?= fileurl('archivos\/galeriaPPS\/junio2022\/006.png') ?>\u00ab><br \/>\n                                <img decoding=\"async\" alt=\"\" class=\"img-responsive\" src=\"<?= fileurl('archivos\/galeriaPPS\/junio2022\/006.png') ?>\u00bb \/><br \/>\n                            <\/a>\n                        <\/td>\n<td style=\"font-size: large; vertical-align: inherit; font-weight: bold\">\n                            Caso de Ehrlichiosis Canina en una Cachorra &#8211; Aspectos a Tener en Cuenta Ante un Tratamiento Emp\u00edrico\n                        <\/td>\n<td style=\"font-size: large; vertical-align: inherit\">\n                            Astrada, Rodrigo Hern\u00e1n<br \/>\n                            <br \/>Tutora: Semichuch, Gabriela\n                        <\/td>\n<\/tr>\n<tr>\n<td class=\"row first\">\n                            <a href=\"<?= fileurl('archivos\/galeriaPPS\/junio2022\/007.png') ?>\u00ab><br \/>\n                                <img decoding=\"async\" alt=\"\" class=\"img-responsive\" src=\"<?= fileurl('archivos\/galeriaPPS\/junio2022\/007.png') ?>\u00bb \/><br \/>\n                            <\/a>\n                        <\/td>\n<td style=\"font-size: large; vertical-align: inherit; font-weight: bold\">\n                            Caso de T\u00e9tanos en Felino hembra post ovariectom\u00eda\n                        <\/td>\n<td style=\"font-size: large; vertical-align: inherit\">\n                            Carranza, Tom\u00e1s Augusto Mariano<br \/>\n                            <br \/>Tutora: Esper\u00f3n, Lucila\n                        <\/td>\n<\/tr>\n<tr>\n<td class=\"row first\">\n                            <a href=\"<?= fileurl('archivos\/galeriaPPS\/junio2022\/008.png') ?>\u00ab><br \/>\n                                <img decoding=\"async\" alt=\"\" class=\"img-responsive\" src=\"<?= fileurl('archivos\/galeriaPPS\/junio2022\/008.png') ?>\u00bb \/><br \/>\n                            <\/a>\n                        <\/td>\n<td style=\"font-size: large; vertical-align: inherit; font-weight: bold\">\n                            Coexistencia de dos hemopar\u00e1sitos en un canino\n                        <\/td>\n<td style=\"font-size: large; vertical-align: inherit\">\n                            Gonzalez Torres, Mar\u00eda del Pilar<br \/>\n                            <br \/>Tutor: Rigazzi, Adrian\n                        <\/td>\n<\/tr>\n<tr>\n<td class=\"row first\">\n                            <a href=\"<?= fileurl('archivos\/galeriaPPS\/junio2022\/009.png') ?>\u00ab><br \/>\n                                <img decoding=\"async\" alt=\"\" class=\"img-responsive\" src=\"<?= fileurl('archivos\/galeriaPPS\/junio2022\/009.png') ?>\u00bb \/><br \/>\n                            <\/a>\n                        <\/td>\n<td style=\"font-size: large; vertical-align: inherit; font-weight: bold\">\n                            Criptococosis en felino\n                        <\/td>\n<td style=\"font-size: large; vertical-align: inherit\">\n                            Gonzalez Martino, Joaqu\u00edn Ezequiel<br \/>\n                            <br \/>Tutora: Ruidiaz, Viviana\n                        <\/td>\n<\/tr>\n<tr>\n<td class=\"row first\">\n                            <a href=\"<?= fileurl('archivos\/galeriaPPS\/junio2022\/010.png') ?>\u00ab><br \/>\n                                <img decoding=\"async\" alt=\"\" class=\"img-responsive\" src=\"<?= fileurl('archivos\/galeriaPPS\/junio2022\/010.png') ?>\u00bb \/><br \/>\n                            <\/a>\n                        <\/td>\n<td style=\"font-size: large; vertical-align: inherit; font-weight: bold\">\n                            Crisis addisoniana: El gran simulador\n                        <\/td>\n<td style=\"font-size: large; vertical-align: inherit\">\n                            Hirai, Rocio Florencia<br \/>\n                            <br \/>Tutora: Passeri, Carina\n                        <\/td>\n<\/tr>\n<tr>\n<td class=\"row first\">\n                            <a href=\"<?= fileurl('archivos\/galeriaPPS\/junio2022\/011.png') ?>\u00ab><br \/>\n                                <img decoding=\"async\" alt=\"\" class=\"img-responsive\" src=\"<?= fileurl('archivos\/galeriaPPS\/junio2022\/011.png') ?>\u00bb \/><br \/>\n                            <\/a>\n                        <\/td>\n<td style=\"font-size: large; vertical-align: inherit; font-weight: bold\">\n                            Detecci\u00f3n de listeria monocytogenes en alimentos\n                        <\/td>\n<td style=\"font-size: large; vertical-align: inherit\">\n                            Del M\u00e1rmol, Mariano<br \/>\n                            <br \/>Tutor: Rojas, Dante\n                        <\/td>\n<\/tr>\n<tr>\n<td class=\"row first\">\n                            <a href=\"<?= fileurl('archivos\/galeriaPPS\/junio2022\/012.png') ?>\u00ab><br \/>\n                                <img decoding=\"async\" alt=\"\" class=\"img-responsive\" src=\"<?= fileurl('archivos\/galeriaPPS\/junio2022\/012.png') ?>\u00bb \/><br \/>\n                            <\/a>\n                        <\/td>\n<td style=\"font-size: large; vertical-align: inherit; font-weight: bold\">\n                            Detecci\u00f3n de un caso de tuberculosis en un frigor\u00edfico, de ca\u00f1uelas, Buenos Aires\n                        <\/td>\n<td style=\"font-size: large; vertical-align: inherit\">\n                            Martinez, Alejandro<br \/>Tutora: Loiza, Yanina\n                        <\/td>\n<\/tr>\n<tr>\n<td class=\"row first\">\n                            <a href=\"<?= fileurl('archivos\/galeriaPPS\/junio2022\/013.png') ?>\u00ab><br \/>\n                                <img decoding=\"async\" alt=\"\" class=\"img-responsive\" src=\"<?= fileurl('archivos\/galeriaPPS\/junio2022\/013.png') ?>\u00bb \/><br \/>\n                            <\/a>\n                        <\/td>\n<td style=\"font-size: large; vertical-align: inherit; font-weight: bold\">\n                            Distres respiratorio en felinos. \u00bfSiempre es patol\u00f3gico? \u201cMOCA\u201d\n                        <\/td>\n<td style=\"font-size: large; vertical-align: inherit\">\n                            Fernandez Molero, Victoria<br \/>\n                            <br \/>Tutora: Bruzzone, Cristina\n                        <\/td>\n<\/tr>\n<tr>\n<td class=\"row first\">\n                            <a href=\"<?= fileurl('archivos\/galeriaPPS\/junio2022\/014.png') ?>\u00ab><br \/>\n                                <img decoding=\"async\" alt=\"\" class=\"img-responsive\" src=\"<?= fileurl('archivos\/galeriaPPS\/junio2022\/014.png') ?>\u00bb \/><br \/>\n                            <\/a>\n                        <\/td>\n<td style=\"font-size: large; vertical-align: inherit; font-weight: bold\">\n                            Efecto de una plaga ex\u00f3tica sobre la producci\u00f3n ap\u00edcola Argentina\n                        <\/td>\n<td style=\"font-size: large; vertical-align: inherit\">\n                            Musmeci, Emilio<br \/>\n                            <br \/>Tutora: Masut, Daniela\n                        <\/td>\n<\/tr>\n<tr>\n<td class=\"row first\">\n                            <a href=\"<?= fileurl('archivos\/galeriaPPS\/junio2022\/015.png') ?>\u00ab><br \/>\n                                <img decoding=\"async\" alt=\"\" class=\"img-responsive\" src=\"<?= fileurl('archivos\/galeriaPPS\/junio2022\/015.png') ?>\u00bb \/><br \/>\n                            <\/a>\n                        <\/td>\n<td style=\"font-size: large; vertical-align: inherit; font-weight: bold\">\n                            Enfermedades infecciosas en animales dom\u00e9sticos: un reflejo de la tenencia responsable en la actualidad\n                        <\/td>\n<td style=\"font-size: large; vertical-align: inherit\">\n                            Marchione, Marianela<br \/>\n                            <br \/>Tutora: Andino, Justina\n                        <\/td>\n<\/tr>\n<tr>\n<td class=\"row first\">\n                            <a href=\"<?= fileurl('archivos\/galeriaPPS\/junio2022\/016.png') ?>\u00ab><br \/>\n                                <img decoding=\"async\" alt=\"\" class=\"img-responsive\" src=\"<?= fileurl('archivos\/galeriaPPS\/junio2022\/016.png') ?>\u00bb \/><br \/>\n                            <\/a>\n                        <\/td>\n<td style=\"font-size: large; vertical-align: inherit; font-weight: bold\">\n                            Equinococcosis neotropical, una enfermedad emergente\n                        <\/td>\n<td style=\"font-size: large; vertical-align: inherit\">\n                            Feijoo, Guadalupe<br \/>\n                            <br \/>Tutor: Molinari, Emmanuel\n                        <\/td>\n<\/tr>\n<tr>\n<td class=\"row first\">\n                            <a href=\"<?= fileurl('archivos\/galeriaPPS\/junio2022\/017.png') ?>\u00ab><br \/>\n                                <img decoding=\"async\" alt=\"\" class=\"img-responsive\" src=\"<?= fileurl('archivos\/galeriaPPS\/junio2022\/017.png') ?>\u00bb \/><br \/>\n                            <\/a>\n                        <\/td>\n<td style=\"font-size: large; vertical-align: inherit; font-weight: bold\">\n                            Esporotricosis: acciones sanitarias en la poblaci\u00f3n animal a partir de un foco humano\n                        <\/td>\n<td style=\"font-size: large; vertical-align: inherit\">\n                            Amatto, Mar\u00eda Bel\u00e9n<br \/>\n                            <br \/>Tutora: Sierra, Mar\u00eda Florencia\n                        <\/td>\n<\/tr>\n<tr>\n<td class=\"row first\">\n                            <a href=\"<?= fileurl('archivos\/galeriaPPS\/junio2022\/018.png') ?>\u00ab><br \/>\n                                <img decoding=\"async\" alt=\"\" class=\"img-responsive\" src=\"<?= fileurl('archivos\/galeriaPPS\/junio2022\/018.png') ?>\u00bb \/><br \/>\n                            <\/a>\n                        <\/td>\n<td style=\"font-size: large; vertical-align: inherit; font-weight: bold\">\n                            Estudio de casos notificados de Triquinosis ocurridos en la Provincia de Buenos Aires durante el a\u00f1o 2021\n                        <\/td>\n<td style=\"font-size: large; vertical-align: inherit\">\n                            Leone, Melany Daiana<br \/>\n                            <br \/>Tutora: Pasqualetti, Mariana\n                        <\/td>\n<\/tr>\n<tr>\n<td class=\"row first\">\n                            <a href=\"<?= fileurl('archivos\/galeriaPPS\/junio2022\/019.png') ?>\u00ab><br \/>\n                                <img decoding=\"async\" alt=\"\" class=\"img-responsive\" src=\"<?= fileurl('archivos\/galeriaPPS\/junio2022\/019.png') ?>\u00bb \/><br \/>\n                            <\/a>\n                        <\/td>\n<td style=\"font-size: large; vertical-align: inherit; font-weight: bold\">\n                            Hantavirus: Situaci\u00f3n Epidemiol\u00f3gica en Argentina\n                        <\/td>\n<td style=\"font-size: large; vertical-align: inherit\">\n                            Perchik, Solange Yamila<br \/>\n                            <br \/>Tutora: Zunino, Sandra\n                        <\/td>\n<\/tr>\n<tr>\n<td class=\"row first\">\n                            <a href=\"<?= fileurl('archivos\/galeriaPPS\/junio2022\/020.png') ?>\u00ab><br \/>\n                                <img decoding=\"async\" alt=\"\" class=\"img-responsive\" src=\"<?= fileurl('archivos\/galeriaPPS\/junio2022\/020.png') ?>\u00bb \/><br \/>\n                            <\/a>\n                        <\/td>\n<td style=\"font-size: large; vertical-align: inherit; font-weight: bold\">\n                            Hemangiosarcomaespl\u00e9nico en caninos, reporte de un caso\n                        <\/td>\n<td style=\"font-size: large; vertical-align: inherit\">\n                            Inchauspe, Emilia<br \/>\n                            <br \/>Tutoras: S\u00e1nchez, Mar\u00eda Fernanda y Espina, Claudia\n                        <\/td>\n<\/tr>\n<tr>\n<td class=\"row first\">\n                            <a href=\"<?= fileurl('archivos\/galeriaPPS\/junio2022\/021.png') ?>\u00ab><br \/>\n                                <img decoding=\"async\" alt=\"\" class=\"img-responsive\" src=\"<?= fileurl('archivos\/galeriaPPS\/junio2022\/021.png') ?>\u00bb \/><br \/>\n                            <\/a>\n                        <\/td>\n<td style=\"font-size: large; vertical-align: inherit; font-weight: bold\">\n                            Hematoma Etmoidal en equinos\n                        <\/td>\n<td style=\"font-size: large; vertical-align: inherit\">\n                            Tolosa, Victoria Natalia<br \/>\n                            <br \/>Tutora: Duarte Pires, Eugenia\n                        <\/td>\n<\/tr>\n<tr>\n<td class=\"row first\">\n                            <a href=\"<?= fileurl('archivos\/galeriaPPS\/junio2022\/022.png') ?>\u00ab><br \/>\n                                <img decoding=\"async\" alt=\"\" class=\"img-responsive\" src=\"<?= fileurl('archivos\/galeriaPPS\/junio2022\/022.png') ?>\u00bb \/><br \/>\n                            <\/a>\n                        <\/td>\n<td style=\"font-size: large; vertical-align: inherit; font-weight: bold\">\n                            Hemiplejia lar\u00edngea idiop\u00e1tica en equinos\n                        <\/td>\n<td style=\"font-size: large; vertical-align: inherit\">\n                            D\u00edaz Suarez, Maite Loreley<br \/>\n                            <br \/>Tutoras: De Priede, Florencia y Estrada Canavese, Mariana\n                        <\/td>\n<\/tr>\n<tr>\n<td class=\"row first\">\n                            <a href=\"<?= fileurl('archivos\/galeriaPPS\/junio2022\/023.png') ?>\u00ab><br \/>\n                                <img decoding=\"async\" alt=\"\" class=\"img-responsive\" src=\"<?= fileurl('archivos\/galeriaPPS\/junio2022\/023.png') ?>\u00bb \/><br \/>\n                            <\/a>\n                        <\/td>\n<td style=\"font-size: large; vertical-align: inherit; font-weight: bold\">\n                            Hemorragia pulmonar inducida por ejercicio en equinos pura sangre de carrera\n                        <\/td>\n<td style=\"font-size: large; vertical-align: inherit\">\n                            Leto, Carolina Fiorella<br \/>\n                            <br \/>Tutor: Catelli, Juan Luis\n                        <\/td>\n<\/tr>\n<tr>\n<td class=\"row first\">\n                            <a href=\"<?= fileurl('archivos\/galeriaPPS\/junio2022\/024.png') ?>\u00ab><br \/>\n                                <img decoding=\"async\" alt=\"\" class=\"img-responsive\" src=\"<?= fileurl('archivos\/galeriaPPS\/junio2022\/024.png') ?>\u00bb \/><br \/>\n                            <\/a>\n                        <\/td>\n<td style=\"font-size: large; vertical-align: inherit; font-weight: bold\">\n                            Hernia inguinal en un padrillo de salto\n                        <\/td>\n<td style=\"font-size: large; vertical-align: inherit\">\n                            Lascombes Carrera, Patricio<br \/>\n                            <br \/>Tutor: Cruz, Pablo Daniel\n                        <\/td>\n<\/tr>\n<tr>\n<td class=\"row first\">\n                            <a href=\"<?= fileurl('archivos\/galeriaPPS\/junio2022\/025.png') ?>\u00ab><br \/>\n                                <img decoding=\"async\" alt=\"\" class=\"img-responsive\" src=\"<?= fileurl('archivos\/galeriaPPS\/junio2022\/025.png') ?>\u00bb \/><br \/>\n                            <\/a>\n                        <\/td>\n<td style=\"font-size: large; vertical-align: inherit; font-weight: bold\">\n                            Hipotiroidismo canino y dermatofitosis asociada. Reporte de caso\n                        <\/td>\n<td style=\"font-size: large; vertical-align: inherit\">\n                            Candusso, Maria Bel\u00e9n<br \/>\n                            <br \/>Tutora: Pereyra, Ana\n                        <\/td>\n<\/tr>\n<tr>\n<td class=\"row first\">\n                            <a href=\"<?= fileurl('archivos\/galeriaPPS\/junio2022\/026.png') ?>\u00ab><br \/>\n                                <img decoding=\"async\" alt=\"\" class=\"img-responsive\" src=\"<?= fileurl('archivos\/galeriaPPS\/junio2022\/026.png') ?>\u00bb \/><br \/>\n                            <\/a>\n                        <\/td>\n<td style=\"font-size: large; vertical-align: inherit; font-weight: bold\">\n                            Insuficiencia renal aguda\n                        <\/td>\n<td style=\"font-size: large; vertical-align: inherit\">\n                            Burkardt Fiocca, Rocio Jazmin<br \/>\n                            <br \/>Tutora: Semichuch, Gabriela\n                        <\/td>\n<\/tr>\n<tr>\n<td class=\"row first\">\n                            <a href=\"<?= fileurl('archivos\/galeriaPPS\/junio2022\/027.png') ?>\u00ab><br \/>\n                                <img decoding=\"async\" alt=\"\" class=\"img-responsive\" src=\"<?= fileurl('archivos\/galeriaPPS\/junio2022\/027.png') ?>\u00bb \/><br \/>\n                            <\/a>\n                        <\/td>\n<td style=\"font-size: large; vertical-align: inherit; font-weight: bold\">\n                            Intususcepci\u00f3n en ciego canino. Reporte de caso\n                        <\/td>\n<td style=\"font-size: large; vertical-align: inherit\">\n                            Ju\u00e1rez, Berta Andrea<br \/>\n                            <br \/>Tutora: S\u00e1nchez, Mar\u00eda Fernanda\n                        <\/td>\n<\/tr>\n<tr>\n<td class=\"row first\">\n                            <a href=\"<?= fileurl('archivos\/galeriaPPS\/junio2022\/028.png') ?>\u00ab><br \/>\n                                <img decoding=\"async\" alt=\"\" class=\"img-responsive\" src=\"<?= fileurl('archivos\/galeriaPPS\/junio2022\/028.png') ?>\u00bb \/><br \/>\n                            <\/a>\n                        <\/td>\n<td style=\"font-size: large; vertical-align: inherit; font-weight: bold\">\n                            Leishmaniasis Visceral Canina en CABA\n                        <\/td>\n<td style=\"font-size: large; vertical-align: inherit\">\n                            Tschirsch, Florencia<br \/>\n                            <br \/>Tutora: Cappello, Ana\n                        <\/td>\n<\/tr>\n<tr>\n<td class=\"row first\">\n                            <a href=\"<?= fileurl('archivos\/galeriaPPS\/junio2022\/029.png') ?>\u00ab><br \/>\n                                <img decoding=\"async\" alt=\"\" class=\"img-responsive\" src=\"<?= fileurl('archivos\/galeriaPPS\/junio2022\/029.png') ?>\u00bb \/><br \/>\n                            <\/a>\n                        <\/td>\n<td style=\"font-size: large; vertical-align: inherit; font-weight: bold\">\n                            Litiasis vesical en conejo\n                        <\/td>\n<td style=\"font-size: large; vertical-align: inherit\">\n                            Alvaredo, Lucia<br \/>\n                            <br \/>Tutora: Passeri, Carina\n                        <\/td>\n<\/tr>\n<tr>\n<td class=\"row first\">\n                            <a href=\"<?= fileurl('archivos\/galeriaPPS\/junio2022\/030.png') ?>\u00ab><br \/>\n                                <img decoding=\"async\" alt=\"\" class=\"img-responsive\" src=\"<?= fileurl('archivos\/galeriaPPS\/junio2022\/030.png') ?>\u00bb \/><br \/>\n                            <\/a>\n                        <\/td>\n<td style=\"font-size: large; vertical-align: inherit; font-weight: bold\">\n                            Los animales en el contexto de cat\u00e1strofes: gesti\u00f3n de riesgo\n                        <\/td>\n<td style=\"font-size: large; vertical-align: inherit\">\n                            Lojo, Mar\u00eda In\u00e9s<br \/>\n                            <br \/>Tutora: Zunino, Sandra\n                        <\/td>\n<\/tr>\n<tr>\n<td class=\"row first\">\n                            <a href=\"<?= fileurl('archivos\/galeriaPPS\/junio2022\/031.png') ?>\u00ab><br \/>\n                                <img decoding=\"async\" alt=\"\" class=\"img-responsive\" src=\"<?= fileurl('archivos\/galeriaPPS\/junio2022\/031.png') ?>\u00bb \/><br \/>\n                            <\/a>\n                        <\/td>\n<td style=\"font-size: large; vertical-align: inherit; font-weight: bold\">\n                            Manejo cl\u00ednico en paciente con Ehrlichiosis Canina, reporte de un caso.\n                        <\/td>\n<td style=\"font-size: large; vertical-align: inherit\">\n                            Visconti, Norberto Adri\u00e1n<br \/>\n                            <br \/>Tutora: Pidal, Gabriela\n                        <\/td>\n<\/tr>\n<tr>\n<td class=\"row first\">\n                            <a href=\"<?= fileurl('archivos\/galeriaPPS\/junio2022\/032.png') ?>\u00ab><br \/>\n                                <img decoding=\"async\" alt=\"\" class=\"img-responsive\" src=\"<?= fileurl('archivos\/galeriaPPS\/junio2022\/032.png') ?>\u00bb \/><br \/>\n                            <\/a>\n                        <\/td>\n<td style=\"font-size: large; vertical-align: inherit; font-weight: bold\">\n                            Megaes\u00f3fago por cuarto arco a\u00f3rtico derecho persistente\n                        <\/td>\n<td style=\"font-size: large; vertical-align: inherit\">\n                            Onainty, Mar\u00eda Daniela<br \/>\n                            <br \/>Tutora: Ruidiaz, Viviana\n                        <\/td>\n<\/tr>\n<tr>\n<td class=\"row first\">\n                            <a href=\"<?= fileurl('archivos\/galeriaPPS\/junio2022\/033.png') ?>\u00ab><br \/>\n                                <img decoding=\"async\" alt=\"\" class=\"img-responsive\" src=\"<?= fileurl('archivos\/galeriaPPS\/junio2022\/033.png') ?>\u00bb \/><br \/>\n                            <\/a>\n                        <\/td>\n<td style=\"font-size: large; vertical-align: inherit; font-weight: bold\">\n                            Melanoma maligno en canino hembra\n                        <\/td>\n<td style=\"font-size: large; vertical-align: inherit\">\n                            Authier, Samantha<br \/>\n                            <br \/>Tutora: Savan, Claudia\n                        <\/td>\n<\/tr>\n<tr>\n<td class=\"row first\">\n                            <a href=\"<?= fileurl('archivos\/galeriaPPS\/junio2022\/034.png') ?>\u00ab><br \/>\n                                <img decoding=\"async\" alt=\"\" class=\"img-responsive\" src=\"<?= fileurl('archivos\/galeriaPPS\/junio2022\/034.png') ?>\u00bb \/><br \/>\n                            <\/a>\n                        <\/td>\n<td style=\"font-size: large; vertical-align: inherit; font-weight: bold\">\n                            Meningoencefalitis granulomatosa focal en canino\n                        <\/td>\n<td style=\"font-size: large; vertical-align: inherit\">\n                            Vaamonde, Andr\u00e9s Jos\u00e9<br \/>\n                            <br \/>Tutora: Doxandabarat, Xinema Diana\n                        <\/td>\n<\/tr>\n<tr>\n<td class=\"row first\">\n                            <a href=\"<?= fileurl('archivos\/galeriaPPS\/junio2022\/035.png') ?>\u00ab><br \/>\n                                <img decoding=\"async\" alt=\"\" class=\"img-responsive\" src=\"<?= fileurl('archivos\/galeriaPPS\/junio2022\/035.png') ?>\u00bb \/><br \/>\n                            <\/a>\n                        <\/td>\n<td style=\"font-size: large; vertical-align: inherit; font-weight: bold\">\n                            Motivo de consulta y algo m\u00e1s: Carcinoma epidermoide en canino de 12 a\u00f1os\n                        <\/td>\n<td style=\"font-size: large; vertical-align: inherit\">\n                            Amaya, Silvana Bel\u00e9n<br \/>\n                            <br \/>Tutora: Blanco Toledo, Marina\n                        <\/td>\n<\/tr>\n<tr>\n<td class=\"row first\">\n                            <a href=\"<?= fileurl('archivos\/galeriaPPS\/junio2022\/036.png') ?>\u00ab><br \/>\n                                <img decoding=\"async\" alt=\"\" class=\"img-responsive\" src=\"<?= fileurl('archivos\/galeriaPPS\/junio2022\/036.png') ?>\u00bb \/><br \/>\n                            <\/a>\n                        <\/td>\n<td style=\"font-size: large; vertical-align: inherit; font-weight: bold\">\n                            Neumon\u00eda en una tortuga de Orejas Rojas. Reporte de caso.\n                        <\/td>\n<td style=\"font-size: large; vertical-align: inherit\">\n                            Blanco, Natividad<br \/>\n                            <br \/>Tutora: Espina, Claudia\n                        <\/td>\n<\/tr>\n<tr>\n<td class=\"row first\">\n                            <a href=\"<?= fileurl('archivos\/galeriaPPS\/junio2022\/037.png') ?>\u00ab><br \/>\n                                <img decoding=\"async\" alt=\"\" class=\"img-responsive\" src=\"<?= fileurl('archivos\/galeriaPPS\/junio2022\/037.png') ?>\u00bb \/><br \/>\n                            <\/a>\n                        <\/td>\n<td style=\"font-size: large; vertical-align: inherit; font-weight: bold\">\n                            Paresia en felinos. Reporte de un caso\n                        <\/td>\n<td style=\"font-size: large; vertical-align: inherit\">\n                            Leydet, Mat\u00edas<br \/>\n                            <br \/>Tutor: Espina, Claudia\n                        <\/td>\n<\/tr>\n<tr>\n<td class=\"row first\">\n                            <a href=\"<?= fileurl('archivos\/galeriaPPS\/junio2022\/038.png') ?>\u00ab><br \/>\n                                <img decoding=\"async\" alt=\"\" class=\"img-responsive\" src=\"<?= fileurl('archivos\/galeriaPPS\/junio2022\/038.png') ?>\u00bb \/><br \/>\n                            <\/a>\n                        <\/td>\n<td style=\"font-size: large; vertical-align: inherit; font-weight: bold\">\n                            Relaci\u00f3n entre el Cambio clim\u00e1tico y el vector del Dengue\n                        <\/td>\n<td style=\"font-size: large; vertical-align: inherit\">\n                            Lema, Hilen<br \/>\n                            <br \/>Tutor: Paill\u00e9, Juan\n                        <\/td>\n<\/tr>\n<tr>\n<td class=\"row first\">\n                            <a href=\"<?= fileurl('archivos\/galeriaPPS\/junio2022\/039.png') ?>\u00ab><br \/>\n                                <img decoding=\"async\" alt=\"\" class=\"img-responsive\" src=\"<?= fileurl('archivos\/galeriaPPS\/junio2022\/039.png') ?>\u00bb \/><br \/>\n                            <\/a>\n                        <\/td>\n<td style=\"font-size: large; vertical-align: inherit; font-weight: bold\">\n                            Sarcoma asociado a Urolitiasis en Felinos: Reporte de caso cl\u00ednico\n                        <\/td>\n<td style=\"font-size: large; vertical-align: inherit\">\n                            Tad\u00e9, Daniela Bel\u00e9n<br \/>\n                            <br \/>Tutora: Mangas, Jimena\n                        <\/td>\n<\/tr>\n<tr>\n<td class=\"row first\">\n                            <a href=\"<?= fileurl('archivos\/galeriaPPS\/junio2022\/040.png') ?>\u00ab><br \/>\n                                <img decoding=\"async\" alt=\"\" class=\"img-responsive\" src=\"<?= fileurl('archivos\/galeriaPPS\/junio2022\/040.png') ?>\u00bb \/><br \/>\n                            <\/a>\n                        <\/td>\n<td style=\"font-size: large; vertical-align: inherit; font-weight: bold\">\n                            S\u00edndrome de vaca ca\u00edda asociado a una ineficiente administraci\u00f3n de sales ani\u00f3nicas en agua de bebida\n                        <\/td>\n<td style=\"font-size: large; vertical-align: inherit\">\n                            Di Fonzo, Andrea Romina<br \/>\n                            <br \/>Tutor: Piccirillo, Luis\n                        <\/td>\n<\/tr>\n<tr>\n<td class=\"row first\">\n                            <a href=\"<?= fileurl('archivos\/galeriaPPS\/junio2022\/041.png') ?>\u00ab><br \/>\n                                <img decoding=\"async\" alt=\"\" class=\"img-responsive\" src=\"<?= fileurl('archivos\/galeriaPPS\/junio2022\/041.png') ?>\u00bb \/><br \/>\n                            <\/a>\n                        <\/td>\n<td style=\"font-size: large; vertical-align: inherit; font-weight: bold\">\n                            S\u00edndrome obstructivo de las v\u00edas a\u00e9reas superiores: El caso de Kokoro\n                        <\/td>\n<td style=\"font-size: large; vertical-align: inherit\">\n                            Rodolao, Jennifer Mariel<br \/>\n                            <br \/>Tutora: Lin, Daniela\n                        <\/td>\n<\/tr>\n<tr>\n<td class=\"row first\">\n                            <a href=\"<?= fileurl('archivos\/galeriaPPS\/junio2022\/042.png') ?>\u00ab><br \/>\n                                <img decoding=\"async\" alt=\"\" class=\"img-responsive\" src=\"<?= fileurl('archivos\/galeriaPPS\/junio2022\/042.png') ?>\u00bb \/><br \/>\n                            <\/a>\n                        <\/td>\n<td style=\"font-size: large; vertical-align: inherit; font-weight: bold\">\n                            S\u00edndrome obstructivo respiratorio braquicef\u00e1lico en canino\n                        <\/td>\n<td style=\"font-size: large; vertical-align: inherit\">\n                            Canedo Per\u00f3, Valentina<br \/>\n                            <br \/>Tutora: Savan, Claudia\n                        <\/td>\n<\/tr>\n<tr>\n<td class=\"row first\">\n                            <a href=\"<?= fileurl('archivos\/galeriaPPS\/junio2022\/043.png') ?>\u00ab><br \/>\n                                <img decoding=\"async\" alt=\"\" class=\"img-responsive\" src=\"<?= fileurl('archivos\/galeriaPPS\/junio2022\/043.png') ?>\u00bb \/><br \/>\n                            <\/a>\n                        <\/td>\n<td style=\"font-size: large; vertical-align: inherit; font-weight: bold\">\n                            S\u00edndrome vestibular central en un canino\n                        <\/td>\n<td style=\"font-size: large; vertical-align: inherit\">\n                            Marinelli, Valentina\n                        <\/td>\n<\/tr>\n<tr>\n<td class=\"row first\">\n                            <a href=\"<?= fileurl('archivos\/galeriaPPS\/junio2022\/044.png') ?>\u00ab><br \/>\n                                <img decoding=\"async\" alt=\"\" class=\"img-responsive\" src=\"<?= fileurl('archivos\/galeriaPPS\/junio2022\/044.png') ?>\u00bb \/><br \/>\n                            <\/a>\n                        <\/td>\n<td style=\"font-size: large; vertical-align: inherit; font-weight: bold\">\n                            Tetralog\u00eda de Fallot en caninos\n                        <\/td>\n<td style=\"font-size: large; vertical-align: inherit\">\n                            Martinsevich Yamal, Ivana Manie<br \/>\n                            <br \/>Tutora: Gallardo, Daniela\n                        <\/td>\n<\/tr>\n<tr>\n<td class=\"row first\">\n                            <a href=\"<?= fileurl('archivos\/galeriaPPS\/junio2022\/045.png') ?>\u00ab><br \/>\n                                <img decoding=\"async\" alt=\"\" class=\"img-responsive\" src=\"<?= fileurl('archivos\/galeriaPPS\/junio2022\/045.png') ?>\u00bb \/><br \/>\n                            <\/a>\n                        <\/td>\n<td style=\"font-size: large; vertical-align: inherit; font-weight: bold\">\n                            Toxoplasmosis felina \u00bfla serolog\u00eda negativa implica descartar la enfermedad?\n                        <\/td>\n<td style=\"font-size: large; vertical-align: inherit\">\n                            Ottonello, Melina Roc\u00edo Luj\u00e1n<br \/>\n                            <br \/>Tutora: Gallardo, Mar\u00eda Daniela\n                        <\/td>\n<\/tr>\n<tr>\n<td class=\"row first\">\n                            <a href=\"<?= fileurl('archivos\/galeriaPPS\/junio2022\/046.png') ?>\u00ab><br \/>\n                                <img decoding=\"async\" alt=\"\" class=\"img-responsive\" src=\"<?= fileurl('archivos\/galeriaPPS\/junio2022\/046.png') ?>\u00bb \/><br \/>\n                            <\/a>\n                        <\/td>\n<td style=\"font-size: large; vertical-align: inherit; font-weight: bold\">\n                            Tumor epitelial, necrosis y calcificaci\u00f3n en uretra canina\n                        <\/td>\n<td style=\"font-size: large; vertical-align: inherit\">\n                            Pacheco, Natalia Soledad<br \/>\n                            <br \/>Tutora: Ontiveros, Laura\n                        <\/td>\n<\/tr>\n<\/tbody>\n<\/table><\/div>\n<\/p><\/div>\n<\/div>\n","protected":false},"excerpt":{"rendered":"<p>Galer\u00eda de Pr\u00e1cticas Profesionales Supervisadas | Junio 2022 &nbsp; T\u00edtulo Autor<\/p>\n","protected":false},"author":1,"featured_media":0,"comment_status":"open","ping_status":"open","sticky":false,"template":"","format":"standard","meta":{"_acf_changed":false,"footnotes":""},"categories":[1],"tags":[],"class_list":["post-2022","post","type-post","status-publish","format-standard","hentry","category-sin-categoria"],"acf":[],"publishpress_future_action":{"enabled":false,"date":"2026-09-08 22:42:16","action":"change-status","newStatus":"draft","terms":[],"taxonomy":"category","extraData":[]},"publishpress_future_workflow_manual_trigger":{"enabledWorkflows":[]},"_links":{"self":[{"href":"https:\/\/dev.sitios.fvet.uba.ar\/index.php\/wp-json\/wp\/v2\/posts\/2022","targetHints":{"allow":["GET"]}}],"collection":[{"href":"https:\/\/dev.sitios.fvet.uba.ar\/index.php\/wp-json\/wp\/v2\/posts"}],"about":[{"href":"https:\/\/dev.sitios.fvet.uba.ar\/index.php\/wp-json\/wp\/v2\/types\/post"}],"author":[{"embeddable":true,"href":"https:\/\/dev.sitios.fvet.uba.ar\/index.php\/wp-json\/wp\/v2\/users\/1"}],"replies":[{"embeddable":true,"href":"https:\/\/dev.sitios.fvet.uba.ar\/index.php\/wp-json\/wp\/v2\/comments?post=2022"}],"version-history":[{"count":0,"href":"https:\/\/dev.sitios.fvet.uba.ar\/index.php\/wp-json\/wp\/v2\/posts\/2022\/revisions"}],"wp:attachment":[{"href":"https:\/\/dev.sitios.fvet.uba.ar\/index.php\/wp-json\/wp\/v2\/media?parent=2022"}],"wp:term":[{"taxonomy":"category","embeddable":true,"href":"https:\/\/dev.sitios.fvet.uba.ar\/index.php\/wp-json\/wp\/v2\/categories?post=2022"},{"taxonomy":"post_tag","embeddable":true,"href":"https:\/\/dev.sitios.fvet.uba.ar\/index.php\/wp-json\/wp\/v2\/tags?post=2022"}],"curies":[{"name":"wp","href":"https:\/\/api.w.org\/{rel}","templated":true}]}}