{"id":2026,"date":"2022-07-13T10:45:38","date_gmt":"2022-07-13T13:45:38","guid":{"rendered":"https:\/\/dev.sitios.fvet.uba.ar\/index.php\/docunivirtual\/"},"modified":"2022-07-13T10:45:38","modified_gmt":"2022-07-13T13:45:38","slug":"docunivirtual","status":"publish","type":"post","link":"https:\/\/dev.sitios.fvet.uba.ar\/index.php\/docunivirtual\/","title":{"rendered":"Docencia Universitaria Virtual"},"content":{"rendered":"<div class=\"mision\">\n<div class=\"titulo-secciones\">\n\t\tCarrera de Especializaci\u00f3n en Docencia Universitaria para Ciencias Veterinarias Pecuarias y Biol\u00f3gicas &#8211; Modalidad Virtual<a class=\"ancla\" id=\"docentes\">&nbsp;<\/a><\/div>\n<p>\t&nbsp;<\/p>\n<div class=\"row\">\n<div class=\"col-sm-1\">\n\t\t\t&nbsp;<\/div>\n<div class=\"col-sm-10\">\n<p>\n\t\t\t\t<b>Autoridades<\/b><br \/>\n\t\t\t\t<em>Directora Acad\u00e9mica<\/em><br \/>\n\t\t\t\tDra. Fabiana Irene Grinsztajn<br \/>\n\t\t\t\t<em>Directora Cient\u00edfica<\/em><br \/>\n\t\t\t\tDra. Gabriela Pidal<\/p>\n<p>\n\t\t\t\t<em>Integrantes de la Comisi\u00f3n de la Carrera<\/em><br \/>\n\t\t\t\tDra. Ver\u00f3nica Elizabeth Kreil<br \/>\n\t\t\t\tMg. Clara Mar\u00eda L\u00f3pez<br \/>\n\t\t\t\tDr. Carlos Jorge Blanco<br \/>\n\t\t\t\tDr. Mart\u00edn Rodolfo Ceballos<\/p>\n<p>\n\t\t\t\t<b>Calendario y aranceles:<\/b><br \/>\n\t\t\t\tPara consultar fechas de inscripci\u00f3n y aranceles haga <a href=\"https:\/\/forms.gle\/vUNv4PLFmDgW4Xrd6\" target=\"_blank\" rel=\"noopener\"><b>click aqui.<\/b><\/a><\/p>\n<p>\n\t\t\t\tPara realizar la inscripci\u00f3n complete el siguiente <a href=\"https:\/\/forms.gle\/2yML3TG6L9cwmey49\" target=\"_blank\" rel=\"noopener\"><b>formulario<\/b><\/a><\/p>\n<p>\n\t\t\t\t&nbsp;<\/p>\n<p>\t\t\t<center><br \/>\n\t\t\t\t<a class=\"btn btn-default\" href=\"<?= fileurl('archivos\/postgrado\/2024\/CEDU-FichaCarrera.pdf') ?>\u00ab>Para saber m\u00e1s de la carrera haga <b>clic aqu\u00ed<\/b><\/a><\/center><\/p>\n<p>\n\t\t\t\t&nbsp;<\/p>\n<p>\n\t\t\t\tPara conocer la oferta de las asignaturas de la carrera que pueden realizarse como cursos de posgrado haga <a href=\"https:\/\/www.fvet.uba.ar\/?q=escuelaGraduados#cursos\"><b>click aqu\u00ed<\/b><\/a><\/p>\n<p>\n\t\t\t\tEn caso de no encontrar la informaci\u00f3n buscada en esta p\u00e1gina complete el siguiente <a href=\"https:\/\/forms.gle\/z73K5Rstmb9W5WWz5\"><b>formulario<\/b><\/a><\/p>\n<p>\t\t\t<!--\n\n<p><button class=\"btn btn-info\" type=\"button\">\n\t\t\t\t\t<a href=\"http:\/\/www.fvet.uba.ar\/archivos\/postgrado\/2023\/masInfoPeque.pdf\" target=\"_blank\" rel=\"noopener\">M\u00c1S INFORMACI\u00d3N DE LA CARRERA HAGA CLICK AQUI<\/a>\n\t\t\t\t<\/button><\/p>\n\n\n\t\t\t\n\n<p>\n\t\t\t\tPara consultar aranceles haga <a href=\"https:\/\/forms.gle\/TUA7ntVdUqaisgnS9\" target=\"_blank\" rel=\"noopener\"><b>click aqui<\/b><\/a><\/p>\n\n\n\t\t\t--><\/p>\n<p>\n\t\t\t\t&nbsp;<\/p>\n<p>\n\t\t\t\t&nbsp;<\/p>\n<\/p><\/div>\n<p>\n\t\t&nbsp;<\/div>\n<\/div>\n","protected":false},"excerpt":{"rendered":"<p>Carrera de Especializaci\u00f3n en Docencia Universitaria para Ciencias Veterinarias Pecuarias y Biol\u00f3gicas &#8211; Modalidad Virtual&nbsp; &nbsp; &nbsp; Autoridades Directora Acad\u00e9mica Dra. Fabiana Irene Grinsztajn Directora Cient\u00edfica Dra. Gabriela Pidal Integrantes de la Comisi\u00f3n de la Carrera Dra. Ver\u00f3nica Elizabeth Kreil Mg. Clara Mar\u00eda L\u00f3pez Dr. Carlos Jorge Blanco Dr. Mart\u00edn Rodolfo Ceballos Calendario y aranceles: [&hellip;]<\/p>\n","protected":false},"author":1,"featured_media":0,"comment_status":"open","ping_status":"open","sticky":false,"template":"","format":"standard","meta":{"_acf_changed":false,"footnotes":""},"categories":[1],"tags":[],"class_list":["post-2026","post","type-post","status-publish","format-standard","hentry","category-sin-categoria"],"acf":[],"publishpress_future_action":{"enabled":false,"date":"2026-09-09 01:39:13","action":"change-status","newStatus":"draft","terms":[],"taxonomy":"category","extraData":[]},"publishpress_future_workflow_manual_trigger":{"enabledWorkflows":[]},"_links":{"self":[{"href":"https:\/\/dev.sitios.fvet.uba.ar\/index.php\/wp-json\/wp\/v2\/posts\/2026","targetHints":{"allow":["GET"]}}],"collection":[{"href":"https:\/\/dev.sitios.fvet.uba.ar\/index.php\/wp-json\/wp\/v2\/posts"}],"about":[{"href":"https:\/\/dev.sitios.fvet.uba.ar\/index.php\/wp-json\/wp\/v2\/types\/post"}],"author":[{"embeddable":true,"href":"https:\/\/dev.sitios.fvet.uba.ar\/index.php\/wp-json\/wp\/v2\/users\/1"}],"replies":[{"embeddable":true,"href":"https:\/\/dev.sitios.fvet.uba.ar\/index.php\/wp-json\/wp\/v2\/comments?post=2026"}],"version-history":[{"count":0,"href":"https:\/\/dev.sitios.fvet.uba.ar\/index.php\/wp-json\/wp\/v2\/posts\/2026\/revisions"}],"wp:attachment":[{"href":"https:\/\/dev.sitios.fvet.uba.ar\/index.php\/wp-json\/wp\/v2\/media?parent=2026"}],"wp:term":[{"taxonomy":"category","embeddable":true,"href":"https:\/\/dev.sitios.fvet.uba.ar\/index.php\/wp-json\/wp\/v2\/categories?post=2026"},{"taxonomy":"post_tag","embeddable":true,"href":"https:\/\/dev.sitios.fvet.uba.ar\/index.php\/wp-json\/wp\/v2\/tags?post=2026"}],"curies":[{"name":"wp","href":"https:\/\/api.w.org\/{rel}","templated":true}]}}