{"id":2029,"date":"2022-09-08T12:35:26","date_gmt":"2022-09-08T15:35:26","guid":{"rendered":"https:\/\/dev.sitios.fvet.uba.ar\/index.php\/galeriappsagosto2022\/"},"modified":"2022-09-08T12:35:26","modified_gmt":"2022-09-08T15:35:26","slug":"galeriappsagosto2022","status":"publish","type":"post","link":"https:\/\/dev.sitios.fvet.uba.ar\/index.php\/galeriappsagosto2022\/","title":{"rendered":"Galer\u00eda de Practica Profesionales Supervisadas | Agosto 2022"},"content":{"rendered":"<h3 class=\"titulo-insti\">\n    Galer\u00eda de Pr\u00e1cticas Profesionales Supervisadas | Agosto 2022<\/h3>\n<div class=\"decano\">\n<div class=\"row\">\n<div class=\"col-sm-1\">\n            &nbsp;<\/div>\n<div class=\"col-sm-10\">\n<table class=\"table table-hover table-condensed\">\n<thead>\n<tr style=\"background-color: #1D2554; font-size: larger; color: white\">\n<th style=\"width: 25%\"><\/th>\n<th style=\"width: 50%\">T\u00edtulo<\/th>\n<th style=\"width: 25%\">Autor<\/th>\n<\/tr>\n<\/thead>\n<tbody>\n<tr>\n<td class=\"row first\">\n                            <a href=\"<?= fileurl('archivos\/galeriaPPS\/agosto2022\/002.png') ?>\u00ab><br \/>\n                                <img decoding=\"async\" alt=\"\" class=\"img-responsive\" src=\"<?= fileurl('archivos\/galeriaPPS\/agosto2022\/002.png') ?>\u00bb \/><br \/>\n                            <\/a>\n                        <\/td>\n<td style=\"font-size: large; vertical-align: inherit; font-weight: bold\">\n                        Artritis s\u00e9ptica en caballo de salto\n                        <\/td>\n<td style=\"font-size: large; vertical-align: inherit\">\n                        Pardo, Ignacio <br \/>Tutora: Kleisinger, B\u00e1rbara\n                        <\/td>\n<\/tr>\n<tr>\n<td class=\"row first\">\n                            <a href=\"<?= fileurl('archivos\/galeriaPPS\/agosto2022\/003.png') ?>\u00ab><br \/>\n                                <img decoding=\"async\" alt=\"\" class=\"img-responsive\" src=\"<?= fileurl('archivos\/galeriaPPS\/agosto2022\/003.png') ?>\u00bb \/><br \/>\n                            <\/a>\n                        <\/td>\n<td style=\"font-size: large; vertical-align: inherit; font-weight: bold\">\n                        Calidad sanitaria de la leche: Sugerencias para mejorar su valor en Tambo \u00abCa\u00f1ada del Toro\u00bb\n                        <\/td>\n<td style=\"font-size: large; vertical-align: inherit\">\n                        Bidone, Maria Belen <br \/>Tutora: Masut, Daniela\n                        <\/td>\n<\/tr>\n<tr>\n<td class=\"row first\">\n                            <a href=\"<?= fileurl('archivos\/galeriaPPS\/agosto2022\/004.png') ?>\u00ab><br \/>\n                                <img decoding=\"async\" alt=\"\" class=\"img-responsive\" src=\"<?= fileurl('archivos\/galeriaPPS\/agosto2022\/004.png') ?>\u00bb \/><br \/>\n                            <\/a>\n                        <\/td>\n<td style=\"font-size: large; vertical-align: inherit; font-weight: bold\">\n                        Canino con carcinoma de c\u00e9lulas escamosas en matriz ungueal\n                        <\/td>\n<td style=\"font-size: large; vertical-align: inherit\">\n                        Riggirozzi, Luc\u00eda <br \/>Tutora: Pidal, Gabriela\n                        <\/td>\n<\/tr>\n<tr>\n<td class=\"row first\">\n                            <a href=\"<?= fileurl('archivos\/galeriaPPS\/agosto2022\/005.png') ?>\u00ab><br \/>\n                                <img decoding=\"async\" alt=\"\" class=\"img-responsive\" src=\"<?= fileurl('archivos\/galeriaPPS\/agosto2022\/005.png') ?>\u00bb \/><br \/>\n                            <\/a>\n                        <\/td>\n<td style=\"font-size: large; vertical-align: inherit; font-weight: bold\">\n                        Carcinoma s\u00f3lido de gl\u00e1ndula mamaria felino hembra\n                        <\/td>\n<td style=\"font-size: large; vertical-align: inherit\">\n                        Cisneros, Gisela Alejandra<br \/>Tutora: Arenas, Mercedes\n                        <\/td>\n<\/tr>\n<tr>\n<td class=\"row first\">\n                            <a href=\"<?= fileurl('archivos\/galeriaPPS\/agosto2022\/006.png') ?>\u00ab><br \/>\n                                <img decoding=\"async\" alt=\"\" class=\"img-responsive\" src=\"<?= fileurl('archivos\/galeriaPPS\/agosto2022\/006.png') ?>\u00bb \/><br \/>\n                            <\/a>\n                        <\/td>\n<td style=\"font-size: large; vertical-align: inherit; font-weight: bold\">\n                        Caso cl\u00ednico \u00abFrank\u00bb\n                        <\/td>\n<td style=\"font-size: large; vertical-align: inherit\">\n                        Cuntin, Santiago <br \/>Tutora: Zaccagnini, Andrea\n                        <\/td>\n<\/tr>\n<tr>\n<td class=\"row first\">\n                            <a href=\"<?= fileurl('archivos\/galeriaPPS\/agosto2022\/007.png') ?>\u00ab><br \/>\n                                <img decoding=\"async\" alt=\"\" class=\"img-responsive\" src=\"<?= fileurl('archivos\/galeriaPPS\/agosto2022\/007.png') ?>\u00bb \/><br \/>\n                            <\/a>\n                        <\/td>\n<td style=\"font-size: large; vertical-align: inherit; font-weight: bold\">\n                        Caso cl\u00ednico: Pododermatitis s\u00e9ptica en ovinos\n                        <\/td>\n<td style=\"font-size: large; vertical-align: inherit\">\n                        Long, Javier<br \/>Tutora: Gatti, Juliana\n                        <\/td>\n<\/tr>\n<tr>\n<td class=\"row first\">\n                            <a href=\"<?= fileurl('archivos\/galeriaPPS\/agosto2022\/008.png') ?>\u00ab><br \/>\n                                <img decoding=\"async\" alt=\"\" class=\"img-responsive\" src=\"<?= fileurl('archivos\/galeriaPPS\/agosto2022\/008.png') ?>\u00bb \/><br \/>\n                            <\/a>\n                        <\/td>\n<td style=\"font-size: large; vertical-align: inherit; font-weight: bold\">\n                        Dermatitis al\u00e9rgica por pulgas en un canino\n                        <\/td>\n<td style=\"font-size: large; vertical-align: inherit\">\n                        Palummo, Mariana Belen<br \/>Tutora: Artese, Florencia\n                        <\/td>\n<\/tr>\n<tr>\n<td class=\"row first\">\n                            <a href=\"<?= fileurl('archivos\/galeriaPPS\/agosto2022\/009.png') ?>\u00ab><br \/>\n                                <img decoding=\"async\" alt=\"\" class=\"img-responsive\" src=\"<?= fileurl('archivos\/galeriaPPS\/agosto2022\/009.png') ?>\u00bb \/><br \/>\n                            <\/a>\n                        <\/td>\n<td style=\"font-size: large; vertical-align: inherit; font-weight: bold\">\n                        Dermatitis digital en bovinos\n                        <\/td>\n<td style=\"font-size: large; vertical-align: inherit\">\n                        Fabbi, Pablo<br \/>Tutora: Gutierrez, Betiana\n                        <\/td>\n<\/tr>\n<tr>\n<td class=\"row first\">\n                            <a href=\"<?= fileurl('archivos\/galeriaPPS\/agosto2022\/010.png') ?>\u00ab><br \/>\n                                <img decoding=\"async\" alt=\"\" class=\"img-responsive\" src=\"<?= fileurl('archivos\/galeriaPPS\/agosto2022\/010.png') ?>\u00bb \/><br \/>\n                            <\/a>\n                        <\/td>\n<td style=\"font-size: large; vertical-align: inherit; font-weight: bold\">\n                        Desplazamiento abomasal izquierdo\n                        <\/td>\n<td style=\"font-size: large; vertical-align: inherit\">\n                        Juarez, Antonio<br \/>Tutora: Gutierrez, Betiana\n                        <\/td>\n<\/tr>\n<tr>\n<td class=\"row first\">\n                            <a href=\"<?= fileurl('archivos\/galeriaPPS\/agosto2022\/011.png') ?>\u00ab><br \/>\n                                <img decoding=\"async\" alt=\"\" class=\"img-responsive\" src=\"<?= fileurl('archivos\/galeriaPPS\/agosto2022\/011.png') ?>\u00bb \/><br \/>\n                            <\/a>\n                        <\/td>\n<td style=\"font-size: large; vertical-align: inherit; font-weight: bold\">\n                        Dioctofimosis en canino\n                        <\/td>\n<td style=\"font-size: large; vertical-align: inherit\">\n                        Speicher Mujica Clemens, Mar\u00eda Eugenia<br \/>Tutora: Mangas, Jimena\n                        <\/td>\n<\/tr>\n<tr>\n<td class=\"row first\">\n                            <a href=\"<?= fileurl('archivos\/galeriaPPS\/agosto2022\/012.png') ?>\u00ab><br \/>\n                                <img decoding=\"async\" alt=\"\" class=\"img-responsive\" src=\"<?= fileurl('archivos\/galeriaPPS\/agosto2022\/012.png') ?>\u00bb \/><br \/>\n                            <\/a>\n                        <\/td>\n<td style=\"font-size: large; vertical-align: inherit; font-weight: bold\">\n                        Dioctofimosis en un cachorro de 6 meses\n                        <\/td>\n<td style=\"font-size: large; vertical-align: inherit\">\n                        De la Cuesta, Rocio Belen<br \/>Tutor: Rigazzi, Adri\u00e1n\n                        <\/td>\n<\/tr>\n<tr>\n<td class=\"row first\">\n                            <a href=\"<?= fileurl('archivos\/galeriaPPS\/agosto2022\/013.png') ?>\u00ab><br \/>\n                                <img decoding=\"async\" alt=\"\" class=\"img-responsive\" src=\"<?= fileurl('archivos\/galeriaPPS\/agosto2022\/013.png') ?>\u00bb \/><br \/>\n                            <\/a>\n                        <\/td>\n<td style=\"font-size: large; vertical-align: inherit; font-weight: bold\">\n                        El origen de la hematuria\n                        <\/td>\n<td style=\"font-size: large; vertical-align: inherit\">\n                        Eterovic Terceros, Alexandra<br \/>Tutoras: Espina, Claudia y Ruidiaz, Viviana\n                        <\/td>\n<\/tr>\n<tr>\n<td class=\"row first\">\n                            <a href=\"<?= fileurl('archivos\/galeriaPPS\/agosto2022\/014.png') ?>\u00ab><br \/>\n                                <img decoding=\"async\" alt=\"\" class=\"img-responsive\" src=\"<?= fileurl('archivos\/galeriaPPS\/agosto2022\/014.png') ?>\u00bb \/><br \/>\n                            <\/a>\n                        <\/td>\n<td style=\"font-size: large; vertical-align: inherit; font-weight: bold\">\n                        Electroquimioterapia en la extracci\u00f3n de un mastocitoma\n                        <\/td>\n<td style=\"font-size: large; vertical-align: inherit\">\n                        Campolongo, Daniela Sof\u00eda<br \/>Tutoras: Espina, Claudia y Ruidiaz, Viviana\n                        <\/td>\n<\/tr>\n<tr>\n<td class=\"row first\">\n                            <a href=\"<?= fileurl('archivos\/galeriaPPS\/agosto2022\/015.png') ?>\u00ab><br \/>\n                                <img decoding=\"async\" alt=\"\" class=\"img-responsive\" src=\"<?= fileurl('archivos\/galeriaPPS\/agosto2022\/015.png') ?>\u00bb \/><br \/>\n                            <\/a>\n                        <\/td>\n<td style=\"font-size: large; vertical-align: inherit; font-weight: bold\">\n                        Enfermedades ex\u00f3ticas, transfronterizas y emergentes: Su impacto y el accionar responsable del Profesional Veterinario\n                        <\/td>\n<td style=\"font-size: large; vertical-align: inherit\">\n                        L\u00f3pez, Hern\u00e1n Ariel<br \/>Tutora: Loiza, Yanina\n                        <\/td>\n<\/tr>\n<tr>\n<td class=\"row first\">\n                            <a href=\"<?= fileurl('archivos\/galeriaPPS\/agosto2022\/016.png') ?>\u00ab><br \/>\n                                <img decoding=\"async\" alt=\"\" class=\"img-responsive\" src=\"<?= fileurl('archivos\/galeriaPPS\/agosto2022\/016.png') ?>\u00bb \/><br \/>\n                            <\/a>\n                        <\/td>\n<td style=\"font-size: large; vertical-align: inherit; font-weight: bold\">\n                        Esofagostom\u00eda como parte del tratamiento de lipidosis hep\u00e1tica en felino, reporte de un caso\n                        <\/td>\n<td style=\"font-size: large; vertical-align: inherit\">\n                        Arrachea, Delfina<br \/>Tutora: Savan, Claudia\n                        <\/td>\n<\/tr>\n<tr>\n<td class=\"row first\">\n                            <a href=\"<?= fileurl('archivos\/galeriaPPS\/agosto2022\/017.png') ?>\u00ab><br \/>\n                                <img decoding=\"async\" alt=\"\" class=\"img-responsive\" src=\"<?= fileurl('archivos\/galeriaPPS\/agosto2022\/017.png') ?>\u00bb \/><br \/>\n                            <\/a>\n                        <\/td>\n<td style=\"font-size: large; vertical-align: inherit; font-weight: bold\">\n                        Fibroma odontog\u00e9nico perif\u00e9rico (\u00e9pulis fibroso) en caninos\n                        <\/td>\n<td style=\"font-size: large; vertical-align: inherit\">\n                        Pardo, Rosa Cristina<br \/>Tutora: Doxandabarat, Ximena\n                        <\/td>\n<\/tr>\n<tr>\n<td class=\"row first\">\n                            <a href=\"<?= fileurl('archivos\/galeriaPPS\/agosto2022\/018.png') ?>\u00ab><br \/>\n                                <img decoding=\"async\" alt=\"\" class=\"img-responsive\" src=\"<?= fileurl('archivos\/galeriaPPS\/agosto2022\/018.png') ?>\u00bb \/><br \/>\n                            <\/a>\n                        <\/td>\n<td style=\"font-size: large; vertical-align: inherit; font-weight: bold\">\n                        Fisioterapia en ovinos, m\u00e1s que un tratamiento paliativo\n                        <\/td>\n<td style=\"font-size: large; vertical-align: inherit\">\n                        Almada, Cintia Victoria<br \/>Tutora: Apeseche, Julia\n                        <\/td>\n<\/tr>\n<tr>\n<td class=\"row first\">\n                            <a href=\"<?= fileurl('archivos\/galeriaPPS\/agosto2022\/019.png') ?>\u00ab><br \/>\n                                <img decoding=\"async\" alt=\"\" class=\"img-responsive\" src=\"<?= fileurl('archivos\/galeriaPPS\/agosto2022\/019.png') ?>\u00bb \/><br \/>\n                            <\/a>\n                        <\/td>\n<td style=\"font-size: large; vertical-align: inherit; font-weight: bold\">\n                        Gestaci\u00f3n m\u00faltiple en oveja frisona. \u00bfQu\u00e9 desaf\u00edos nos presenta y c\u00f3mo afrontarlos?\n                        <\/td>\n<td style=\"font-size: large; vertical-align: inherit\">\n                        Subizar, Pilar<br \/>Tutora: Arraztoa, Cecilia\n                        <\/td>\n<\/tr>\n<tr>\n<td class=\"row first\">\n                            <a href=\"<?= fileurl('archivos\/galeriaPPS\/agosto2022\/020.png') ?>\u00ab><br \/>\n                                <img decoding=\"async\" alt=\"\" class=\"img-responsive\" src=\"<?= fileurl('archivos\/galeriaPPS\/agosto2022\/020.png') ?>\u00bb \/><br \/>\n                            <\/a>\n                        <\/td>\n<td style=\"font-size: large; vertical-align: inherit; font-weight: bold\">\n                        Hernia Hiatal en felinos. Reporte de caso\n                        <\/td>\n<td style=\"font-size: large; vertical-align: inherit\">\n                        Ruta, Clara In\u00e9s<br \/>Tutoras: Espina, Claudia y Ruidiaz, Viviana\n                        <\/td>\n<\/tr>\n<tr>\n<td class=\"row first\">\n                            <a href=\"<?= fileurl('archivos\/galeriaPPS\/agosto2022\/021.png') ?>\u00ab><br \/>\n                                <img decoding=\"async\" alt=\"\" class=\"img-responsive\" src=\"<?= fileurl('archivos\/galeriaPPS\/agosto2022\/021.png') ?>\u00bb \/><br \/>\n                            <\/a>\n                        <\/td>\n<td style=\"font-size: large; vertical-align: inherit; font-weight: bold\">\n                        Impacto econ\u00f3mico de las afecciones podales en el establecimiento lechero ca\u00f1ada del toro\n                        <\/td>\n<td style=\"font-size: large; vertical-align: inherit\">\n                        Rojas, Cecilia Alejandra<br \/>Tutora: L\u00f3pez, Regina\n                        <\/td>\n<\/tr>\n<tr>\n<td class=\"row first\">\n                            <a href=\"<?= fileurl('archivos\/galeriaPPS\/agosto2022\/022.png') ?>\u00ab><br \/>\n                                <img decoding=\"async\" alt=\"\" class=\"img-responsive\" src=\"<?= fileurl('archivos\/galeriaPPS\/agosto2022\/022.png') ?>\u00bb \/><br \/>\n                            <\/a>\n                        <\/td>\n<td style=\"font-size: large; vertical-align: inherit; font-weight: bold\">\n                        Linfoma Multic\u00e9ntrico en Caninos\n                        <\/td>\n<td style=\"font-size: large; vertical-align: inherit\">\n                        Cabrera, Jos\u00e9 Ernesto<br \/>Tutora: Mangas, Jimena\n                        <\/td>\n<\/tr>\n<tr>\n<td class=\"row first\">\n                            <a href=\"<?= fileurl('archivos\/galeriaPPS\/agosto2022\/023.png') ?>\u00ab><br \/>\n                                <img decoding=\"async\" alt=\"\" class=\"img-responsive\" src=\"<?= fileurl('archivos\/galeriaPPS\/agosto2022\/023.png') ?>\u00bb \/><br \/>\n                            <\/a>\n                        <\/td>\n<td style=\"font-size: large; vertical-align: inherit; font-weight: bold\">\n                        Manejo en centro de rescate de fauna silvestre \u00abpolitraumatismo\u00bb\n                        <\/td>\n<td style=\"font-size: large; vertical-align: inherit\">\n                        Charubi, Ricardo Fabi\u00e1n<br \/>Tutora: Suraniti, Adriana\n                        <\/td>\n<\/tr>\n<tr>\n<td class=\"row first\">\n                            <a href=\"<?= fileurl('archivos\/galeriaPPS\/agosto2022\/024.png') ?>\u00ab><br \/>\n                                <img decoding=\"async\" alt=\"\" class=\"img-responsive\" src=\"<?= fileurl('archivos\/galeriaPPS\/agosto2022\/024.png') ?>\u00bb \/><br \/>\n                            <\/a>\n                        <\/td>\n<td style=\"font-size: large; vertical-align: inherit; font-weight: bold\">\n                        Mastocitoma canino\n                        <\/td>\n<td style=\"font-size: large; vertical-align: inherit\">\n                        Dubowik, Katerina<br \/>Tutora: Bosetti, Fernanda\n                        <\/td>\n<\/tr>\n<tr>\n<td class=\"row first\">\n                            <a href=\"<?= fileurl('archivos\/galeriaPPS\/agosto2022\/025.png') ?>\u00ab><br \/>\n                                <img decoding=\"async\" alt=\"\" class=\"img-responsive\" src=\"<?= fileurl('archivos\/galeriaPPS\/agosto2022\/025.png') ?>\u00bb \/><br \/>\n                            <\/a>\n                        <\/td>\n<td style=\"font-size: large; vertical-align: inherit; font-weight: bold\">\n                        Muerte s\u00fabita masiva por nitratos y nitritos. Reporte de caso\n                        <\/td>\n<td style=\"font-size: large; vertical-align: inherit\">\n                        Blaiotta Cejas, Hip\u00f3lito Francisco<br \/>Tutora: Apeseche, Julia\n                        <\/td>\n<\/tr>\n<tr>\n<td class=\"row first\">\n                            <a href=\"<?= fileurl('archivos\/galeriaPPS\/agosto2022\/026.png') ?>\u00ab><br \/>\n                                <img decoding=\"async\" alt=\"\" class=\"img-responsive\" src=\"<?= fileurl('archivos\/galeriaPPS\/agosto2022\/026.png') ?>\u00bb \/><br \/>\n                            <\/a>\n                        <\/td>\n<td style=\"font-size: large; vertical-align: inherit; font-weight: bold\">\n                        Neoplasia maligna en regi\u00f3n cervical ventral\n                        <\/td>\n<td style=\"font-size: large; vertical-align: inherit\">\n                        Zarlenga, Diego Nicol\u00e1s<br \/>Tutora: Bruzzone, Cristina\n                        <\/td>\n<\/tr>\n<tr>\n<td class=\"row first\">\n                            <a href=\"<?= fileurl('archivos\/galeriaPPS\/agosto2022\/027.png') ?>\u00ab><br \/>\n                                <img decoding=\"async\" alt=\"\" class=\"img-responsive\" src=\"<?= fileurl('archivos\/galeriaPPS\/agosto2022\/027.png') ?>\u00bb \/><br \/>\n                            <\/a>\n                        <\/td>\n<td style=\"font-size: large; vertical-align: inherit; font-weight: bold\">\n                        Neumot\u00f3rax espont\u00e1neo por bulla pulmonar\n                        <\/td>\n<td style=\"font-size: large; vertical-align: inherit\">\n                        Perez, Ver\u00f3nica Tatiana<br \/>Tutora: Mangas, Jimena\n                        <\/td>\n<\/tr>\n<tr>\n<td class=\"row first\">\n                            <a href=\"<?= fileurl('archivos\/galeriaPPS\/agosto2022\/028.png') ?>\u00ab><br \/>\n                                <img decoding=\"async\" alt=\"\" class=\"img-responsive\" src=\"<?= fileurl('archivos\/galeriaPPS\/agosto2022\/028.png') ?>\u00bb \/><br \/>\n                            <\/a>\n                        <\/td>\n<td style=\"font-size: large; vertical-align: inherit; font-weight: bold\">\n                        Otitis externa en canino. Reporte de un caso cl\u00ednico.\n                        <\/td>\n<td style=\"font-size: large; vertical-align: inherit\">\n                        Zurita, Johanna Soledad<br \/>Tutor: Di Ciano, Luis\n                        <\/td>\n<\/tr>\n<tr>\n<td class=\"row first\">\n                            <a href=\"<?= fileurl('archivos\/galeriaPPS\/agosto2022\/029.png') ?>\u00ab><br \/>\n                                <img decoding=\"async\" alt=\"\" class=\"img-responsive\" src=\"<?= fileurl('archivos\/galeriaPPS\/agosto2022\/029.png') ?>\u00bb \/><br \/>\n                            <\/a>\n                        <\/td>\n<td style=\"font-size: large; vertical-align: inherit; font-weight: bold\">\n                        Parvovirosis canina una enfermedad prevenible\n                        <\/td>\n<td style=\"font-size: large; vertical-align: inherit\">\n                        Caravello, Esteban Roberto<br \/>Tutora: Lin, Daniela\n                        <\/td>\n<\/tr>\n<tr>\n<td class=\"row first\">\n                            <a href=\"<?= fileurl('archivos\/galeriaPPS\/agosto2022\/030.png') ?>\u00ab><br \/>\n                                <img decoding=\"async\" alt=\"\" class=\"img-responsive\" src=\"<?= fileurl('archivos\/galeriaPPS\/agosto2022\/030.png') ?>\u00bb \/><br \/>\n                            <\/a>\n                        <\/td>\n<td style=\"font-size: large; vertical-align: inherit; font-weight: bold\">\n                        Pi\u00f3metra a cuello abierto.\n                        <\/td>\n<td style=\"font-size: large; vertical-align: inherit\">\n                        Clementi, Flavio Gabriel<br \/>Tutora: Bosetti, Fernanda\n                        <\/td>\n<\/tr>\n<tr>\n<td class=\"row first\">\n                            <a href=\"<?= fileurl('archivos\/galeriaPPS\/agosto2022\/031.png') ?>\u00ab><br \/>\n                                <img decoding=\"async\" alt=\"\" class=\"img-responsive\" src=\"<?= fileurl('archivos\/galeriaPPS\/agosto2022\/031.png') ?>\u00bb \/><br \/>\n                            <\/a>\n                        <\/td>\n<td style=\"font-size: large; vertical-align: inherit; font-weight: bold\">\n                        Pododermatitis en pollos de engorde y el impacto econ\u00f3mico sobre la exportaci\u00f3n de garras\n                        <\/td>\n<td style=\"font-size: large; vertical-align: inherit\">\n                        Casaccia Avolio, Guido Leandro<br \/>Tutora: Masut, Daniela\n                        <\/td>\n<\/tr>\n<tr>\n<td class=\"row first\">\n                            <a href=\"<?= fileurl('archivos\/galeriaPPS\/agosto2022\/032.png') ?>\u00ab><br \/>\n                                <img decoding=\"async\" alt=\"\" class=\"img-responsive\" src=\"<?= fileurl('archivos\/galeriaPPS\/agosto2022\/032.png') ?>\u00bb \/><br \/>\n                            <\/a>\n                        <\/td>\n<td style=\"font-size: large; vertical-align: inherit; font-weight: bold\">\n                        Policitemia absoluta en caninoe\n                        <\/td>\n<td style=\"font-size: large; vertical-align: inherit\">\n                        Vidakovich, Marina<br \/>Tutora: Doxandabarat, Ximena\n                        <\/td>\n<\/tr>\n<tr>\n<td class=\"row first\">\n                            <a href=\"<?= fileurl('archivos\/galeriaPPS\/agosto2022\/033.png') ?>\u00ab><br \/>\n                                <img decoding=\"async\" alt=\"\" class=\"img-responsive\" src=\"<?= fileurl('archivos\/galeriaPPS\/agosto2022\/033.png') ?>\u00bb \/><br \/>\n                            <\/a>\n                        <\/td>\n<td style=\"font-size: large; vertical-align: inherit; font-weight: bold\">\n                        Presentaci\u00f3n de caso cl\u00ednico: Onicomicosis canina\n                        <\/td>\n<td style=\"font-size: large; vertical-align: inherit\">\n                        P\u00e9rez Pirruccio, Gisela Magal\u00ed<br \/>Tutora: Artese, Florencia\n                        <\/td>\n<\/tr>\n<tr>\n<td class=\"row first\">\n                            <a href=\"<?= fileurl('archivos\/galeriaPPS\/agosto2022\/034.png') ?>\u00ab><br \/>\n                                <img decoding=\"async\" alt=\"\" class=\"img-responsive\" src=\"<?= fileurl('archivos\/galeriaPPS\/agosto2022\/034.png') ?>\u00bb \/><br \/>\n                            <\/a>\n                        <\/td>\n<td style=\"font-size: large; vertical-align: inherit; font-weight: bold\">\n                        Producci\u00f3n de Carnada en la Llanura Pampeana\n                        <\/td>\n<td style=\"font-size: large; vertical-align: inherit\">\n                        L\u00f3pez, Guillermo Roberto<br \/>Tutor: Piccirillo, Luis\n                        <\/td>\n<\/tr>\n<tr>\n<td class=\"row first\">\n                            <a href=\"<?= fileurl('archivos\/galeriaPPS\/agosto2022\/035.png') ?>\u00ab><br \/>\n                                <img decoding=\"async\" alt=\"\" class=\"img-responsive\" src=\"<?= fileurl('archivos\/galeriaPPS\/agosto2022\/035.png') ?>\u00bb \/><br \/>\n                            <\/a>\n                        <\/td>\n<td style=\"font-size: large; vertical-align: inherit; font-weight: bold\">\n                        Profesional Veterinario en Salud P\u00fablica: Importancia de su rol como agente de salud\n                        <\/td>\n<td style=\"font-size: large; vertical-align: inherit\">\n                        Mendez, Mar\u00eda Cecilia<br \/>Tutora: Loiza, Yanina\n                        <\/td>\n<\/tr>\n<tr>\n<td class=\"row first\">\n                            <a href=\"<?= fileurl('archivos\/galeriaPPS\/agosto2022\/036.png') ?>\u00ab><br \/>\n                                <img decoding=\"async\" alt=\"\" class=\"img-responsive\" src=\"<?= fileurl('archivos\/galeriaPPS\/agosto2022\/036.png') ?>\u00bb \/><br \/>\n                            <\/a>\n                        <\/td>\n<td style=\"font-size: large; vertical-align: inherit; font-weight: bold\">\n                        Prolapso ocular en erizo pigmeo africano\n                        <\/td>\n<td style=\"font-size: large; vertical-align: inherit\">\n                        Majail, Celeste Mar\u00eda<br \/>Tutora: Lin, Daniela\n                        <\/td>\n<\/tr>\n<tr>\n<td class=\"row first\">\n                            <a href=\"<?= fileurl('archivos\/galeriaPPS\/agosto2022\/037.png') ?>\u00ab><br \/>\n                                <img decoding=\"async\" alt=\"\" class=\"img-responsive\" src=\"<?= fileurl('archivos\/galeriaPPS\/agosto2022\/037.png') ?>\u00bb \/><br \/>\n                            <\/a>\n                        <\/td>\n<td style=\"font-size: large; vertical-align: inherit; font-weight: bold\">\n                        Prolapso vaginal\n                        <\/td>\n<td style=\"font-size: large; vertical-align: inherit\">\n                        Alberdi, Lourdes<br \/>Tutora: Apeseche, Julia\n                        <\/td>\n<\/tr>\n<tr>\n<td class=\"row first\">\n                            <a href=\"<?= fileurl('archivos\/galeriaPPS\/agosto2022\/038.png') ?>\u00ab><br \/>\n                                <img decoding=\"async\" alt=\"\" class=\"img-responsive\" src=\"<?= fileurl('archivos\/galeriaPPS\/agosto2022\/038.png') ?>\u00bb \/><br \/>\n                            <\/a>\n                        <\/td>\n<td style=\"font-size: large; vertical-align: inherit; font-weight: bold\">\n                        Pseudohernia perineal recidivante en un canino. Reporte de caso\n                        <\/td>\n<td style=\"font-size: large; vertical-align: inherit\">\n                        Vigilante Rivadeneira, Romina Celeste<br \/>Tutora: Mangas, Jimena\n                        <\/td>\n<\/tr>\n<tr>\n<td class=\"row first\">\n                            <a href=\"<?= fileurl('archivos\/galeriaPPS\/agosto2022\/039.png') ?>\u00ab><br \/>\n                                <img decoding=\"async\" alt=\"\" class=\"img-responsive\" src=\"<?= fileurl('archivos\/galeriaPPS\/agosto2022\/039.png') ?>\u00bb \/><br \/>\n                            <\/a>\n                        <\/td>\n<td style=\"font-size: large; vertical-align: inherit; font-weight: bold\">\n                        Resoluci\u00f3n de ruptura diafragm\u00e1tica cr\u00f3nica en canino\n                        <\/td>\n<td style=\"font-size: large; vertical-align: inherit\">\n                        Espetxe, Maria Agustina<br \/>Tutora: Zaccagnini, Andrea\n                        <\/td>\n<\/tr>\n<tr>\n<td class=\"row first\">\n                            <a href=\"<?= fileurl('archivos\/galeriaPPS\/agosto2022\/040.png') ?>\u00ab><br \/>\n                                <img decoding=\"async\" alt=\"\" class=\"img-responsive\" src=\"<?= fileurl('archivos\/galeriaPPS\/agosto2022\/040.png') ?>\u00bb \/><br \/>\n                            <\/a>\n                        <\/td>\n<td style=\"font-size: large; vertical-align: inherit; font-weight: bold\">\n                        Shunt Portosist\u00e9mico en Felino\n                        <\/td>\n<td style=\"font-size: large; vertical-align: inherit\">\n                        Quilca Cayro, Elvis Victor<br \/>Tutora: Artese, Florencia\n                        <\/td>\n<\/tr>\n<tr>\n<td class=\"row first\">\n                            <a href=\"<?= fileurl('archivos\/galeriaPPS\/agosto2022\/041.png') ?>\u00ab><br \/>\n                                <img decoding=\"async\" alt=\"\" class=\"img-responsive\" src=\"<?= fileurl('archivos\/galeriaPPS\/agosto2022\/041.png') ?>\u00bb \/><br \/>\n                            <\/a>\n                        <\/td>\n<td style=\"font-size: large; vertical-align: inherit; font-weight: bold\">\n                        S\u00edndrome de cauda equina en canino traumatizado\n                        <\/td>\n<td style=\"font-size: large; vertical-align: inherit\">\n                        Trento Rothschild, Jesica Natalia<br \/>Tutora: Mangas, Jimena\n                        <\/td>\n<\/tr>\n<tr>\n<td class=\"row first\">\n                            <a href=\"<?= fileurl('archivos\/galeriaPPS\/agosto2022\/042.png') ?>\u00ab><br \/>\n                                <img decoding=\"async\" alt=\"\" class=\"img-responsive\" src=\"<?= fileurl('archivos\/galeriaPPS\/agosto2022\/042.png') ?>\u00bb \/><br \/>\n                            <\/a>\n                        <\/td>\n<td style=\"font-size: large; vertical-align: inherit; font-weight: bold\">\n                        T\u00e9cnica de bolsillo para la reposici\u00f3n quir\u00fargica de la gl\u00e1ndula del tercer p\u00e1rpado\n                        <\/td>\n<td style=\"font-size: large; vertical-align: inherit\">\n                        Seco, Daiana Antonela<br \/>Tutoras: Espina, Claudia y Ruidiaz, Viviana\n                        <\/td>\n<\/tr>\n<tr>\n<td class=\"row first\">\n                            <a href=\"<?= fileurl('archivos\/galeriaPPS\/agosto2022\/043.png') ?>\u00ab><br \/>\n                                <img decoding=\"async\" alt=\"\" class=\"img-responsive\" src=\"<?= fileurl('archivos\/galeriaPPS\/agosto2022\/043.png') ?>\u00bb \/><br \/>\n                            <\/a>\n                        <\/td>\n<td style=\"font-size: large; vertical-align: inherit; font-weight: bold\">\n                        T\u00e9tanos: la importancia de los signos cl\u00ednicos\n                        <\/td>\n<td style=\"font-size: large; vertical-align: inherit\">\n                        Ju\u00e1rez, Ayelen<br \/>Tutoras: Espina, Claudia y Ruidiaz, Viviana\n                        <\/td>\n<\/tr>\n<tr>\n<td class=\"row first\">\n                            <a href=\"<?= fileurl('archivos\/galeriaPPS\/agosto2022\/044.png') ?>\u00ab><br \/>\n                                <img decoding=\"async\" alt=\"\" class=\"img-responsive\" src=\"<?= fileurl('archivos\/galeriaPPS\/agosto2022\/044.png') ?>\u00bb \/><br \/>\n                            <\/a>\n                        <\/td>\n<td style=\"font-size: large; vertical-align: inherit; font-weight: bold\">\n                        Traumatismo de pared tor\u00e1cica y manejo de neumotorax\n                        <\/td>\n<td style=\"font-size: large; vertical-align: inherit\">\n                        Hernandez, Fausto Ignacio<br \/>Tutor: Marguery, Felipe\n                        <\/td>\n<\/tr>\n<tr>\n<td class=\"row first\">\n                            <a href=\"<?= fileurl('archivos\/galeriaPPS\/agosto2022\/045.png') ?>\u00ab><br \/>\n                                <img decoding=\"async\" alt=\"\" class=\"img-responsive\" src=\"<?= fileurl('archivos\/galeriaPPS\/agosto2022\/045.png') ?>\u00bb \/><br \/>\n                            <\/a>\n                        <\/td>\n<td style=\"font-size: large; vertical-align: inherit; font-weight: bold\">\n                        Un posible caso de hipotiroidismo felino\n                        <\/td>\n<td style=\"font-size: large; vertical-align: inherit\">\n                        Proni, Camila Dalma<br \/>Tutora: Lin, Daniela\n                        <\/td>\n<\/tr>\n<tr>\n<td class=\"row first\">\n                            <a href=\"<?= fileurl('archivos\/galeriaPPS\/agosto2022\/001.png') ?>\u00ab><br \/>\n                                <img decoding=\"async\" alt=\"\" class=\"img-responsive\" src=\"<?= fileurl('archivos\/galeriaPPS\/agosto2022\/001.png') ?>\u00bb \/><br \/>\n                            <\/a>\n                        <\/td>\n<td style=\"font-size: large; vertical-align: inherit; font-weight: bold\">\n                        Adenoma Pituitario (S\u00edndrome de Cushing)\n                        <\/td>\n<td style=\"font-size: large; vertical-align: inherit\">\n                        Otero Valdez, Francisco Jos\u00e9 <br \/>Tutor: Ferrante, Alejandro\n                        <\/td>\n<\/tr>\n<\/tbody>\n<\/table><\/div>\n<\/p><\/div>\n<\/div>\n","protected":false},"excerpt":{"rendered":"<p>Galer\u00eda de Pr\u00e1cticas Profesionales Supervisadas | Agosto 2022 &nbsp; T\u00edtulo Autor<\/p>\n","protected":false},"author":1,"featured_media":0,"comment_status":"open","ping_status":"open","sticky":false,"template":"","format":"standard","meta":{"_acf_changed":false,"footnotes":""},"categories":[1],"tags":[],"class_list":["post-2029","post","type-post","status-publish","format-standard","hentry","category-sin-categoria"],"acf":[],"publishpress_future_action":{"enabled":false,"date":"2026-09-11 02:59:36","action":"change-status","newStatus":"draft","terms":[],"taxonomy":"category","extraData":[]},"publishpress_future_workflow_manual_trigger":{"enabledWorkflows":[]},"_links":{"self":[{"href":"https:\/\/dev.sitios.fvet.uba.ar\/index.php\/wp-json\/wp\/v2\/posts\/2029","targetHints":{"allow":["GET"]}}],"collection":[{"href":"https:\/\/dev.sitios.fvet.uba.ar\/index.php\/wp-json\/wp\/v2\/posts"}],"about":[{"href":"https:\/\/dev.sitios.fvet.uba.ar\/index.php\/wp-json\/wp\/v2\/types\/post"}],"author":[{"embeddable":true,"href":"https:\/\/dev.sitios.fvet.uba.ar\/index.php\/wp-json\/wp\/v2\/users\/1"}],"replies":[{"embeddable":true,"href":"https:\/\/dev.sitios.fvet.uba.ar\/index.php\/wp-json\/wp\/v2\/comments?post=2029"}],"version-history":[{"count":0,"href":"https:\/\/dev.sitios.fvet.uba.ar\/index.php\/wp-json\/wp\/v2\/posts\/2029\/revisions"}],"wp:attachment":[{"href":"https:\/\/dev.sitios.fvet.uba.ar\/index.php\/wp-json\/wp\/v2\/media?parent=2029"}],"wp:term":[{"taxonomy":"category","embeddable":true,"href":"https:\/\/dev.sitios.fvet.uba.ar\/index.php\/wp-json\/wp\/v2\/categories?post=2029"},{"taxonomy":"post_tag","embeddable":true,"href":"https:\/\/dev.sitios.fvet.uba.ar\/index.php\/wp-json\/wp\/v2\/tags?post=2029"}],"curies":[{"name":"wp","href":"https:\/\/api.w.org\/{rel}","templated":true}]}}