{"id":2036,"date":"2022-12-16T13:29:05","date_gmt":"2022-12-16T16:29:05","guid":{"rendered":"https:\/\/dev.sitios.fvet.uba.ar\/index.php\/calendario2023\/"},"modified":"2022-12-16T13:29:05","modified_gmt":"2022-12-16T16:29:05","slug":"calendario2023","status":"publish","type":"post","link":"https:\/\/dev.sitios.fvet.uba.ar\/index.php\/calendario2023\/","title":{"rendered":"Calendario academico 2023 prueba"},"content":{"rendered":"<h3 class=\"titulo-insti\">\n\tVeterinaria<\/h3>\n<div class=\"mision\">\n<div class=\"titulo-secciones\">\n\t\tCalendario Acad\u00e9mico 2023<a class=\"ancla\" id=\"calendario\">&nbsp;<\/a><\/div>\n<p>\t&nbsp;<\/p>\n<div class=\"row\">\n<div class=\"col-sm-1\">\n\t\t\t&nbsp;<\/div>\n<div class=\"col-sm-10\">\n<hr \/>\n<p>\t\t\t<b>1\u00ba cuatrimestre:<\/b><\/p>\n<p>\t\t\t<b>Inscripci\u00f3n para alumnos provenientes del Ciclo B\u00e1sico Com\u00fan:<\/b> 27 de febrero al 14 de marzo.<\/p>\n<p>\t\t\t<span class=\"glyphicon glyphicon-arrow-right\"><\/span><br \/>\n\t\t\t<a href=\"<?= fveturl('?q=requisitos2023') ?>\u00ab>Documentaci\u00f3n a presentar y formulario<br \/>\n\t\t\tde preinscripci\u00f3n<\/a><\/p>\n<p>\t\t\t<b>Inscripci\u00f3n para cursar asignaturas<\/b><\/p>\n<p>\t\t\t<b>1era. vuelta:<\/b> 13 y 14 de marzo.<\/p>\n<p>\t\t\t<b>Publicaci\u00f3n 1era. vuelta y reasignaci\u00f3n (2da. vuelta):<\/b> 17 de marzo.<\/p>\n<p>\t\t\t<b>Publicaci\u00f3n 2da. vuelta:<\/b> 20 de marzo.<\/p>\n<p>\t\t\t<b>Presentaci\u00f3n de comprobante para acceder a prioridad:<\/b> 27 de febrero al 1 de marzo.<br \/>\n\t\t\tLos comprobantes deben ser subidos en el sistema de alumnos, ingresando con su usuario y contrase\u00f1a, en el<br \/>\n\t\t\tmen\u00fa \u201cInscripci\u00f3n\u201d, durante esos d\u00edas.<\/p>\n<p>\t\t\t<b>Anulaci\u00f3n de Inscripciones:<\/b> hasta el 31 de marzo.<\/p>\n<p>\t\t\t<b>Per\u00edodo lectivo:<\/b> 20 de marzo al 1 de julio.<br \/>\n\t\t\t<!--Receso acad\u00e9mico: 19 al 30 de julio.\n&nbsp;--><\/p>\n<hr \/>\n<p>\n\t\t\t<b>2\u00b0 cuatrimestre:<\/b><\/p>\n<p>\t\t\t<b>Inscripci\u00f3n para alumnos provenientes del Ciclo B\u00e1sico Com\u00fan:<\/b> 24 de julio al 8 de agosto.<\/p>\n<p>\t\t\t<span class=\"glyphicon glyphicon-arrow-right\"><\/span><!--<a\n\t\t\t\thref=\"<?= fveturl('?q=ingresantesRequisitos#ing_vet') ?>\">-->Documentaci\u00f3n a presentar y formulario de<br \/>\n\t\t\t\tpreinscripci\u00f3n<!--<\/a>--><\/p>\n<p>\t\t\t<b>Inscripci\u00f3n para cursar asignaturas<\/b><\/p>\n<p>\t\t\t<b>1era. vuelta:<\/b> 7 y 8 de agosto.<\/p>\n<p>\t\t\t<b>Publicaci\u00f3n 1era. vuelta y reasignaci\u00f3n:<\/b> 11 de agosto.<\/p>\n<p>\t\t\t<b>Publicaci\u00f3n 2da. vuelta:<\/b> 14 de agosto.<\/p>\n<p>\t\t\t<b>Presentaci\u00f3n de comprobante para acceder a prioridad:<\/b> 24 al 26 de julio.<br \/>\n\t\t\tLos comprobantes deben ser subidos en el sistema de alumnos, ingresando con su usuario y contrase\u00f1a, en el<br \/>\n\t\t\tmen\u00fa \u201cInscripci\u00f3n\u201d, durante esos d\u00edas.<\/p>\n<p>\t\t\t<b>Anulaci\u00f3n de Inscripciones:<\/b> hasta el 25 de agosto.<\/p>\n<p>\t\t\t<b>Periodo lectivo:<\/b> 14 de agosto al 25 de noviembre.<br \/>\n\t\t\t&nbsp;<\/p>\n<hr \/>\n<p>\t\t\t<b>Resoluci\u00f3n <a href=\"<?= fileurl('archivos\/alumnos_pdf\/REDEC_754.pdf') ?>\u00ab>REDEC 754\/20<\/a><\/b><br \/>\n\t\t\t&nbsp;<\/p>\n<div>\n\t\t\t\tAsignaturas que requieren instancia pr\u00e1ctica obligatoria previo al examen final seg\u00fan resoluci\u00f3n decano<br \/>\n\t\t\t\tREDEC 754\/20:<\/div>\n<ul>\n<li>\n\t\t\t\t\tQu\u00edmica Org\u00e1nica de Biomol\u00e9culas<\/li>\n<li>\n\t\t\t\t\tHistolog\u00eda y Embriolog\u00eda<\/li>\n<li>\n\t\t\t\t\tParasitolog\u00eda<\/li>\n<li>\n\t\t\t\t\tInmunolog\u00eda B\u00e1sica<\/li>\n<li>\n\t\t\t\t\tMicrobiolog\u00eda<\/li>\n<li>\n\t\t\t\t\tPatolog\u00eda B\u00e1sica<\/li>\n<li>\n\t\t\t\t\tEnfermedades Infecciosas<\/li>\n<li>\n\t\t\t\t\tEnfermedades Parasitarias<\/li>\n<\/ul>\n<p>\t\t\t<!--\n\n<div style=\"font-size:20px;\">\nAtento lo dispuesto por la <a href=\"http:\/\/www.uba.ar\/noticiasuba\/ACTO-2020-00832987-UBA-REC.pdf\" target=\"_blank\" rel=\"noopener\">Resoluci\u00f3n&nbsp; Rector&nbsp; N 423\/20 <\/a>\nsobre la reprogramaci\u00f3n del calendario acad\u00e9mico, las fechas correspondientes ser\u00e1n publicadas pr\u00f3ximamente<\/div>\n\n\n<br \/>\n<b>Per\u00edodo lectivo:<\/b> 16 de marzo al 4 de julio.\n\n\n<b>Receso acad\u00e9mico:<\/b>del 20 al 31 de julio.\n\n\n<br \/>--><br \/>\n\t\t\t<!--<b>Resoluci\u00f3n <a href=\"<?= fileurl('archivos\/alumnos_pdf\/AD_REF_1054.pdf') ?>\">REDEC 1041\/20<\/a><\/b>\n\n\n<b><a href=\"<?= fveturl('?q=veterinaria#excepcion') ?>\">Inscripci\u00f3n condicional al 2do cuatrimestre 2020 <\/a><\/b><br \/>--><br \/>\n\t\t\t&nbsp;<\/p>\n<hr \/>\n<p>\t\t\t<b>Sistemas y Horarios de Inscripci\u00f3n<\/b><br \/>\n\t\t\tLas inscripciones se realizan por Internet (<a href=\"http:\/\/www.fvet.uba.ar\">http:\/\/www.fvet.uba.ar<\/a><br \/>\n\t\t\taccediendo al <a href=\"http:\/\/dpd.fvet.uba.ar\/\">Sistema de Alumnos<\/a>) desde las 00:00 h del comienzo de la<br \/>\n\t\t\tinscripci\u00f3n, hasta el \u00faltimo d\u00eda a las 17 h<\/p>\n<p>\t\t\t<button class=\"btn btn-info\" data-target=\"#modulares\" data-toggle=\"collapse\" type=\"button\">Orden de<br \/>\n\t\t\t\tPrioridades Materias Modulares<\/button><\/p>\n<div class=\"collapse\" id=\"modulares\">\n\t\t\t\tLa asignaci\u00f3n de cada alumno a las comisiones es por el siguiente orden de prioridades:<\/p>\n<ol>\n<li>\n\t\t\t\t\t\tPersonas que trabajan (y puedan acreditarlo), madres con ni\u00f1os en edad escolar y mujeres<br \/>\n\t\t\t\t\t\tembarazadas que cursan por primera vez la materia a la que se inscriben y alumnos con beca de<br \/>\n\t\t\t\t\t\tayuda econ\u00f3mica y alumnos que integren los equipos deportivos de esta Facultad.<\/li>\n<li>\n\t\t\t\t\t\tPersonas que trabajan (y pueden acreditarlo), madres con ni\u00f1os en edad escolar y mujeres<br \/>\n\t\t\t\t\t\tembarazadas que recursan la materia a la que se inscriben.<\/li>\n<li>\n\t\t\t\t\t\tPersonas que no trabajan que cursan por primera vez la materia a la que se inscriben.<\/li>\n<li>\n\t\t\t\t\t\tPersonas que no trabajan y que recursan la materia a la que se inscriben.<\/li>\n<\/ol>\n<p>\t\t\t\tDeber\u00e1n presentar la acreditaci\u00f3n correspondiente en las fechas indicadas en cada cuatrimestre.\n\t\t\t<\/p><\/div>\n<p>\t\t\t<button class=\"btn btn-info\" data-target=\"#extramodulares\" data-toggle=\"collapse\" type=\"button\">Orden de<br \/>\n\t\t\t\tPrioridades Materias Extramodulares<\/button><\/p>\n<div class=\"collapse\" id=\"extramodulares\">\n<ol>\n<li>\n\t\t\t\t\t\tCursa o recursa inscripto \u00fanica materia<\/li>\n<li>\n\t\t\t\t\t\tCursa por 1\u00ba vez. Inscripto en m\u00e1s de una materia<\/li>\n<li>\n\t\t\t\t\t\tRecursa por 1\u00ba vez. Inscripto en m\u00e1s de una materia<\/li>\n<li>\n\t\t\t\t\t\tRecursa por 2\u00b0 vez. Inscripto en m\u00e1s de una materia<\/li>\n<li>\n\t\t\t\t\t\tRecursa por 3\u00b0 vez. Inscripto en m\u00e1s de una materia<\/li>\n<li>\n\t\t\t\t\t\tRecursa por 4\u00b0 vez o m\u00e1s. Inscripto en m\u00e1s de una materia<\/li>\n<\/ol><\/div>\n<p>\t\t\t<button class=\"btn btn-info\" data-target=\"#cursos\" data-toggle=\"collapse\" type=\"button\">Cursos Enero &#8211;<br \/>\n\t\t\t\tFebrero: Orden de Prioridades PH I (Grandes y Peque\u00f1os)<\/button><\/p>\n<div class=\"collapse\" id=\"cursos\">\n<ul>\n<li>\n\t\t\t\t\t\t<img class=\"img-circle img-responsive listado2\"\n\t\t\t\t\t\t\tsrc=\"<?= fileurl('sites\/default\/files\/pictures\/boton.png') ?>\u00bb \/>Personas que trabajan,<br \/>\n\t\t\t\t\t\tmadres con hijos en edad escolar y mujeres embarazadas, (y puedan certificarlo) que de acuerdo a<br \/>\n\t\t\t\t\t\tla cantidad de materias regulares y\/o aprobadas est\u00e9n en mejores condiciones de comenzar el<br \/>\n\t\t\t\t\t\tCiclo de Intensificaci\u00f3n y \u00f3 Ciclo Superior en el 1er cuatrimestre del siguiente ciclo lectivo.\n\t\t\t\t\t<\/li>\n<li>\n\t\t\t\t\t\t<img class=\"img-circle img-responsive listado2\"\n\t\t\t\t\t\t\tsrc=\"<?= fileurl('sites\/default\/files\/pictures\/boton.png') ?>\u00bb \/>Personas que no trabajen y<br \/>\n\t\t\t\t\t\tque de acuerdo a la cantidad de materias regulares y\/o aprobadas, est\u00e9n en mejores condiciones<br \/>\n\t\t\t\t\t\tde comenzar el Ciclo de Intensificaci\u00f3n y \u00f3 Ciclo Superior en el 1er cuatrimestre del siguiente<br \/>\n\t\t\t\t\t\tciclo lectivo.\n\t\t\t\t\t<\/li>\n<\/ul>\n<p>\t\t\t\tLa asignaci\u00f3n de cada alumno a las comisiones se realizar\u00e1 de la siguiente forma:<\/p>\n<ol>\n<li>\n\t\t\t\t\t\tAlumno que est\u00e9 encuadrado en el punto A, que tenga regularizadas y\/o aprobadas todas las<br \/>\n\t\t\t\t\t\tmaterias del M\u00f3dulo Com\u00fan Obligatorio, exceptuando las Pr\u00e1cticas Hospitalarias I.<\/li>\n<li>\n\t\t\t\t\t\tAlumno que este encuadrado en el punto B, que tenga regularizadas y\/o aprobadas todas las<br \/>\n\t\t\t\t\t\tmaterias del M\u00f3dulo Com\u00fan Obligatorio, exceptuando las Pr\u00e1cticas Hospitalarias I.<\/li>\n<li>\n\t\t\t\t\t\tAlumno que est\u00e9 encuadrado en el punto A, que tenga regularizadas y\/o aprobadas todas las<br \/>\n\t\t\t\t\t\tmaterias del M\u00f3dulo Com\u00fan Obligatorio, exceptuando las Pr\u00e1cticas Hospitalarias I. y las<br \/>\n\t\t\t\t\t\tProducciones I.<\/li>\n<li>\n\t\t\t\t\t\tAlumno que est\u00e9 encuadrado en el punto B, que tenga regularizadas y\/o aprobadas todas las<br \/>\n\t\t\t\t\t\tmaterias del M\u00f3dulo Com\u00fan Obligatorio, exceptuando las Pr\u00e1cticas Hospitalarias I. y las<br \/>\n\t\t\t\t\t\tProducciones I.<\/li>\n<li>\n\t\t\t\t\t\tAlumno encuadrado en el punto A con mayor n\u00famero de regularidades y\/o aprobaciones registradas.\n\t\t\t\t\t<\/li>\n<li>\n\t\t\t\t\t\tAlumno encuadrado en el punto B con mayor n\u00famero de regularidades y\/o aprobaciones registradas.\n\t\t\t\t\t<\/li>\n<\/ol>\n<p>\t\t\t\tEn todos los casos las regularidades y\/o aprobaciones ser\u00e1n tomadas hasta la finalizaci\u00f3n del 2\u00ba<br \/>\n\t\t\t\tcuatrimestre y turno de examen final de noviembre del presente ciclo lectivo.\n\t\t\t<\/p><\/div>\n<p>\t\t\tEx\u00e1menes Finales: Puede consultar las fechas de ex\u00e1menes del calendario vigente en el <a\n\t\t\t\thref=\"http:\/\/dpd.fvet.uba.ar\/\">Sistema de Alumnos<\/a><br \/>\n\t\t\t&nbsp;\n\t\t<\/div>\n<div class=\"col-sm-1\">\n\t\t\t&nbsp;<\/div>\n<\/p><\/div>\n<p>\n\t&nbsp;\n<\/div>\n<div class=\"decano\">\n<div class=\"titulo-secciones\">\n\t\tOferta de Cursos<a class=\"ancla\" id=\"oferta\">&nbsp;<\/a><\/div>\n<p>\t&nbsp;<\/p>\n<div class=\"row\">\n<div class=\"col-sm-1\">\n\t\t\t&nbsp;<\/div>\n<div class=\"col-sm-10\">\n<ul>\n<li>\n\t\t\t\t\t<img class=\"img-circle img-responsive listado2\"\n\t\t\t\t\t\tsrc=\"<?= fileurl('sites\/default\/files\/pictures\/boton.png') ?>\u00bb \/> <a\n\t\t\t\t\t\thref=\"http:\/\/dpd.fvet.uba.ar\">Sistema de Alumnos<\/a>\n\t\t\t\t<\/li>\n<p>\t\t\t\t<!-- \n\n<li>\n                    <img decoding=\"async\" class=\"img-circle img-responsive listado2\" src=\"<?= fileurl('sites\/default\/files\/pictures\/boton.png') ?>\" \/>\n                    <a href=\"<?= fileurl('archivos\/alumnos_pdf\/2021\/2022_CSO_grandes.pdf') ?>\">Cronograma Eje 2 Salud Animal en Grandes Animales<\/a><\/li>\n\n\n\t\t\t\t\n\n<li>\n\t\t\t\t\t<img class=\"img-circle img-responsive listado2\"\n\t\t\t\t\t\tsrc=\"<?= fileurl('sites\/default\/files\/pictures\/boton.png') ?>\" \/> <a\n\t\t\t\t\t\thref=\"<?= fileurl('archivos\/alumnos_pdf\/2021\/CS2docuat2022.pdf') ?>\">Ciclo Superior 2do cuatr\n\t\t\t\t\t\t2022<\/a>\n\t\t\t\t<\/li>\n\n\n\t\t\t\t\n\n<li>\n\t\t\t\t\t<img class=\"img-circle img-responsive listado2\"\n\t\t\t\t\t\tsrc=\"<?= fileurl('sites\/default\/files\/pictures\/boton.png') ?>\" \/> <a\n\t\t\t\t\t\thref=\"<?= fileurl('archivos\/alumnos_pdf\/2021\/PH2do2022.pdf') ?>\">Practicas Hospitalarias -2do\n\t\t\t\t\t\tcuatrimestre 2022<\/a>\n\t\t\t\t<\/li>\n\n--><\/p>\n<li>\n\t\t\t\t\t<img class=\"img-circle img-responsive listado2\"\n\t\t\t\t\t\tsrc=\"<?= fileurl('sites\/default\/files\/pictures\/boton.png') ?>\u00bb \/> <a\n\t\t\t\t\t\thref=\"<?= fileurl('archivos\/alumnos_pdf\/2023\/cursadaProducciones_Feb2023.pdf') ?>\u00ab><b>Producciones Febrero 2023 &#8211; 407 a 412<\/b><\/a>\n\t\t\t\t<\/li>\n<li>\n\t\t\t\t\t<img class=\"img-circle img-responsive listado2\"\n\t\t\t\t\t\tsrc=\"<?= fileurl('sites\/default\/files\/pictures\/boton.png') ?>\u00bb \/> <a\n\t\t\t\t\t\thref=\"<?= fileurl('archivos\/alumnos_pdf\/2023\/cursadaPracticasHospitalarias_FebMar2023.pdf') ?>\u00ab><b>Pr\u00e1cticas Hospitalarias Febrero &#8211; Marzo 2023 (508 &#8211; 509)<\/b><\/a>\n\t\t\t\t<\/li>\n<p>\t\t\t\t<!--\n                \n\n<li>\n                    <img decoding=\"async\" class=\"img-circle img-responsive listado2\" src=\"<?= fileurl('sites\/default\/files\/pictures\/boton.png') ?>\" \/> <a href=\"http:\/\/www.fvet.uba.ar\/archivos\/alumnos_pdf\/2021\/practicasHospitalarias_1cuat22.pdf\">Pr\u00e1cticas Hospitalarias -Mayo-Junio 2022<\/a><\/li>\n\n\n                \n\n<li>\n                    <img decoding=\"async\" class=\"img-circle img-responsive listado2\" src=\"<?= fileurl('sites\/default\/files\/pictures\/boton.png') ?>\" \/> <a href=\"<?= fileurl('archivos\/alumnos_pdf\/2021\/grandes.pdf') ?>\">Pr\u00e1ctica Hospitalaria en Grandes Animales. - Inscripci\u00f3n 4 y 5 de noviembre <\/a><\/li>\n\n\n                \n\n<li>\n                    <a href=\"<?= fileurl('archivos\/alumnos_pdf\/2021\/grandes.pdf') ?>\"><img decoding=\"async\" class=\"img-circle img-responsive listado2\" src=\"<?= fileurl('sites\/default\/files\/pictures\/boton.png') ?>\" \/> <\/a><a href=\"<?= fileurl('archivos\/alumnos_pdf\/2021\/peque.pdf') ?>\">Pr\u00e1ctica Hospitalaria en Peque\u00f1os Animales - Inscripci\u00f3n 4 y 5 de noviembre <\/a><\/li>\n\n\n                \n\n<li>\n                    <a href=\"<?= fileurl('archivos\/alumnos_pdf\/2021\/peque.pdf') ?>\"><img decoding=\"async\" class=\"img-circle img-responsive listado2\" src=\"<?= fileurl('sites\/default\/files\/pictures\/boton.png') ?>\" \/> <\/a><a href=\"<?= fileurl('archivos\/alumnos_pdf\/2021\/prod_feb2022.pdf') ?>\">Producciones febrero 2022 <\/a><\/li>\n\n\n                \n\n<li>\n                    <img decoding=\"async\" class=\"img-circle img-responsive listado2\" src=\"<?= fileurl('sites\/default\/files\/pictures\/boton.png') ?>\" \/><a href=\"<?= fileurl('..\/archivos\/alumnos_pdf\/2021\/cronoProd_feb21.pdf') ?>\">Cronograma cursada Producciones -Febrero 2021<\/a><\/li>\n\n\n                \n\n<li>\n                    <img decoding=\"async\" class=\"img-circle img-responsive listado2\" src=\"<?= fileurl('sites\/default\/files\/pictures\/boton.png') ?>\" \/><a href=\"<?= fileurl('..\/archivos\/alumnos_pdf\/2021\/ac203_feb21.pdf') ?>\">Asistencia Cumplida - Qu\u00edmica Org\u00e1nica de Biomol\u00e9culas - Febrero 2021<\/a><\/li>\n\n\n                \n\n<li>\n                    <img decoding=\"async\" class=\"img-circle img-responsive listado2\" src=\"<?= fileurl('sites\/default\/files\/pictures\/boton.png') ?>\" \/>Ejes Ciclo Superior 2020 (Se publicara a la brevedad la reprogramaci\u00f3n)<\/li>\n\n\n                \n\n<li>\n                    <img decoding=\"async\" class=\"img-circle img-responsive listado2\" src=\"<?= fileurl('sites\/default\/files\/pictures\/boton.png') ?>\" \/><!--<a href=\"<?= fileurl('..\/archivos\/alumnos_pdf\/200218\/graf_prod.pdf') ?>\">Gr\u00e1fico Producciones 1\u00b0 Cuatrimestre 2020 (Se publicara a la brevedad la reprogramaci\u00f3n)<\/li>\n\n\n                \n\n<li>\n                    <img decoding=\"async\" class=\"img-circle img-responsive listado2\" src=\"<?= fileurl('sites\/default\/files\/pictures\/boton.png') ?>\" \/><a href=\"<?= fileurl('..\/archivos\/alumnos_pdf\/200218\/insc_ci_sup.pdf') ?>\">Inscripci\u00f3n Ciclo Superior<\/a><\/li>\n\n\n                \n\n<li>\n                    <img decoding=\"async\" class=\"img-circle img-responsive listado2\" src=\"<?= fileurl('sites\/default\/files\/pictures\/boton.png') ?>\" \/>Inscripci\u00f3n Ciclo Superior<\/li>\n\n\n                \n\n<li>\n                    <img decoding=\"async\" class=\"img-circle img-responsive listado2\" src=\"<?= fileurl('sites\/default\/files\/pictures\/boton.png') ?>\" \/><a href=\"<?= fileurl('..\/archivos\/alumnos_pdf\/200218\/taller_semio.pdf') ?>\">Taller de Actualizaci\u00f3n Semiol\u00f3gica<\/li>\n\n\n                -->\n\t\t\t<\/ul>\n<hr \/><\/div>\n<div class=\"col-sm-1\">\n\t\t\t<a href=\"<?= fileurl('archivos\/alumnos_pdf\/2021\/prod_feb2022.pdf') ?>\u00ab>&nbsp;<\/a>\n\t\t<\/div>\n<\/p><\/div>\n<p>\n\t<a href=\"<?= fileurl('archivos\/alumnos_pdf\/2021\/prod_feb2022.pdf') ?>\u00ab>&nbsp;<\/a>\n<\/div>\n<div class=\"autoridades\">\n<div class=\"titulo-secciones\">\n\t\t<a href=\"<?= fileurl('archivos\/alumnos_pdf\/2021\/prod_feb2022.pdf') ?>\u00ab>Cursos extracurriculares<\/a><a\n\t\t\tclass=\"ancla\" id=\"extracurriculares\">&nbsp;<\/a>\n\t<\/div>\n<p>\t&nbsp;<\/p>\n<div class=\"row\">\n<div class=\"col-sm-1\">\n\t\t\t&nbsp;<\/div>\n<div class=\"col-sm-10\">\n<ul>\n<li>\n\t\t\t\t\t<img class=\"img-circle img-responsive listado2\"\n\t\t\t\t\t\tsrc=\"<?= fileurl('sites\/default\/files\/pictures\/boton.png') ?>\u00bb \/>Programa de Capacitaci\u00f3n en<br \/>\n\t\t\t\t\tT\u00e9cnicas de Diagn\u00f3stico de Laboratorio de Enfermedades Infecciosas\n\t\t\t\t<\/li>\n<li>\n\t\t\t\t\t<img class=\"img-circle img-responsive listado2\"\n\t\t\t\t\t\tsrc=\"<?= fileurl('sites\/default\/files\/pictures\/boton.png') ?>\u00bb \/>Manejo y uso sustentable de<br \/>\n\t\t\t\t\tFauna Silvestre\n\t\t\t\t<\/li>\n<li>\n\t\t\t\t\t<img class=\"img-circle img-responsive listado2\"\n\t\t\t\t\t\tsrc=\"<?= fileurl('sites\/default\/files\/pictures\/boton.png') ?>\u00bb \/>Homeopat\u00eda Veterinaria Los d\u00edas<br \/>\n\t\t\t\t\tde este curso ser\u00e1n reprogramados, y ser\u00e1n informados oportunamente.\n\t\t\t\t<\/li>\n<li>\n\t\t\t\t\t<img class=\"img-circle img-responsive listado2\"\n\t\t\t\t\t\tsrc=\"<?= fileurl('sites\/default\/files\/pictures\/boton.png') ?>\u00bb \/><a\n\t\t\t\t\t\thref=\"<?= fileurl('..\/archivos\/alumnos_pdf\/pdfcal\/taca2022.pdf') ?>\u00ab>Terapias y Actividades<br \/>\n\t\t\t\t\t\tAsistidas con Animales<\/a>\n\t\t\t\t<\/li>\n<li>\n\t\t\t\t\t<img class=\"img-circle img-responsive listado2\"\n\t\t\t\t\t\tsrc=\"<?= fileurl('sites\/default\/files\/pictures\/boton.png') ?>\u00bb \/>Bases de Ecograf\u00eda Veterinaria\n\t\t\t\t<\/li>\n<\/ul><\/div>\n<div class=\"col-sm-1\">\n\t\t\t&nbsp;<\/div>\n<\/p><\/div>\n<p>\n\t&nbsp;\n<\/div>\n","protected":false},"excerpt":{"rendered":"<p>Veterinaria Calendario Acad\u00e9mico 2023&nbsp; &nbsp; &nbsp; 1\u00ba cuatrimestre: Inscripci\u00f3n para alumnos provenientes del Ciclo B\u00e1sico Com\u00fan: 27 de febrero al 14 de marzo.<\/p>\n","protected":false},"author":1,"featured_media":0,"comment_status":"open","ping_status":"open","sticky":false,"template":"","format":"standard","meta":{"_acf_changed":false,"footnotes":""},"categories":[1],"tags":[],"class_list":["post-2036","post","type-post","status-publish","format-standard","hentry","category-sin-categoria"],"acf":[],"publishpress_future_action":{"enabled":false,"date":"2026-09-08 19:27:06","action":"change-status","newStatus":"draft","terms":[],"taxonomy":"category","extraData":[]},"publishpress_future_workflow_manual_trigger":{"enabledWorkflows":[]},"_links":{"self":[{"href":"https:\/\/dev.sitios.fvet.uba.ar\/index.php\/wp-json\/wp\/v2\/posts\/2036","targetHints":{"allow":["GET"]}}],"collection":[{"href":"https:\/\/dev.sitios.fvet.uba.ar\/index.php\/wp-json\/wp\/v2\/posts"}],"about":[{"href":"https:\/\/dev.sitios.fvet.uba.ar\/index.php\/wp-json\/wp\/v2\/types\/post"}],"author":[{"embeddable":true,"href":"https:\/\/dev.sitios.fvet.uba.ar\/index.php\/wp-json\/wp\/v2\/users\/1"}],"replies":[{"embeddable":true,"href":"https:\/\/dev.sitios.fvet.uba.ar\/index.php\/wp-json\/wp\/v2\/comments?post=2036"}],"version-history":[{"count":0,"href":"https:\/\/dev.sitios.fvet.uba.ar\/index.php\/wp-json\/wp\/v2\/posts\/2036\/revisions"}],"wp:attachment":[{"href":"https:\/\/dev.sitios.fvet.uba.ar\/index.php\/wp-json\/wp\/v2\/media?parent=2036"}],"wp:term":[{"taxonomy":"category","embeddable":true,"href":"https:\/\/dev.sitios.fvet.uba.ar\/index.php\/wp-json\/wp\/v2\/categories?post=2036"},{"taxonomy":"post_tag","embeddable":true,"href":"https:\/\/dev.sitios.fvet.uba.ar\/index.php\/wp-json\/wp\/v2\/tags?post=2036"}],"curies":[{"name":"wp","href":"https:\/\/api.w.org\/{rel}","templated":true}]}}