{"id":2037,"date":"2022-12-16T16:26:02","date_gmt":"2022-12-16T19:26:02","guid":{"rendered":"https:\/\/dev.sitios.fvet.uba.ar\/index.php\/requisitos2023\/"},"modified":"2022-12-16T16:26:02","modified_gmt":"2022-12-16T19:26:02","slug":"requisitos2023","status":"publish","type":"post","link":"https:\/\/dev.sitios.fvet.uba.ar\/index.php\/requisitos2023\/","title":{"rendered":"Requisitos inscripcion Veterinaria 2023"},"content":{"rendered":"<h3 class=\"titulo-insti\">\n    Requisitos<\/h3>\n<div class=\"mision\">\n<div class=\"titulo-secciones\">\n        Requisitos de Veterinaria<a class=\"ancla\" id=\"ing_vet\">&nbsp;<\/a><\/div>\n<p>    &nbsp;<\/p>\n<div class=\"row\">\n<div class=\"col-sm-1\">\n            &nbsp;<\/div>\n<div class=\"col-sm-10\">\n            <b>Requisitos de inscripci\u00f3n al 2\u00b0 Ciclo de Grado<br \/>\n                Ciclo B\u00e1sico Com\u00fan &#8211; <a href=\"www.cbc.uba.ar\">www.cbc.uba.ar<\/a><\/b><br \/>\n            Aprobaci\u00f3n de materias C.B.C.:<br \/>\n            Introducci\u00f3n al pensamiento cient\u00edfico<br \/>\n            Introducci\u00f3n al conocimiento de la sociedad y el estado<br \/>\n            Qu\u00edmica<br \/>\n            F\u00edsica e Introducci\u00f3n a la Biof\u00edsica<br \/>\n            Biolog\u00eda<br \/>\n            Matem\u00e1tica<\/p>\n<p>            <a href=\"<?= fveturl('?q=veterinariaCalendario#calendario') ?>\u00ab><b>Fechas de inscripci\u00f3n<\/b><\/a><\/p>\n<p>            <b>Formulario de preinscripci\u00f3n:<\/b> estar\u00e1 disponible a partir del 27 de febrero &#8211; Al finalizar la<br \/>\npreinscripci\u00f3n deber\u00e1 seleccionar un turno para concurrir presencialmente a la Facultad (dentro de los d\u00edas de inscripci\u00f3n) para presentar la documentaci\u00f3n que se detalla a<br \/>\ncontinuaci\u00f3n:<\/p>\n<ol>\n<li> DNI original y copia<\/li>\n<li> 2 fotos 4 x 4 actualizadas<\/li>\n<li> Titulo secundario legalizado por la Universidad de Buenos Aires:<br \/>\nCopia del certificado de legalizaci\u00f3n, donde consta el n\u00famero de expediente, cuando la legalizaci\u00f3n se hizo por TAD (Tramites a distancia).<br \/>\nSi la legalizaci\u00f3n es anterior al TAD-UBA, original y fotocopia del t\u00edtulo legalizado (debe figurar el sello y firma de la UBA)<br \/>\nEn el caso de no contar con el titulo secundario legalizado, debe iniciar su legalizaci\u00f3n a trav\u00e9s<br \/>\ndel <a href=\"https:\/\/tramitesadistancia.uba.ar\"> TAD- UBA <\/a> y presentar, en el momento de su<br \/>\ninscripci\u00f3n, la copia de la car\u00e1tula de inicio de la legalizaci\u00f3n. En <a href=\"http:\/\/www.legalizaciones.rec.uba.ar\"> www.legalizaciones.rec.uba.ar <\/a>\u00a0podr\u00e1 encontrar toda la informaci\u00f3n necesaria para poder<br \/>\nrealizar el tr\u00e1mite.<br \/>\nSi el t\u00edtulo secundario lo tiene en tr\u00e1mite, constancia de t\u00edtulo en tr\u00e1mite expedida por la<br \/>\nAutoridad de Establecimiento de Ense\u00f1anza Media. <br \/>\nSi el t\u00edtulo secundario es de un Establecimiento Extranjero, deber\u00e1 presentar la convalidaci\u00f3n<br \/>\ndel t\u00edtulo legalizado por UBA. <\/li>\n<li> Inscripci\u00f3n al CBC:  <br \/>Debe presentar el certificado de inscripci\u00f3n al Ciclo B\u00e1sico Com\u00fan: puede obtenerlo desde el siguiente link:  <a href=\"http:\/\/www4.cbc.uba.ar\/inscripciones\"> www4.cbc.uba.ar\/inscripciones <\/a>\n<\/ol>\n<p>           <!-- La presentaci\u00f3n de la documentaci\u00f3n original\n            debidamente legalizada se realizar\u00e1 en la Direcci\u00f3n de Alumnos de la Facultad, una vez iniciado el segundo cuatrimestre, en fecha a confirmar.<br \/>--><\/p>\n<p>            <!--T\u00edtulo Secundario Original Legalizado por la Direcci\u00f3n de T\u00edtulos y Planes de la U.B.A., sita en Uriburu 950 - Ciudad de Bs. As. y fotocopia del mismo.<br \/>\n            <a href=\"http:\/\/www.legalizacionesturnos.rec.uba.ar\/\">Solicitar turno<\/a><br \/>\n            2 (dos) Fotos carnet 4 x 4 actualizadas<br \/>\n            1 folio tama\u00f1o oficio<br \/>\n            Documento Nacional de Identidad y fotocopia.<br \/>\n            Libreta del Ciclo B\u00e1sico Com\u00fan<br \/>\n            Constancia del Examen Preventivo de Salud (de car\u00e1cter obligatorio) expedida por la Direcci\u00f3n de Salud de la U.B.A., original y fotocopia (si no lo ha realizado deber\u00e1 hacerlo durante el a\u00f1o en curso)<br \/>\n            <a href=\"<?= fveturl('?q=veterinariaCalendario#calendario') ?>\">Fechas de inscripci\u00f3n<\/a><br \/>\n            Luego de haber realizado la preinscripci\u00f3n, debe concurrir con la documentaci\u00f3n solicitada precedentemente, en el horario de atenci\u00f3n al p\u00fablico.<br \/>\n            <a href=\"http:\/\/dpd.fvet.uba.ar\/\">Formulario de preinscripci\u00f3n<\/a>: Estar\u00e1 disponible en la web a partir del 5 de febrero al 10 de marzo.\n\n\n            <b>Atenci\u00f3n al p\u00fablico:<\/b> horario de atenci\u00f3n de 8:30 a 17:00 h--><\/div>\n<div class=\"col-sm-1\">\n            &nbsp;<\/div>\n<\/p><\/div>\n<p>\n    &nbsp;<\/div>\n<div class=\"decano\">\n<div class=\"titulo-secciones\">\n        Requisitos de la Tecnicatura Universitaria en Gesti\u00f3n Integral de Bioterios<a class=\"ancla\" id=\"ing_bio\">&nbsp;<\/a><\/div>\n<p>    &nbsp;<\/p>\n<div class=\"row\">\n<div class=\"col-sm-1\">\n            &nbsp;<\/div>\n<div class=\"col-sm-10\">\n            <b>Requisitos de inscripci\u00f3n al 2\u00b0 Ciclo de Grado<br \/>\n                Ciclo B\u00e1sico Com\u00fan &#8211; <a href=\"www.cbc.uba.ar\">www.cbc.uba.ar<\/a><\/b><br \/>\n            Aprobaci\u00f3n de materias C.B.C.:<br \/>\n            Biolog\u00eda<br \/>\n            Qu\u00edmica<br \/>\n            Introducci\u00f3n al pensamiento cient\u00edfico<br \/>\n            Trabajo y Sociedad (*)<\/p>\n<p>            (*) Por resol. (CS) 1438\/2013 se considera la asignatura Introducci\u00f3n al Conocimiento de la Sociedad y el Estado como equivalente a la asignatura Trabajo y Sociedad<br \/>\n            &nbsp;<br \/>\n            <!--            \n            \n\n<div style=\"font-size: large;\">\n                            <a href=\"<?= fileurl('..\/archivos\/alumnos_pdf\/res2020\/resBioCBC.pdf') ?>\">Inscripci\u00f3n condicional al segundo ciclo segundo cuatrimestre 2020<\/a><\/div>\n\n\n                        <br \/>--><br \/>\n            <!--\n            <b>Documentaci\u00f3n:<\/b><br \/>\n                T\u00edtulo Secundario Original legalizado por la Direcci\u00f3n de T\u00edtulos y Planes de la U.B.A., sita en Uriburu 950 - Ciudad de Bs. As. y fotocopia del mismo<br \/>\n                <a href=\"http:\/\/www.legalizacionesturnos.rec.uba.ar\/\">Solicitar turno<\/a><br \/>\n                2 (dos) fotos carnet actualizadas 4 x 4<br \/>\n                D.N.I. y fotocopia.<br \/>\n                Libreta del Ciclo B\u00e1sico Com\u00fan<br \/>\n                1 (uno) folio transparente tama\u00f1o oficio<br \/>\n                Constancia del Examen Preventivo de Salud (de car\u00e1cter obligatorio) expedida por la Direcci\u00f3n de Salud de la U.B.A., original y fotocopia (si no lo ha realizado deber\u00e1 hacerlo durante el a\u00f1o en curso)\n\n\n                <a href=\"<?= fveturl('?q=bioterioCalendario#calendario') ?>\">Fechas de inscripci\u00f3n<\/a><br \/>\n                Luego de haber realizado la preinscripci\u00f3n, debe concurrir con la documentaci\u00f3n solicitada precedentemente, en el horario de atenci\u00f3n al p\u00fablico.<br \/>\n                <a href=\"http:\/\/dpd.fvet.uba.ar\/\">Formulario de preinscripci\u00f3n:<\/a> Estar\u00e1 disponible en la web desde el 17 de febrero\n\n\n                <b>Atenci\u00f3n al p\u00fablico:<\/b> horario de atenci\u00f3n de 8:30 a 17:00 h.\n            --><br \/>\n<!--<br \/>  <b>Documentaci\u00f3n para inscribirse:<\/b><br \/>\n            <!--La inscripci\u00f3n al segundo ciclo ser\u00e1 en modalidad on line--><br \/>\n            <a href=\"<?= fveturl('?q=bioterioCalendario#calendario') ?>\u00ab><br \/>\n\t\t\t<a href=\"<?= fveturl('?q=bioterioCalendario#calendario') ?>\u00ab><b>Fechas de inscripci\u00f3n<\/b><\/a><\/p>\n<p>\t\t\t <b>Formulario de preinscripci\u00f3n:<\/b> estar\u00e1 disponible a partir del 27 de febrero &#8211; Al finalizar la<br \/>\npreinscripci\u00f3n deber\u00e1 seleccionar un turno para concurrir presencialmente a la Facultad (dentro de los d\u00edas de inscripci\u00f3n) para presentar la documentaci\u00f3n que se detalla a<br \/>\ncontinuaci\u00f3n:<\/p>\n<ol>\n<li> DNI original y copia<\/li>\n<li> 2 fotos 4 x 4 actualizadas<\/li>\n<li> Titulo secundario legalizado por la Universidad de Buenos Aires:<br \/>\nCopia del certificado de legalizaci\u00f3n, donde consta el n\u00famero de expediente, cuando la legalizaci\u00f3n se hizo por TAD (Tramites a distancia).<br \/>\nSi la legalizaci\u00f3n es anterior al TAD-UBA, original y fotocopia del t\u00edtulo legalizado (debe figurar el sello y firma de la UBA)<br \/>\nEn el caso de no contar con el titulo secundario legalizado, debe iniciar su legalizaci\u00f3n a trav\u00e9s<br \/>\ndel <a href=\"https:\/\/tramitesadistancia.uba.ar\"> TAD- UBA <\/a> y presentar, en el momento de su<br \/>\ninscripci\u00f3n, la copia de la car\u00e1tula de inicio de la legalizaci\u00f3n. En <a href=\"http:\/\/www.legalizaciones.rec.uba.ar\"> www.legalizaciones.rec.uba.ar <\/a>\u00a0podr\u00e1 encontrar toda la informaci\u00f3n necesaria para poder<br \/>\nrealizar el tr\u00e1mite.<br \/>\nSi el t\u00edtulo secundario lo tiene en tr\u00e1mite, constancia de t\u00edtulo en tr\u00e1mite expedida por la<br \/>\nAutoridad de Establecimiento de Ense\u00f1anza Media. <br \/>\nSi el t\u00edtulo secundario es de un Establecimiento Extranjero, deber\u00e1 presentar la convalidaci\u00f3n<br \/>\ndel t\u00edtulo legalizado por UBA. <\/li>\n<li> Inscripci\u00f3n al CBC: <br \/>\n\t\t\t\tDebe presentar el certificado de inscripci\u00f3n al Ciclo B\u00e1sico Com\u00fan: puede obtenerlo desde el siguiente link:  <a href=\"http:\/\/www4.cbc.uba.ar\/inscripciones\"> www4.cbc.uba.ar\/inscripciones <\/a><\/p>\n<p>\t\t\t<!--Fechas de inscripci\u00f3n<\/a><br \/>\n            <b>Formulario de preinscripci\u00f3n:<\/b> estar\u00e1 disponible a partir del 2 de agosto.\n            en el sistema de alumnos. Cuando completa la prescripci\u00f3n debe adjuntar:<br \/>\n            A) Copia escaneada del DNI en formato PDF (anverso y reverso)<br \/>\n            B) Copia escaneada en formato PDF del T\u00cdTULO SECUNDARIO (anverso y reverso) legalizado por la Direcci\u00f3n de T\u00edtulos y Planes de la UBA. \n            (Sino tuviera el t\u00edtulo legalizado por la UBA adjunte copia simple) Si el t\u00edtulo secundario lo tiene en tr\u00e1mite, copia escaneada de \n            constancia de t\u00edtulo en tramite expedida por la Autoridad de Establecimiento de Ense\u00f1anza Media)\n\n\n            La presentaci\u00f3n de la documentaci\u00f3n original debidamente legalizada se realizar\u00e1 en la Direcci\u00f3n de Alumnos de la Facultad, una vez iniciado el segundo cuatrimestre, \n            en fecha a confirmar.--><\/p><\/div>\n<div class=\"col-sm-1\">\n            &nbsp;<\/div>\n<\/p><\/div>\n<p>\n    &nbsp;<\/div>\n<div class=\"autoridades\">\n<div class=\"titulo-secciones\">\n        Requisitos de la Licenciatura en Gesti\u00f3n de Agroalimentos<a class=\"ancla\" id=\"ing_agr\" name=\"ing_agr\">&nbsp;<\/a><\/div>\n<p>    &nbsp;<\/p>\n<div class=\"row\">\n<div class=\"col-sm-1\">\n            &nbsp;<\/div>\n<div class=\"col-sm-10\">\n<p>\n                <!--<b>REQUISITOS DE LA LICENCIATURA EN GESTI\u00d3N DE AGROALIMENTOS<\/b>--><\/p>\n<p>\n                <b>Inscripci\u00f3n al Segundo Ciclo<\/b><\/p>\n<p>\n                Materias aprobadas del 1\u00ba Ciclo (CBC)<br \/>\n                &nbsp;<\/p>\n<div class=\"panel panel-default\">\n<table class=\"table table-hover\">\n<thead>\n<tr align=\"left\">\n<th align=\"left\">\n<p>\n                                    C\u00f3digo<\/p>\n<\/th>\n<th align=\"left\">\n<p>\n                                    Materia<\/p>\n<\/th>\n<\/tr>\n<\/thead>\n<tbody>\n<tr align=\"center\">\n<td align=\"left\">\n                                51<\/td>\n<td align=\"left\">\n                                Matem\u00e1tica<\/td>\n<\/tr>\n<tr align=\"center\">\n<td align=\"left\">\n                                5<\/td>\n<td align=\"left\">\n                                Qu\u00edmica<\/td>\n<\/tr>\n<tr align=\"center\">\n<td align=\"left\">\n                                24<\/td>\n<td align=\"left\">\n                                Introducci\u00f3n al Conocimiento de la Sociedad y Estado<\/td>\n<\/tr>\n<tr align=\"center\">\n<td align=\"left\">\n                                8<\/td>\n<td align=\"left\">\n                                Biolog\u00eda<\/td>\n<\/tr>\n<tr align=\"center\">\n<td align=\"left\">\n                                53<\/td>\n<td align=\"left\">\n                                F\u00edsica e Introducci\u00f3n a la Biof\u00edsica<\/td>\n<\/tr>\n<tr align=\"center\">\n<td align=\"left\">\n                                40<\/td>\n<td align=\"left\">\n                                Introducci\u00f3n al Pensamiento Cient\u00edfico<\/td>\n<\/tr>\n<tr align=\"center\">\n<td align=\"left\">\n                                &nbsp;<\/td>\n<td align=\"left\">\n                                &#8211; <b>Inscripci\u00f3n:<\/b> Facultad de Agronom\u00eda. <a href=\"http:\/\/www.agro.uba.ar\">www.agro.uba.ar<\/a> &#8211; alumnos<\/td>\n<\/tr>\n<\/tbody>\n<\/table>\n<p>\n                    &nbsp;<\/p>\n<\/p><\/div>\n<\/p><\/div>\n<div class=\"col-sm-1\">\n            &nbsp;<\/div>\n<\/p><\/div>\n<p>\n    &nbsp;\n<\/div>\n","protected":false},"excerpt":{"rendered":"<p>Requisitos Requisitos de Veterinaria&nbsp; &nbsp; &nbsp; Requisitos de inscripci\u00f3n al 2\u00b0 Ciclo de Grado Ciclo B\u00e1sico Com\u00fan &#8211; www.cbc.uba.ar Aprobaci\u00f3n de materias C.B.C.: Introducci\u00f3n al pensamiento cient\u00edfico Introducci\u00f3n al conocimiento de la sociedad y el estado Qu\u00edmica F\u00edsica e Introducci\u00f3n a la Biof\u00edsica Biolog\u00eda Matem\u00e1tica<\/p>\n","protected":false},"author":1,"featured_media":0,"comment_status":"open","ping_status":"open","sticky":false,"template":"","format":"standard","meta":{"footnotes":""},"categories":[1],"tags":[],"class_list":["post-2037","post","type-post","status-publish","format-standard","hentry","category-sin-categoria"],"publishpress_future_action":{"enabled":false,"date":"2026-09-08 06:37:29","action":"change-status","newStatus":"draft","terms":[],"taxonomy":"category","extraData":[]},"publishpress_future_workflow_manual_trigger":{"enabledWorkflows":[]},"_links":{"self":[{"href":"https:\/\/dev.sitios.fvet.uba.ar\/index.php\/wp-json\/wp\/v2\/posts\/2037","targetHints":{"allow":["GET"]}}],"collection":[{"href":"https:\/\/dev.sitios.fvet.uba.ar\/index.php\/wp-json\/wp\/v2\/posts"}],"about":[{"href":"https:\/\/dev.sitios.fvet.uba.ar\/index.php\/wp-json\/wp\/v2\/types\/post"}],"author":[{"embeddable":true,"href":"https:\/\/dev.sitios.fvet.uba.ar\/index.php\/wp-json\/wp\/v2\/users\/1"}],"replies":[{"embeddable":true,"href":"https:\/\/dev.sitios.fvet.uba.ar\/index.php\/wp-json\/wp\/v2\/comments?post=2037"}],"version-history":[{"count":0,"href":"https:\/\/dev.sitios.fvet.uba.ar\/index.php\/wp-json\/wp\/v2\/posts\/2037\/revisions"}],"wp:attachment":[{"href":"https:\/\/dev.sitios.fvet.uba.ar\/index.php\/wp-json\/wp\/v2\/media?parent=2037"}],"wp:term":[{"taxonomy":"category","embeddable":true,"href":"https:\/\/dev.sitios.fvet.uba.ar\/index.php\/wp-json\/wp\/v2\/categories?post=2037"},{"taxonomy":"post_tag","embeddable":true,"href":"https:\/\/dev.sitios.fvet.uba.ar\/index.php\/wp-json\/wp\/v2\/tags?post=2037"}],"curies":[{"name":"wp","href":"https:\/\/api.w.org\/{rel}","templated":true}]}}