{"id":2038,"date":"2022-12-21T10:55:01","date_gmt":"2022-12-21T13:55:01","guid":{"rendered":"https:\/\/dev.sitios.fvet.uba.ar\/index.php\/calendario2023bioterio\/"},"modified":"2022-12-21T10:55:01","modified_gmt":"2022-12-21T13:55:01","slug":"calendario2023bioterio","status":"publish","type":"post","link":"https:\/\/dev.sitios.fvet.uba.ar\/index.php\/calendario2023bioterio\/","title":{"rendered":"Calendario Academico Bioterio 2023 Prueba"},"content":{"rendered":"<h3 class=\"titulo-insti\">\n\tBioterio<\/h3>\n<div class=\"mision\">\n<div class=\"titulo-secciones\">\n\t\tCalendario Acad\u00e9mico 2023<a class=\"ancla\" id=\"calendario\">&nbsp;<\/a><\/div>\n<p>\t&nbsp;<\/p>\n<div class=\"row\">\n<div class=\"col-sm-1\">\n\t\t\t&nbsp;<\/div>\n<div class=\"col-sm-10\">\n\t\t\t<br \/>\n\t\t\t<b>1er cuatrimestre<\/b><\/p>\n<p>\t\t\t<b>Inscripci\u00f3n para alumnos provenientes del Ciclo B\u00e1sico Com\u00fan:<\/b><br \/>\n\t\t\t27 de febrero al 14 de marzo<\/p>\n<p>\t\t\t<a href=\"<?= fveturl('?q=ingresantesRequisitos#ing_bio') ?>\u00ab>Documentaci\u00f3n a presentar y formulario de preinscripci\u00f3n<\/a><\/p>\n<p>\t\t\t<b>Inscripci\u00f3n a cursos:<\/b> 13 y 14 de marzo<\/p>\n<p>\t\t\t<b>Per\u00edodo lectivo:<\/b> 20 de marzo al 1 de julio<br \/>\n<!--Receso acad\u00e9mico: 19 al 30 de julio--><br \/>\n<br \/>\n\t\t\t<!--<br \/>\n            Receso academico: 7 de abril al 10 de julio.<br \/>--><br \/>\n\t\t\t<b>2do cuatrimestre<\/b><\/p>\n<p>\t\t\t<b>Inscripci\u00f3n para alumnos provenientes del Ciclo B\u00e1sico Com\u00fan:<\/b> 24 de julio al 8 de agosto<\/p>\n<p>\t\t\t<!--<a href=\"<?= fveturl('?q=ingresantesRequisitos#ing_bio') ?>\">Documentaci\u00f3n a presentar y formulario de preinscripci\u00f3n<\/a>--><\/p>\n<p> <b>Inscripci\u00f3n a cursos:<\/b> 7 y 8 de agosto<\/p>\n<p>\t\t\t<!--<b>Publicaci\u00f3n resultados:<\/b> 4 de setiembre.<br \/>\n            <b>Inicio de clases modalidad virtual:<\/b> 7 de setiembre.<br \/>\n            <b>Anulaciones de inscripciones:<\/b> 7 al 18 de setiembre.<br \/>--> <b>Per\u00edodo lectivo:<\/b> 14 de agosto al 25 de noviembre<\/p>\n<p>\t\t\t<!--Puede consultar las fechas de ex\u00e1menes del calendario vigente en el <a href=\"http:\/\/dpd.fvet.uba.ar\">Sistema de Alumnos.<\/a>\n\n\n\t\t\t<a href=\"http:\/\/dpd.fvet.uba.ar\/cgi\/cgi.exe\/publico@sistema?param=DCDF\"><b>Oferta de cursos<\/b><\/a><br \/>--><br \/>\n\t\t\t&nbsp;<\/div>\n<div class=\"col-sm-1\">\n\t\t\t&nbsp;<\/div>\n<\/p><\/div>\n<p>\n\t&nbsp;<\/div>\n","protected":false},"excerpt":{"rendered":"<p>Bioterio Calendario Acad\u00e9mico 2023&nbsp; &nbsp; &nbsp; 1er cuatrimestre Inscripci\u00f3n para alumnos provenientes del Ciclo B\u00e1sico Com\u00fan: 27 de febrero al 14 de marzo<\/p>\n","protected":false},"author":1,"featured_media":0,"comment_status":"open","ping_status":"open","sticky":false,"template":"","format":"standard","meta":{"_acf_changed":false,"footnotes":""},"categories":[1],"tags":[],"class_list":["post-2038","post","type-post","status-publish","format-standard","hentry","category-sin-categoria"],"acf":[],"publishpress_future_action":{"enabled":false,"date":"2026-09-08 19:27:00","action":"change-status","newStatus":"draft","terms":[],"taxonomy":"category","extraData":[]},"publishpress_future_workflow_manual_trigger":{"enabledWorkflows":[]},"_links":{"self":[{"href":"https:\/\/dev.sitios.fvet.uba.ar\/index.php\/wp-json\/wp\/v2\/posts\/2038","targetHints":{"allow":["GET"]}}],"collection":[{"href":"https:\/\/dev.sitios.fvet.uba.ar\/index.php\/wp-json\/wp\/v2\/posts"}],"about":[{"href":"https:\/\/dev.sitios.fvet.uba.ar\/index.php\/wp-json\/wp\/v2\/types\/post"}],"author":[{"embeddable":true,"href":"https:\/\/dev.sitios.fvet.uba.ar\/index.php\/wp-json\/wp\/v2\/users\/1"}],"replies":[{"embeddable":true,"href":"https:\/\/dev.sitios.fvet.uba.ar\/index.php\/wp-json\/wp\/v2\/comments?post=2038"}],"version-history":[{"count":0,"href":"https:\/\/dev.sitios.fvet.uba.ar\/index.php\/wp-json\/wp\/v2\/posts\/2038\/revisions"}],"wp:attachment":[{"href":"https:\/\/dev.sitios.fvet.uba.ar\/index.php\/wp-json\/wp\/v2\/media?parent=2038"}],"wp:term":[{"taxonomy":"category","embeddable":true,"href":"https:\/\/dev.sitios.fvet.uba.ar\/index.php\/wp-json\/wp\/v2\/categories?post=2038"},{"taxonomy":"post_tag","embeddable":true,"href":"https:\/\/dev.sitios.fvet.uba.ar\/index.php\/wp-json\/wp\/v2\/tags?post=2038"}],"curies":[{"name":"wp","href":"https:\/\/api.w.org\/{rel}","templated":true}]}}