{"id":2039,"date":"2022-12-21T11:34:12","date_gmt":"2022-12-21T14:34:12","guid":{"rendered":"https:\/\/dev.sitios.fvet.uba.ar\/index.php\/calendario2023agroa\/"},"modified":"2022-12-21T11:34:12","modified_gmt":"2022-12-21T14:34:12","slug":"calendario2023agroa","status":"publish","type":"post","link":"https:\/\/dev.sitios.fvet.uba.ar\/index.php\/calendario2023agroa\/","title":{"rendered":"Calendario academico 2023 Agroalimentos"},"content":{"rendered":"<h3 class=\"titulo-insti\">\n\tAgroalimentos<\/h3>\n<div class=\"mision\">\n<div class=\"titulo-secciones\">\n\t\tCalendario Acad\u00e9mico 2023<a class=\"ancla\" id=\"calendario\">&nbsp;<\/a><\/div>\n<p>\t&nbsp;<\/p>\n<div class=\"row\">\n<div class=\"col-sm-1\">\n\t\t\t&nbsp;<\/div>\n<div class=\"col-sm-10\">\n\t\t\t<br \/>\n\t\t\t<b>1er cuatrimestre<\/b><\/p>\n<p>\t\t\t<b>Inscripci\u00f3n a cursos:<\/b> 13 y 14 de marzo<\/p>\n<p>\t\t\t<b>Per\u00edodo lectivo:<\/b> 20 de marzo al 1 de julio<br \/>\n<!--Receso acad\u00e9mico: 19 al 30 de julio.<br \/>--><br \/>\n\t\t\t<br \/>\n\t\t\t<!--\n\n<div style=\"font-size:20px;\">\n                Atento lo dispuesto por la <a href=\"http:\/\/www.uba.ar\/noticiasuba\/ACTO-2020-00832987-UBA-REC.pdf\" target=\"_blank\" rel=\"noopener\">Resoluci\u00f3n&nbsp; Rector&nbsp; N 423\/20 <\/a> sobre la reprogramaci\u00f3n del calendario acad\u00e9mico, las fechas correspondientes ser\u00e1n publicadas pr\u00f3ximamente<\/div>\n\n\n            <br \/>\n            <b>Receso academico:<\/b>20 al 31 de julio.\n\n--> <br \/>\n<b>2do cuatrimestre<\/b><\/p>\n<p>\t\t\t<b>Inscripci\u00f3n a cursos:<\/b> 7 y 8 de agosto<\/p>\n<p>\t\t\t<b>Per\u00edodo lectivo:<\/b> 14 de agosto al 25 de noviembre<br \/>\n\t\t\t<!--<b>Publicaci\u00f3n de resultados:<\/b> 4 de septiembre.<br \/>\n            <b>Anulaciones:<\/b> 7 al 18 de septiembre.<br \/>\n            <b>Inicio de clases modalidad virtual:<\/b> 7 de septiembre.<br \/>--><br \/>\n\t\t\t<!--Puede consultar las fechas de ex\u00e1menes del calendario vigente en el <a href=\"http:\/\/dpd.fvet.uba.ar\">Sistema de Alumnos<\/a>\n\n\n\t\t\t<a href=\"http:\/\/dpd.fvet.uba.ar\/cgi\/cgi.exe\/publico@sistema?param=DCDF\"><b>Oferta de cursos<\/b><\/a>--><br \/>\n\t\t\t&nbsp;<\/div>\n<div class=\"col-sm-1\">\n\t\t\t&nbsp;<\/div>\n<\/p><\/div>\n<p>\n\t&nbsp;<\/div>\n","protected":false},"excerpt":{"rendered":"<p>Agroalimentos Calendario Acad\u00e9mico 2023&nbsp; &nbsp; &nbsp; 1er cuatrimestre Inscripci\u00f3n a cursos: 13 y 14 de marzo Per\u00edodo lectivo: 20 de marzo al 1 de julio 2do cuatrimestre Inscripci\u00f3n a cursos: 7 y 8 de agosto Per\u00edodo lectivo: 14 de agosto al 25 de noviembre &nbsp; &nbsp; &nbsp;<\/p>\n","protected":false},"author":1,"featured_media":0,"comment_status":"open","ping_status":"open","sticky":false,"template":"","format":"standard","meta":{"_acf_changed":false,"footnotes":""},"categories":[1],"tags":[],"class_list":["post-2039","post","type-post","status-publish","format-standard","hentry","category-sin-categoria"],"acf":[],"publishpress_future_action":{"enabled":false,"date":"2026-09-08 19:27:02","action":"change-status","newStatus":"draft","terms":[],"taxonomy":"category","extraData":[]},"publishpress_future_workflow_manual_trigger":{"enabledWorkflows":[]},"_links":{"self":[{"href":"https:\/\/dev.sitios.fvet.uba.ar\/index.php\/wp-json\/wp\/v2\/posts\/2039","targetHints":{"allow":["GET"]}}],"collection":[{"href":"https:\/\/dev.sitios.fvet.uba.ar\/index.php\/wp-json\/wp\/v2\/posts"}],"about":[{"href":"https:\/\/dev.sitios.fvet.uba.ar\/index.php\/wp-json\/wp\/v2\/types\/post"}],"author":[{"embeddable":true,"href":"https:\/\/dev.sitios.fvet.uba.ar\/index.php\/wp-json\/wp\/v2\/users\/1"}],"replies":[{"embeddable":true,"href":"https:\/\/dev.sitios.fvet.uba.ar\/index.php\/wp-json\/wp\/v2\/comments?post=2039"}],"version-history":[{"count":0,"href":"https:\/\/dev.sitios.fvet.uba.ar\/index.php\/wp-json\/wp\/v2\/posts\/2039\/revisions"}],"wp:attachment":[{"href":"https:\/\/dev.sitios.fvet.uba.ar\/index.php\/wp-json\/wp\/v2\/media?parent=2039"}],"wp:term":[{"taxonomy":"category","embeddable":true,"href":"https:\/\/dev.sitios.fvet.uba.ar\/index.php\/wp-json\/wp\/v2\/categories?post=2039"},{"taxonomy":"post_tag","embeddable":true,"href":"https:\/\/dev.sitios.fvet.uba.ar\/index.php\/wp-json\/wp\/v2\/tags?post=2039"}],"curies":[{"name":"wp","href":"https:\/\/api.w.org\/{rel}","templated":true}]}}