{"id":2040,"date":"2023-01-16T19:10:27","date_gmt":"2023-01-16T22:10:27","guid":{"rendered":"https:\/\/dev.sitios.fvet.uba.ar\/index.php\/pasanestesiologia\/"},"modified":"2023-01-16T19:10:27","modified_gmt":"2023-01-16T22:10:27","slug":"pasanestesiologia","status":"publish","type":"post","link":"https:\/\/dev.sitios.fvet.uba.ar\/index.php\/pasanestesiologia\/","title":{"rendered":"Escuela de Graduados\/Pasant\u00eda de Anestesiolog\u00eda de Peque\u00f1os Animales"},"content":{"rendered":"<h3 class=\"titulo-insti\">\n    Anestesiolog\u00eda de Peque\u00f1os Animales<\/h3>\n<div class=\"mision\">\n<div class=\"titulo-secciones\">\n        ANESTESIOLOG\u00cdA DE PEQUE\u00d1OS ANIMALES<a class=\"ancla\" id=\"inicio\">&nbsp;<\/a><\/div>\n<p>    &nbsp;<\/p>\n<div class=\"row\">\n<div class=\"col-sm-1\">\n            &nbsp;<\/div>\n<div class=\"col-sm-10\">\n            <b>Coordinadores:<\/b> Dr Pablo OTERO; Dra Lisa TARRAGONA; Esp. Andrea ZACCAGNINI.<\/p>\n<p>            <b>Lugar de realizaci\u00f3n:<\/b> Servicio de Anestesiolog\u00eda del Hospital Escuela<br \/>\n            de Medicina Veterinaria. Facultad de Ciencias Veterinarias-UBA<\/p>\n<p>            <b>Inscripci\u00f3n:<\/b> marzo y octubre de cada a\u00f1o<\/p>\n<p>            <b>Objetivos:<\/b><\/p>\n<p>            <b>Que el pasante:<\/b><\/p>\n<ul>\n<li><img decoding=\"async\" class=\"img-circle img-responsive listado2\"\n                        src=\"<?= fileurl('sites\/default\/files\/pictures\/boton.png') ?>\u00bb \/>Se integre al servicio de anestesiolog\u00eda,<br \/>\n                    desempe\u00f1\u00e1ndose de manera<br \/>\n                    creciente y supervisada en el rol de asistente del anestesi\u00f3logo.<\/li>\n<li><img decoding=\"async\" class=\"img-circle img-responsive listado2\"\n                        src=\"<?= fileurl('sites\/default\/files\/pictures\/boton.png') ?>\u00bb \/>Domine los principios de la pr\u00e1ctica de la<br \/>\n                    Anestesiolog\u00eda.<\/li>\n<li><img decoding=\"async\" class=\"img-circle img-responsive listado2\"\n                        src=\"<?= fileurl('sites\/default\/files\/pictures\/boton.png') ?>\u00bb \/>Sea capaz de fundamentar la utilizaci\u00f3n de<br \/>\n                    los distintos tipos de<br \/>\n                    anestesia, los protocolos anest\u00e9sicos, sus riesgos y complicaciones.<\/li>\n<li><img decoding=\"async\" class=\"img-circle img-responsive listado2\"\n                        src=\"<?= fileurl('sites\/default\/files\/pictures\/boton.png') ?>\u00bb \/>Valore el estado general del animal y<br \/>\n                    determine la pertinencia e<br \/>\n                    indicaci\u00f3n del procedimiento anest\u00e9sico a efectuar, as\u00ed como la<br \/>\n                    clasificaci\u00f3n del riesgo anest\u00e9sico, del paciente realizando un<br \/>\n                    correcto seguimiento, adelant\u00e1ndose a las posibles complicaciones.<\/li>\n<li><img decoding=\"async\" class=\"img-circle img-responsive listado2\"\n                        src=\"<?= fileurl('sites\/default\/files\/pictures\/boton.png') ?>\u00bb \/>Reconozca y valore la utilidad de los<br \/>\n                    ex\u00e1menes prequir\u00fargicos<br \/>\n                    complementarios seg\u00fan el caso.<\/li>\n<li><img decoding=\"async\" class=\"img-circle img-responsive listado2\"\n                        src=\"<?= fileurl('sites\/default\/files\/pictures\/boton.png') ?>\u00bb \/>En forma supervisada, dise\u00f1e y administre<br \/>\n                    un protocolo anest\u00e9sico<br \/>\n                    adecuado al paciente a anestesiar y colabore en la atenci\u00f3n pre y post<br \/>\n                    anest\u00e9sica de los pacientes que asisten al servicio.<\/li>\n<li><img decoding=\"async\" class=\"img-circle img-responsive listado2\"\n                        src=\"<?= fileurl('sites\/default\/files\/pictures\/boton.png') ?>\u00bb \/>Realice en forma supervisada las maniobras<br \/>\n                    anest\u00e9sicas habituales<br \/>\n                    (venopunturas, intubaci\u00f3n, ventilaci\u00f3n monitoreo,etc)<\/li>\n<li><img decoding=\"async\" class=\"img-circle img-responsive listado2\"\n                        src=\"<?= fileurl('sites\/default\/files\/pictures\/boton.png') ?>\u00bb \/>Tenga presencia activa en los ateneos,<br \/>\n                    seminarios y discusi\u00f3n de<br \/>\n                    casos del servicio.<\/li>\n<\/ul>\n<p>\n            <b>Actividades a realizar:<\/b><\/p>\n<ul>\n                <img decoding=\"async\" class=\"img-circle img-responsive listado2\"\n                    src=\"<?= fileurl('sites\/default\/files\/pictures\/boton.png') ?>\u00bb \/>Asistencia al quir\u00f3fano del Hospital Escuela de<br \/>\n                la FCV-UBA, ocho horas<br \/>\n                semanales, seg\u00fan el cronograma individual (si es modalidad intensiva, asistir\u00e1 de lunes a viernes)<br \/>\n                <img decoding=\"async\" class=\"img-circle img-responsive listado2\"\n                    src=\"<?= fileurl('sites\/default\/files\/pictures\/boton.png') ?>\u00bb \/>Discusi\u00f3n de los casos anest\u00e9sico-quir\u00fargicos<br \/>\n                del d\u00eda.<br \/>\n                <img decoding=\"async\" class=\"img-circle img-responsive listado2\"\n                    src=\"<?= fileurl('sites\/default\/files\/pictures\/boton.png') ?>\u00bb \/>Asistencia obligatoria a los ateneos,<br \/>\n                seminarios y\/o actividades<br \/>\n                propuestas por la c\u00e1tedra.<br \/>\n                <img decoding=\"async\" class=\"img-circle img-responsive listado2\"\n                    src=\"<?= fileurl('sites\/default\/files\/pictures\/boton.png') ?>\u00bb \/>Realizaci\u00f3n de un reporte de un caso<br \/>\n                anest\u00e9sico, con la posibilidad<br \/>\n                de ser presentado en una reuni\u00f3n cient\u00edfica\n            <\/ul>\n<p>\n            <b>Duraci\u00f3n:<\/b> 128 horas<\/p>\n<p>            <b>Cupo de pasantes:<\/b> 10 postulantes por a\u00f1o<\/p>\n<p>            <b>Requisitos del postulante:<\/b><\/p>\n<p>            Graduados de FCV p\u00fablicas nacionales: <b>si<\/b><\/p>\n<p>            Graduados de FCV privadas o extranjeras: <b>si<\/b><\/p>\n<p>            <b>Becas para docente:<\/b> si<\/p>\n<p>            <b>Cupo anual:<\/b> 1<\/p>\n<p>            <b>Mecanismos de selecci\u00f3n de los pasantes:<\/b><\/p>\n<ul>\n<li><img decoding=\"async\" class=\"img-circle img-responsive listado2\"\n                        src=\"<?= fileurl('sites\/default\/files\/pictures\/boton.png') ?>\u00bb \/>Presentaci\u00f3n de antecedentes acad\u00e9micos y<br \/>\n                    laborales en el \u00e1rea de inter\u00e9s.<\/li>\n<li><img decoding=\"async\" class=\"img-circle img-responsive listado2\"\n                        src=\"<?= fileurl('sites\/default\/files\/pictures\/boton.png') ?>\u00bb \/>Examen de admisi\u00f3n<\/li>\n<li><img decoding=\"async\" class=\"img-circle img-responsive listado2\"\n                        src=\"<?= fileurl('sites\/default\/files\/pictures\/boton.png') ?>\u00bb \/>Entrevista personal a cargo de los<br \/>\n                    coordinadores de la pasant\u00eda del<br \/>\n                    Servicio de Anestesiolog\u00eda.<\/li>\n<li><img decoding=\"async\" class=\"img-circle img-responsive listado2\"\n                        src=\"<?= fileurl('sites\/default\/files\/pictures\/boton.png') ?>\u00bb \/>Se confeccionar\u00e1 un orden de m\u00e9rito, entre<br \/>\n                    aquellos postulantes que<br \/>\n                    hayan completado la totalidad de los requisitos mencionados.<\/li>\n<li><img decoding=\"async\" class=\"img-circle img-responsive listado2\"\n                        src=\"<?= fileurl('sites\/default\/files\/pictures\/boton.png') ?>\u00bb \/>La n\u00f3mina ser\u00e1 encabezada por los<br \/>\n                    aspirantes propuestos como<br \/>\n                    candidatos para realizar la pasant\u00eda.<\/li>\n<\/ul>\n<p>            <b>Modalidad de realizaci\u00f3n:<\/b><\/p>\n<p>            La pasant\u00eda tendr\u00e1 una duraci\u00f3n de ocho semanas.<\/p>\n<p>            <b>Evaluaci\u00f3n de los pasantes:<\/b><\/p>\n<ul>\n<li><img decoding=\"async\" class=\"img-circle img-responsive listado2\"\n                        src=\"<?= fileurl('sites\/default\/files\/pictures\/boton.png') ?>\u00bb \/>Evaluaci\u00f3n diagn\u00f3stica inicial del pasante<br \/>\n                    antes del inicio de actividades.<\/li>\n<li><img decoding=\"async\" class=\"img-circle img-responsive listado2\"\n                        src=\"<?= fileurl('sites\/default\/files\/pictures\/boton.png') ?>\u00bb \/>Seguimiento de la evaluaci\u00f3n del pasante<br \/>\n                    por parte del Tutor, a<br \/>\n                    trav\u00e9s de r\u00fabricas.<\/li>\n<\/ul>\n<p>            <b>Tipo de certificaci\u00f3n:<\/b> certificado de asistencia y aprobaci\u00f3n<\/p>\n<p>            <b><i>La pasant\u00eda ser\u00e1 evaluada por los participantes por medio de una<br \/>\n                    encuesta que ser\u00e1 entregada por la Escuela de Graduados.<\/i><\/b><\/p>\n<p>\n            <b>Solicitud de acreditaci\u00f3n para carreras de posgrado:<\/b> Si*<br \/>\n            <i>*Las pasant\u00edas podr\u00e1n ser acreditadas para las Carreras de Posgrado a<br \/>\n                propuesta de la Escuela de Graduados y con la aprobaci\u00f3n del Consejo<br \/>\n                Directivo.<\/i>\n        <\/div>\n<div class=\"col-sm-1\">\n    &nbsp;<\/div>\n<\/div>\n<p>\n&nbsp;<\/div>\n","protected":false},"excerpt":{"rendered":"<p>Anestesiolog\u00eda de Peque\u00f1os Animales ANESTESIOLOG\u00cdA DE PEQUE\u00d1OS ANIMALES&nbsp; &nbsp; &nbsp; Coordinadores: Dr Pablo OTERO; Dra Lisa TARRAGONA; Esp. Andrea ZACCAGNINI. Lugar de realizaci\u00f3n: Servicio de Anestesiolog\u00eda del Hospital Escuela de Medicina Veterinaria. Facultad de Ciencias Veterinarias-UBA Inscripci\u00f3n: marzo y octubre de cada a\u00f1o Objetivos: Que el pasante:<\/p>\n","protected":false},"author":1,"featured_media":0,"comment_status":"open","ping_status":"open","sticky":false,"template":"","format":"standard","meta":{"_acf_changed":false,"footnotes":""},"categories":[1],"tags":[],"class_list":["post-2040","post","type-post","status-publish","format-standard","hentry","category-sin-categoria"],"acf":[],"publishpress_future_action":{"enabled":false,"date":"2026-09-08 18:13:32","action":"change-status","newStatus":"draft","terms":[],"taxonomy":"category","extraData":[]},"publishpress_future_workflow_manual_trigger":{"enabledWorkflows":[]},"_links":{"self":[{"href":"https:\/\/dev.sitios.fvet.uba.ar\/index.php\/wp-json\/wp\/v2\/posts\/2040","targetHints":{"allow":["GET"]}}],"collection":[{"href":"https:\/\/dev.sitios.fvet.uba.ar\/index.php\/wp-json\/wp\/v2\/posts"}],"about":[{"href":"https:\/\/dev.sitios.fvet.uba.ar\/index.php\/wp-json\/wp\/v2\/types\/post"}],"author":[{"embeddable":true,"href":"https:\/\/dev.sitios.fvet.uba.ar\/index.php\/wp-json\/wp\/v2\/users\/1"}],"replies":[{"embeddable":true,"href":"https:\/\/dev.sitios.fvet.uba.ar\/index.php\/wp-json\/wp\/v2\/comments?post=2040"}],"version-history":[{"count":0,"href":"https:\/\/dev.sitios.fvet.uba.ar\/index.php\/wp-json\/wp\/v2\/posts\/2040\/revisions"}],"wp:attachment":[{"href":"https:\/\/dev.sitios.fvet.uba.ar\/index.php\/wp-json\/wp\/v2\/media?parent=2040"}],"wp:term":[{"taxonomy":"category","embeddable":true,"href":"https:\/\/dev.sitios.fvet.uba.ar\/index.php\/wp-json\/wp\/v2\/categories?post=2040"},{"taxonomy":"post_tag","embeddable":true,"href":"https:\/\/dev.sitios.fvet.uba.ar\/index.php\/wp-json\/wp\/v2\/tags?post=2040"}],"curies":[{"name":"wp","href":"https:\/\/api.w.org\/{rel}","templated":true}]}}