{"id":2043,"date":"2023-05-05T11:32:10","date_gmt":"2023-05-05T14:32:10","guid":{"rendered":"https:\/\/dev.sitios.fvet.uba.ar\/index.php\/galeriappsabril2023\/"},"modified":"2023-05-05T11:32:10","modified_gmt":"2023-05-05T14:32:10","slug":"galeriappsabril2023","status":"publish","type":"post","link":"https:\/\/dev.sitios.fvet.uba.ar\/index.php\/galeriappsabril2023\/","title":{"rendered":"Galeria de Practica Profesionales Supervisadas | Abril 2023"},"content":{"rendered":"<h3 class=\"titulo-insti\">\n    Galer\u00eda de Pr\u00e1cticas Profesionales Supervisadas | Abril 2023<\/h3>\n<div class=\"decano\">\n<div class=\"row\">\n<div class=\"col-sm-1\">\n            &nbsp;<\/div>\n<div class=\"col-sm-10\">\n<table class=\"table table-hover table-condensed\">\n<thead>\n<tr style=\"background-color: #1D2554; font-size: larger; color: white\">\n<th style=\"width: 25%\"><\/th>\n<th style=\"width: 50%\">T\u00edtulo<\/th>\n<th style=\"width: 25%\">Autor<\/th>\n<\/tr>\n<\/thead>\n<tbody>\n<tr>\n<td class=\"row first\">\n                            <a href=\"<?= fileurl('archivos\/galeriaPPS\/abril2023\/001.png') ?>\u00ab><br \/>\n                                <img decoding=\"async\" alt=\"\" class=\"img-responsive\" src=\"<?= fileurl('archivos\/galeriaPPS\/abril2023\/001.png') ?>\u00bb \/><br \/>\n                            <\/a>\n                        <\/td>\n<td style=\"font-size: large; vertical-align: inherit; font-weight: bold\">\n                        Anemia arregenerativa asociada a vilef y mycoplasma haemofelis en felinos\n                        <\/td>\n<td style=\"font-size: large; vertical-align: inherit\">\n                        Buffa Miguel, Carolina Valeria<\/p>\n<p>Tutora: Pidal, Gabriela\n                        <\/td>\n<\/tr>\n<tr>\n<td class=\"row first\">\n                            <a href=\"<?= fileurl('archivos\/galeriaPPS\/abril2023\/002.png') ?>\u00ab><br \/>\n                                <img decoding=\"async\" alt=\"\" class=\"img-responsive\" src=\"<?= fileurl('archivos\/galeriaPPS\/abril2023\/002.png') ?>\u00bb \/><br \/>\n                            <\/a>\n                        <\/td>\n<td style=\"font-size: large; vertical-align: inherit; font-weight: bold\">\n                        Carcinoma de C\u00e9lulas Escamosas en ovejas Frisonas FVET\n                        <\/td>\n<td style=\"font-size: large; vertical-align: inherit\">\n                        Asselborn, Germ\u00e1n Ariel<\/p>\n<p>Tutora: Gutierrez, Betiana\n                        <\/td>\n<\/tr>\n<tr>\n<td class=\"row first\">\n                            <a href=\"<?= fileurl('archivos\/galeriaPPS\/abril2023\/003.png') ?>\u00ab><br \/>\n                                <img decoding=\"async\" alt=\"\" class=\"img-responsive\" src=\"<?= fileurl('archivos\/galeriaPPS\/abril2023\/003.png') ?>\u00bb \/><br \/>\n                            <\/a>\n                        <\/td>\n<td style=\"font-size: large; vertical-align: inherit; font-weight: bold\">\n                        Control del ciclo estral en la hembra bovina: Comparaci\u00f3n de protocolos hormonales\n                        <\/td>\n<td style=\"font-size: large; vertical-align: inherit\">\n                        Tossici, Camila<\/p>\n<p>Tutora: Arraztoa, Cecilia\n                        <\/td>\n<\/tr>\n<tr>\n<td class=\"row first\">\n                            <a href=\"<?= fileurl('archivos\/galeriaPPS\/abril2023\/004.png') ?>\u00ab><br \/>\n                                <img decoding=\"async\" alt=\"\" class=\"img-responsive\" src=\"<?= fileurl('archivos\/galeriaPPS\/abril2023\/004.png') ?>\u00bb \/><br \/>\n                            <\/a>\n                        <\/td>\n<td style=\"font-size: large; vertical-align: inherit; font-weight: bold\">\n                        Descemetocele en braquicef\u00e1licos. Caso \u00abBella\u00bb\n                        <\/td>\n<td style=\"font-size: large; vertical-align: inherit\">\n                        Filippone, Mar\u00eda Victoria<\/p>\n<p>Tutor: Di Ciano, Luis\n                        <\/td>\n<\/tr>\n<tr>\n<td class=\"row first\">\n                            <a href=\"<?= fileurl('archivos\/galeriaPPS\/abril2023\/005.png') ?>\u00ab><br \/>\n                                <img decoding=\"async\" alt=\"\" class=\"img-responsive\" src=\"<?= fileurl('archivos\/galeriaPPS\/abril2023\/005.png') ?>\u00bb \/><br \/>\n                            <\/a>\n                        <\/td>\n<td style=\"font-size: large; vertical-align: inherit; font-weight: bold\">\n                        Diagn\u00f3stico de brucelosis canina\n                        <\/td>\n<td style=\"font-size: large; vertical-align: inherit\">\n                        Solari, Alejandra Bel\u00e9n<\/p>\n<p>Tutor: Kunic, Mart\u00edn\n                        <\/td>\n<\/tr>\n<tr>\n<td class=\"row first\">\n                            <a href=\"<?= fileurl('archivos\/galeriaPPS\/abril2023\/006.png') ?>\u00ab><br \/>\n                                <img decoding=\"async\" alt=\"\" class=\"img-responsive\" src=\"<?= fileurl('archivos\/galeriaPPS\/abril2023\/006.png') ?>\u00bb \/><br \/>\n                            <\/a>\n                        <\/td>\n<td style=\"font-size: large; vertical-align: inherit; font-weight: bold\">\n                        Displasia renal en canino de 1 a\u00f1o: caso cl\u00ednico Goofy\n                        <\/td>\n<td style=\"font-size: large; vertical-align: inherit\">\n                        Grasso, Lucia<\/p>\n<p>Tutoras: Gallardo, Daniela y Passeri, Carina\n                        <\/td>\n<\/tr>\n<tr>\n<td class=\"row first\">\n                            <a href=\"<?= fileurl('archivos\/galeriaPPS\/abril2023\/007.png') ?>\u00ab><br \/>\n                                <img decoding=\"async\" alt=\"\" class=\"img-responsive\" src=\"<?= fileurl('archivos\/galeriaPPS\/abril2023\/007.png') ?>\u00bb \/><br \/>\n                            <\/a>\n                        <\/td>\n<td style=\"font-size: large; vertical-align: inherit; font-weight: bold\">\n                        DTVG en un canino. Caso cl\u00ednico: Max\n                        <\/td>\n<td style=\"font-size: large; vertical-align: inherit\">\n                        Videla, Irene Alicia<\/p>\n<p>Tutoras: Gallardo, Daniela y Passeri, Carina\n                        <\/td>\n<\/tr>\n<tr>\n<td class=\"row first\">\n                            <a href=\"<?= fileurl('archivos\/galeriaPPS\/abril2023\/008.png') ?>\u00ab><br \/>\n                                <img decoding=\"async\" alt=\"\" class=\"img-responsive\" src=\"<?= fileurl('archivos\/galeriaPPS\/abril2023\/008.png') ?>\u00bb \/><br \/>\n                            <\/a>\n                        <\/td>\n<td style=\"font-size: large; vertical-align: inherit; font-weight: bold\">\n                        Electroquimioterapia en paciente felino con carcinoma de c\u00e9lulas escamosas\n                        <\/td>\n<td style=\"font-size: large; vertical-align: inherit\">\n                        Escalante, Antonella Sofia<\/p>\n<p>Tutores: Artese, Florencia y Di Ciano, Luis\n                        <\/td>\n<\/tr>\n<tr>\n<td class=\"row first\">\n                            <a href=\"<?= fileurl('archivos\/galeriaPPS\/abril2023\/009.png') ?>\u00ab><br \/>\n                                <img decoding=\"async\" alt=\"\" class=\"img-responsive\" src=\"<?= fileurl('archivos\/galeriaPPS\/abril2023\/009.png') ?>\u00bb \/><br \/>\n                            <\/a>\n                        <\/td>\n<td style=\"font-size: large; vertical-align: inherit; font-weight: bold\">\n                        Hematoma Etmoidal Progresivo, dos m\u00e9todos de tratamiento.\n                        <\/td>\n<td style=\"font-size: large; vertical-align: inherit\">\n                        Rodriguez Longhi, Juan Pablo<\/p>\n<p>Tutora: Klesinger, B\u00e1rbara\n                        <\/td>\n<\/tr>\n<tr>\n<td class=\"row first\">\n                            <a href=\"<?= fileurl('archivos\/galeriaPPS\/abril2023\/010.png') ?>\u00ab><br \/>\n                                <img decoding=\"async\" alt=\"\" class=\"img-responsive\" src=\"<?= fileurl('archivos\/galeriaPPS\/abril2023\/010.png') ?>\u00bb \/><br \/>\n                            <\/a>\n                        <\/td>\n<td style=\"font-size: large; vertical-align: inherit; font-weight: bold\">\n                        Inmunofluorescencia directa (IFD) para el diagn\u00f3stico de rabia\n                        <\/td>\n<td style=\"font-size: large; vertical-align: inherit\">\n                        Catalano, Giuliana<\/p>\n<p>Tutor: Kunic, Mart\u00edn\n                        <\/td>\n<\/tr>\n<tr>\n<td class=\"row first\">\n                            <a href=\"<?= fileurl('archivos\/galeriaPPS\/abril2023\/011.png') ?>\u00ab><br \/>\n                                <img decoding=\"async\" alt=\"\" class=\"img-responsive\" src=\"<?= fileurl('archivos\/galeriaPPS\/abril2023\/011.png') ?>\u00bb \/><br \/>\n                            <\/a>\n                        <\/td>\n<td style=\"font-size: large; vertical-align: inherit; font-weight: bold\">\n                        \u00bfIntoxicaci\u00f3n o Anafilaxia?\n                        <\/td>\n<td style=\"font-size: large; vertical-align: inherit\">\n                        Schweitzer Amadeo Videla, Carla Bel\u00e9n<\/p>\n<p>Tutoras: Ruidiaz, Viviana y Espina, Claudia\n                        <\/td>\n<\/tr>\n<tr>\n<td class=\"row first\">\n                            <a href=\"<?= fileurl('archivos\/galeriaPPS\/abril2023\/012.png') ?>\u00ab><br \/>\n                                <img decoding=\"async\" alt=\"\" class=\"img-responsive\" src=\"<?= fileurl('archivos\/galeriaPPS\/abril2023\/012.png') ?>\u00bb \/><br \/>\n                            <\/a>\n                        <\/td>\n<td style=\"font-size: large; vertical-align: inherit; font-weight: bold\">\n                        La cierva Noelia\n                        <\/td>\n<td style=\"font-size: large; vertical-align: inherit\">\n                        Gagneten, Paula<\/p>\n<p>Tutores: Artese, Florencia y Di Ciano, Luis\n                        <\/td>\n<\/tr>\n<tr>\n<td class=\"row first\">\n                            <a href=\"<?= fileurl('archivos\/galeriaPPS\/abril2023\/013.png') ?>\u00ab><br \/>\n                                <img decoding=\"async\" alt=\"\" class=\"img-responsive\" src=\"<?= fileurl('archivos\/galeriaPPS\/abril2023\/013.png') ?>\u00bb \/><br \/>\n                            <\/a>\n                        <\/td>\n<td style=\"font-size: large; vertical-align: inherit; font-weight: bold\">\n                        La importancia de la selecci\u00f3n objetiva de ovinos, a partir de datos fenot\u00edpicos y productivos\n                        <\/td>\n<td style=\"font-size: large; vertical-align: inherit\">\n                        Martinez Ferrario, Clara Francisca &#8211; Sosa, Jimena\n                        <\/td>\n<\/tr>\n<tr>\n<td class=\"row first\">\n                            <a href=\"<?= fileurl('archivos\/galeriaPPS\/abril2023\/014.png') ?>\u00ab><br \/>\n                                <img decoding=\"async\" alt=\"\" class=\"img-responsive\" src=\"<?= fileurl('archivos\/galeriaPPS\/abril2023\/014.png') ?>\u00bb \/><br \/>\n                            <\/a>\n                        <\/td>\n<td style=\"font-size: large; vertical-align: inherit; font-weight: bold\">\n                        Lorenzo \u00abel Sr Burns\u00bb\n                        <\/td>\n<td style=\"font-size: large; vertical-align: inherit\">\n                        Martinez, Maria Laura<\/p>\n<p>Tutoras: Gallardo, Daniela y Passeri, Carina\n                        <\/td>\n<\/tr>\n<tr>\n<td class=\"row first\">\n                            <a href=\"<?= fileurl('archivos\/galeriaPPS\/abril2023\/015.png') ?>\u00ab><br \/>\n                                <img decoding=\"async\" alt=\"\" class=\"img-responsive\" src=\"<?= fileurl('archivos\/galeriaPPS\/abril2023\/015.png') ?>\u00bb \/><br \/>\n                            <\/a>\n                        <\/td>\n<td style=\"font-size: large; vertical-align: inherit; font-weight: bold\">\n                        \u201cLa importancia de la anamnesis\u201d\n                        <\/td>\n<td style=\"font-size: large; vertical-align: inherit\">\n                        Leguizam\u00f3n, Julieta Alina<\/p>\n<p>Tutoras: Ruidiaz, Viviana y Espina, Claudia\n                        <\/td>\n<\/tr>\n<tr>\n<td class=\"row first\">\n                            <a href=\"<?= fileurl('archivos\/galeriaPPS\/abril2023\/016.png') ?>\u00ab><br \/>\n                                <img decoding=\"async\" alt=\"\" class=\"img-responsive\" src=\"<?= fileurl('archivos\/galeriaPPS\/abril2023\/016.png') ?>\u00bb \/><br \/>\n                            <\/a>\n                        <\/td>\n<td style=\"font-size: large; vertical-align: inherit; font-weight: bold\">\n                        Mastocitoma cut\u00e1neo canino \u00abEl gran simulador\u00bb\n                        <\/td>\n<td style=\"font-size: large; vertical-align: inherit\">\n                        Estevez, Micaela Belen<\/p>\n<p>Tutores: Artese, Florencia y Di Ciano, Luis\n                        <\/td>\n<\/tr>\n<tr>\n<td class=\"row first\">\n                            <a href=\"<?= fileurl('archivos\/galeriaPPS\/abril2023\/017.png') ?>\u00ab><br \/>\n                                <img decoding=\"async\" alt=\"\" class=\"img-responsive\" src=\"<?= fileurl('archivos\/galeriaPPS\/abril2023\/017.png') ?>\u00bb \/><br \/>\n                            <\/a>\n                        <\/td>\n<td style=\"font-size: large; vertical-align: inherit; font-weight: bold\">\n                        No toda tos en gato es asma\n                        <\/td>\n<td style=\"font-size: large; vertical-align: inherit\">\n                        Galeano, Guillermina Lucia<\/p>\n<p>Tutoras: Gallardo, Daniela y Passeri, Carina\n                        <\/td>\n<\/tr>\n<tr>\n<td class=\"row first\">\n                            <a href=\"<?= fileurl('archivos\/galeriaPPS\/abril2023\/018.png') ?>\u00ab><br \/>\n                                <img decoding=\"async\" alt=\"\" class=\"img-responsive\" src=\"<?= fileurl('archivos\/galeriaPPS\/abril2023\/018.png') ?>\u00bb \/><br \/>\n                            <\/a>\n                        <\/td>\n<td style=\"font-size: large; vertical-align: inherit; font-weight: bold\">\n                        Pancreatitis aguda en Lemur catta\n                        <\/td>\n<td style=\"font-size: large; vertical-align: inherit\">\n                        Giancaspro, Martin<\/p>\n<p>Tutoras: Gallardo, Daniela y Passeri, Carina\n                        <\/td>\n<\/tr>\n<tr>\n<td class=\"row first\">\n                            <a href=\"<?= fileurl('archivos\/galeriaPPS\/abril2023\/019.png') ?>\u00ab><br \/>\n                                <img decoding=\"async\" alt=\"\" class=\"img-responsive\" src=\"<?= fileurl('archivos\/galeriaPPS\/abril2023\/019.png') ?>\u00bb \/><br \/>\n                            <\/a>\n                        <\/td>\n<td style=\"font-size: large; vertical-align: inherit; font-weight: bold\">\n                        Psitacosis y Educaci\u00f3n para la salud\n                        <\/td>\n<td style=\"font-size: large; vertical-align: inherit\">\n                        Szalontay, Catalina<\/p>\n<p>Tutor: Kunic, Mart\u00edn\n                        <\/td>\n<\/tr>\n<tr>\n<td class=\"row first\">\n                            <a href=\"<?= fileurl('archivos\/galeriaPPS\/abril2023\/020.png') ?>\u00ab><br \/>\n                                <img decoding=\"async\" alt=\"\" class=\"img-responsive\" src=\"<?= fileurl('archivos\/galeriaPPS\/abril2023\/020.png') ?>\u00bb \/><br \/>\n                            <\/a>\n                        <\/td>\n<td style=\"font-size: large; vertical-align: inherit; font-weight: bold\">\n                        Revisi\u00f3n bibliogr\u00e1fica: Queratoconjuntivitis infecciosa bovina\n                        <\/td>\n<td style=\"font-size: large; vertical-align: inherit\">\n                        Jouce Califano, Alina<\/p>\n<p>Tutora: Gatti, Juliana\n                        <\/td>\n<\/tr>\n<tr>\n<td class=\"row first\">\n                            <a href=\"<?= fileurl('archivos\/galeriaPPS\/abril2023\/021.png') ?>\u00ab><br \/>\n                                <img decoding=\"async\" alt=\"\" class=\"img-responsive\" src=\"<?= fileurl('archivos\/galeriaPPS\/abril2023\/021.png') ?>\u00bb \/><br \/>\n                            <\/a>\n                        <\/td>\n<td style=\"font-size: large; vertical-align: inherit; font-weight: bold\">\n                        Sarcoma de c\u00e9lulas redondas\n                        <\/td>\n<td style=\"font-size: large; vertical-align: inherit\">\n                        Cabrera Acosta, Cecilia Victoria<\/p>\n<p>Tutores: Artese, Florencia y Di Ciano, Luis\n                        <\/td>\n<\/tr>\n<tr>\n<td class=\"row first\">\n                            <a href=\"<?= fileurl('archivos\/galeriaPPS\/abril2023\/022.png') ?>\u00ab><br \/>\n                                <img decoding=\"async\" alt=\"\" class=\"img-responsive\" src=\"<?= fileurl('archivos\/galeriaPPS\/abril2023\/022.png') ?>\u00bb \/><br \/>\n                            <\/a>\n                        <\/td>\n<td style=\"font-size: large; vertical-align: inherit; font-weight: bold\">\n                        Sarcoma de tejidos blandos de alto grado\n                        <\/td>\n<td style=\"font-size: large; vertical-align: inherit\">\n                        Ferraro, Aylen Denise<\/p>\n<p>Tutores: Artese, Florencia y Di Ciano, Luis\n                        <\/td>\n<\/tr>\n<tr>\n<td class=\"row first\">\n                            <a href=\"<?= fileurl('archivos\/galeriaPPS\/abril2023\/023.png') ?>\u00ab><br \/>\n                                <img decoding=\"async\" alt=\"\" class=\"img-responsive\" src=\"<?= fileurl('archivos\/galeriaPPS\/abril2023\/023.png') ?>\u00bb \/><br \/>\n                            <\/a>\n                        <\/td>\n<td style=\"font-size: large; vertical-align: inherit; font-weight: bold\">\n                        Urolitiasis\n                        <\/td>\n<td style=\"font-size: large; vertical-align: inherit\">\n                        Forcada, Elizabeth Graciela<\/p>\n<p>Tutores: Artese, Florencia y Di Ciano, Luis\n                        <\/td>\n<\/tr>\n<tr>\n<td class=\"row first\">\n                            <a href=\"<?= fileurl('archivos\/galeriaPPS\/abril2023\/024.png') ?>\u00ab><br \/>\n                                <img decoding=\"async\" alt=\"\" class=\"img-responsive\" src=\"<?= fileurl('archivos\/galeriaPPS\/abril2023\/024.png') ?>\u00bb \/><br \/>\n                            <\/a>\n                        <\/td>\n<td style=\"font-size: large; vertical-align: inherit; font-weight: bold\">\n                        Uso de vasopresores en un paciente en estado de shock s\u00e9ptico\n                        <\/td>\n<td style=\"font-size: large; vertical-align: inherit\">\n                        Mongabure, Mariana Sofia<\/p>\n<p>Tutoras: Gallardo, Daniela y Passeri, Carina\n                        <\/td>\n<\/tr>\n<tr>\n<td class=\"row first\">\n                            <a href=\"<?= fileurl('archivos\/galeriaPPS\/abril2023\/025.png') ?>\u00ab><br \/>\n                                <img decoding=\"async\" alt=\"\" class=\"img-responsive\" src=\"<?= fileurl('archivos\/galeriaPPS\/abril2023\/025.png') ?>\u00bb \/><br \/>\n                            <\/a>\n                        <\/td>\n<td style=\"font-size: large; vertical-align: inherit; font-weight: bold\">\n                        Vaca ca\u00edda por neuropat\u00eda obst\u00e9trica\n                        <\/td>\n<td style=\"font-size: large; vertical-align: inherit\">\n                        Tambella Bravo, Manuel<\/p>\n<p>Tutor: Forti, Adri\u00e1n\n                        <\/td>\n<\/tr>\n<\/tbody>\n<\/table><\/div>\n<\/p><\/div>\n<\/div>\n","protected":false},"excerpt":{"rendered":"<p>Galer\u00eda de Pr\u00e1cticas Profesionales Supervisadas | Abril 2023 &nbsp; T\u00edtulo Autor<\/p>\n","protected":false},"author":1,"featured_media":0,"comment_status":"open","ping_status":"open","sticky":false,"template":"","format":"standard","meta":{"_acf_changed":false,"footnotes":""},"categories":[1],"tags":[],"class_list":["post-2043","post","type-post","status-publish","format-standard","hentry","category-sin-categoria"],"acf":[],"publishpress_future_action":{"enabled":false,"date":"2026-09-10 02:27:07","action":"change-status","newStatus":"draft","terms":[],"taxonomy":"category","extraData":[]},"publishpress_future_workflow_manual_trigger":{"enabledWorkflows":[]},"_links":{"self":[{"href":"https:\/\/dev.sitios.fvet.uba.ar\/index.php\/wp-json\/wp\/v2\/posts\/2043","targetHints":{"allow":["GET"]}}],"collection":[{"href":"https:\/\/dev.sitios.fvet.uba.ar\/index.php\/wp-json\/wp\/v2\/posts"}],"about":[{"href":"https:\/\/dev.sitios.fvet.uba.ar\/index.php\/wp-json\/wp\/v2\/types\/post"}],"author":[{"embeddable":true,"href":"https:\/\/dev.sitios.fvet.uba.ar\/index.php\/wp-json\/wp\/v2\/users\/1"}],"replies":[{"embeddable":true,"href":"https:\/\/dev.sitios.fvet.uba.ar\/index.php\/wp-json\/wp\/v2\/comments?post=2043"}],"version-history":[{"count":0,"href":"https:\/\/dev.sitios.fvet.uba.ar\/index.php\/wp-json\/wp\/v2\/posts\/2043\/revisions"}],"wp:attachment":[{"href":"https:\/\/dev.sitios.fvet.uba.ar\/index.php\/wp-json\/wp\/v2\/media?parent=2043"}],"wp:term":[{"taxonomy":"category","embeddable":true,"href":"https:\/\/dev.sitios.fvet.uba.ar\/index.php\/wp-json\/wp\/v2\/categories?post=2043"},{"taxonomy":"post_tag","embeddable":true,"href":"https:\/\/dev.sitios.fvet.uba.ar\/index.php\/wp-json\/wp\/v2\/tags?post=2043"}],"curies":[{"name":"wp","href":"https:\/\/api.w.org\/{rel}","templated":true}]}}