{"id":2051,"date":"2023-07-12T10:53:46","date_gmt":"2023-07-12T13:53:46","guid":{"rendered":"https:\/\/dev.sitios.fvet.uba.ar\/index.php\/galeriappsjulio2023\/"},"modified":"2023-07-12T10:53:46","modified_gmt":"2023-07-12T13:53:46","slug":"galeriappsjulio2023","status":"publish","type":"post","link":"https:\/\/dev.sitios.fvet.uba.ar\/index.php\/galeriappsjulio2023\/","title":{"rendered":"Galer\u00eda de Pr\u00e1cticas Profesionales Supervisadas | Julio 2023"},"content":{"rendered":"<h3 class=\"titulo-insti\">\n\tGaler\u00eda de Pr\u00e1cticas Profesionales Supervisadas | Julio 2023<\/h3>\n<div class=\"decano\">\n<div class=\"row\">\n<div class=\"col-sm-1\">\n\t\t\t&nbsp;<\/div>\n<div class=\"col-sm-10\">\n<table class=\"table table-hover table-condensed\">\n<thead>\n<tr style=\"background-color: #1D2554; font-size: larger; color: white\">\n<th style=\"width: 25%\">\n\t\t\t\t\t\t\t&nbsp;<\/th>\n<th style=\"width: 50%\">\n\t\t\t\t\t\t\tT\u00edtulo<\/th>\n<th style=\"width: 25%\">\n\t\t\t\t\t\t\tAutor<\/th>\n<\/tr>\n<\/thead>\n<tbody>\n<tr>\n<td class=\"row first\">\n\t\t\t\t\t\t\t<a href=\"<?= fileurl('archivos\/galeriaPPS\/julio2023\/001.png') ?>\u00ab><img decoding=\"async\" alt=\"\" class=\"img-responsive\" src=\"<?= fileurl('archivos\/galeriaPPS\/julio2023\/001.png') ?>\u00bb \/> <\/a><\/td>\n<td style=\"font-size: large; vertical-align: inherit; font-weight: bold\">\n\t\t\t\t\t\t\tAn\u00e1lisis del diagn\u00f3stico y control de Paratuberculosis bovina<\/td>\n<td style=\"font-size: large; vertical-align: inherit\">\n\t\t\t\t\t\t\tRomeo, Martin Damian<\/p>\n<p>\t\t\t\t\t\t\tTutor: Olchovick, Adri\u00e1n<\/td>\n<\/tr>\n<tr>\n<td class=\"row first\">\n\t\t\t\t\t\t\t<a href=\"<?= fileurl('archivos\/galeriaPPS\/julio2023\/002.png') ?>\u00ab><img decoding=\"async\" alt=\"\" class=\"img-responsive\" src=\"<?= fileurl('archivos\/galeriaPPS\/julio2023\/002.png') ?>\u00bb \/> <\/a><\/td>\n<td style=\"font-size: large; vertical-align: inherit; font-weight: bold\">\n\t\t\t\t\t\t\tAsma Felino<\/td>\n<td style=\"font-size: large; vertical-align: inherit\">\n\t\t\t\t\t\t\tKarpoun, Ioulia<\/p>\n<p>\t\t\t\t\t\t\tTutora: Savan, Claudia<\/td>\n<\/tr>\n<tr>\n<td class=\"row first\">\n\t\t\t\t\t\t\t<a href=\"<?= fileurl('archivos\/galeriaPPS\/julio2023\/003.png') ?>\u00ab><img decoding=\"async\" alt=\"\" class=\"img-responsive\" src=\"<?= fileurl('archivos\/galeriaPPS\/julio2023\/003.png') ?>\u00bb \/> <\/a><\/td>\n<td style=\"font-size: large; vertical-align: inherit; font-weight: bold\">\n\t\t\t\t\t\t\tCardiomiopat\u00eda restrictiva<\/td>\n<td style=\"font-size: large; vertical-align: inherit\">\n\t\t\t\t\t\t\tRos, Maria Florencia<\/p>\n<p>\t\t\t\t\t\t\tTutores: Espina, Claudia y Ruidiaz, Viviana<\/td>\n<\/tr>\n<tr>\n<td class=\"row first\">\n\t\t\t\t\t\t\t<a href=\"<?= fileurl('archivos\/galeriaPPS\/julio2023\/004.png') ?>\u00ab><img decoding=\"async\" alt=\"\" class=\"img-responsive\" src=\"<?= fileurl('archivos\/galeriaPPS\/julio2023\/004.png') ?>\u00bb \/> <\/a><\/td>\n<td style=\"font-size: large; vertical-align: inherit; font-weight: bold\">\n\t\t\t\t\t\t\tCarnicer\u00edas saludables<\/td>\n<td style=\"font-size: large; vertical-align: inherit\">\n\t\t\t\t\t\t\tNarvaez, Sonia Raquel<\/p>\n<p>\t\t\t\t\t\t\tTutora: Marey, Edith<\/td>\n<\/tr>\n<tr>\n<td class=\"row first\">\n\t\t\t\t\t\t\t<a href=\"<?= fileurl('archivos\/galeriaPPS\/julio2023\/005.png') ?>\u00ab><img decoding=\"async\" alt=\"\" class=\"img-responsive\" src=\"<?= fileurl('archivos\/galeriaPPS\/julio2023\/005.png') ?>\u00bb \/> <\/a><\/td>\n<td style=\"font-size: large; vertical-align: inherit; font-weight: bold\">\n\t\t\t\t\t\t\tCuerpo extra\u00f1o lineal en felinos. \u201cPeligros dom\u00e9sticos poco difundidos en la consulta\u00bb<\/td>\n<td style=\"font-size: large; vertical-align: inherit\">\n\t\t\t\t\t\t\tde Sousa, Roc\u00edo<\/p>\n<p>\t\t\t\t\t\t\tTutores: Espina, Claudia y Ruidiaz, Viviana<\/td>\n<\/tr>\n<tr>\n<td class=\"row first\">\n\t\t\t\t\t\t\t<a href=\"<?= fileurl('archivos\/galeriaPPS\/julio2023\/006.png') ?>\u00ab><img decoding=\"async\" alt=\"\" class=\"img-responsive\" src=\"<?= fileurl('archivos\/galeriaPPS\/julio2023\/006.png') ?>\u00bb \/> <\/a><\/td>\n<td style=\"font-size: large; vertical-align: inherit; font-weight: bold\">\n\t\t\t\t\t\t\tDeterminaci\u00f3n de Anisakis en pescados<\/td>\n<td style=\"font-size: large; vertical-align: inherit\">\n\t\t\t\t\t\t\tKuiper, Joaquin<\/p>\n<p>\t\t\t\t\t\t\tTutora: Marey, Edith<\/td>\n<\/tr>\n<tr>\n<td class=\"row first\">\n\t\t\t\t\t\t\t<a href=\"<?= fileurl('archivos\/galeriaPPS\/julio2023\/007.png') ?>\u00ab><img decoding=\"async\" alt=\"\" class=\"img-responsive\" src=\"<?= fileurl('archivos\/galeriaPPS\/julio2023\/007.png') ?>\u00bb \/> <\/a><\/td>\n<td style=\"font-size: large; vertical-align: inherit; font-weight: bold\">\n\t\t\t\t\t\t\tDispositivo \u201cSala de Espera\u201d como herramienta de Educaci\u00f3n para la Salud en el Instituto de Zoonosis Luis Pasteur<\/td>\n<td style=\"font-size: large; vertical-align: inherit\">\n\t\t\t\t\t\t\tStaiger, Mar\u00eda del Rosario<\/p>\n<p>\t\t\t\t\t\t\tTutor: Ercole, Mariano<\/td>\n<\/tr>\n<tr>\n<td class=\"row first\">\n\t\t\t\t\t\t\t<a href=\"<?= fileurl('archivos\/galeriaPPS\/julio2023\/008.png') ?>\u00ab><img decoding=\"async\" alt=\"\" class=\"img-responsive\" src=\"<?= fileurl('archivos\/galeriaPPS\/julio2023\/008.png') ?>\u00bb \/> <\/a><\/td>\n<td style=\"font-size: large; vertical-align: inherit; font-weight: bold\">\n\t\t\t\t\t\t\tDistocia por mala presentaci\u00f3n en vaca Aberdeen Angus<\/td>\n<td style=\"font-size: large; vertical-align: inherit\">\n\t\t\t\t\t\t\tPeton, Maria Victoria<\/p>\n<p>\t\t\t\t\t\t\tTutora: Gatti, Juliana<\/td>\n<\/tr>\n<tr>\n<td class=\"row first\">\n\t\t\t\t\t\t\t<a href=\"<?= fileurl('archivos\/galeriaPPS\/julio2023\/009.png') ?>\u00ab><img decoding=\"async\" alt=\"\" class=\"img-responsive\" src=\"<?= fileurl('archivos\/galeriaPPS\/julio2023\/009.png') ?>\u00bb \/> <\/a><\/td>\n<td style=\"font-size: large; vertical-align: inherit; font-weight: bold\">\n\t\t\t\t\t\t\tEnfermedad del tracto urinario inferior en felinos FLUTD<\/td>\n<td style=\"font-size: large; vertical-align: inherit\">\n\t\t\t\t\t\t\tHueso, B\u00e1rbara Magal\u00ed Candela<\/p>\n<p>\t\t\t\t\t\t\tTutores: Gallardo, Daniela y Passeri, Carina<\/td>\n<\/tr>\n<tr>\n<td class=\"row first\">\n\t\t\t\t\t\t\t<a href=\"<?= fileurl('archivos\/galeriaPPS\/julio2023\/010.png') ?>\u00ab><img decoding=\"async\" alt=\"\" class=\"img-responsive\" src=\"<?= fileurl('archivos\/galeriaPPS\/julio2023\/010.png') ?>\u00bb \/> <\/a><\/td>\n<td style=\"font-size: large; vertical-align: inherit; font-weight: bold\">\n\t\t\t\t\t\t\tHerniorrafia cerrada<\/td>\n<td style=\"font-size: large; vertical-align: inherit\">\n\t\t\t\t\t\t\tOlmos Fern\u00e1ndez, Leidy Stefanny<\/p>\n<p>\t\t\t\t\t\t\tTutora: Apeseche, Julia<\/td>\n<\/tr>\n<tr>\n<td class=\"row first\">\n\t\t\t\t\t\t\t<a href=\"<?= fileurl('archivos\/galeriaPPS\/julio2023\/011.png') ?>\u00ab><img decoding=\"async\" alt=\"\" class=\"img-responsive\" src=\"<?= fileurl('archivos\/galeriaPPS\/julio2023\/011.png') ?>\u00bb \/> <\/a><\/td>\n<td style=\"font-size: large; vertical-align: inherit; font-weight: bold\">\n\t\t\t\t\t\t\tInfecci\u00f3n del tracto urinario bajo : \u201cCaso cl\u00ednico Frida\u201d<\/td>\n<td style=\"font-size: large; vertical-align: inherit\">\n\t\t\t\t\t\t\tCaballero, Mar\u00eda Cecilia<\/p>\n<p>\t\t\t\t\t\t\tTutores: Artese, Florencia y Di Ciano, Luis<\/td>\n<\/tr>\n<tr>\n<td class=\"row first\">\n\t\t\t\t\t\t\t<a href=\"<?= fileurl('archivos\/galeriaPPS\/julio2023\/012.png') ?>\u00ab><img decoding=\"async\" alt=\"\" class=\"img-responsive\" src=\"<?= fileurl('archivos\/galeriaPPS\/julio2023\/012.png') ?>\u00bb \/> <\/a><\/td>\n<td style=\"font-size: large; vertical-align: inherit; font-weight: bold\">\n\t\t\t\t\t\t\tMeningoencefalitis granulomatosa no infecciosa en canino<\/td>\n<td style=\"font-size: large; vertical-align: inherit\">\n\t\t\t\t\t\t\tDoello G\u00f3mez, Rodrigo Ezequiel<\/p>\n<p>\t\t\t\t\t\t\tTutores: Artese, Florencia y Di Ciano, Luis<\/td>\n<\/tr>\n<tr>\n<td class=\"row first\">\n\t\t\t\t\t\t\t<a href=\"<?= fileurl('archivos\/galeriaPPS\/julio2023\/013.png') ?>\u00ab><img decoding=\"async\" alt=\"\" class=\"img-responsive\" src=\"<?= fileurl('archivos\/galeriaPPS\/julio2023\/013.png') ?>\u00bb \/> <\/a><\/td>\n<td style=\"font-size: large; vertical-align: inherit; font-weight: bold\">\n\t\t\t\t\t\t\tMetritis puerperal en vacas lecheras por retenci\u00f3n de membranas fetales<\/td>\n<td style=\"font-size: large; vertical-align: inherit\">\n\t\t\t\t\t\t\tAnselmo, Diego Sebasti\u00e1n<\/p>\n<p>\t\t\t\t\t\t\tTutor: G\u00fcari\u00e9, Ariel<\/td>\n<\/tr>\n<tr>\n<td class=\"row first\">\n\t\t\t\t\t\t\t<a href=\"<?= fileurl('archivos\/galeriaPPS\/julio2023\/014.png') ?>\u00ab><img decoding=\"async\" alt=\"\" class=\"img-responsive\" src=\"<?= fileurl('archivos\/galeriaPPS\/julio2023\/014.png') ?>\u00bb \/> <\/a><\/td>\n<td style=\"font-size: large; vertical-align: inherit; font-weight: bold\">\n\t\t\t\t\t\t\tNeumon\u00eda en una ternera de raza lechera<\/td>\n<td style=\"font-size: large; vertical-align: inherit\">\n\t\t\t\t\t\t\tAllix, Clementine<\/p>\n<p>\t\t\t\t\t\t\tTutora: Arraztoa, Cecilia<\/td>\n<\/tr>\n<tr>\n<td class=\"row first\">\n\t\t\t\t\t\t\t<a href=\"<?= fileurl('archivos\/galeriaPPS\/julio2023\/015.png') ?>\u00ab><img decoding=\"async\" alt=\"\" class=\"img-responsive\" src=\"<?= fileurl('archivos\/galeriaPPS\/julio2023\/015.png') ?>\u00bb \/> <\/a><\/td>\n<td style=\"font-size: large; vertical-align: inherit; font-weight: bold\">\n\t\t\t\t\t\t\tOtitis a recidiva por un tumor de base en un bulldog franc\u00e9s<\/td>\n<td style=\"font-size: large; vertical-align: inherit\">\n\t\t\t\t\t\t\tKolonko, Elizabeth Erika<\/p>\n<p>\t\t\t\t\t\t\tTutores: Espina, Claudia y Ruidiaz, Viviana<\/td>\n<\/tr>\n<tr>\n<td class=\"row first\">\n\t\t\t\t\t\t\t<a href=\"<?= fileurl('archivos\/galeriaPPS\/julio2023\/016.png') ?>\u00ab><img decoding=\"async\" alt=\"\" class=\"img-responsive\" src=\"<?= fileurl('archivos\/galeriaPPS\/julio2023\/016.png') ?>\u00bb \/> <\/a><\/td>\n<td style=\"font-size: large; vertical-align: inherit; font-weight: bold\">\n\t\t\t\t\t\t\tSarcoma post inoculaci\u00f3n en felino<\/td>\n<td style=\"font-size: large; vertical-align: inherit\">\n\t\t\t\t\t\t\tFern\u00e1ndez, Daniela Beatriz<\/p>\n<p>\t\t\t\t\t\t\tTutores: Artese, Florencia y Di Ciano, Luis<\/td>\n<\/tr>\n<tr>\n<td class=\"row first\">\n\t\t\t\t\t\t\t<a href=\"<?= fileurl('archivos\/galeriaPPS\/julio2023\/017.png') ?>\u00ab><img decoding=\"async\" alt=\"\" class=\"img-responsive\" src=\"<?= fileurl('archivos\/galeriaPPS\/julio2023\/017.png') ?>\u00bb \/> <\/a><\/td>\n<td style=\"font-size: large; vertical-align: inherit; font-weight: bold\">\n\t\t\t\t\t\t\tShock anafil\u00e1ctico post vacuna<\/td>\n<td style=\"font-size: large; vertical-align: inherit\">\n\t\t\t\t\t\t\tVel\u00e1zquez, Analia Ester<\/p>\n<p>\t\t\t\t\t\t\tTutores: Espina, Claudia y Ruidiaz, Viviana<\/td>\n<\/tr>\n<tr>\n<td class=\"row first\">\n\t\t\t\t\t\t\t<a href=\"<?= fileurl('archivos\/galeriaPPS\/julio2023\/018.png') ?>\u00ab><img decoding=\"async\" alt=\"\" class=\"img-responsive\" src=\"<?= fileurl('archivos\/galeriaPPS\/julio2023\/018.png') ?>\u00bb \/> <\/a><\/td>\n<td style=\"font-size: large; vertical-align: inherit; font-weight: bold\">\n\t\t\t\t\t\t\tS\u00edndrome de Cushing at\u00edpico canino<\/td>\n<td style=\"font-size: large; vertical-align: inherit\">\n\t\t\t\t\t\t\tMinici, Rodrigo<\/p>\n<p>\t\t\t\t\t\t\tTutores: Gallardo, Daniela y Passeri, Carina<\/td>\n<\/tr>\n<tr>\n<td class=\"row first\">\n\t\t\t\t\t\t\t<a href=\"<?= fileurl('archivos\/galeriaPPS\/julio2023\/019.png') ?>\u00ab><img decoding=\"async\" alt=\"\" class=\"img-responsive\" src=\"<?= fileurl('archivos\/galeriaPPS\/julio2023\/019.png') ?>\u00bb \/> <\/a><\/td>\n<td style=\"font-size: large; vertical-align: inherit; font-weight: bold\">\n\t\t\t\t\t\t\tT\u00e9tanos en paciente canino<\/td>\n<td style=\"font-size: large; vertical-align: inherit\">\n\t\t\t\t\t\t\tVicente, Maria Isabel<\/p>\n<p>\t\t\t\t\t\t\tTutores: Gallardo, Daniela y Passeri, Carina<\/td>\n<\/tr>\n<tr>\n<td class=\"row first\">\n\t\t\t\t\t\t\t<a href=\"<?= fileurl('archivos\/galeriaPPS\/julio2023\/020.png') ?>\u00ab><img decoding=\"async\" alt=\"\" class=\"img-responsive\" src=\"<?= fileurl('archivos\/galeriaPPS\/julio2023\/020.png') ?>\u00bb \/> <\/a><\/td>\n<td style=\"font-size: large; vertical-align: inherit; font-weight: bold\">\n\t\t\t\t\t\t\tTraumatismo en comadreja overa<\/td>\n<td style=\"font-size: large; vertical-align: inherit\">\n\t\t\t\t\t\t\tDegastaldi, Jesica Alexandra<\/p>\n<p>\t\t\t\t\t\t\tTutores: Artese, Florencia y Di Ciano, Luis<\/td>\n<\/tr>\n<tr>\n<td class=\"row first\">\n\t\t\t\t\t\t\t<a href=\"<?= fileurl('archivos\/galeriaPPS\/julio2023\/021.png') ?>\u00ab><img decoding=\"async\" alt=\"\" class=\"img-responsive\" src=\"<?= fileurl('archivos\/galeriaPPS\/julio2023\/021.png') ?>\u00bb \/> <\/a><\/td>\n<td style=\"font-size: large; vertical-align: inherit; font-weight: bold\">\n\t\t\t\t\t\t\tUso de la estad\u00edstica descriptiva para el an\u00e1lisis de datos en salud p\u00fablica<\/td>\n<td style=\"font-size: large; vertical-align: inherit\">\n\t\t\t\t\t\t\tBayerl, Ver\u00f3nica<\/p>\n<p>\t\t\t\t\t\t\tTutora: Berra, Yanina<\/td>\n<\/tr>\n<\/tbody>\n<\/table><\/div>\n<\/p><\/div>\n<\/div>\n","protected":false},"excerpt":{"rendered":"<p>Galer\u00eda de Pr\u00e1cticas Profesionales Supervisadas | Julio 2023 &nbsp; &nbsp; T\u00edtulo Autor<\/p>\n","protected":false},"author":1,"featured_media":0,"comment_status":"open","ping_status":"open","sticky":false,"template":"","format":"standard","meta":{"_acf_changed":false,"footnotes":""},"categories":[1],"tags":[],"class_list":["post-2051","post","type-post","status-publish","format-standard","hentry","category-sin-categoria"],"acf":[],"publishpress_future_action":{"enabled":false,"date":"2026-09-10 02:27:09","action":"change-status","newStatus":"draft","terms":[],"taxonomy":"category","extraData":[]},"publishpress_future_workflow_manual_trigger":{"enabledWorkflows":[]},"_links":{"self":[{"href":"https:\/\/dev.sitios.fvet.uba.ar\/index.php\/wp-json\/wp\/v2\/posts\/2051","targetHints":{"allow":["GET"]}}],"collection":[{"href":"https:\/\/dev.sitios.fvet.uba.ar\/index.php\/wp-json\/wp\/v2\/posts"}],"about":[{"href":"https:\/\/dev.sitios.fvet.uba.ar\/index.php\/wp-json\/wp\/v2\/types\/post"}],"author":[{"embeddable":true,"href":"https:\/\/dev.sitios.fvet.uba.ar\/index.php\/wp-json\/wp\/v2\/users\/1"}],"replies":[{"embeddable":true,"href":"https:\/\/dev.sitios.fvet.uba.ar\/index.php\/wp-json\/wp\/v2\/comments?post=2051"}],"version-history":[{"count":0,"href":"https:\/\/dev.sitios.fvet.uba.ar\/index.php\/wp-json\/wp\/v2\/posts\/2051\/revisions"}],"wp:attachment":[{"href":"https:\/\/dev.sitios.fvet.uba.ar\/index.php\/wp-json\/wp\/v2\/media?parent=2051"}],"wp:term":[{"taxonomy":"category","embeddable":true,"href":"https:\/\/dev.sitios.fvet.uba.ar\/index.php\/wp-json\/wp\/v2\/categories?post=2051"},{"taxonomy":"post_tag","embeddable":true,"href":"https:\/\/dev.sitios.fvet.uba.ar\/index.php\/wp-json\/wp\/v2\/tags?post=2051"}],"curies":[{"name":"wp","href":"https:\/\/api.w.org\/{rel}","templated":true}]}}