{"id":2052,"date":"2023-09-08T20:28:35","date_gmt":"2023-09-08T23:28:35","guid":{"rendered":"https:\/\/dev.sitios.fvet.uba.ar\/index.php\/extensionubaverde\/"},"modified":"2023-09-08T20:28:35","modified_gmt":"2023-09-08T23:28:35","slug":"extensionubaverde","status":"publish","type":"post","link":"https:\/\/dev.sitios.fvet.uba.ar\/index.php\/extensionubaverde\/","title":{"rendered":"Extensi\u00f3n \/ UBA Verde"},"content":{"rendered":"<h3 class=\"titulo-insti\">\n    Plan de acci\u00f3n .UBA VETERINARIA VERDE<\/h3>\n<div class=\"mision\">\n<div class=\"titulo-secciones\">\n        Coordinaci\u00f3n de actividades para ejecutar el plan de acci\u00f3n<a class=\"ancla\" id=\"ingresantes\">&nbsp;<\/a><\/div>\n<p>    &nbsp;<\/p>\n<div class=\"row\">\n<div class=\"col-sm-1\">\n            &nbsp;<\/div>\n<div class=\"col-sm-10\">\n            <\/p>\n<p>\n                <b>Dra. Alejandra Mu\u00f1oz<\/b> | Representante FCV UBA ante .UBAVerde\n            <\/p>\n<p>\n                <b>Dra. Fernanda V\u00e1zquez<\/b> | Coordinadora del CEGA (Centro de Educaci\u00f3n y Gesti\u00f3n Ambiental)\n            <\/p>\n<p><\/p>\n<div class=\"row\">\n<div class=\"col-sm-1\">\n                    &nbsp;<\/div>\n<p>                <center><\/p>\n<div class=\"col-sm-5\">\n                        <a href=\"<?= fveturl('archivos\/UBAVerde\/presentacion.pptx') ?>\u00ab><br \/>\n                            <img decoding=\"async\" class=\"img-circle img-responsive listado\" src=\"<?= fileurl('sites\/default\/files\/pictures\/boton.png') ?>\u00bb \/><br \/>\n                            Presentaci\u00f3n Separaci\u00f3n de Residuos en la UBA | Programa UBA Verde<\/a>\n                    <\/div>\n<div class=\"col-sm-5\">\n                        <a href=\"<?= fveturl('archivos\/UBAVerde\/separacion.pptx') ?>\u00ab><br \/>\n                            <img decoding=\"async\" class=\"img-circle img-responsive listado\" src=\"<?= fileurl('sites\/default\/files\/pictures\/boton.png') ?>\u00bb \/><br \/>\n                            Presentaci\u00f3n del Programa Veterinaria Verde<\/a>\n                    <\/div>\n<p>                <\/center><\/p><\/div>\n<\/p><\/div>\n<\/p><\/div>\n<p>\n    &nbsp;\n<\/div>\n","protected":false},"excerpt":{"rendered":"<p>Plan de acci\u00f3n .UBA VETERINARIA VERDE Coordinaci\u00f3n de actividades para ejecutar el plan de acci\u00f3n&nbsp; &nbsp; &nbsp; Dra. Alejandra Mu\u00f1oz | Representante FCV UBA ante .UBAVerde Dra. Fernanda V\u00e1zquez | Coordinadora del CEGA (Centro de Educaci\u00f3n y Gesti\u00f3n Ambiental) &nbsp;<\/p>\n","protected":false},"author":1,"featured_media":0,"comment_status":"open","ping_status":"open","sticky":false,"template":"","format":"standard","meta":{"footnotes":""},"categories":[1],"tags":[],"class_list":["post-2052","post","type-post","status-publish","format-standard","hentry","category-sin-categoria"],"publishpress_future_action":{"enabled":false,"date":"2026-09-08 06:37:28","action":"change-status","newStatus":"draft","terms":[],"taxonomy":"category","extraData":[]},"publishpress_future_workflow_manual_trigger":{"enabledWorkflows":[]},"_links":{"self":[{"href":"https:\/\/dev.sitios.fvet.uba.ar\/index.php\/wp-json\/wp\/v2\/posts\/2052","targetHints":{"allow":["GET"]}}],"collection":[{"href":"https:\/\/dev.sitios.fvet.uba.ar\/index.php\/wp-json\/wp\/v2\/posts"}],"about":[{"href":"https:\/\/dev.sitios.fvet.uba.ar\/index.php\/wp-json\/wp\/v2\/types\/post"}],"author":[{"embeddable":true,"href":"https:\/\/dev.sitios.fvet.uba.ar\/index.php\/wp-json\/wp\/v2\/users\/1"}],"replies":[{"embeddable":true,"href":"https:\/\/dev.sitios.fvet.uba.ar\/index.php\/wp-json\/wp\/v2\/comments?post=2052"}],"version-history":[{"count":0,"href":"https:\/\/dev.sitios.fvet.uba.ar\/index.php\/wp-json\/wp\/v2\/posts\/2052\/revisions"}],"wp:attachment":[{"href":"https:\/\/dev.sitios.fvet.uba.ar\/index.php\/wp-json\/wp\/v2\/media?parent=2052"}],"wp:term":[{"taxonomy":"category","embeddable":true,"href":"https:\/\/dev.sitios.fvet.uba.ar\/index.php\/wp-json\/wp\/v2\/categories?post=2052"},{"taxonomy":"post_tag","embeddable":true,"href":"https:\/\/dev.sitios.fvet.uba.ar\/index.php\/wp-json\/wp\/v2\/tags?post=2052"}],"curies":[{"name":"wp","href":"https:\/\/api.w.org\/{rel}","templated":true}]}}