{"id":2053,"date":"2023-10-24T12:39:19","date_gmt":"2023-10-24T15:39:19","guid":{"rendered":"https:\/\/dev.sitios.fvet.uba.ar\/index.php\/tesinas\/"},"modified":"2023-10-24T12:39:19","modified_gmt":"2023-10-24T15:39:19","slug":"tesinas","status":"publish","type":"post","link":"https:\/\/dev.sitios.fvet.uba.ar\/index.php\/tesinas\/","title":{"rendered":"Tesinas"},"content":{"rendered":"<h3 class=\"titulo-insti\">\n\t<span class=\"titulo-secciones\"><a class=\"ancla\" id=\"indi\" name=\"indi\">&nbsp;<\/a><\/span>Carrera de Especializaci\u00f3n en Docencia Universitaria<br \/>\n\tpara Ciencias Veterinarias Pecuarias y Biol\u00f3gicas<br \/>\n\tModalidad Virtual<\/h3>\n<div class=\"autoridades\">\n<div class=\"titulo-secciones\">\n\t\t<a class=\"ancla\" id=\"novedades\" name=\"docentes\">&nbsp;<\/a>Novedades<\/div>\n<p>\t&nbsp;<\/p>\n<div class=\"row\">\n<div class=\"col-sm-1\">\n\t\t\t&nbsp;<\/div>\n<div class=\"col-sm-10\">\n<p>\n\t\t\t\tInscripci\u00f3n a la carrera: Fecha a confirmar <!--Abierta la inscripci\u00f3n a la carrera hasta el 15 de septiembre de 2022. Pre inscribirse a trav\u00e9s del acceso al formulario de pre inscripci\u00f3n a la carrera.--><\/p>\n<p>\t\t\t&nbsp;<\/p>\n<p>\n\t\t\t\tSe les solicita a los alumnos que adeuden hasta dos actividades de la Carrera de Especializaci\u00f3n en Docencia Universitaria para Ciencias Veterinarias y Biol\u00f3gicas (plan presencial) y a quienes no adeudando actividades del mencionado plan a\u00fan no hayan entregado sus Trabajos Integradores Finales, que se contacten a la brevedad a <a href=\"edu@fvet.uba.ar\">edu@fvet.uba.ar <\/a> <!--Los alumnos que cursaron planes de estudio anteriores al plan 2022 que no hayan egresado antes de marzo de 2023, deber\u00e1n consultar los procedimientos de inscripci\u00f3n a la NUEVA CEDU VIRTUAL y solicitud de equivalencias a <a href=\"mailto:edu@fvet.uba.ar\">edu@fvet.uba.ar<\/a>--><\/p>\n<p>\t\t\t\tConsultas: <a href=\"mailto:edu@fvet.uba.ar\">edu@fvet.uba.ar<\/a><\/p>\n<\/p><\/div>\n<\/p><\/div>\n<\/div>\n<div class=\"consejo\">\n<div class=\"titulo-secciones\">\n\t\t<a class=\"ancla\" id=\"cronograma\" name=\"docentes\">&nbsp;<\/a>Cronograma de Cursada<\/div>\n<p>\t&nbsp;<\/p>\n<div class=\"row\">\n<div class=\"col-sm-1\">\n\t\t\t&nbsp;<\/div>\n<div class=\"col-sm-10\">\n<p>\n\t\t\t\t&nbsp;<\/p>\n<p>\n\t\t\t\t<b><!--<a href=\"http:\/\/www.fvet.uba.ar\/archivos\/postgrado\/2023\/ceduVirtual2023.pdf\">-->Ver cronograma de cursada (en construcci\u00f3n)<!--<\/a>--><\/b><\/p>\n<p>\n\t\t\t\t&nbsp;<\/p>\n<\/p><\/div>\n<\/p><\/div>\n<\/div>\n<div class=\"decano\">\n<div class=\"titulo-secciones\">\n\t\t<a class=\"ancla\" id=\"equipodocente\" name=\"docentes\">&nbsp;<\/a>Equipo Docente<\/div>\n<p>\t&nbsp;<\/p>\n<div class=\"row\">\n<div class=\"col-sm-1\">\n\t\t\t&nbsp;<\/div>\n<div class=\"col-sm-10\">\n<p>\n\t\t\t\t&nbsp;<\/p>\n<p>\n\t\t\t\tAMANTEA, Alejandra Raquel <a href=\"http:\/\/www.fvet.uba.ar\/fcvanterior\/postgrado\/julio2022\/alejandra_amantea.pdf\" target=\"_blank\" rel=\"noopener\">(Ver Curr\u00edculum)<\/a><\/p>\n<p>\n\t\t\t\tBLANCO, Carlos Jorge <a href=\"http:\/\/www.fvet.uba.ar\/fcvanterior\/postgrado\/julio2022\/carlos_blanco.pdf\" target=\"_blank\" rel=\"noopener\">(Ver Curriculum)<\/a><\/p>\n<p>\n\t\t\t\tBLANCO, N\u00e9stor Hugo <a href=\"http:\/\/www.fvet.uba.ar\/fcvanterior\/postgrado\/julio2022\/nestor_blanco.pdf\" target=\"_blank\" rel=\"noopener\">(Ver Curr\u00edculum)<\/a><\/p>\n<p>\n\t\t\t\tBREININGER, Elizabeth <a href=\"http:\/\/www.fvet.uba.ar\/fcvanterior\/postgrado\/julio2022\/elizabeth_breininger.pdf\" target=\"_blank\" rel=\"noopener\">(Ver Curriculum)<\/a><\/p>\n<p>\n\t\t\t\tFAVILLI, Graciela Beatriz <a href=\"http:\/\/www.fvet.uba.ar\/fcvanterior\/postgrado\/julio2022\/graciela_favilli.pdf\">(Ver Curriculum)<\/a><\/p>\n<p>\n\t\t\t\tGATTI, Alberto Edgardo <a href=\"http:\/\/www.fvet.uba.ar\/fcvanterior\/postgrado\/julio2022\/alberto_gatti.pdf\">(Ver Curr\u00edculum)<\/a><\/p>\n<p>\n\t\t\t\tGRINSZTAJN, Fabiana Irene <a href=\"http:\/\/www.fvet.uba.ar\/fcvanterior\/postgrado\/julio2022\/fabiana_grinsztajn.pdf\" target=\"_blank\" rel=\"noopener\">(Ver Curr\u00edculum)<\/a><\/p>\n<p>\n\t\t\t\tIMPERIALE, Marcela Marta <a href=\"http:\/\/www.fvet.uba.ar\/fcvanterior\/postgrado\/julio2022\/marcela_imperiale.pdf\" target=\"_blank\" rel=\"noopener\">(Ver Curr\u00edculum)<\/a><\/p>\n<p>\n\t\t\t\tSERRA, Diego Gast\u00f3n <a href=\"http:\/\/www.fvet.uba.ar\/fcvanterior\/postgrado\/julio2022\/diego_serra.pdf\" target=\"_blank\" rel=\"noopener\">(Ver Curr\u00edculum)<\/a><\/p>\n<p>\n\t\t\t\tSKORNIK, Roxana Valeria <a href=\"http:\/\/www.fvet.uba.ar\/fcvanterior\/postgrado\/julio2022\/roxana_skornik.pdf\" target=\"_blank\" rel=\"noopener\">(Ver Curr\u00edculum)<\/a><\/p>\n<p>\n\t\t\t\tSZTEINBERG, Roxana Paola <a href=\"http:\/\/www.fvet.uba.ar\/fcvanterior\/postgrado\/julio2022\/roxana_szteinberg.pdf\" target=\"_blank\" rel=\"noopener\">(Ver Curr\u00edculum)<\/a><\/p>\n<p>\n\t\t\t\tVARELA, Mar\u00eda Celeste <a href=\"http:\/\/www.fvet.uba.ar\/fcvanterior\/postgrado\/julio2022\/mariaceleste_varela.pdf\" target=\"_blank\" rel=\"noopener\">(Ver Curr\u00edculum)<\/a><\/p>\n<p>\n\t\t\t\t&nbsp;<\/p>\n<p>\n\t\t\t\t&nbsp;<\/p>\n<\/p><\/div>\n<p>\n\t\t\t&nbsp;<\/p>\n<div class=\"col-sm-1\">\n\t\t\t&nbsp;<\/div>\n<\/p><\/div>\n<\/div>\n<div class=\"mision\">\n<div class=\"titulo-secciones\">\n\t\t<a class=\"ancla\" id=\"practicassupervisadas\" name=\"tutorias\">&nbsp;<\/a>Pr\u00e1cticas Supervisadas y Cr\u00e9ditos de Actualizaci\u00f3n Cient\u00edfica Profesional<\/div>\n<p>\t&nbsp;<\/p>\n<div class=\"row\">\n<div class=\"col-sm-1\">\n\t\t\t&nbsp;<\/div>\n<div class=\"col-sm-10\">\n<p>\n\t\t\t\t&nbsp;<\/p>\n<p>\n\t\t\t\t<b><a href=\"http:\/\/www.fvet.uba.ar\/fcvanterior\/postgrado\/julio2022\/informe_evaluacion_practica_supervisada.pdf\">Informe de evaluaci\u00f3n de pr\u00e1ctica Supervisada I<\/a><\/b><\/p>\n<p>\n\t\t\t\t<b><a href=\"http:\/\/www.fvet.uba.ar\/fcvanterior\/postgrado\/julio2022\/informe_evaluacion_practica_supervisadaII.pdf\">Informe de evaluaci\u00f3n de Pr\u00e1ctica Supervisada II<\/a><\/b><\/p>\n<p>\n\t\t\t\t<b><a href=\"http:\/\/www.fvet.uba.ar\/fcvanterior\/postgrado\/julio2022\/instructivo.pdf\">Instructivo de Pr\u00e1cticas Supervisadas y Cr\u00e9ditos de Actualizaci\u00f3n Cient\u00edfica Profesional<\/a><\/b><\/p>\n<p>\n\t\t\t\t<b><a href=\"http:\/\/www.fvet.uba.ar\/fcvanterior\/postgrado\/julio2022\/requisitos_director.pdf\">Requisitos y funciones del Director\/a de Pr\u00e1cticas y de TIF<\/a><\/b><\/p>\n<p>\n\t\t\t\t<b><a href=\"http:\/\/www.fvet.uba.ar\/fcvanterior\/postgrado\/julio2022\/formulario_director.pdf\">Formulario del Director\/a de Pr\u00e1cticas y de TIF<\/a><\/b><\/p>\n<p>\n\t\t\t\t<b><a href=\"http:\/\/www.fvet.uba.ar\/fcvanterior\/postgrado\/julio2022\/certificacion.pdf\">Certificaci\u00f3n de cr\u00e9ditos de actualizaci\u00f3n cient\u00edfica profesional<\/a><\/b><\/p>\n<p>\n\t\t\t\t&nbsp;<\/p>\n<p>\n\t\t\t\t&nbsp;<\/p>\n<\/p><\/div>\n<p>\n\t\t\t&nbsp;<\/p>\n<div class=\"col-sm-1\">\n\t\t\t&nbsp;<\/div>\n<\/p><\/div>\n<\/div>\n<div class=\"autoridades\">\n<div class=\"titulo-secciones\">\n\t\t<a class=\"ancla\" id=\"tif\" name=\"mat\">&nbsp;<\/a>Trabajos de Integraci\u00f3n Final (TIF)<\/div>\n<p>\t&nbsp;<\/p>\n<div class=\"row\">\n<div class=\"col-sm-1\">\n\t\t\t&nbsp;<\/div>\n<div class=\"col-sm-10\">\n<p>\n\t\t\t\t&nbsp;<\/p>\n<p>\n\t\t\t\t<b><a href=\"http:\/\/www.fvet.uba.ar\/fcvanterior\/postgrado\/julio2022\/pautas_elaboracion_tpf.pdf\">Pautas para la elaboraci\u00f3n del Trabajo Integrador Final<\/a><\/b><\/p>\n<p>\n\t\t\t\t<b><a href=\"http:\/\/www.fvet.uba.ar\/fcvanterior\/postgrado\/julio2022\/procedimiento_avance_tif.pdf\">Procedimiento para la entrega del Informe de Avance y TIF<\/a><\/b><\/p>\n<p>\n\t\t\t\t<b><a href=\"http:\/\/www.fvet.uba.ar\/fcvanterior\/postgrado\/julio2022\/informe_evaluacion_tif.pdf\">Informe de Evaluaci\u00f3n TIF para evaluadores<\/a><\/b><\/p>\n<p>\n\t\t\t\t&nbsp;<\/p>\n<\/p><\/div>\n<p>\n\t\t\t&nbsp;<\/p>\n<div class=\"col-sm-1\">\n\t\t\t&nbsp;<\/div>\n<\/p><\/div>\n<\/div>\n<p><!--\n\n<div class=\"row\">\n\n\n<div class=\"col-sm-1\">\n&nbsp;<\/div>\n\n\n\n\n\n<div class=\"col-sm-10\">\n\n\n<p>\n&nbsp;<\/p>\n\n\n\n\n<p>\n                &nbsp;<\/p>\n\n\n\n            \n\n<p>\n                &nbsp;<\/p>\n\n\n        <\/div>\n\n\n\n        \n\n<p>\n            &nbsp;<\/p>\n\n\n\n        \n\n<div class=\"col-sm-1\">\n            &nbsp;<\/div>\n\n\n    <\/div>\n\n\n<\/div>\n\n--><\/p>\n<div class=\"decano\">\n<div class=\"titulo-secciones\">\n\t\t<a class=\"ancla\" id=\"cedu\" name=\"redapes\">&nbsp;<\/a>Biblioteca CEDU Virtual<\/div>\n<p>\t&nbsp;<\/p>\n<div class=\"row\">\n<div class=\"col-sm-1\">\n\t\t\t&nbsp;<\/div>\n<div class=\"col-sm-10\">\n<p>\n\t\t\t\t<b><a href=\"http:\/\/www.centroredes.org.ar\/index.php\/metodologias\/\">Centro Redes-Capacitaci\u00f3n a distancia (Asociado al Conicet)-Cursos de Metodolog\u00edas de Investigaci\u00f3n<\/a><\/b><\/p>\n<p>\n\t\t\t\t<b><a href=\"https:\/\/www.untref.edu.ar\/raes\/\">Revista Argentina de Educaci\u00f3n Superior<\/a><\/b><\/p>\n<p>\n\t\t\t\t<b><a href=\"https:\/\/riunet.upv.es\/handle\/10251\/70168\">REDU. Revista de Docencia Universitaria<\/a><\/b><\/p>\n<p>\n\t\t\t\t<b><a href=\"https:\/\/revistas.unc.edu.ar\/index.php\/integracionyconocimiento\/issue\/view\/2271\">Revista Integraci\u00f3n y Conocimiento<\/a><\/b><\/p>\n<p>\t\t\t&nbsp;<\/p>\n<p>\n\t\t\t\tCEDU acredita los cursos tecno-pedag\u00f3gicos del CITEP como talleres electivos de la carrera: Ver cursos del <b><a href=\"http:\/\/citep.rec.uba.ar\" target=\"_blank\" rel=\"noopener\">CITEP<\/a><\/b><\/p>\n<p>\t\t\t&nbsp;<\/p>\n<p>\n\t\t\t\t\u201cRepositorio de Trabajos Integradores Finales: Tesinas CEDU Presencial 2001-2022\u201d<\/p>\n<table align=\"center\" border=\"1\" bordercolor=\"#FFFFFF\" cellpadding=\"1\" cellspacing=\"1\" width=\"60%\">\n<tbody>\n<tr align=\"center\">\n<td>\n\t\t\t\t\t\t\t<a href=\"<?= fileurl('?q=tesinas2001#tes1') ?>\u00ab>Tesinas a\u00f1o 2001 <\/a><\/td>\n<td>\n\t\t\t\t\t\t\t<a href=\"<?= fileurl('?q=tesinas2002#tes2') ?>\u00ab>Tesinas a\u00f1o 2002 <\/a><\/td>\n<td>\n\t\t\t\t\t\t\t<a href=\"<?= fileurl('?q=tesinas2003#tes3') ?>\u00ab>Tesinas a\u00f1o 2003<\/a><\/td>\n<td>\n\t\t\t\t\t\t\t<a href=\"<?= fileurl('?q=tesinas2004#tes4') ?>\u00ab>Tesinas a\u00f1o 2004<\/a><\/td>\n<\/tr>\n<tr align=\"center\">\n<td>\n\t\t\t\t\t\t\t<a href=\"<?= fileurl('?q=tesinas2005#tes5') ?>\u00ab>Tesinas a\u00f1o 2005<\/a><\/td>\n<td>\n\t\t\t\t\t\t\t<a href=\"<?= fileurl('?q=tesinas2006#tes6') ?>\u00ab>Tesinas a\u00f1o 2006<\/a><\/td>\n<td>\n\t\t\t\t\t\t\t<a href=\"<?= fileurl('?q=tesinas2007#tes7') ?>\u00ab>Tesinas a\u00f1o 2007<\/a><\/td>\n<td>\n\t\t\t\t\t\t\t<a href=\"<?= fileurl('?q=tesinas2008#tes8') ?>\u00ab>Tesinas a\u00f1o 2008<\/a><\/td>\n<\/tr>\n<tr align=\"center\">\n<td>\n\t\t\t\t\t\t\t<a href=\"<?= fileurl('?q=tesinas2009#tes9') ?>\u00ab>Tesinas a\u00f1o 2009<\/a><\/td>\n<td>\n\t\t\t\t\t\t\t<a href=\"<?= fileurl('?q=tesinas2010#tes10') ?>\u00ab>Tesinas a\u00f1o 2010<\/a><\/td>\n<td>\n\t\t\t\t\t\t\t<a href=\"<?= fileurl('?q=tesinas2011#tes11') ?>\u00ab>Tesinas a\u00f1o 2011 <\/a><\/td>\n<td>\n\t\t\t\t\t\t\t<a href=\"<?= fileurl('?q=tesinas2012#tes12') ?>\u00ab>Tesinas a\u00f1o 2012<\/a><\/td>\n<\/tr>\n<tr align=\"center\">\n<td>\n\t\t\t\t\t\t\t<a href=\"<?= fileurl('?q=tesinas2013#tes13') ?>\u00ab>Tesinas a\u00f1o 2013<\/a><\/td>\n<td>\n\t\t\t\t\t\t\t<a href=\"<?= fileurl('?q=tesinas2014#tes14') ?>\u00ab>Tesinas a\u00f1o 2014<\/a><\/td>\n<td>\n\t\t\t\t\t\t\t<a href=\"<?= fileurl('?q=tesinas2015#tes15') ?>\u00ab>Tesinas a\u00f1o 2015<\/a><\/td>\n<td>\n\t\t\t\t\t\t\t<a href=\"<?= fileurl('?q=tesinas2016#tes16') ?>\u00ab>Tesinas a\u00f1o 2016<\/a><\/td>\n<\/tr>\n<tr align=\"center\">\n<td>\n\t\t\t\t\t\t\t<a href=\"<?= fileurl('?q=tesinas2017#tes17') ?>\u00ab>Tesinas a\u00f1o 2017<\/a><\/td>\n<td>\n\t\t\t\t\t\t\t<a href=\"<?= fileurl('?q=tesinas2018#tes18') ?>\u00ab>Tesinas a\u00f1o 2018<\/a><\/td>\n<td>\n\t\t\t\t\t\t\t<a href=\"<?= fileurl('?q=tesinas2019#tes19') ?>\u00ab>Tesinas a\u00f1o 2019<\/a><\/td>\n<td>\n\t\t\t\t\t\t\t<a href=\"<?= fileurl('?q=tesinas2020#tes20') ?>\u00ab>Tesinas a\u00f1o 2020<\/a><\/td>\n<\/tr>\n<\/tbody>\n<\/table><\/div>\n<p>\n\t\t\t&nbsp;<\/p>\n<p>\n\t\t\t&nbsp;<\/p>\n<\/p><\/div>\n<p>\n\t\t&nbsp;<\/p>\n<div class=\"col-sm-1\">\n\t\t&nbsp;<\/div>\n<\/div>\n","protected":false},"excerpt":{"rendered":"<p>&nbsp;Carrera de Especializaci\u00f3n en Docencia Universitaria para Ciencias Veterinarias Pecuarias y Biol\u00f3gicas Modalidad Virtual &nbsp;Novedades &nbsp; &nbsp; Inscripci\u00f3n a la carrera: Fecha a confirmar &nbsp; Se les solicita a los alumnos que adeuden hasta dos actividades de la Carrera de Especializaci\u00f3n en Docencia Universitaria para Ciencias Veterinarias y Biol\u00f3gicas (plan presencial) y a quienes no [&hellip;]<\/p>\n","protected":false},"author":1,"featured_media":0,"comment_status":"open","ping_status":"open","sticky":false,"template":"","format":"standard","meta":{"_acf_changed":false,"footnotes":""},"categories":[1],"tags":[],"class_list":["post-2053","post","type-post","status-publish","format-standard","hentry","category-sin-categoria"],"acf":[],"publishpress_future_action":{"enabled":false,"date":"2026-09-08 19:26:56","action":"change-status","newStatus":"draft","terms":[],"taxonomy":"category","extraData":[]},"publishpress_future_workflow_manual_trigger":{"enabledWorkflows":[]},"_links":{"self":[{"href":"https:\/\/dev.sitios.fvet.uba.ar\/index.php\/wp-json\/wp\/v2\/posts\/2053","targetHints":{"allow":["GET"]}}],"collection":[{"href":"https:\/\/dev.sitios.fvet.uba.ar\/index.php\/wp-json\/wp\/v2\/posts"}],"about":[{"href":"https:\/\/dev.sitios.fvet.uba.ar\/index.php\/wp-json\/wp\/v2\/types\/post"}],"author":[{"embeddable":true,"href":"https:\/\/dev.sitios.fvet.uba.ar\/index.php\/wp-json\/wp\/v2\/users\/1"}],"replies":[{"embeddable":true,"href":"https:\/\/dev.sitios.fvet.uba.ar\/index.php\/wp-json\/wp\/v2\/comments?post=2053"}],"version-history":[{"count":0,"href":"https:\/\/dev.sitios.fvet.uba.ar\/index.php\/wp-json\/wp\/v2\/posts\/2053\/revisions"}],"wp:attachment":[{"href":"https:\/\/dev.sitios.fvet.uba.ar\/index.php\/wp-json\/wp\/v2\/media?parent=2053"}],"wp:term":[{"taxonomy":"category","embeddable":true,"href":"https:\/\/dev.sitios.fvet.uba.ar\/index.php\/wp-json\/wp\/v2\/categories?post=2053"},{"taxonomy":"post_tag","embeddable":true,"href":"https:\/\/dev.sitios.fvet.uba.ar\/index.php\/wp-json\/wp\/v2\/tags?post=2053"}],"curies":[{"name":"wp","href":"https:\/\/api.w.org\/{rel}","templated":true}]}}