{"id":2056,"date":"2024-03-01T10:49:20","date_gmt":"2024-03-01T13:49:20","guid":{"rendered":"https:\/\/dev.sitios.fvet.uba.ar\/index.php\/aperturalegajos\/"},"modified":"2024-03-01T10:49:20","modified_gmt":"2024-03-01T13:49:20","slug":"aperturalegajos","status":"publish","type":"post","link":"https:\/\/dev.sitios.fvet.uba.ar\/index.php\/aperturalegajos\/","title":{"rendered":"Institucional \/ Instructivos, Gu\u00edas y Formulario de Tr\u00e1mites \/ Aperturas de Legajos"},"content":{"rendered":"<h3 class=\"titulo-insti\">\n    Aperturas de Legajos<\/h3>\n<div class=\"mision\">\n<div class=\"titulo-secciones\">\n        Apertura<a class=\"ancla\" id=\"apertura\">&nbsp;<\/a><\/div>\n<p>    &nbsp;<\/p>\n<div class=\"row\">\n<div class=\"col-sm-1\">\n            &nbsp;<\/div>\n<div class=\"col-sm-10\">\n<p>Todo personal Docente y Nodocente que ingrese, deber\u00e1 comunicarse a la Direcci\u00f3n de Recursos Humanos v\u00eda mail a<br \/>\n                <a href=\"mailto:personal@fvet.uba.ar\">personal@fvet.uba.ar<\/a> o<br \/>\n                telef\u00f3nicamente al 5287-2466 de 9 a 14 h de lunes a viernes, a fin de informarse qu\u00e9 documentaci\u00f3n y formularios deber\u00e1 subir<br \/>\n                al sistema TAD UBA, como as\u00ed tambi\u00e9n solicitar un turno para el Apto M\u00e9dico Preocupacional Obligatorio.\n            <\/p>\n<div class=\"row\">\n                <center><\/p>\n<div class=\"col-sm-3\">\n                        <a href=\"<?= fileurl('archivos\/legajo\/instructivo.pdf') ?>\u00ab><img decoding=\"async\" class=\"img-circle img-responsive listado\" src=\"<?= fileurl('sites\/default\/files\/pictures\/boton.png') ?>\u00bb \/>INSTRUCTIVO APERTURA DE LEGAJO<\/a>\n                    <\/div>\n<div class=\"col-sm-3\">\n                        <a href=\"<?= fileurl('archivos\/legajo\/seguroDeVida.pdf') ?>\u00ab><img decoding=\"async\" class=\"img-circle img-responsive listado\" src=\"<?= fileurl('sites\/default\/files\/pictures\/boton.png') ?>\u00bb \/>Form. 3949. Seguro de Vida del Personal del Estado-Ley 13.003<\/a>\n                    <\/div>\n<div class=\"col-sm-3\">\n                        <a href=\"<?= fileurl('archivos\/legajo\/seguroColectivo.pdf') ?>\u00ab><img decoding=\"async\" class=\"img-circle img-responsive listado\" src=\"<?= fileurl('sites\/default\/files\/pictures\/boton.png') ?>\u00bb \/>Form. 3950.SEGURO COLECTIVO DE VIDA OBLIGATORIO DEC. N\u00ba 1567-74<\/a>\n                    <\/div>\n<div class=\"col-sm-3\">\n                        <a href=\"<?= fileurl('archivos\/legajo\/DDJJUnificada.pdf') ?>\u00ab><img decoding=\"async\" class=\"img-circle img-responsive listado\" src=\"<?= fileurl('sites\/default\/files\/pictures\/boton.png') ?>\u00bb \/>Form. Anses ps_2_55 DDJJ NOVEDADES UNIFICADAS DE SUAF (1)<\/a>\n                    <\/div>\n<p>                <\/center>\n            <\/div>\n<div class=\"row\">\n                <center><\/p>\n<div class=\"col-sm-3\">\n                        <a href=\"<?= fileurl('archivos\/legajo\/DDJJCargos.pdf') ?>\u00ab><img decoding=\"async\" class=\"img-circle img-responsive listado\" src=\"<?= fileurl('sites\/default\/files\/pictures\/boton.png') ?>\u00bb \/>Form. Declaraci\u00f3n Jurada de Cargos y Actividades opci\u00f3n 2<\/a>\n                    <\/div>\n<div class=\"col-sm-3\">\n                        <a href=\"<?= fileurl('archivos\/legajo\/DDJJFamiliares.pdf') ?>\u00ab><img decoding=\"async\" class=\"img-circle img-responsive listado\" src=\"<?= fileurl('sites\/default\/files\/pictures\/boton.png') ?>\u00bb \/>Form. Declaraci\u00f3n Jurada Familiares<\/a>\n                    <\/div>\n<div class=\"col-sm-3\">\n                        <a href=\"<?= fileurl('archivos\/legajo\/convenioColectivoDocente.pdf') ?>\u00ab><img decoding=\"async\" class=\"img-circle img-responsive listado\" src=\"<?= fileurl('sites\/default\/files\/pictures\/boton.png') ?>\u00bb \/>Form. Notificaci\u00f3n Docente Articulo 5 del Convenio Colectivo Docente<\/a>\n                    <\/div>\n<div class=\"col-sm-3\">\n                        <a href=\"<?= fileurl('archivos\/legajo\/convenioColectivoNoDocente.pdf') ?>\u00ab><img decoding=\"async\" class=\"img-circle img-responsive listado\" src=\"<?= fileurl('sites\/default\/files\/pictures\/boton.png') ?>\u00bb \/>Form. Notificaci\u00f3n Nodocente Art\u00edculo 21 Convenio Colectivo No Docente<\/a>\n                    <\/div>\n<p>                <\/center>\n            <\/div>\n<div class=\"row\">\n                <center><\/p>\n<div class=\"col-sm-3\">\n                        <a href=\"<?= fileurl('archivos\/legajo\/procedimientoCobroMaternidad.pdf') ?>\u00ab><img decoding=\"async\" class=\"img-circle img-responsive listado\" src=\"<?= fileurl('sites\/default\/files\/pictures\/boton.png') ?>\u00bb \/>Form. Procedimiento Cobro Asignaci\u00f3n Maternidad<\/a>\n                    <\/div>\n<div class=\"col-sm-3\">\n                        <a href=\"<?= fileurl('archivos\/legajo\/ansesAsignacionesFamiliares.pdf') ?>\u00ab><img decoding=\"async\" class=\"img-circle img-responsive listado\" src=\"<?= fileurl('sites\/default\/files\/pictures\/boton.png') ?>\u00bb \/>Form. Anses ps_2_61_notificacion_regimen_asignaciones_familiares-2<\/a>\n                    <\/div>\n<div class=\"col-sm-3\">\n                        <a href=\"<?= fileurl('archivos\/legajo\/beneficiarioArt12y13.pdf') ?>\u00ab><img decoding=\"async\" class=\"img-circle img-responsive listado\" src=\"<?= fileurl('sites\/default\/files\/pictures\/boton.png') ?>\u00bb \/>Form. Declaraci\u00f3n Jurada de Beneficiario Art. 12 y 13<\/a>\n                    <\/div>\n<div class=\"col-sm-3\">\n                        <a href=\"<?= fileurl('archivos\/legajo\/DDJJOpcion1.pdf') ?>\u00ab><img decoding=\"async\" class=\"img-circle img-responsive listado\" src=\"<?= fileurl('sites\/default\/files\/pictures\/boton.png') ?>\u00bb \/>Form. Declaraci\u00f3n Jurada de Cargos y Actividades opci\u00f3n 1<\/a>\n                    <\/div>\n<p>                <\/center>\n            <\/div>\n<\/p><\/div>\n<\/p><\/div>\n<p>\n    &nbsp;\n<\/div>\n","protected":false},"excerpt":{"rendered":"<p>Aperturas de Legajos Apertura&nbsp; &nbsp; &nbsp; Todo personal Docente y Nodocente que ingrese, deber\u00e1 comunicarse a la Direcci\u00f3n de Recursos Humanos v\u00eda mail a personal@fvet.uba.ar o telef\u00f3nicamente al 5287-2466 de 9 a 14 h de lunes a viernes, a fin de informarse qu\u00e9 documentaci\u00f3n y formularios deber\u00e1 subir al sistema TAD UBA, como as\u00ed tambi\u00e9n [&hellip;]<\/p>\n","protected":false},"author":1,"featured_media":0,"comment_status":"open","ping_status":"open","sticky":false,"template":"","format":"standard","meta":{"footnotes":""},"categories":[1],"tags":[],"class_list":["post-2056","post","type-post","status-publish","format-standard","hentry","category-sin-categoria"],"publishpress_future_action":{"enabled":false,"date":"2026-09-07 22:58:39","action":"change-status","newStatus":"draft","terms":[],"taxonomy":"category","extraData":[]},"publishpress_future_workflow_manual_trigger":{"enabledWorkflows":[]},"_links":{"self":[{"href":"https:\/\/dev.sitios.fvet.uba.ar\/index.php\/wp-json\/wp\/v2\/posts\/2056","targetHints":{"allow":["GET"]}}],"collection":[{"href":"https:\/\/dev.sitios.fvet.uba.ar\/index.php\/wp-json\/wp\/v2\/posts"}],"about":[{"href":"https:\/\/dev.sitios.fvet.uba.ar\/index.php\/wp-json\/wp\/v2\/types\/post"}],"author":[{"embeddable":true,"href":"https:\/\/dev.sitios.fvet.uba.ar\/index.php\/wp-json\/wp\/v2\/users\/1"}],"replies":[{"embeddable":true,"href":"https:\/\/dev.sitios.fvet.uba.ar\/index.php\/wp-json\/wp\/v2\/comments?post=2056"}],"version-history":[{"count":0,"href":"https:\/\/dev.sitios.fvet.uba.ar\/index.php\/wp-json\/wp\/v2\/posts\/2056\/revisions"}],"wp:attachment":[{"href":"https:\/\/dev.sitios.fvet.uba.ar\/index.php\/wp-json\/wp\/v2\/media?parent=2056"}],"wp:term":[{"taxonomy":"category","embeddable":true,"href":"https:\/\/dev.sitios.fvet.uba.ar\/index.php\/wp-json\/wp\/v2\/categories?post=2056"},{"taxonomy":"post_tag","embeddable":true,"href":"https:\/\/dev.sitios.fvet.uba.ar\/index.php\/wp-json\/wp\/v2\/tags?post=2056"}],"curies":[{"name":"wp","href":"https:\/\/api.w.org\/{rel}","templated":true}]}}