{"id":2064,"date":"2024-06-10T21:28:27","date_gmt":"2024-06-11T00:28:27","guid":{"rendered":"https:\/\/dev.sitios.fvet.uba.ar\/index.php\/especializacionradiologiapeque\/"},"modified":"2024-06-10T21:28:27","modified_gmt":"2024-06-11T00:28:27","slug":"especializacionradiologiapeque","status":"publish","type":"post","link":"https:\/\/dev.sitios.fvet.uba.ar\/index.php\/especializacionradiologiapeque\/","title":{"rendered":"Ense\u00f1anza \/ Escuela de Graduados \/ Especializaciones \/ Carrera de Especializaci\u00f3n en Radiolog\u00eda Diagn\u00f3stica en Peque\u00f1os Animales"},"content":{"rendered":"<h3 class=\"titulo-insti\">\n\t<a class=\"ancla\" id=\"cirugia\">&nbsp;<\/a>Carrera de Especializaci\u00f3n en Radiolog\u00eda Diagn\u00f3stica en Peque\u00f1os Animales<\/h3>\n<div class=\"mision\">\n<div class=\"titulo-secciones\">\n\t\t&nbsp;<\/div>\n<div class=\"row\">\n<div class=\"col-sm-1\">\n\t\t\t&nbsp;<\/div>\n<div class=\"col-sm-10\">\n<p>\n\t\t\t\t<b>Autoridades<\/b><br \/>\n\t\t\t\t<em>Director:<\/em> Jorge Waldhorn<br \/>\n\t\t\t\t<em>Subdirector:<\/em> Elena Danna<br \/>\n\t\t\t\t<em>Comisi\u00f3n Directiva<\/em><br \/>\n\t\t\t\t<em>Titulares:<\/em><br \/>\n\t\t\t\tGabriela Oribe<br \/>\n\t\t\t\tH\u00e9ctor L\u00f3pez vale<br \/>\n\t\t\t\tAlfredo Pera<br \/>\n\t\t\t\tMat\u00edas Sclocco<br \/>\n\t\t\t\t<em>Suplentes:<\/em><br \/>\n\t\t\t\tIn\u00e9s Fern\u00e1ndez Speier<br \/>\n\t\t\t\tAna Cabrini<\/p>\n<p>\n\t\t\t\t<b>Calendario y aranceles:<\/b><br \/>\n\t\t\t\tPara consultar fechas de inscripci\u00f3n y aranceles haga <a href=\"https:\/\/forms.gle\/95wWxDSn5oAykiVN7\" target=\"_blank\" rel=\"noopener\"><b>click aqui.<\/b><\/a><\/p>\n<p>\n\t\t\t\tPara realizar la preinscripci\u00f3n complete el siguiente formulario <a href=\"https:\/\/forms.gle\/h1A24PyFNqcy4SEn6\" target=\"_blank\" rel=\"noopener\"><b>formulario<\/b><\/a><\/p>\n<p>\n\t\t\t\t&nbsp;<\/p>\n<p>\t\t\t<center><br \/>\n\t\t\t\t<a class=\"btn btn-default\" href=\"<?= fileurl('archivos\/postgrado\/2024\/fichaRadio.pdf') ?>\u00ab>Para saber m\u00e1s de la carrera haga <b>clic aqu\u00ed<\/b><\/a><\/center><\/p>\n<p>\n\t\t\t\t&nbsp;<\/p>\n<p>\n\t\t\t\tPara conocer la oferta de las asignaturas de la carrera que pueden realizarse como cursos de posgrado haga <a href=\"<?= fveturl('escuelaGraduados#cursos') ?>\u00bb target=\u00bb_blank\u00bb><b>click aqu\u00ed<\/b><\/a><\/p>\n<p>\n\t\t\t\tEn caso de no encontrar la informaci\u00f3n buscada en esta p\u00e1gina complete el siguiente <a href=\"https:\/\/forms.gle\/z73K5Rstmb9W5WWz5\"><b>formulario<\/b><\/a><\/p>\n<p>\n\t\t\t\t&nbsp;<\/p>\n<\/p><\/div>\n<\/p><\/div>\n<p>\n\t&nbsp;<\/div>\n","protected":false},"excerpt":{"rendered":"<p>&nbsp;Carrera de Especializaci\u00f3n en Radiolog\u00eda Diagn\u00f3stica en Peque\u00f1os Animales &nbsp; &nbsp; Autoridades Director: Jorge Waldhorn Subdirector: Elena Danna Comisi\u00f3n Directiva Titulares: Gabriela Oribe H\u00e9ctor L\u00f3pez vale Alfredo Pera Mat\u00edas Sclocco Suplentes: In\u00e9s Fern\u00e1ndez Speier Ana Cabrini Calendario y aranceles: Para consultar fechas de inscripci\u00f3n y aranceles haga click aqui. Para realizar la preinscripci\u00f3n complete el [&hellip;]<\/p>\n","protected":false},"author":1,"featured_media":0,"comment_status":"open","ping_status":"open","sticky":false,"template":"","format":"standard","meta":{"footnotes":""},"categories":[1],"tags":[],"class_list":["post-2064","post","type-post","status-publish","format-standard","hentry","category-sin-categoria"],"publishpress_future_action":{"enabled":false,"date":"2026-09-07 14:27:23","action":"change-status","newStatus":"draft","terms":[],"taxonomy":"category","extraData":[]},"publishpress_future_workflow_manual_trigger":{"enabledWorkflows":[]},"_links":{"self":[{"href":"https:\/\/dev.sitios.fvet.uba.ar\/index.php\/wp-json\/wp\/v2\/posts\/2064","targetHints":{"allow":["GET"]}}],"collection":[{"href":"https:\/\/dev.sitios.fvet.uba.ar\/index.php\/wp-json\/wp\/v2\/posts"}],"about":[{"href":"https:\/\/dev.sitios.fvet.uba.ar\/index.php\/wp-json\/wp\/v2\/types\/post"}],"author":[{"embeddable":true,"href":"https:\/\/dev.sitios.fvet.uba.ar\/index.php\/wp-json\/wp\/v2\/users\/1"}],"replies":[{"embeddable":true,"href":"https:\/\/dev.sitios.fvet.uba.ar\/index.php\/wp-json\/wp\/v2\/comments?post=2064"}],"version-history":[{"count":0,"href":"https:\/\/dev.sitios.fvet.uba.ar\/index.php\/wp-json\/wp\/v2\/posts\/2064\/revisions"}],"wp:attachment":[{"href":"https:\/\/dev.sitios.fvet.uba.ar\/index.php\/wp-json\/wp\/v2\/media?parent=2064"}],"wp:term":[{"taxonomy":"category","embeddable":true,"href":"https:\/\/dev.sitios.fvet.uba.ar\/index.php\/wp-json\/wp\/v2\/categories?post=2064"},{"taxonomy":"post_tag","embeddable":true,"href":"https:\/\/dev.sitios.fvet.uba.ar\/index.php\/wp-json\/wp\/v2\/tags?post=2064"}],"curies":[{"name":"wp","href":"https:\/\/api.w.org\/{rel}","templated":true}]}}